{"id":9297,"date":"2022-03-04T12:04:49","date_gmt":"2022-03-04T11:04:49","guid":{"rendered":"https:\/\/dignitynews.eu\/?p=9297"},"modified":"2022-03-04T12:05:32","modified_gmt":"2022-03-04T11:05:32","slug":"wicepremier-jaroslaw-kaczynski-zapowiedzial-wzrost-wydatkow-na-obrone","status":"publish","type":"post","link":"https:\/\/dignitynews.eu\/pl\/wicepremier-jaroslaw-kaczynski-zapowiedzial-wzrost-wydatkow-na-obrone\/","title":{"rendered":"Wicepremier Jaros\u0142aw Kaczy\u0144ski zapowiedzia\u0142 wzrost wydatk\u00f3w na obron\u0119"},"content":{"rendered":"<h5>Wicepremier Jaros\u0142aw Kaczy\u0144ski zapowiedzia\u0142 poprawk\u0119 do projektu ustawy o obronie ojczyzny. Podczas wyst\u0105pienia w Sejmie Kaczy\u0144ski powiedzia\u0142, \u017ce poprawka zak\u0142ada przeznaczenie 3 proc. PKB na zbrojenia ju\u017c w przysz\u0142ym roku. W pierwotnym projekcie jest mowa o osi\u0105gni\u0119ciu 2,3 proc. PKB w 2023 r. i 2,5 proc. w roku 2024.<\/h5>\n<p>&#8211; Zdajemy sobie spraw\u0119 z ogranicze\u0144 na\u0142o\u017conych przez Uni\u0119 w sprawie deficytu bud\u017cetowego. Trwaj\u0105 rozmowy i jest szansa na to, by wydatki na zbrojenia nie by\u0142y zaliczane do tego deficytu \u2013 m\u00f3wi\u0142\u00a0 Kaczy\u0144ski<\/p>\n<p>Wicepremier zabra\u0142 g\u0142os w sprawie zmiany w ustawie o obronie ojczyzny. \u2013 Ta ustawa by\u0142a przygotowywana nie tylko przed wybuchem wojny, ale tak\u017ce przed koncentracj\u0105 wojsk rosyjskich na granicy Ukrainy. Nie s\u0105dzili\u015bmy, \u017ce pierwsze tak drastyczne posuni\u0119cia b\u0119d\u0105 podj\u0119te tak szybko. St\u0105d zostan\u0105 wniesione w komisji inne poprawki \u2013 zapowiedzia\u0142.<\/p>\n<p>&#8211; Armia ma mie\u0107 funkcj\u0119 odstraszaj\u0105c\u0105. Chcemy pokoju, nie chcemy wojny. \u017beby ten pok\u00f3j by\u0142 faktem to przeciwnicy, kt\u00f3rych znamy, musz\u0105 by\u0107 prze\u015bwiadczeni, \u017ce atak na Polsk\u0119 si\u0119 nie op\u0142aca\u0142. Musimy mie\u0107 bardzo siln\u0105 armi\u0119 \u2013 argumentowa\u0142.<\/p>\n<p>Kaczy\u0144ski zaznaczy\u0142, \u017ce gdyby plan Putina powi\u00f3d\u0142 si\u0119 w przeci\u0105gu kilkudziesi\u0119ciu godzin, reakcja \u015bwiata by\u0142aby mniej ostra.<\/p>\n<p>&#8211; Musimy zda\u0107 sobie spraw\u0119, \u017ce tylko ten, kto si\u0119 broni, otrzyma pomoc, tak\u017ce pomoc z NATO. Na tak\u0105 pomoc liczymy, ale najpierw musimy liczy\u0107 na samych siebie \u2013 stwierdzi\u0142 wicepremier, kt\u00f3rego zdaniem potrzebna jest nowa pedagogika spo\u0142eczna, kt\u00f3ra b\u0119dzie podtrzymywa\u0142a, umacnia\u0142a, a cz\u0119sto odbudowywa\u0142a polsk\u0105 wsp\u00f3lnot\u0119.<\/p>\n<p>&#8211; Tylko wtedy b\u0119dziemy mie\u0107 pewno\u015b\u0107, \u017ce bardzo dobrze uzbrojona i liczna armia b\u0119dzie zdolna do dzia\u0142ania \u2013 Kaczy\u0144ski.<\/p>\n<p>Arkadiusz S\u0142omczy\u0144ski<\/p>\n","protected":false},"excerpt":{"rendered":"<p>Wicepremier Jaros\u0142aw Kaczy\u0144ski zapowiedzia\u0142 poprawk\u0119 do projektu ustawy o obronie ojczyzny. Podczas wyst\u0105pienia w Sejmie Kaczy\u0144ski powiedzia\u0142, \u017ce poprawka zak\u0142ada przeznaczenie 3 proc. PKB na zbrojenia ju\u017c w przysz\u0142ym roku.&hellip;<\/p>\n","protected":false},"author":3,"featured_media":9298,"comment_status":"closed","ping_status":"open","sticky":false,"template":"","format":"standard","meta":{"_mi_skip_tracking":false,"footnotes":""},"categories":[48],"tags":[],"class_list":["post-9297","post","type-post","status-publish","format-standard","has-post-thumbnail","hentry","category-gospodarka"],"yoast_head":"<!-- This site is optimized with the Yoast SEO plugin v19.4 - https:\/\/yoast.com\/wordpress\/plugins\/seo\/ -->\n<title>Wicepremier Jaros\u0142aw Kaczy\u0144ski zapowiedzia\u0142 wzrost wydatk\u00f3w na obron\u0119 - Godno\u015b\u0107 - DignityNews.eu<\/title>\n<meta name=\"robots\" content=\"index, follow, max-snippet:-1, max-image-preview:large, max-video-preview:-1\" \/>\n<link rel=\"canonical\" href=\"https:\/\/dignitynews.eu\/pl\/wicepremier-jaroslaw-kaczynski-zapowiedzial-wzrost-wydatkow-na-obrone\/\" \/>\n<meta property=\"og:locale\" content=\"pl_PL\" \/>\n<meta property=\"og:type\" content=\"article\" \/>\n<meta property=\"og:title\" content=\"Wicepremier Jaros\u0142aw Kaczy\u0144ski zapowiedzia\u0142 wzrost wydatk\u00f3w na obron\u0119 - Godno\u015b\u0107 - DignityNews.eu\" \/>\n<meta property=\"og:description\" content=\"Wicepremier Jaros\u0142aw Kaczy\u0144ski zapowiedzia\u0142 poprawk\u0119 do projektu ustawy o obronie ojczyzny. Podczas wyst\u0105pienia w Sejmie Kaczy\u0144ski powiedzia\u0142, \u017ce poprawka zak\u0142ada przeznaczenie 3 proc. PKB na zbrojenia ju\u017c w przysz\u0142ym roku.&hellip;\" \/>\n<meta property=\"og:url\" content=\"https:\/\/dignitynews.eu\/pl\/wicepremier-jaroslaw-kaczynski-zapowiedzial-wzrost-wydatkow-na-obrone\/\" \/>\n<meta property=\"og:site_name\" content=\"Godno\u015b\u0107 - DignityNews.eu\" \/>\n<meta property=\"article:published_time\" content=\"2022-03-04T11:04:49+00:00\" \/>\n<meta property=\"article:modified_time\" content=\"2022-03-04T11:05:32+00:00\" \/>\n<meta property=\"og:image\" content=\"https:\/\/dignitynews.eu\/wp-content\/uploads\/2022\/03\/Kaczynski-zwiekszenie-wydatkow-na-obronnosc-fot.-Grzegorz-Ksel-REPORTER.jpg\" \/>\n\t<meta property=\"og:image:width\" content=\"1500\" \/>\n\t<meta property=\"og:image:height\" content=\"1000\" \/>\n\t<meta property=\"og:image:type\" content=\"image\/jpeg\" \/>\n<meta name=\"author\" content=\"DignityNews.eu\" \/>\n<meta name=\"twitter:card\" content=\"summary_large_image\" \/>\n<meta name=\"twitter:label1\" content=\"Napisane przez\" \/>\n\t<meta name=\"twitter:data1\" content=\"DignityNews.eu\" \/>\n\t<meta name=\"twitter:label2\" content=\"Szacowany czas czytania\" \/>\n\t<meta name=\"twitter:data2\" content=\"2 minuty\" \/>\n<script type=\"application\/ld+json\" class=\"yoast-schema-graph\">{\"@context\":\"https:\/\/schema.org\",\"@graph\":[{\"@type\":\"WebSite\",\"@id\":\"https:\/\/dignitynews.eu\/pl\/#website\",\"url\":\"https:\/\/dignitynews.eu\/pl\/\",\"name\":\"Godno\u015b\u0107 - DignityNews.eu\",\"description\":\"\",\"potentialAction\":[{\"@type\":\"SearchAction\",\"target\":{\"@type\":\"EntryPoint\",\"urlTemplate\":\"https:\/\/dignitynews.eu\/pl\/?s={search_term_string}\"},\"query-input\":\"required name=search_term_string\"}],\"inLanguage\":\"pl-PL\"},{\"@type\":\"WebPage\",\"@id\":\"https:\/\/dignitynews.eu\/pl\/wicepremier-jaroslaw-kaczynski-zapowiedzial-wzrost-wydatkow-na-obrone\/\",\"url\":\"https:\/\/dignitynews.eu\/pl\/wicepremier-jaroslaw-kaczynski-zapowiedzial-wzrost-wydatkow-na-obrone\/\",\"name\":\"Wicepremier Jaros\u0142aw Kaczy\u0144ski zapowiedzia\u0142 wzrost wydatk\u00f3w na obron\u0119 - Godno\u015b\u0107 - DignityNews.eu\",\"isPartOf\":{\"@id\":\"https:\/\/dignitynews.eu\/pl\/#website\"},\"datePublished\":\"2022-03-04T11:04:49+00:00\",\"dateModified\":\"2022-03-04T11:05:32+00:00\",\"author\":{\"@id\":\"https:\/\/dignitynews.eu\/pl\/#\/schema\/person\/4d8f570a0fd5c310685d78d9e520982c\"},\"breadcrumb\":{\"@id\":\"https:\/\/dignitynews.eu\/pl\/wicepremier-jaroslaw-kaczynski-zapowiedzial-wzrost-wydatkow-na-obrone\/#breadcrumb\"},\"inLanguage\":\"pl-PL\",\"potentialAction\":[{\"@type\":\"ReadAction\",\"target\":[\"https:\/\/dignitynews.eu\/pl\/wicepremier-jaroslaw-kaczynski-zapowiedzial-wzrost-wydatkow-na-obrone\/\"]}]},{\"@type\":\"BreadcrumbList\",\"@id\":\"https:\/\/dignitynews.eu\/pl\/wicepremier-jaroslaw-kaczynski-zapowiedzial-wzrost-wydatkow-na-obrone\/#breadcrumb\",\"itemListElement\":[{\"@type\":\"ListItem\",\"position\":1,\"name\":\"Strona g\u0142\u00f3wna\",\"item\":\"https:\/\/dignitynews.eu\/pl\/\"},{\"@type\":\"ListItem\",\"position\":2,\"name\":\"Wicepremier Jaros\u0142aw Kaczy\u0144ski zapowiedzia\u0142 wzrost wydatk\u00f3w na obron\u0119\"}]},{\"@type\":\"Person\",\"@id\":\"https:\/\/dignitynews.eu\/pl\/#\/schema\/person\/4d8f570a0fd5c310685d78d9e520982c\",\"name\":\"DignityNews.eu\",\"image\":{\"@type\":\"ImageObject\",\"inLanguage\":\"pl-PL\",\"@id\":\"https:\/\/dignitynews.eu\/pl\/#\/schema\/person\/image\/\",\"url\":\"https:\/\/secure.gravatar.com\/avatar\/b9fb3aa3cd2d5d3a6d24e67a6b58bc2980bf0c7f7bd3657a6322b8df227da3d9?s=96&d=mm&r=g\",\"contentUrl\":\"https:\/\/secure.gravatar.com\/avatar\/b9fb3aa3cd2d5d3a6d24e67a6b58bc2980bf0c7f7bd3657a6322b8df227da3d9?s=96&d=mm&r=g\",\"caption\":\"DignityNews.eu\"},\"sameAs\":[\"aleksandra\"],\"url\":\"https:\/\/dignitynews.eu\/pl\/author\/aleksandra\/\"}]}<\/script>\n<!-- \/ Yoast SEO plugin. -->","yoast_head_json":{"title":"Wicepremier Jaros\u0142aw Kaczy\u0144ski zapowiedzia\u0142 wzrost wydatk\u00f3w na obron\u0119 - Godno\u015b\u0107 - DignityNews.eu","robots":{"index":"index","follow":"follow","max-snippet":"max-snippet:-1","max-image-preview":"max-image-preview:large","max-video-preview":"max-video-preview:-1"},"canonical":"https:\/\/dignitynews.eu\/pl\/wicepremier-jaroslaw-kaczynski-zapowiedzial-wzrost-wydatkow-na-obrone\/","og_locale":"pl_PL","og_type":"article","og_title":"Wicepremier Jaros\u0142aw Kaczy\u0144ski zapowiedzia\u0142 wzrost wydatk\u00f3w na obron\u0119 - Godno\u015b\u0107 - DignityNews.eu","og_description":"Wicepremier Jaros\u0142aw Kaczy\u0144ski zapowiedzia\u0142 poprawk\u0119 do projektu ustawy o obronie ojczyzny. Podczas wyst\u0105pienia w Sejmie Kaczy\u0144ski powiedzia\u0142, \u017ce poprawka zak\u0142ada przeznaczenie 3 proc. PKB na zbrojenia ju\u017c w przysz\u0142ym roku.&hellip;","og_url":"https:\/\/dignitynews.eu\/pl\/wicepremier-jaroslaw-kaczynski-zapowiedzial-wzrost-wydatkow-na-obrone\/","og_site_name":"Godno\u015b\u0107 - DignityNews.eu","article_published_time":"2022-03-04T11:04:49+00:00","article_modified_time":"2022-03-04T11:05:32+00:00","og_image":[{"width":1500,"height":1000,"url":"https:\/\/dignitynews.eu\/wp-content\/uploads\/2022\/03\/Kaczynski-zwiekszenie-wydatkow-na-obronnosc-fot.-Grzegorz-Ksel-REPORTER.jpg","type":"image\/jpeg"}],"author":"DignityNews.eu","twitter_card":"summary_large_image","twitter_misc":{"Napisane przez":"DignityNews.eu","Szacowany czas czytania":"2 minuty"},"schema":{"@context":"https:\/\/schema.org","@graph":[{"@type":"WebSite","@id":"https:\/\/dignitynews.eu\/pl\/#website","url":"https:\/\/dignitynews.eu\/pl\/","name":"Godno\u015b\u0107 - DignityNews.eu","description":"","potentialAction":[{"@type":"SearchAction","target":{"@type":"EntryPoint","urlTemplate":"https:\/\/dignitynews.eu\/pl\/?s={search_term_string}"},"query-input":"required name=search_term_string"}],"inLanguage":"pl-PL"},{"@type":"WebPage","@id":"https:\/\/dignitynews.eu\/pl\/wicepremier-jaroslaw-kaczynski-zapowiedzial-wzrost-wydatkow-na-obrone\/","url":"https:\/\/dignitynews.eu\/pl\/wicepremier-jaroslaw-kaczynski-zapowiedzial-wzrost-wydatkow-na-obrone\/","name":"Wicepremier Jaros\u0142aw Kaczy\u0144ski zapowiedzia\u0142 wzrost wydatk\u00f3w na obron\u0119 - Godno\u015b\u0107 - DignityNews.eu","isPartOf":{"@id":"https:\/\/dignitynews.eu\/pl\/#website"},"datePublished":"2022-03-04T11:04:49+00:00","dateModified":"2022-03-04T11:05:32+00:00","author":{"@id":"https:\/\/dignitynews.eu\/pl\/#\/schema\/person\/4d8f570a0fd5c310685d78d9e520982c"},"breadcrumb":{"@id":"https:\/\/dignitynews.eu\/pl\/wicepremier-jaroslaw-kaczynski-zapowiedzial-wzrost-wydatkow-na-obrone\/#breadcrumb"},"inLanguage":"pl-PL","potentialAction":[{"@type":"ReadAction","target":["https:\/\/dignitynews.eu\/pl\/wicepremier-jaroslaw-kaczynski-zapowiedzial-wzrost-wydatkow-na-obrone\/"]}]},{"@type":"BreadcrumbList","@id":"https:\/\/dignitynews.eu\/pl\/wicepremier-jaroslaw-kaczynski-zapowiedzial-wzrost-wydatkow-na-obrone\/#breadcrumb","itemListElement":[{"@type":"ListItem","position":1,"name":"Strona g\u0142\u00f3wna","item":"https:\/\/dignitynews.eu\/pl\/"},{"@type":"ListItem","position":2,"name":"Wicepremier Jaros\u0142aw Kaczy\u0144ski zapowiedzia\u0142 wzrost wydatk\u00f3w na obron\u0119"}]},{"@type":"Person","@id":"https:\/\/dignitynews.eu\/pl\/#\/schema\/person\/4d8f570a0fd5c310685d78d9e520982c","name":"DignityNews.eu","image":{"@type":"ImageObject","inLanguage":"pl-PL","@id":"https:\/\/dignitynews.eu\/pl\/#\/schema\/person\/image\/","url":"https:\/\/secure.gravatar.com\/avatar\/b9fb3aa3cd2d5d3a6d24e67a6b58bc2980bf0c7f7bd3657a6322b8df227da3d9?s=96&d=mm&r=g","contentUrl":"https:\/\/secure.gravatar.com\/avatar\/b9fb3aa3cd2d5d3a6d24e67a6b58bc2980bf0c7f7bd3657a6322b8df227da3d9?s=96&d=mm&r=g","caption":"DignityNews.eu"},"sameAs":["aleksandra"],"url":"https:\/\/dignitynews.eu\/pl\/author\/aleksandra\/"}]}},"_links":{"self":[{"href":"https:\/\/dignitynews.eu\/pl\/wp-json\/wp\/v2\/posts\/9297","targetHints":{"allow":["GET"]}}],"collection":[{"href":"https:\/\/dignitynews.eu\/pl\/wp-json\/wp\/v2\/posts"}],"about":[{"href":"https:\/\/dignitynews.eu\/pl\/wp-json\/wp\/v2\/types\/post"}],"author":[{"embeddable":true,"href":"https:\/\/dignitynews.eu\/pl\/wp-json\/wp\/v2\/users\/3"}],"replies":[{"embeddable":true,"href":"https:\/\/dignitynews.eu\/pl\/wp-json\/wp\/v2\/comments?post=9297"}],"version-history":[{"count":1,"href":"https:\/\/dignitynews.eu\/pl\/wp-json\/wp\/v2\/posts\/9297\/revisions"}],"predecessor-version":[{"id":9303,"href":"https:\/\/dignitynews.eu\/pl\/wp-json\/wp\/v2\/posts\/9297\/revisions\/9303"}],"wp:featuredmedia":[{"embeddable":true,"href":"https:\/\/dignitynews.eu\/pl\/wp-json\/wp\/v2\/media\/9298"}],"wp:attachment":[{"href":"https:\/\/dignitynews.eu\/pl\/wp-json\/wp\/v2\/media?parent=9297"}],"wp:term":[{"taxonomy":"category","embeddable":true,"href":"https:\/\/dignitynews.eu\/pl\/wp-json\/wp\/v2\/categories?post=9297"},{"taxonomy":"post_tag","embeddable":true,"href":"https:\/\/dignitynews.eu\/pl\/wp-json\/wp\/v2\/tags?post=9297"}],"curies":[{"name":"wp","href":"https:\/\/api.w.org\/{rel}","templated":true}]}}