{"id":8754,"date":"2022-02-28T11:41:59","date_gmt":"2022-02-28T10:41:59","guid":{"rendered":"https:\/\/dignitynews.eu\/?p=8754"},"modified":"2022-02-28T11:41:59","modified_gmt":"2022-02-28T10:41:59","slug":"minister-klimatu-i-srodowiska-juz-dzis-jestesmy-gotowi-funkcjonowac-bez-rosyjskiego-gazu","status":"publish","type":"post","link":"https:\/\/dignitynews.eu\/pl\/minister-klimatu-i-srodowiska-juz-dzis-jestesmy-gotowi-funkcjonowac-bez-rosyjskiego-gazu\/","title":{"rendered":"Minister klimatu i \u015brodowiska: ju\u017c dzi\u015b jeste\u015bmy gotowi funkcjonowa\u0107 bez rosyjskiego gazu"},"content":{"rendered":"<h5><strong>Minister klimatu i \u015brodowiska Anna Moskwa powiedzia\u0142a, \u017ce Polska ju\u017c dzi\u015b jest gotowa funkcjonowa\u0107 bez rosyjskiego gazu. W programie 3 Polskiego Radia minister podkre\u015bli\u0142a \u017ce Europa wci\u0105\u017c ma szans\u0119 na niezale\u017cno\u015b\u0107 energetyczn\u0105 od Rosji.<\/strong><\/h5>\n<p>Minister klimatu i \u015brodowiska by\u0142a pytana na antenie radiowej Tr\u00f3jki, czy kraje europejskie maj\u0105 szans\u0119 na energetyczne uniezale\u017cnienie si\u0119 od Rosji.<\/p>\n<p>&#8211; Du\u017cym zaniedbaniem pa\u0144stw europejskich jest LNG. Dzi\u015b widzimy, \u017ce gaz zn\u00f3w jest w taksonomii. Szkoda, \u017ce tak p\u00f3\u017ano, ale Europa wci\u0105\u017c ma szans\u0119 na niezale\u017cno\u015b\u0107 energetyczn\u0105 od Rosji \u2013 powiedzia\u0142a minister. Zaznaczy\u0142a te\u017c, \u017ce Polska b\u0119dzie postulowa\u0107, aby pakiet sankcji wobec Rosji poszerzy\u0107 o rop\u0119, gaz i w\u0119giel.<\/p>\n<p>Szefowa resortu powiedzia\u0142a, \u017ce Polska jest gotowa, by zupe\u0142nie zrezygnowa\u0107 z rosyjskiego gazu bez ryzyka dla bezpiecze\u0144stwa energetycznego. Doda\u0142a, \u017ce od 1 stycznia b\u0119dziemy mie\u0107 w pe\u0142ni gotow\u0105 now\u0105 infrastruktur\u0119, a dzi\u015b mo\u017cemy funkcjonowa\u0107 z wykorzystaniem tej istniej\u0105cej.<\/p>\n<p>&#8211; Baltic Pipe pozwoli nam mie\u0107 alternatyw\u0119 i sto procent niezale\u017cno\u015bci, koniec kontraktu jamalskiego to bardzo bliska perspektywa, ale bez wzgl\u0119du na t\u0119 perspektyw\u0119 ju\u017c dzi\u015b jeste\u015bmy gotowi funkcjonowa\u0107 bez rosyjskiego gazu \u2013 oceni\u0142a Moskwa.<\/p>\n<p>Minister odnios\u0142a si\u0119 r\u00f3wnie\u017c do zaj\u0119cia przez Rosjan, wy\u0142\u0105czonej po awarii w 1986 roku, elektrowni atomowej w Czarnobylu. Polska i Kanada zwr\u00f3ci\u0142y si\u0119 o zwo\u0142anie nadzwyczajnego posiedzenia Rady Gubernator\u00f3w Mi\u0119dzynarodowej Agencji Energii Atomowej w zwi\u0105zku z rosyjsk\u0105 inwazj\u0105 na Ukrain\u0119.<\/p>\n<p>&#8211; Niedopuszczalne jest, \u017ceby na terenie czy to dzia\u0142aj\u0105cej, czy wygas\u0142ej elektrowni j\u0105drowej odbywa\u0142y si\u0119 jakiekolwiek dzia\u0142ania wojskowe \u2013 podkre\u015bli\u0142a Moskwa<\/p>\n<p>Odnosz\u0105c si\u0119 do wniosku w sprawie szczytu MAEA, minister zwr\u00f3ci\u0142a uwag\u0119, \u017ce problemem jest obecno\u015b\u0107 Rosji w organizacjach mi\u0119dzynarodowych.<\/p>\n<p>&#8211; Niestety w gremiach mi\u0119dzynarodowych s\u0105 te\u017c Rosjanie. Jeste\u015bmy przekonani, \u017ce op\u00f3\u017anienia i trudno\u015bci z przeforsowaniem silnych stanowisk to wp\u0142yw rosyjskich przedstawicieli. Postulujemy wykluczenie Rosji z tych struktur \u2013 zapowiedzia\u0142a Moskwa.<\/p>\n<p>Arkadiusz S\u0142omczy\u0144ski<\/p>\n","protected":false},"excerpt":{"rendered":"<p>Minister klimatu i \u015brodowiska Anna Moskwa powiedzia\u0142a, \u017ce Polska ju\u017c dzi\u015b jest gotowa funkcjonowa\u0107 bez rosyjskiego gazu. W programie 3 Polskiego Radia minister podkre\u015bli\u0142a \u017ce Europa wci\u0105\u017c ma szans\u0119 na&hellip;<\/p>\n","protected":false},"author":3,"featured_media":8755,"comment_status":"closed","ping_status":"open","sticky":false,"template":"","format":"standard","meta":{"_mi_skip_tracking":false,"footnotes":""},"categories":[48],"tags":[],"class_list":["post-8754","post","type-post","status-publish","format-standard","has-post-thumbnail","hentry","category-gospodarka"],"yoast_head":"<!-- This site is optimized with the Yoast SEO plugin v19.4 - https:\/\/yoast.com\/wordpress\/plugins\/seo\/ -->\n<title>Minister klimatu i \u015brodowiska: ju\u017c dzi\u015b jeste\u015bmy gotowi funkcjonowa\u0107 bez rosyjskiego gazu - Godno\u015b\u0107 - DignityNews.eu<\/title>\n<meta name=\"robots\" content=\"index, follow, max-snippet:-1, max-image-preview:large, max-video-preview:-1\" \/>\n<link rel=\"canonical\" href=\"https:\/\/dignitynews.eu\/pl\/minister-klimatu-i-srodowiska-juz-dzis-jestesmy-gotowi-funkcjonowac-bez-rosyjskiego-gazu\/\" \/>\n<meta property=\"og:locale\" content=\"pl_PL\" \/>\n<meta property=\"og:type\" content=\"article\" \/>\n<meta property=\"og:title\" content=\"Minister klimatu i \u015brodowiska: ju\u017c dzi\u015b jeste\u015bmy gotowi funkcjonowa\u0107 bez rosyjskiego gazu - Godno\u015b\u0107 - DignityNews.eu\" \/>\n<meta property=\"og:description\" content=\"Minister klimatu i \u015brodowiska Anna Moskwa powiedzia\u0142a, \u017ce Polska ju\u017c dzi\u015b jest gotowa funkcjonowa\u0107 bez rosyjskiego gazu. W programie 3 Polskiego Radia minister podkre\u015bli\u0142a \u017ce Europa wci\u0105\u017c ma szans\u0119 na&hellip;\" \/>\n<meta property=\"og:url\" content=\"https:\/\/dignitynews.eu\/pl\/minister-klimatu-i-srodowiska-juz-dzis-jestesmy-gotowi-funkcjonowac-bez-rosyjskiego-gazu\/\" \/>\n<meta property=\"og:site_name\" content=\"Godno\u015b\u0107 - DignityNews.eu\" \/>\n<meta property=\"article:published_time\" content=\"2022-02-28T10:41:59+00:00\" \/>\n<meta property=\"og:image\" content=\"https:\/\/dignitynews.eu\/wp-content\/uploads\/2022\/02\/Minister-klimatu-i-srodowiska-Polska-bez-rosyjskiego-gazu-Fot.-Wojtek-Laski-East-News.jpg\" \/>\n\t<meta property=\"og:image:width\" content=\"1500\" \/>\n\t<meta property=\"og:image:height\" content=\"997\" \/>\n\t<meta property=\"og:image:type\" content=\"image\/jpeg\" \/>\n<meta name=\"author\" content=\"DignityNews.eu\" \/>\n<meta name=\"twitter:card\" content=\"summary_large_image\" \/>\n<meta name=\"twitter:label1\" content=\"Napisane przez\" \/>\n\t<meta name=\"twitter:data1\" content=\"DignityNews.eu\" \/>\n\t<meta name=\"twitter:label2\" content=\"Szacowany czas czytania\" \/>\n\t<meta name=\"twitter:data2\" content=\"2 minuty\" \/>\n<script type=\"application\/ld+json\" class=\"yoast-schema-graph\">{\"@context\":\"https:\/\/schema.org\",\"@graph\":[{\"@type\":\"WebSite\",\"@id\":\"https:\/\/dignitynews.eu\/pl\/#website\",\"url\":\"https:\/\/dignitynews.eu\/pl\/\",\"name\":\"Godno\u015b\u0107 - DignityNews.eu\",\"description\":\"\",\"potentialAction\":[{\"@type\":\"SearchAction\",\"target\":{\"@type\":\"EntryPoint\",\"urlTemplate\":\"https:\/\/dignitynews.eu\/pl\/?s={search_term_string}\"},\"query-input\":\"required name=search_term_string\"}],\"inLanguage\":\"pl-PL\"},{\"@type\":\"WebPage\",\"@id\":\"https:\/\/dignitynews.eu\/pl\/minister-klimatu-i-srodowiska-juz-dzis-jestesmy-gotowi-funkcjonowac-bez-rosyjskiego-gazu\/\",\"url\":\"https:\/\/dignitynews.eu\/pl\/minister-klimatu-i-srodowiska-juz-dzis-jestesmy-gotowi-funkcjonowac-bez-rosyjskiego-gazu\/\",\"name\":\"Minister klimatu i \u015brodowiska: ju\u017c dzi\u015b jeste\u015bmy gotowi funkcjonowa\u0107 bez rosyjskiego gazu - Godno\u015b\u0107 - DignityNews.eu\",\"isPartOf\":{\"@id\":\"https:\/\/dignitynews.eu\/pl\/#website\"},\"datePublished\":\"2022-02-28T10:41:59+00:00\",\"dateModified\":\"2022-02-28T10:41:59+00:00\",\"author\":{\"@id\":\"https:\/\/dignitynews.eu\/pl\/#\/schema\/person\/4d8f570a0fd5c310685d78d9e520982c\"},\"breadcrumb\":{\"@id\":\"https:\/\/dignitynews.eu\/pl\/minister-klimatu-i-srodowiska-juz-dzis-jestesmy-gotowi-funkcjonowac-bez-rosyjskiego-gazu\/#breadcrumb\"},\"inLanguage\":\"pl-PL\",\"potentialAction\":[{\"@type\":\"ReadAction\",\"target\":[\"https:\/\/dignitynews.eu\/pl\/minister-klimatu-i-srodowiska-juz-dzis-jestesmy-gotowi-funkcjonowac-bez-rosyjskiego-gazu\/\"]}]},{\"@type\":\"BreadcrumbList\",\"@id\":\"https:\/\/dignitynews.eu\/pl\/minister-klimatu-i-srodowiska-juz-dzis-jestesmy-gotowi-funkcjonowac-bez-rosyjskiego-gazu\/#breadcrumb\",\"itemListElement\":[{\"@type\":\"ListItem\",\"position\":1,\"name\":\"Strona g\u0142\u00f3wna\",\"item\":\"https:\/\/dignitynews.eu\/pl\/\"},{\"@type\":\"ListItem\",\"position\":2,\"name\":\"Minister klimatu i \u015brodowiska: ju\u017c dzi\u015b jeste\u015bmy gotowi funkcjonowa\u0107 bez rosyjskiego gazu\"}]},{\"@type\":\"Person\",\"@id\":\"https:\/\/dignitynews.eu\/pl\/#\/schema\/person\/4d8f570a0fd5c310685d78d9e520982c\",\"name\":\"DignityNews.eu\",\"image\":{\"@type\":\"ImageObject\",\"inLanguage\":\"pl-PL\",\"@id\":\"https:\/\/dignitynews.eu\/pl\/#\/schema\/person\/image\/\",\"url\":\"https:\/\/secure.gravatar.com\/avatar\/b9fb3aa3cd2d5d3a6d24e67a6b58bc2980bf0c7f7bd3657a6322b8df227da3d9?s=96&d=mm&r=g\",\"contentUrl\":\"https:\/\/secure.gravatar.com\/avatar\/b9fb3aa3cd2d5d3a6d24e67a6b58bc2980bf0c7f7bd3657a6322b8df227da3d9?s=96&d=mm&r=g\",\"caption\":\"DignityNews.eu\"},\"sameAs\":[\"aleksandra\"],\"url\":\"https:\/\/dignitynews.eu\/pl\/author\/aleksandra\/\"}]}<\/script>\n<!-- \/ Yoast SEO plugin. -->","yoast_head_json":{"title":"Minister klimatu i \u015brodowiska: ju\u017c dzi\u015b jeste\u015bmy gotowi funkcjonowa\u0107 bez rosyjskiego gazu - Godno\u015b\u0107 - DignityNews.eu","robots":{"index":"index","follow":"follow","max-snippet":"max-snippet:-1","max-image-preview":"max-image-preview:large","max-video-preview":"max-video-preview:-1"},"canonical":"https:\/\/dignitynews.eu\/pl\/minister-klimatu-i-srodowiska-juz-dzis-jestesmy-gotowi-funkcjonowac-bez-rosyjskiego-gazu\/","og_locale":"pl_PL","og_type":"article","og_title":"Minister klimatu i \u015brodowiska: ju\u017c dzi\u015b jeste\u015bmy gotowi funkcjonowa\u0107 bez rosyjskiego gazu - Godno\u015b\u0107 - DignityNews.eu","og_description":"Minister klimatu i \u015brodowiska Anna Moskwa powiedzia\u0142a, \u017ce Polska ju\u017c dzi\u015b jest gotowa funkcjonowa\u0107 bez rosyjskiego gazu. W programie 3 Polskiego Radia minister podkre\u015bli\u0142a \u017ce Europa wci\u0105\u017c ma szans\u0119 na&hellip;","og_url":"https:\/\/dignitynews.eu\/pl\/minister-klimatu-i-srodowiska-juz-dzis-jestesmy-gotowi-funkcjonowac-bez-rosyjskiego-gazu\/","og_site_name":"Godno\u015b\u0107 - DignityNews.eu","article_published_time":"2022-02-28T10:41:59+00:00","og_image":[{"width":1500,"height":997,"url":"https:\/\/dignitynews.eu\/wp-content\/uploads\/2022\/02\/Minister-klimatu-i-srodowiska-Polska-bez-rosyjskiego-gazu-Fot.-Wojtek-Laski-East-News.jpg","type":"image\/jpeg"}],"author":"DignityNews.eu","twitter_card":"summary_large_image","twitter_misc":{"Napisane przez":"DignityNews.eu","Szacowany czas czytania":"2 minuty"},"schema":{"@context":"https:\/\/schema.org","@graph":[{"@type":"WebSite","@id":"https:\/\/dignitynews.eu\/pl\/#website","url":"https:\/\/dignitynews.eu\/pl\/","name":"Godno\u015b\u0107 - DignityNews.eu","description":"","potentialAction":[{"@type":"SearchAction","target":{"@type":"EntryPoint","urlTemplate":"https:\/\/dignitynews.eu\/pl\/?s={search_term_string}"},"query-input":"required name=search_term_string"}],"inLanguage":"pl-PL"},{"@type":"WebPage","@id":"https:\/\/dignitynews.eu\/pl\/minister-klimatu-i-srodowiska-juz-dzis-jestesmy-gotowi-funkcjonowac-bez-rosyjskiego-gazu\/","url":"https:\/\/dignitynews.eu\/pl\/minister-klimatu-i-srodowiska-juz-dzis-jestesmy-gotowi-funkcjonowac-bez-rosyjskiego-gazu\/","name":"Minister klimatu i \u015brodowiska: ju\u017c dzi\u015b jeste\u015bmy gotowi funkcjonowa\u0107 bez rosyjskiego gazu - Godno\u015b\u0107 - DignityNews.eu","isPartOf":{"@id":"https:\/\/dignitynews.eu\/pl\/#website"},"datePublished":"2022-02-28T10:41:59+00:00","dateModified":"2022-02-28T10:41:59+00:00","author":{"@id":"https:\/\/dignitynews.eu\/pl\/#\/schema\/person\/4d8f570a0fd5c310685d78d9e520982c"},"breadcrumb":{"@id":"https:\/\/dignitynews.eu\/pl\/minister-klimatu-i-srodowiska-juz-dzis-jestesmy-gotowi-funkcjonowac-bez-rosyjskiego-gazu\/#breadcrumb"},"inLanguage":"pl-PL","potentialAction":[{"@type":"ReadAction","target":["https:\/\/dignitynews.eu\/pl\/minister-klimatu-i-srodowiska-juz-dzis-jestesmy-gotowi-funkcjonowac-bez-rosyjskiego-gazu\/"]}]},{"@type":"BreadcrumbList","@id":"https:\/\/dignitynews.eu\/pl\/minister-klimatu-i-srodowiska-juz-dzis-jestesmy-gotowi-funkcjonowac-bez-rosyjskiego-gazu\/#breadcrumb","itemListElement":[{"@type":"ListItem","position":1,"name":"Strona g\u0142\u00f3wna","item":"https:\/\/dignitynews.eu\/pl\/"},{"@type":"ListItem","position":2,"name":"Minister klimatu i \u015brodowiska: ju\u017c dzi\u015b jeste\u015bmy gotowi funkcjonowa\u0107 bez rosyjskiego gazu"}]},{"@type":"Person","@id":"https:\/\/dignitynews.eu\/pl\/#\/schema\/person\/4d8f570a0fd5c310685d78d9e520982c","name":"DignityNews.eu","image":{"@type":"ImageObject","inLanguage":"pl-PL","@id":"https:\/\/dignitynews.eu\/pl\/#\/schema\/person\/image\/","url":"https:\/\/secure.gravatar.com\/avatar\/b9fb3aa3cd2d5d3a6d24e67a6b58bc2980bf0c7f7bd3657a6322b8df227da3d9?s=96&d=mm&r=g","contentUrl":"https:\/\/secure.gravatar.com\/avatar\/b9fb3aa3cd2d5d3a6d24e67a6b58bc2980bf0c7f7bd3657a6322b8df227da3d9?s=96&d=mm&r=g","caption":"DignityNews.eu"},"sameAs":["aleksandra"],"url":"https:\/\/dignitynews.eu\/pl\/author\/aleksandra\/"}]}},"_links":{"self":[{"href":"https:\/\/dignitynews.eu\/pl\/wp-json\/wp\/v2\/posts\/8754","targetHints":{"allow":["GET"]}}],"collection":[{"href":"https:\/\/dignitynews.eu\/pl\/wp-json\/wp\/v2\/posts"}],"about":[{"href":"https:\/\/dignitynews.eu\/pl\/wp-json\/wp\/v2\/types\/post"}],"author":[{"embeddable":true,"href":"https:\/\/dignitynews.eu\/pl\/wp-json\/wp\/v2\/users\/3"}],"replies":[{"embeddable":true,"href":"https:\/\/dignitynews.eu\/pl\/wp-json\/wp\/v2\/comments?post=8754"}],"version-history":[{"count":1,"href":"https:\/\/dignitynews.eu\/pl\/wp-json\/wp\/v2\/posts\/8754\/revisions"}],"predecessor-version":[{"id":8760,"href":"https:\/\/dignitynews.eu\/pl\/wp-json\/wp\/v2\/posts\/8754\/revisions\/8760"}],"wp:featuredmedia":[{"embeddable":true,"href":"https:\/\/dignitynews.eu\/pl\/wp-json\/wp\/v2\/media\/8755"}],"wp:attachment":[{"href":"https:\/\/dignitynews.eu\/pl\/wp-json\/wp\/v2\/media?parent=8754"}],"wp:term":[{"taxonomy":"category","embeddable":true,"href":"https:\/\/dignitynews.eu\/pl\/wp-json\/wp\/v2\/categories?post=8754"},{"taxonomy":"post_tag","embeddable":true,"href":"https:\/\/dignitynews.eu\/pl\/wp-json\/wp\/v2\/tags?post=8754"}],"curies":[{"name":"wp","href":"https:\/\/api.w.org\/{rel}","templated":true}]}}