{"id":8746,"date":"2022-02-28T11:39:35","date_gmt":"2022-02-28T10:39:35","guid":{"rendered":"https:\/\/dignitynews.eu\/?p=8746"},"modified":"2022-02-28T11:39:35","modified_gmt":"2022-02-28T10:39:35","slug":"osoby-z-ukrainy-szukajace-schronienia-w-polsce-nie-musza-obawiac-sie-o-legalnosc-swojego-pobytu","status":"publish","type":"post","link":"https:\/\/dignitynews.eu\/pl\/osoby-z-ukrainy-szukajace-schronienia-w-polsce-nie-musza-obawiac-sie-o-legalnosc-swojego-pobytu\/","title":{"rendered":"Osoby z Ukrainy szukaj\u0105ce schronienia w Polsce nie musz\u0105 obawia\u0107 si\u0119 o legalno\u015b\u0107 swojego pobytu"},"content":{"rendered":"<h5><strong>Osoby uciekaj\u0105ce z Ukrainy przed konfliktem zbrojnym, nie musz\u0105 martwi\u0107 si\u0119 o formalno\u015bci \u2013 poinformowa\u0142o w niedziel\u0119 wieczorem polskie ministerstwo spraw wewn\u0119trznych i administracji (MSWiA). Resort podkre\u015bli\u0142 \u017ce nie trzeba obawia\u0107 si\u0119 o legalno\u015b\u0107 pobytu w Polsce.<\/strong><\/h5>\n<p>&#8211; Wszystkie osoby uciekaj\u0105ce z Ukrainy przed konfliktem zbrojnym, nie musz\u0105 rejestrowa\u0107 si\u0119 w punktach recepcyjnych ani martwi\u0107 si\u0119 o formalno\u015bci. Wszystkie osoby uciekaj\u0105ce z Ukrainy, szukaj\u0105ce schronienia w Polsce, nie musz\u0105 obawia\u0107 si\u0119 o legalno\u015b\u0107 swojego pobytu \u2013 czytamy w komunikacie na stronie MSWiA.<\/p>\n<p>W najbli\u017cszych dniach nie trzeba te\u017c sk\u0142ada\u0107 \u017cadnych wniosk\u00f3w w Urz\u0119dzie do Spraw Cudzoziemc\u00f3w\/urz\u0119dach wojew\u00f3dzkich\/plac\u00f3wkach Stra\u017cy Granicznej. To samo dotyczy obywateli Ukrainy, kt\u00f3rzy s\u0105 w Polsce, a ich dokumenty pobytowe utraci\u0142y wa\u017cno\u015b\u0107.<\/p>\n<p>Resort podkre\u015bli\u0142, \u017ce wszystkie osoby uciekaj\u0105ce z Ukrainy przed konfliktem zbrojnym, kt\u00f3re nie maj\u0105 zapewnionego w Polsce miejsca pobytu &#8211; noclegu, mog\u0105 uda\u0107 si\u0119 do punktu recepcyjnego. Otrzymaj\u0105 tam informacje na temat pobytu w Polsce, posi\u0142ek, podstawow\u0105 opiek\u0119 medyczn\u0105, miejsce na odpoczynek oraz zostanie im wskazane tymczasowe zakwaterowanie. Wszyscy maj\u0105 dost\u0119p do bezp\u0142atnej opieki medycznej i polskiej s\u0142u\u017cby zdrowia \u2013 zapewni\u0142o ministerstwo.<\/p>\n<p>&#8211; Obywatele Ukrainy przebywaj\u0105cy w Polsce nie musz\u0105 wyje\u017cd\u017ca\u0107 z kraju w przypadku utraty wa\u017cno\u015bci dokument\u00f3w pobytowych. Oni tak\u017ce nie musz\u0105 obawia\u0107 si\u0119 o legalno\u015b\u0107 swojego dalszego pobytu \u2013 poinformowa\u0142o ministerstwo.<\/p>\n<p>O zapewnieniu schronienia dla ka\u017cdego ukrai\u0144skiego uchod\u017acy m\u00f3wi\u0142 w niedziel\u0119 minister spraw wewn\u0119trznych i administracji Mariusz Kami\u0144ski. Na konferencji prasowej minister zwr\u00f3ci\u0142 si\u0119 te\u017c do Ukrai\u0144c\u00f3w walcz\u0105cych przeciwko rosyjskiej inwazji.<\/p>\n<p>&#8211; Ukraina walczy o swoj\u0105 wolno\u015b\u0107, niepodleg\u0142o\u015b\u0107 i my jako Polacy w pe\u0142ni rozumiemy t\u0119 walk\u0119. To jest r\u00f3wnie\u017c walka w obronie naszej wolno\u015bci. Chylimy czo\u0142a przed bohaterami ukrai\u0144skimi \u2013 m\u00f3wi\u0142 szef MSWiA.<\/p>\n<p>Kami\u0144ski oceni\u0142, \u017ce jako Polska zdajemy egzamin z dzia\u0142a\u0144 solidarnych. &#8211; Musimy pomaga\u0107 na ka\u017cdym poziomie. Pa\u0144stwo to nie tylko rz\u0105d, ale i samorz\u0105dy i obywatele. Sytuacja jest bardzo trudna i wymaga maksymalnych dzia\u0142a\u0144 i takie dzia\u0142ania s\u0105 prowadzone \u2013 podsumowa\u0142 szef MSWiA.<\/p>\n<p>Wed\u0142ug danych Stra\u017cy Granicznej od pocz\u0105tku wojny granic\u0119 polsk\u0105 przekroczy\u0142o 281 tys. os\u00f3b z Ukrainy. Aktualne informacje dla obywateli Ukrainy s\u0105 dost\u0119pne na stronie internetowej <a href=\"http:\/\/ua.gov.pl\">ua.gov.pl<\/a>.<\/p>\n<p>Arkadiusz S\u0142omczy\u0144ski<\/p>\n","protected":false},"excerpt":{"rendered":"<p>Osoby uciekaj\u0105ce z Ukrainy przed konfliktem zbrojnym, nie musz\u0105 martwi\u0107 si\u0119 o formalno\u015bci \u2013 poinformowa\u0142o w niedziel\u0119 wieczorem polskie ministerstwo spraw wewn\u0119trznych i administracji (MSWiA). Resort podkre\u015bli\u0142 \u017ce nie trzeba&hellip;<\/p>\n","protected":false},"author":3,"featured_media":8747,"comment_status":"closed","ping_status":"open","sticky":false,"template":"","format":"standard","meta":{"_mi_skip_tracking":false,"footnotes":""},"categories":[47],"tags":[],"class_list":["post-8746","post","type-post","status-publish","format-standard","has-post-thumbnail","hentry","category-wydarzenia"],"yoast_head":"<!-- This site is optimized with the Yoast SEO plugin v19.4 - https:\/\/yoast.com\/wordpress\/plugins\/seo\/ -->\n<title>Osoby z Ukrainy szukaj\u0105ce schronienia w Polsce nie musz\u0105 obawia\u0107 si\u0119 o legalno\u015b\u0107 swojego pobytu - Godno\u015b\u0107 - DignityNews.eu<\/title>\n<meta name=\"robots\" content=\"index, follow, max-snippet:-1, max-image-preview:large, max-video-preview:-1\" \/>\n<link rel=\"canonical\" href=\"https:\/\/dignitynews.eu\/pl\/osoby-z-ukrainy-szukajace-schronienia-w-polsce-nie-musza-obawiac-sie-o-legalnosc-swojego-pobytu\/\" \/>\n<meta property=\"og:locale\" content=\"pl_PL\" \/>\n<meta property=\"og:type\" content=\"article\" \/>\n<meta property=\"og:title\" content=\"Osoby z Ukrainy szukaj\u0105ce schronienia w Polsce nie musz\u0105 obawia\u0107 si\u0119 o legalno\u015b\u0107 swojego pobytu - Godno\u015b\u0107 - DignityNews.eu\" \/>\n<meta property=\"og:description\" content=\"Osoby uciekaj\u0105ce z Ukrainy przed konfliktem zbrojnym, nie musz\u0105 martwi\u0107 si\u0119 o formalno\u015bci \u2013 poinformowa\u0142o w niedziel\u0119 wieczorem polskie ministerstwo spraw wewn\u0119trznych i administracji (MSWiA). Resort podkre\u015bli\u0142 \u017ce nie trzeba&hellip;\" \/>\n<meta property=\"og:url\" content=\"https:\/\/dignitynews.eu\/pl\/osoby-z-ukrainy-szukajace-schronienia-w-polsce-nie-musza-obawiac-sie-o-legalnosc-swojego-pobytu\/\" \/>\n<meta property=\"og:site_name\" content=\"Godno\u015b\u0107 - DignityNews.eu\" \/>\n<meta property=\"article:published_time\" content=\"2022-02-28T10:39:35+00:00\" \/>\n<meta property=\"og:image\" content=\"https:\/\/dignitynews.eu\/wp-content\/uploads\/2022\/02\/MSWiA-uchodzcy-PAWEL-RELIKOWSKI-POLSKA-PRESS-Polska-Press-East-News.jpg\" \/>\n\t<meta property=\"og:image:width\" content=\"1500\" \/>\n\t<meta property=\"og:image:height\" content=\"1000\" \/>\n\t<meta property=\"og:image:type\" content=\"image\/jpeg\" \/>\n<meta name=\"author\" content=\"DignityNews.eu\" \/>\n<meta name=\"twitter:card\" content=\"summary_large_image\" \/>\n<meta name=\"twitter:label1\" content=\"Napisane przez\" \/>\n\t<meta name=\"twitter:data1\" content=\"DignityNews.eu\" \/>\n\t<meta name=\"twitter:label2\" content=\"Szacowany czas czytania\" \/>\n\t<meta name=\"twitter:data2\" content=\"2 minuty\" \/>\n<script type=\"application\/ld+json\" class=\"yoast-schema-graph\">{\"@context\":\"https:\/\/schema.org\",\"@graph\":[{\"@type\":\"WebSite\",\"@id\":\"https:\/\/dignitynews.eu\/pl\/#website\",\"url\":\"https:\/\/dignitynews.eu\/pl\/\",\"name\":\"Godno\u015b\u0107 - DignityNews.eu\",\"description\":\"\",\"potentialAction\":[{\"@type\":\"SearchAction\",\"target\":{\"@type\":\"EntryPoint\",\"urlTemplate\":\"https:\/\/dignitynews.eu\/pl\/?s={search_term_string}\"},\"query-input\":\"required name=search_term_string\"}],\"inLanguage\":\"pl-PL\"},{\"@type\":\"WebPage\",\"@id\":\"https:\/\/dignitynews.eu\/pl\/osoby-z-ukrainy-szukajace-schronienia-w-polsce-nie-musza-obawiac-sie-o-legalnosc-swojego-pobytu\/\",\"url\":\"https:\/\/dignitynews.eu\/pl\/osoby-z-ukrainy-szukajace-schronienia-w-polsce-nie-musza-obawiac-sie-o-legalnosc-swojego-pobytu\/\",\"name\":\"Osoby z Ukrainy szukaj\u0105ce schronienia w Polsce nie musz\u0105 obawia\u0107 si\u0119 o legalno\u015b\u0107 swojego pobytu - Godno\u015b\u0107 - DignityNews.eu\",\"isPartOf\":{\"@id\":\"https:\/\/dignitynews.eu\/pl\/#website\"},\"datePublished\":\"2022-02-28T10:39:35+00:00\",\"dateModified\":\"2022-02-28T10:39:35+00:00\",\"author\":{\"@id\":\"https:\/\/dignitynews.eu\/pl\/#\/schema\/person\/4d8f570a0fd5c310685d78d9e520982c\"},\"breadcrumb\":{\"@id\":\"https:\/\/dignitynews.eu\/pl\/osoby-z-ukrainy-szukajace-schronienia-w-polsce-nie-musza-obawiac-sie-o-legalnosc-swojego-pobytu\/#breadcrumb\"},\"inLanguage\":\"pl-PL\",\"potentialAction\":[{\"@type\":\"ReadAction\",\"target\":[\"https:\/\/dignitynews.eu\/pl\/osoby-z-ukrainy-szukajace-schronienia-w-polsce-nie-musza-obawiac-sie-o-legalnosc-swojego-pobytu\/\"]}]},{\"@type\":\"BreadcrumbList\",\"@id\":\"https:\/\/dignitynews.eu\/pl\/osoby-z-ukrainy-szukajace-schronienia-w-polsce-nie-musza-obawiac-sie-o-legalnosc-swojego-pobytu\/#breadcrumb\",\"itemListElement\":[{\"@type\":\"ListItem\",\"position\":1,\"name\":\"Strona g\u0142\u00f3wna\",\"item\":\"https:\/\/dignitynews.eu\/pl\/\"},{\"@type\":\"ListItem\",\"position\":2,\"name\":\"Osoby z Ukrainy szukaj\u0105ce schronienia w Polsce nie musz\u0105 obawia\u0107 si\u0119 o legalno\u015b\u0107 swojego pobytu\"}]},{\"@type\":\"Person\",\"@id\":\"https:\/\/dignitynews.eu\/pl\/#\/schema\/person\/4d8f570a0fd5c310685d78d9e520982c\",\"name\":\"DignityNews.eu\",\"image\":{\"@type\":\"ImageObject\",\"inLanguage\":\"pl-PL\",\"@id\":\"https:\/\/dignitynews.eu\/pl\/#\/schema\/person\/image\/\",\"url\":\"https:\/\/secure.gravatar.com\/avatar\/b9fb3aa3cd2d5d3a6d24e67a6b58bc2980bf0c7f7bd3657a6322b8df227da3d9?s=96&d=mm&r=g\",\"contentUrl\":\"https:\/\/secure.gravatar.com\/avatar\/b9fb3aa3cd2d5d3a6d24e67a6b58bc2980bf0c7f7bd3657a6322b8df227da3d9?s=96&d=mm&r=g\",\"caption\":\"DignityNews.eu\"},\"sameAs\":[\"aleksandra\"],\"url\":\"https:\/\/dignitynews.eu\/pl\/author\/aleksandra\/\"}]}<\/script>\n<!-- \/ Yoast SEO plugin. -->","yoast_head_json":{"title":"Osoby z Ukrainy szukaj\u0105ce schronienia w Polsce nie musz\u0105 obawia\u0107 si\u0119 o legalno\u015b\u0107 swojego pobytu - Godno\u015b\u0107 - DignityNews.eu","robots":{"index":"index","follow":"follow","max-snippet":"max-snippet:-1","max-image-preview":"max-image-preview:large","max-video-preview":"max-video-preview:-1"},"canonical":"https:\/\/dignitynews.eu\/pl\/osoby-z-ukrainy-szukajace-schronienia-w-polsce-nie-musza-obawiac-sie-o-legalnosc-swojego-pobytu\/","og_locale":"pl_PL","og_type":"article","og_title":"Osoby z Ukrainy szukaj\u0105ce schronienia w Polsce nie musz\u0105 obawia\u0107 si\u0119 o legalno\u015b\u0107 swojego pobytu - Godno\u015b\u0107 - DignityNews.eu","og_description":"Osoby uciekaj\u0105ce z Ukrainy przed konfliktem zbrojnym, nie musz\u0105 martwi\u0107 si\u0119 o formalno\u015bci \u2013 poinformowa\u0142o w niedziel\u0119 wieczorem polskie ministerstwo spraw wewn\u0119trznych i administracji (MSWiA). Resort podkre\u015bli\u0142 \u017ce nie trzeba&hellip;","og_url":"https:\/\/dignitynews.eu\/pl\/osoby-z-ukrainy-szukajace-schronienia-w-polsce-nie-musza-obawiac-sie-o-legalnosc-swojego-pobytu\/","og_site_name":"Godno\u015b\u0107 - DignityNews.eu","article_published_time":"2022-02-28T10:39:35+00:00","og_image":[{"width":1500,"height":1000,"url":"https:\/\/dignitynews.eu\/wp-content\/uploads\/2022\/02\/MSWiA-uchodzcy-PAWEL-RELIKOWSKI-POLSKA-PRESS-Polska-Press-East-News.jpg","type":"image\/jpeg"}],"author":"DignityNews.eu","twitter_card":"summary_large_image","twitter_misc":{"Napisane przez":"DignityNews.eu","Szacowany czas czytania":"2 minuty"},"schema":{"@context":"https:\/\/schema.org","@graph":[{"@type":"WebSite","@id":"https:\/\/dignitynews.eu\/pl\/#website","url":"https:\/\/dignitynews.eu\/pl\/","name":"Godno\u015b\u0107 - DignityNews.eu","description":"","potentialAction":[{"@type":"SearchAction","target":{"@type":"EntryPoint","urlTemplate":"https:\/\/dignitynews.eu\/pl\/?s={search_term_string}"},"query-input":"required name=search_term_string"}],"inLanguage":"pl-PL"},{"@type":"WebPage","@id":"https:\/\/dignitynews.eu\/pl\/osoby-z-ukrainy-szukajace-schronienia-w-polsce-nie-musza-obawiac-sie-o-legalnosc-swojego-pobytu\/","url":"https:\/\/dignitynews.eu\/pl\/osoby-z-ukrainy-szukajace-schronienia-w-polsce-nie-musza-obawiac-sie-o-legalnosc-swojego-pobytu\/","name":"Osoby z Ukrainy szukaj\u0105ce schronienia w Polsce nie musz\u0105 obawia\u0107 si\u0119 o legalno\u015b\u0107 swojego pobytu - Godno\u015b\u0107 - DignityNews.eu","isPartOf":{"@id":"https:\/\/dignitynews.eu\/pl\/#website"},"datePublished":"2022-02-28T10:39:35+00:00","dateModified":"2022-02-28T10:39:35+00:00","author":{"@id":"https:\/\/dignitynews.eu\/pl\/#\/schema\/person\/4d8f570a0fd5c310685d78d9e520982c"},"breadcrumb":{"@id":"https:\/\/dignitynews.eu\/pl\/osoby-z-ukrainy-szukajace-schronienia-w-polsce-nie-musza-obawiac-sie-o-legalnosc-swojego-pobytu\/#breadcrumb"},"inLanguage":"pl-PL","potentialAction":[{"@type":"ReadAction","target":["https:\/\/dignitynews.eu\/pl\/osoby-z-ukrainy-szukajace-schronienia-w-polsce-nie-musza-obawiac-sie-o-legalnosc-swojego-pobytu\/"]}]},{"@type":"BreadcrumbList","@id":"https:\/\/dignitynews.eu\/pl\/osoby-z-ukrainy-szukajace-schronienia-w-polsce-nie-musza-obawiac-sie-o-legalnosc-swojego-pobytu\/#breadcrumb","itemListElement":[{"@type":"ListItem","position":1,"name":"Strona g\u0142\u00f3wna","item":"https:\/\/dignitynews.eu\/pl\/"},{"@type":"ListItem","position":2,"name":"Osoby z Ukrainy szukaj\u0105ce schronienia w Polsce nie musz\u0105 obawia\u0107 si\u0119 o legalno\u015b\u0107 swojego pobytu"}]},{"@type":"Person","@id":"https:\/\/dignitynews.eu\/pl\/#\/schema\/person\/4d8f570a0fd5c310685d78d9e520982c","name":"DignityNews.eu","image":{"@type":"ImageObject","inLanguage":"pl-PL","@id":"https:\/\/dignitynews.eu\/pl\/#\/schema\/person\/image\/","url":"https:\/\/secure.gravatar.com\/avatar\/b9fb3aa3cd2d5d3a6d24e67a6b58bc2980bf0c7f7bd3657a6322b8df227da3d9?s=96&d=mm&r=g","contentUrl":"https:\/\/secure.gravatar.com\/avatar\/b9fb3aa3cd2d5d3a6d24e67a6b58bc2980bf0c7f7bd3657a6322b8df227da3d9?s=96&d=mm&r=g","caption":"DignityNews.eu"},"sameAs":["aleksandra"],"url":"https:\/\/dignitynews.eu\/pl\/author\/aleksandra\/"}]}},"_links":{"self":[{"href":"https:\/\/dignitynews.eu\/pl\/wp-json\/wp\/v2\/posts\/8746","targetHints":{"allow":["GET"]}}],"collection":[{"href":"https:\/\/dignitynews.eu\/pl\/wp-json\/wp\/v2\/posts"}],"about":[{"href":"https:\/\/dignitynews.eu\/pl\/wp-json\/wp\/v2\/types\/post"}],"author":[{"embeddable":true,"href":"https:\/\/dignitynews.eu\/pl\/wp-json\/wp\/v2\/users\/3"}],"replies":[{"embeddable":true,"href":"https:\/\/dignitynews.eu\/pl\/wp-json\/wp\/v2\/comments?post=8746"}],"version-history":[{"count":2,"href":"https:\/\/dignitynews.eu\/pl\/wp-json\/wp\/v2\/posts\/8746\/revisions"}],"predecessor-version":[{"id":8753,"href":"https:\/\/dignitynews.eu\/pl\/wp-json\/wp\/v2\/posts\/8746\/revisions\/8753"}],"wp:featuredmedia":[{"embeddable":true,"href":"https:\/\/dignitynews.eu\/pl\/wp-json\/wp\/v2\/media\/8747"}],"wp:attachment":[{"href":"https:\/\/dignitynews.eu\/pl\/wp-json\/wp\/v2\/media?parent=8746"}],"wp:term":[{"taxonomy":"category","embeddable":true,"href":"https:\/\/dignitynews.eu\/pl\/wp-json\/wp\/v2\/categories?post=8746"},{"taxonomy":"post_tag","embeddable":true,"href":"https:\/\/dignitynews.eu\/pl\/wp-json\/wp\/v2\/tags?post=8746"}],"curies":[{"name":"wp","href":"https:\/\/api.w.org\/{rel}","templated":true}]}}