{"id":8739,"date":"2022-02-28T11:36:25","date_gmt":"2022-02-28T10:36:25","guid":{"rendered":"https:\/\/dignitynews.eu\/?p=8739"},"modified":"2022-02-28T11:36:25","modified_gmt":"2022-02-28T10:36:25","slug":"z-powodu-wojny-w-ukrainie-polska-i-izrael-niespodziewanie-zakonczyly-kryzys-dyplomatyczny","status":"publish","type":"post","link":"https:\/\/dignitynews.eu\/pl\/z-powodu-wojny-w-ukrainie-polska-i-izrael-niespodziewanie-zakonczyly-kryzys-dyplomatyczny\/","title":{"rendered":"Z powodu wojny w Ukrainie Polska i Izrael niespodziewanie zako\u0144czy\u0142y kryzys dyplomatyczny"},"content":{"rendered":"<h5><strong>P\u00f3\u0142 roku po ca\u0142kowitym zamro\u017ceniu relacji dyplomatycznych pomi\u0119dzy Polsk\u0105 a Izraelem, nowy ambasador Izraela niespodziewanie przylecia\u0142 do Warszawy. Nag\u0142e ocieplenie sta\u0142o si\u0119 mo\u017cliwe z powodu kryzysu za wschodni\u0105 granic\u0105 \u2013 informuje Onet.<\/strong><\/h5>\n<p>O przyje\u017adzie ambasadora Jakowa Liwne do Polski poinformowa\u0142 na Twitterze szef izraelskiej dyplomacji Jair Lapid. Izraelskie Ministerstwo Spraw Zagranicznych przekaza\u0142o, \u017ce podj\u0105\u0142 t\u0119 decyzj\u0119 w celu usprawnienia pomocy dla obywateli Izraela, przekraczaj\u0105cych granic\u0119 Ukrainy z Polsk\u0105 i bior\u0105c pod uwag\u0119 wag\u0119 wydarze\u0144 i centralne miejsce, jakie zajmuje w nich Polska. Ambasada Izraela w Warszawie, jak wiele innych ambasad w Polsce, zajmuje si\u0119 ewakuacj\u0105 swoich obywateli z Ukrainy. W kraju tym w momencie wybuchu wojny przebywa\u0142o ok. 2 tys. Izraelczyk\u00f3w.<\/p>\n<p>Oznacza to niespodziewany zwrot w trwaj\u0105cym p\u00f3\u0142 roku kryzysie dyplomatycznym mi\u0119dzy obydwoma krajami. Z powodu przyj\u0119cia przez Sejm i podpisania przez prezydenta zmian w Kodeksie post\u0119powania administracyjnego, kt\u00f3re zamkn\u0119\u0142y potomkom \u017cydowskich w\u0142a\u015bcicieli dochodzenia w Polsce prawa do mienia utraconego podczas Holocaustu Jair Lapid poprosi\u0142 polskiego ambasadora, by po wakacjach nie wraca\u0142 do Tel Awiwu. Izraelski ambasador wr\u00f3ci\u0142 w\u00f3wczas do Izraela.<\/p>\n<p>Od tego czasu w obu krajach nie by\u0142o ambasador\u00f3w. Jakow Livne ma w poniedzia\u0142ek z\u0142o\u017cy\u0107 listy uwierzytelniaj\u0105ce i formalnie obj\u0105\u0107 stanowisko. W praktyce dyplomatycznej z\u0142o\u017cenie list\u00f3w dzie\u0144 po przylocie jest rzadkie (nowy ambasador USA czeka\u0142 na wyznaczenie tego terminu kilka tygodni) i oznacza, \u017ce r\u00f3wnie\u017c Polsce zale\u017cy na szybkim zamkni\u0119ciu kryzysu.<\/p>\n<p>Nowy polski ambasador w Izraelu (poprzedni, Marek Magierowski, jest ju\u017c ambasadorem w USA) nie zosta\u0142 nominowany, a jaki\u015b czas temu Ministerstwo Spraw Zagranicznych og\u0142osi\u0142o nawet obni\u017cenie rangi ambasady. Przyjazd Liwne do Polski oznacza, \u017ce Polska zapewne w najbli\u017cszym czasie ambasadora do Izraela jednak wy\u015ble \u2013 czytamy w portalu Onet.pl.<\/p>\n<p>Arkadiusz S\u0142omczy\u0144ski<\/p>\n","protected":false},"excerpt":{"rendered":"<p>P\u00f3\u0142 roku po ca\u0142kowitym zamro\u017ceniu relacji dyplomatycznych pomi\u0119dzy Polsk\u0105 a Izraelem, nowy ambasador Izraela niespodziewanie przylecia\u0142 do Warszawy. Nag\u0142e ocieplenie sta\u0142o si\u0119 mo\u017cliwe z powodu kryzysu za wschodni\u0105 granic\u0105 \u2013&hellip;<\/p>\n","protected":false},"author":3,"featured_media":8740,"comment_status":"closed","ping_status":"open","sticky":false,"template":"","format":"standard","meta":{"_mi_skip_tracking":false,"footnotes":""},"categories":[47],"tags":[],"class_list":["post-8739","post","type-post","status-publish","format-standard","has-post-thumbnail","hentry","category-wydarzenia"],"yoast_head":"<!-- This site is optimized with the Yoast SEO plugin v19.4 - https:\/\/yoast.com\/wordpress\/plugins\/seo\/ -->\n<title>Z powodu wojny w Ukrainie Polska i Izrael niespodziewanie zako\u0144czy\u0142y kryzys dyplomatyczny - Godno\u015b\u0107 - DignityNews.eu<\/title>\n<meta name=\"robots\" content=\"index, follow, max-snippet:-1, max-image-preview:large, max-video-preview:-1\" \/>\n<link rel=\"canonical\" href=\"https:\/\/dignitynews.eu\/pl\/z-powodu-wojny-w-ukrainie-polska-i-izrael-niespodziewanie-zakonczyly-kryzys-dyplomatyczny\/\" \/>\n<meta property=\"og:locale\" content=\"pl_PL\" \/>\n<meta property=\"og:type\" content=\"article\" \/>\n<meta property=\"og:title\" content=\"Z powodu wojny w Ukrainie Polska i Izrael niespodziewanie zako\u0144czy\u0142y kryzys dyplomatyczny - Godno\u015b\u0107 - DignityNews.eu\" \/>\n<meta property=\"og:description\" content=\"P\u00f3\u0142 roku po ca\u0142kowitym zamro\u017ceniu relacji dyplomatycznych pomi\u0119dzy Polsk\u0105 a Izraelem, nowy ambasador Izraela niespodziewanie przylecia\u0142 do Warszawy. Nag\u0142e ocieplenie sta\u0142o si\u0119 mo\u017cliwe z powodu kryzysu za wschodni\u0105 granic\u0105 \u2013&hellip;\" \/>\n<meta property=\"og:url\" content=\"https:\/\/dignitynews.eu\/pl\/z-powodu-wojny-w-ukrainie-polska-i-izrael-niespodziewanie-zakonczyly-kryzys-dyplomatyczny\/\" \/>\n<meta property=\"og:site_name\" content=\"Godno\u015b\u0107 - DignityNews.eu\" \/>\n<meta property=\"article:published_time\" content=\"2022-02-28T10:36:25+00:00\" \/>\n<meta property=\"og:image\" content=\"https:\/\/dignitynews.eu\/wp-content\/uploads\/2022\/02\/Izrael-ambasador-Fot.-Jan-Bielecki-East-News.jpg\" \/>\n\t<meta property=\"og:image:width\" content=\"945\" \/>\n\t<meta property=\"og:image:height\" content=\"1500\" \/>\n\t<meta property=\"og:image:type\" content=\"image\/jpeg\" \/>\n<meta name=\"author\" content=\"DignityNews.eu\" \/>\n<meta name=\"twitter:card\" content=\"summary_large_image\" \/>\n<meta name=\"twitter:label1\" content=\"Napisane przez\" \/>\n\t<meta name=\"twitter:data1\" content=\"DignityNews.eu\" \/>\n\t<meta name=\"twitter:label2\" content=\"Szacowany czas czytania\" \/>\n\t<meta name=\"twitter:data2\" content=\"2 minuty\" \/>\n<script type=\"application\/ld+json\" class=\"yoast-schema-graph\">{\"@context\":\"https:\/\/schema.org\",\"@graph\":[{\"@type\":\"WebSite\",\"@id\":\"https:\/\/dignitynews.eu\/pl\/#website\",\"url\":\"https:\/\/dignitynews.eu\/pl\/\",\"name\":\"Godno\u015b\u0107 - DignityNews.eu\",\"description\":\"\",\"potentialAction\":[{\"@type\":\"SearchAction\",\"target\":{\"@type\":\"EntryPoint\",\"urlTemplate\":\"https:\/\/dignitynews.eu\/pl\/?s={search_term_string}\"},\"query-input\":\"required name=search_term_string\"}],\"inLanguage\":\"pl-PL\"},{\"@type\":\"WebPage\",\"@id\":\"https:\/\/dignitynews.eu\/pl\/z-powodu-wojny-w-ukrainie-polska-i-izrael-niespodziewanie-zakonczyly-kryzys-dyplomatyczny\/\",\"url\":\"https:\/\/dignitynews.eu\/pl\/z-powodu-wojny-w-ukrainie-polska-i-izrael-niespodziewanie-zakonczyly-kryzys-dyplomatyczny\/\",\"name\":\"Z powodu wojny w Ukrainie Polska i Izrael niespodziewanie zako\u0144czy\u0142y kryzys dyplomatyczny - Godno\u015b\u0107 - DignityNews.eu\",\"isPartOf\":{\"@id\":\"https:\/\/dignitynews.eu\/pl\/#website\"},\"datePublished\":\"2022-02-28T10:36:25+00:00\",\"dateModified\":\"2022-02-28T10:36:25+00:00\",\"author\":{\"@id\":\"https:\/\/dignitynews.eu\/pl\/#\/schema\/person\/4d8f570a0fd5c310685d78d9e520982c\"},\"breadcrumb\":{\"@id\":\"https:\/\/dignitynews.eu\/pl\/z-powodu-wojny-w-ukrainie-polska-i-izrael-niespodziewanie-zakonczyly-kryzys-dyplomatyczny\/#breadcrumb\"},\"inLanguage\":\"pl-PL\",\"potentialAction\":[{\"@type\":\"ReadAction\",\"target\":[\"https:\/\/dignitynews.eu\/pl\/z-powodu-wojny-w-ukrainie-polska-i-izrael-niespodziewanie-zakonczyly-kryzys-dyplomatyczny\/\"]}]},{\"@type\":\"BreadcrumbList\",\"@id\":\"https:\/\/dignitynews.eu\/pl\/z-powodu-wojny-w-ukrainie-polska-i-izrael-niespodziewanie-zakonczyly-kryzys-dyplomatyczny\/#breadcrumb\",\"itemListElement\":[{\"@type\":\"ListItem\",\"position\":1,\"name\":\"Strona g\u0142\u00f3wna\",\"item\":\"https:\/\/dignitynews.eu\/pl\/\"},{\"@type\":\"ListItem\",\"position\":2,\"name\":\"Z powodu wojny w Ukrainie Polska i Izrael niespodziewanie zako\u0144czy\u0142y kryzys dyplomatyczny\"}]},{\"@type\":\"Person\",\"@id\":\"https:\/\/dignitynews.eu\/pl\/#\/schema\/person\/4d8f570a0fd5c310685d78d9e520982c\",\"name\":\"DignityNews.eu\",\"image\":{\"@type\":\"ImageObject\",\"inLanguage\":\"pl-PL\",\"@id\":\"https:\/\/dignitynews.eu\/pl\/#\/schema\/person\/image\/\",\"url\":\"https:\/\/secure.gravatar.com\/avatar\/b9fb3aa3cd2d5d3a6d24e67a6b58bc2980bf0c7f7bd3657a6322b8df227da3d9?s=96&d=mm&r=g\",\"contentUrl\":\"https:\/\/secure.gravatar.com\/avatar\/b9fb3aa3cd2d5d3a6d24e67a6b58bc2980bf0c7f7bd3657a6322b8df227da3d9?s=96&d=mm&r=g\",\"caption\":\"DignityNews.eu\"},\"sameAs\":[\"aleksandra\"],\"url\":\"https:\/\/dignitynews.eu\/pl\/author\/aleksandra\/\"}]}<\/script>\n<!-- \/ Yoast SEO plugin. -->","yoast_head_json":{"title":"Z powodu wojny w Ukrainie Polska i Izrael niespodziewanie zako\u0144czy\u0142y kryzys dyplomatyczny - Godno\u015b\u0107 - DignityNews.eu","robots":{"index":"index","follow":"follow","max-snippet":"max-snippet:-1","max-image-preview":"max-image-preview:large","max-video-preview":"max-video-preview:-1"},"canonical":"https:\/\/dignitynews.eu\/pl\/z-powodu-wojny-w-ukrainie-polska-i-izrael-niespodziewanie-zakonczyly-kryzys-dyplomatyczny\/","og_locale":"pl_PL","og_type":"article","og_title":"Z powodu wojny w Ukrainie Polska i Izrael niespodziewanie zako\u0144czy\u0142y kryzys dyplomatyczny - Godno\u015b\u0107 - DignityNews.eu","og_description":"P\u00f3\u0142 roku po ca\u0142kowitym zamro\u017ceniu relacji dyplomatycznych pomi\u0119dzy Polsk\u0105 a Izraelem, nowy ambasador Izraela niespodziewanie przylecia\u0142 do Warszawy. Nag\u0142e ocieplenie sta\u0142o si\u0119 mo\u017cliwe z powodu kryzysu za wschodni\u0105 granic\u0105 \u2013&hellip;","og_url":"https:\/\/dignitynews.eu\/pl\/z-powodu-wojny-w-ukrainie-polska-i-izrael-niespodziewanie-zakonczyly-kryzys-dyplomatyczny\/","og_site_name":"Godno\u015b\u0107 - DignityNews.eu","article_published_time":"2022-02-28T10:36:25+00:00","og_image":[{"width":945,"height":1500,"url":"https:\/\/dignitynews.eu\/wp-content\/uploads\/2022\/02\/Izrael-ambasador-Fot.-Jan-Bielecki-East-News.jpg","type":"image\/jpeg"}],"author":"DignityNews.eu","twitter_card":"summary_large_image","twitter_misc":{"Napisane przez":"DignityNews.eu","Szacowany czas czytania":"2 minuty"},"schema":{"@context":"https:\/\/schema.org","@graph":[{"@type":"WebSite","@id":"https:\/\/dignitynews.eu\/pl\/#website","url":"https:\/\/dignitynews.eu\/pl\/","name":"Godno\u015b\u0107 - DignityNews.eu","description":"","potentialAction":[{"@type":"SearchAction","target":{"@type":"EntryPoint","urlTemplate":"https:\/\/dignitynews.eu\/pl\/?s={search_term_string}"},"query-input":"required name=search_term_string"}],"inLanguage":"pl-PL"},{"@type":"WebPage","@id":"https:\/\/dignitynews.eu\/pl\/z-powodu-wojny-w-ukrainie-polska-i-izrael-niespodziewanie-zakonczyly-kryzys-dyplomatyczny\/","url":"https:\/\/dignitynews.eu\/pl\/z-powodu-wojny-w-ukrainie-polska-i-izrael-niespodziewanie-zakonczyly-kryzys-dyplomatyczny\/","name":"Z powodu wojny w Ukrainie Polska i Izrael niespodziewanie zako\u0144czy\u0142y kryzys dyplomatyczny - Godno\u015b\u0107 - DignityNews.eu","isPartOf":{"@id":"https:\/\/dignitynews.eu\/pl\/#website"},"datePublished":"2022-02-28T10:36:25+00:00","dateModified":"2022-02-28T10:36:25+00:00","author":{"@id":"https:\/\/dignitynews.eu\/pl\/#\/schema\/person\/4d8f570a0fd5c310685d78d9e520982c"},"breadcrumb":{"@id":"https:\/\/dignitynews.eu\/pl\/z-powodu-wojny-w-ukrainie-polska-i-izrael-niespodziewanie-zakonczyly-kryzys-dyplomatyczny\/#breadcrumb"},"inLanguage":"pl-PL","potentialAction":[{"@type":"ReadAction","target":["https:\/\/dignitynews.eu\/pl\/z-powodu-wojny-w-ukrainie-polska-i-izrael-niespodziewanie-zakonczyly-kryzys-dyplomatyczny\/"]}]},{"@type":"BreadcrumbList","@id":"https:\/\/dignitynews.eu\/pl\/z-powodu-wojny-w-ukrainie-polska-i-izrael-niespodziewanie-zakonczyly-kryzys-dyplomatyczny\/#breadcrumb","itemListElement":[{"@type":"ListItem","position":1,"name":"Strona g\u0142\u00f3wna","item":"https:\/\/dignitynews.eu\/pl\/"},{"@type":"ListItem","position":2,"name":"Z powodu wojny w Ukrainie Polska i Izrael niespodziewanie zako\u0144czy\u0142y kryzys dyplomatyczny"}]},{"@type":"Person","@id":"https:\/\/dignitynews.eu\/pl\/#\/schema\/person\/4d8f570a0fd5c310685d78d9e520982c","name":"DignityNews.eu","image":{"@type":"ImageObject","inLanguage":"pl-PL","@id":"https:\/\/dignitynews.eu\/pl\/#\/schema\/person\/image\/","url":"https:\/\/secure.gravatar.com\/avatar\/b9fb3aa3cd2d5d3a6d24e67a6b58bc2980bf0c7f7bd3657a6322b8df227da3d9?s=96&d=mm&r=g","contentUrl":"https:\/\/secure.gravatar.com\/avatar\/b9fb3aa3cd2d5d3a6d24e67a6b58bc2980bf0c7f7bd3657a6322b8df227da3d9?s=96&d=mm&r=g","caption":"DignityNews.eu"},"sameAs":["aleksandra"],"url":"https:\/\/dignitynews.eu\/pl\/author\/aleksandra\/"}]}},"_links":{"self":[{"href":"https:\/\/dignitynews.eu\/pl\/wp-json\/wp\/v2\/posts\/8739","targetHints":{"allow":["GET"]}}],"collection":[{"href":"https:\/\/dignitynews.eu\/pl\/wp-json\/wp\/v2\/posts"}],"about":[{"href":"https:\/\/dignitynews.eu\/pl\/wp-json\/wp\/v2\/types\/post"}],"author":[{"embeddable":true,"href":"https:\/\/dignitynews.eu\/pl\/wp-json\/wp\/v2\/users\/3"}],"replies":[{"embeddable":true,"href":"https:\/\/dignitynews.eu\/pl\/wp-json\/wp\/v2\/comments?post=8739"}],"version-history":[{"count":1,"href":"https:\/\/dignitynews.eu\/pl\/wp-json\/wp\/v2\/posts\/8739\/revisions"}],"predecessor-version":[{"id":8745,"href":"https:\/\/dignitynews.eu\/pl\/wp-json\/wp\/v2\/posts\/8739\/revisions\/8745"}],"wp:featuredmedia":[{"embeddable":true,"href":"https:\/\/dignitynews.eu\/pl\/wp-json\/wp\/v2\/media\/8740"}],"wp:attachment":[{"href":"https:\/\/dignitynews.eu\/pl\/wp-json\/wp\/v2\/media?parent=8739"}],"wp:term":[{"taxonomy":"category","embeddable":true,"href":"https:\/\/dignitynews.eu\/pl\/wp-json\/wp\/v2\/categories?post=8739"},{"taxonomy":"post_tag","embeddable":true,"href":"https:\/\/dignitynews.eu\/pl\/wp-json\/wp\/v2\/tags?post=8739"}],"curies":[{"name":"wp","href":"https:\/\/api.w.org\/{rel}","templated":true}]}}