{"id":7931,"date":"2022-02-21T09:03:24","date_gmt":"2022-02-21T08:03:24","guid":{"rendered":"https:\/\/dignitynews.eu\/?p=7931"},"modified":"2022-02-21T09:03:24","modified_gmt":"2022-02-21T08:03:24","slug":"wicepremier-sasin-zapowiada-amerykanska-inwestycje-rzedu-miliarda-dolarow-w-polska-energetyke-jadrowa","status":"publish","type":"post","link":"https:\/\/dignitynews.eu\/pl\/wicepremier-sasin-zapowiada-amerykanska-inwestycje-rzedu-miliarda-dolarow-w-polska-energetyke-jadrowa\/","title":{"rendered":"Wicepremier Sasin zapowiada ameryka\u0144sk\u0105 inwestycj\u0119 rz\u0119du miliarda dolar\u00f3w w polsk\u0105 energetyk\u0119 j\u0105drow\u0105"},"content":{"rendered":"<p><b>Przewidujemy, \u017ce w 2033 r. w Polsce zostanie oddany pierwszy blok tradycyjnej elektrowni j\u0105drowej. Tego dotyczy\u0142a moja rozmowa z pani\u0105\u00a0sekretarz energii Granholm \u2013 powiedzia\u0142, w niedziel\u0119 20 lutego, na antenie Programu 1 Polskiego Radia Jacek Sasin, wicepremier i\u00a0minister aktyw\u00f3w pa\u0144stwowych.\u00a0Doda\u0142, \u017ce w USA otrzyma\u0142 zapewnienie o poka\u017anym udziale kapita\u0142u ameryka\u0144skiego w tej inwestycji. M\u00f3wimy tu o kwocie rz\u0119du miliarda dolar\u00f3w \u2013 ujawni\u0142 wicepremier Sasin.<\/b><\/p>\n<p><span style=\"font-weight: 400;\">Jacek Sasin poinformowa\u0142 te\u017c, \u017ce spraw\u0119 w imieniu polskiego rz\u0105du b\u0119dzie nadzorowa\u0142 minister Piotr Naimski, pe\u0142nomocnik rz\u0105du ds. strategicznej infrastruktury energetycznej.\u00a0<\/span><\/p>\n<p><span style=\"font-weight: 400;\">Jeste\u015bmy na etapie przede wszystkim wskazania modelu finansowania, bo bardzo nam zale\u017cy, i tego nie ukrywamy przed partnerami ameryka\u0144skimi, \u017ceby to by\u0142a wsp\u00f3lna inwestycja polsko-ameryka\u0144ska, \u017ceby Amerykanie dostarczyli nie tylko technologii, ale r\u00f3wnie\u017c\u00a0kapita\u0142u i takie zapewnienie otrzyma\u0142em, o poka\u017anym udziale kapitale ameryka\u0144skiego. M\u00f3wimy tutaj o kwocie rz\u0119du miliarda dolar\u00f3w\u00a0\u2013 powiedzia\u0142 Sasin.\u00a0<\/span><\/p>\n<p><span style=\"font-weight: 400;\">Jak zapewni\u0142 wicepremier, jeszcze w tym roku zostanie wskazany ostateczny wykonawca, dostawca technologii po stronie ameryka\u0144skiej.\u00a0Zaznaczy\u0142 tak\u017ce, \u017ce &#8222;kapita\u0142 ameryka\u0144ski jest Polsce potrzebny z powod\u00f3w geostrategicznych, politycznych&#8221;.\u00a0<\/span><\/p>\n<p><span style=\"font-weight: 400;\">Minister aktyw\u00f3w pa\u0144stwowych przypomnia\u0142, \u017ce kilka dni temu KGHM podpisa\u0142 z NuScale umow\u0119 w sprawie rozpocz\u0119cia prac nad wdro\u017ceniem reaktor\u00f3w modu\u0142owych SMR w Polsce.\u00a0<\/span><\/p>\n<p><span style=\"font-weight: 400;\">W tej chwili mamy umow\u0119, kt\u00f3ra m\u00f3wi o pierwszej fazie budowy elektrowni j\u0105drowej w Polsce. Uruchomienie pierwszego reaktora nast\u0105pi w 2029 roku \u2013 podkre\u015bli\u0142 wicepremier.\u00a0<\/span><\/p>\n<p><span style=\"font-weight: 400;\">Kontrakt KGHM-NuScale to niejedyna inicjatywa dotycz\u0105ca reaktor\u00f3w modu\u0142owych w ostatnim czasie. Tak\u017ce Orlen kilka miesi\u0119cy temu zawar\u0142 porozumienie z firm\u0105 Synthos Green Energy, kt\u00f3re przewiduje budow\u0119 jednego reaktora.\u00a0Powstanie on do ko\u0144ca lat dwudziestych \u2013 powiedzia\u0142 Jacek Sasin.\u00a0<\/span><\/p>\n<p><span style=\"font-weight: 400;\">Adrian Andrzejewski<\/span><\/p>\n<p>&nbsp;<\/p>\n","protected":false},"excerpt":{"rendered":"<p>Przewidujemy, \u017ce w 2033 r. w Polsce zostanie oddany pierwszy blok tradycyjnej elektrowni j\u0105drowej. Tego dotyczy\u0142a moja rozmowa z pani\u0105\u00a0sekretarz energii Granholm \u2013 powiedzia\u0142, w niedziel\u0119 20 lutego, na antenie&hellip;<\/p>\n","protected":false},"author":3,"featured_media":7932,"comment_status":"closed","ping_status":"open","sticky":false,"template":"","format":"standard","meta":{"_mi_skip_tracking":false,"footnotes":""},"categories":[48],"tags":[],"class_list":["post-7931","post","type-post","status-publish","format-standard","has-post-thumbnail","hentry","category-gospodarka"],"yoast_head":"<!-- This site is optimized with the Yoast SEO plugin v19.4 - https:\/\/yoast.com\/wordpress\/plugins\/seo\/ -->\n<title>Wicepremier Sasin zapowiada ameryka\u0144sk\u0105 inwestycj\u0119 rz\u0119du miliarda dolar\u00f3w w polsk\u0105 energetyk\u0119 j\u0105drow\u0105 - Godno\u015b\u0107 - DignityNews.eu<\/title>\n<meta name=\"robots\" content=\"index, follow, max-snippet:-1, max-image-preview:large, max-video-preview:-1\" \/>\n<link rel=\"canonical\" href=\"https:\/\/dignitynews.eu\/pl\/wicepremier-sasin-zapowiada-amerykanska-inwestycje-rzedu-miliarda-dolarow-w-polska-energetyke-jadrowa\/\" \/>\n<meta property=\"og:locale\" content=\"pl_PL\" \/>\n<meta property=\"og:type\" content=\"article\" \/>\n<meta property=\"og:title\" content=\"Wicepremier Sasin zapowiada ameryka\u0144sk\u0105 inwestycj\u0119 rz\u0119du miliarda dolar\u00f3w w polsk\u0105 energetyk\u0119 j\u0105drow\u0105 - Godno\u015b\u0107 - DignityNews.eu\" \/>\n<meta property=\"og:description\" content=\"Przewidujemy, \u017ce w 2033 r. w Polsce zostanie oddany pierwszy blok tradycyjnej elektrowni j\u0105drowej. Tego dotyczy\u0142a moja rozmowa z pani\u0105\u00a0sekretarz energii Granholm \u2013 powiedzia\u0142, w niedziel\u0119 20 lutego, na antenie&hellip;\" \/>\n<meta property=\"og:url\" content=\"https:\/\/dignitynews.eu\/pl\/wicepremier-sasin-zapowiada-amerykanska-inwestycje-rzedu-miliarda-dolarow-w-polska-energetyke-jadrowa\/\" \/>\n<meta property=\"og:site_name\" content=\"Godno\u015b\u0107 - DignityNews.eu\" \/>\n<meta property=\"article:published_time\" content=\"2022-02-21T08:03:24+00:00\" \/>\n<meta property=\"og:image\" content=\"https:\/\/dignitynews.eu\/wp-content\/uploads\/2022\/02\/Sasin-fot.-Zbyszek-Kaczmarek-REPORTER.jpg\" \/>\n\t<meta property=\"og:image:width\" content=\"1500\" \/>\n\t<meta property=\"og:image:height\" content=\"998\" \/>\n\t<meta property=\"og:image:type\" content=\"image\/jpeg\" \/>\n<meta name=\"author\" content=\"DignityNews.eu\" \/>\n<meta name=\"twitter:card\" content=\"summary_large_image\" \/>\n<meta name=\"twitter:label1\" content=\"Napisane przez\" \/>\n\t<meta name=\"twitter:data1\" content=\"DignityNews.eu\" \/>\n\t<meta name=\"twitter:label2\" content=\"Szacowany czas czytania\" \/>\n\t<meta name=\"twitter:data2\" content=\"2 minuty\" \/>\n<script type=\"application\/ld+json\" class=\"yoast-schema-graph\">{\"@context\":\"https:\/\/schema.org\",\"@graph\":[{\"@type\":\"WebSite\",\"@id\":\"https:\/\/dignitynews.eu\/pl\/#website\",\"url\":\"https:\/\/dignitynews.eu\/pl\/\",\"name\":\"Godno\u015b\u0107 - DignityNews.eu\",\"description\":\"\",\"potentialAction\":[{\"@type\":\"SearchAction\",\"target\":{\"@type\":\"EntryPoint\",\"urlTemplate\":\"https:\/\/dignitynews.eu\/pl\/?s={search_term_string}\"},\"query-input\":\"required name=search_term_string\"}],\"inLanguage\":\"pl-PL\"},{\"@type\":\"WebPage\",\"@id\":\"https:\/\/dignitynews.eu\/pl\/wicepremier-sasin-zapowiada-amerykanska-inwestycje-rzedu-miliarda-dolarow-w-polska-energetyke-jadrowa\/\",\"url\":\"https:\/\/dignitynews.eu\/pl\/wicepremier-sasin-zapowiada-amerykanska-inwestycje-rzedu-miliarda-dolarow-w-polska-energetyke-jadrowa\/\",\"name\":\"Wicepremier Sasin zapowiada ameryka\u0144sk\u0105 inwestycj\u0119 rz\u0119du miliarda dolar\u00f3w w polsk\u0105 energetyk\u0119 j\u0105drow\u0105 - Godno\u015b\u0107 - DignityNews.eu\",\"isPartOf\":{\"@id\":\"https:\/\/dignitynews.eu\/pl\/#website\"},\"datePublished\":\"2022-02-21T08:03:24+00:00\",\"dateModified\":\"2022-02-21T08:03:24+00:00\",\"author\":{\"@id\":\"https:\/\/dignitynews.eu\/pl\/#\/schema\/person\/4d8f570a0fd5c310685d78d9e520982c\"},\"breadcrumb\":{\"@id\":\"https:\/\/dignitynews.eu\/pl\/wicepremier-sasin-zapowiada-amerykanska-inwestycje-rzedu-miliarda-dolarow-w-polska-energetyke-jadrowa\/#breadcrumb\"},\"inLanguage\":\"pl-PL\",\"potentialAction\":[{\"@type\":\"ReadAction\",\"target\":[\"https:\/\/dignitynews.eu\/pl\/wicepremier-sasin-zapowiada-amerykanska-inwestycje-rzedu-miliarda-dolarow-w-polska-energetyke-jadrowa\/\"]}]},{\"@type\":\"BreadcrumbList\",\"@id\":\"https:\/\/dignitynews.eu\/pl\/wicepremier-sasin-zapowiada-amerykanska-inwestycje-rzedu-miliarda-dolarow-w-polska-energetyke-jadrowa\/#breadcrumb\",\"itemListElement\":[{\"@type\":\"ListItem\",\"position\":1,\"name\":\"Strona g\u0142\u00f3wna\",\"item\":\"https:\/\/dignitynews.eu\/pl\/\"},{\"@type\":\"ListItem\",\"position\":2,\"name\":\"Wicepremier Sasin zapowiada ameryka\u0144sk\u0105 inwestycj\u0119 rz\u0119du miliarda dolar\u00f3w w polsk\u0105 energetyk\u0119 j\u0105drow\u0105\"}]},{\"@type\":\"Person\",\"@id\":\"https:\/\/dignitynews.eu\/pl\/#\/schema\/person\/4d8f570a0fd5c310685d78d9e520982c\",\"name\":\"DignityNews.eu\",\"image\":{\"@type\":\"ImageObject\",\"inLanguage\":\"pl-PL\",\"@id\":\"https:\/\/dignitynews.eu\/pl\/#\/schema\/person\/image\/\",\"url\":\"https:\/\/secure.gravatar.com\/avatar\/b9fb3aa3cd2d5d3a6d24e67a6b58bc2980bf0c7f7bd3657a6322b8df227da3d9?s=96&d=mm&r=g\",\"contentUrl\":\"https:\/\/secure.gravatar.com\/avatar\/b9fb3aa3cd2d5d3a6d24e67a6b58bc2980bf0c7f7bd3657a6322b8df227da3d9?s=96&d=mm&r=g\",\"caption\":\"DignityNews.eu\"},\"sameAs\":[\"aleksandra\"],\"url\":\"https:\/\/dignitynews.eu\/pl\/author\/aleksandra\/\"}]}<\/script>\n<!-- \/ Yoast SEO plugin. -->","yoast_head_json":{"title":"Wicepremier Sasin zapowiada ameryka\u0144sk\u0105 inwestycj\u0119 rz\u0119du miliarda dolar\u00f3w w polsk\u0105 energetyk\u0119 j\u0105drow\u0105 - Godno\u015b\u0107 - DignityNews.eu","robots":{"index":"index","follow":"follow","max-snippet":"max-snippet:-1","max-image-preview":"max-image-preview:large","max-video-preview":"max-video-preview:-1"},"canonical":"https:\/\/dignitynews.eu\/pl\/wicepremier-sasin-zapowiada-amerykanska-inwestycje-rzedu-miliarda-dolarow-w-polska-energetyke-jadrowa\/","og_locale":"pl_PL","og_type":"article","og_title":"Wicepremier Sasin zapowiada ameryka\u0144sk\u0105 inwestycj\u0119 rz\u0119du miliarda dolar\u00f3w w polsk\u0105 energetyk\u0119 j\u0105drow\u0105 - Godno\u015b\u0107 - DignityNews.eu","og_description":"Przewidujemy, \u017ce w 2033 r. w Polsce zostanie oddany pierwszy blok tradycyjnej elektrowni j\u0105drowej. Tego dotyczy\u0142a moja rozmowa z pani\u0105\u00a0sekretarz energii Granholm \u2013 powiedzia\u0142, w niedziel\u0119 20 lutego, na antenie&hellip;","og_url":"https:\/\/dignitynews.eu\/pl\/wicepremier-sasin-zapowiada-amerykanska-inwestycje-rzedu-miliarda-dolarow-w-polska-energetyke-jadrowa\/","og_site_name":"Godno\u015b\u0107 - DignityNews.eu","article_published_time":"2022-02-21T08:03:24+00:00","og_image":[{"width":1500,"height":998,"url":"https:\/\/dignitynews.eu\/wp-content\/uploads\/2022\/02\/Sasin-fot.-Zbyszek-Kaczmarek-REPORTER.jpg","type":"image\/jpeg"}],"author":"DignityNews.eu","twitter_card":"summary_large_image","twitter_misc":{"Napisane przez":"DignityNews.eu","Szacowany czas czytania":"2 minuty"},"schema":{"@context":"https:\/\/schema.org","@graph":[{"@type":"WebSite","@id":"https:\/\/dignitynews.eu\/pl\/#website","url":"https:\/\/dignitynews.eu\/pl\/","name":"Godno\u015b\u0107 - DignityNews.eu","description":"","potentialAction":[{"@type":"SearchAction","target":{"@type":"EntryPoint","urlTemplate":"https:\/\/dignitynews.eu\/pl\/?s={search_term_string}"},"query-input":"required name=search_term_string"}],"inLanguage":"pl-PL"},{"@type":"WebPage","@id":"https:\/\/dignitynews.eu\/pl\/wicepremier-sasin-zapowiada-amerykanska-inwestycje-rzedu-miliarda-dolarow-w-polska-energetyke-jadrowa\/","url":"https:\/\/dignitynews.eu\/pl\/wicepremier-sasin-zapowiada-amerykanska-inwestycje-rzedu-miliarda-dolarow-w-polska-energetyke-jadrowa\/","name":"Wicepremier Sasin zapowiada ameryka\u0144sk\u0105 inwestycj\u0119 rz\u0119du miliarda dolar\u00f3w w polsk\u0105 energetyk\u0119 j\u0105drow\u0105 - Godno\u015b\u0107 - DignityNews.eu","isPartOf":{"@id":"https:\/\/dignitynews.eu\/pl\/#website"},"datePublished":"2022-02-21T08:03:24+00:00","dateModified":"2022-02-21T08:03:24+00:00","author":{"@id":"https:\/\/dignitynews.eu\/pl\/#\/schema\/person\/4d8f570a0fd5c310685d78d9e520982c"},"breadcrumb":{"@id":"https:\/\/dignitynews.eu\/pl\/wicepremier-sasin-zapowiada-amerykanska-inwestycje-rzedu-miliarda-dolarow-w-polska-energetyke-jadrowa\/#breadcrumb"},"inLanguage":"pl-PL","potentialAction":[{"@type":"ReadAction","target":["https:\/\/dignitynews.eu\/pl\/wicepremier-sasin-zapowiada-amerykanska-inwestycje-rzedu-miliarda-dolarow-w-polska-energetyke-jadrowa\/"]}]},{"@type":"BreadcrumbList","@id":"https:\/\/dignitynews.eu\/pl\/wicepremier-sasin-zapowiada-amerykanska-inwestycje-rzedu-miliarda-dolarow-w-polska-energetyke-jadrowa\/#breadcrumb","itemListElement":[{"@type":"ListItem","position":1,"name":"Strona g\u0142\u00f3wna","item":"https:\/\/dignitynews.eu\/pl\/"},{"@type":"ListItem","position":2,"name":"Wicepremier Sasin zapowiada ameryka\u0144sk\u0105 inwestycj\u0119 rz\u0119du miliarda dolar\u00f3w w polsk\u0105 energetyk\u0119 j\u0105drow\u0105"}]},{"@type":"Person","@id":"https:\/\/dignitynews.eu\/pl\/#\/schema\/person\/4d8f570a0fd5c310685d78d9e520982c","name":"DignityNews.eu","image":{"@type":"ImageObject","inLanguage":"pl-PL","@id":"https:\/\/dignitynews.eu\/pl\/#\/schema\/person\/image\/","url":"https:\/\/secure.gravatar.com\/avatar\/b9fb3aa3cd2d5d3a6d24e67a6b58bc2980bf0c7f7bd3657a6322b8df227da3d9?s=96&d=mm&r=g","contentUrl":"https:\/\/secure.gravatar.com\/avatar\/b9fb3aa3cd2d5d3a6d24e67a6b58bc2980bf0c7f7bd3657a6322b8df227da3d9?s=96&d=mm&r=g","caption":"DignityNews.eu"},"sameAs":["aleksandra"],"url":"https:\/\/dignitynews.eu\/pl\/author\/aleksandra\/"}]}},"_links":{"self":[{"href":"https:\/\/dignitynews.eu\/pl\/wp-json\/wp\/v2\/posts\/7931","targetHints":{"allow":["GET"]}}],"collection":[{"href":"https:\/\/dignitynews.eu\/pl\/wp-json\/wp\/v2\/posts"}],"about":[{"href":"https:\/\/dignitynews.eu\/pl\/wp-json\/wp\/v2\/types\/post"}],"author":[{"embeddable":true,"href":"https:\/\/dignitynews.eu\/pl\/wp-json\/wp\/v2\/users\/3"}],"replies":[{"embeddable":true,"href":"https:\/\/dignitynews.eu\/pl\/wp-json\/wp\/v2\/comments?post=7931"}],"version-history":[{"count":1,"href":"https:\/\/dignitynews.eu\/pl\/wp-json\/wp\/v2\/posts\/7931\/revisions"}],"predecessor-version":[{"id":7937,"href":"https:\/\/dignitynews.eu\/pl\/wp-json\/wp\/v2\/posts\/7931\/revisions\/7937"}],"wp:featuredmedia":[{"embeddable":true,"href":"https:\/\/dignitynews.eu\/pl\/wp-json\/wp\/v2\/media\/7932"}],"wp:attachment":[{"href":"https:\/\/dignitynews.eu\/pl\/wp-json\/wp\/v2\/media?parent=7931"}],"wp:term":[{"taxonomy":"category","embeddable":true,"href":"https:\/\/dignitynews.eu\/pl\/wp-json\/wp\/v2\/categories?post=7931"},{"taxonomy":"post_tag","embeddable":true,"href":"https:\/\/dignitynews.eu\/pl\/wp-json\/wp\/v2\/tags?post=7931"}],"curies":[{"name":"wp","href":"https:\/\/api.w.org\/{rel}","templated":true}]}}