{"id":7497,"date":"2022-02-16T12:46:03","date_gmt":"2022-02-16T11:46:03","guid":{"rendered":"https:\/\/dignitynews.eu\/?p=7497"},"modified":"2022-02-17T12:42:31","modified_gmt":"2022-02-17T11:42:31","slug":"cichociemi-elita-zolnierzy-polskiego-panstwa-podziemnego","status":"publish","type":"post","link":"https:\/\/dignitynews.eu\/pl\/cichociemi-elita-zolnierzy-polskiego-panstwa-podziemnego\/","title":{"rendered":"Cichociemni \u2013\u00a0 elita \u017co\u0142nierzy Polskiego Pa\u0144stwa Podziemnego"},"content":{"rendered":"<p>Pomys\u0142 na stworzenie specjalnej grupy spadochroniarzy pojawi\u0142 si\u0119 po przegranej kampanii\u00a0 wrze\u015bniowej 1939 r.\u00a0 Jego inicjatorami byli kpt. Jan G\u00f3rski oraz kpt. Maciej Kalenkiewicz, kt\u00f3ry jeszcze w listopadzie 1939 r. w okupowanej przez Niemc\u00f3w Polsce walczy\u0142 w oddziale legendarnego mjr Henryka Dobrza\u0144skiego ps. \u201eHubal\u201d.<\/p>\n<p>Koncepcja ta zyska\u0142a akceptacj\u0119 komendanta Zwi\u0105zku Walki Zbrojnej, genera\u0142a Kazimierza Sosnkowskiego. W tym celu pod koniec czerwca 1940 r. w Londynie w strukturze Sztabu Naczelnego Wodza powo\u0142ano now\u0105 kom\u00f3rk\u0119 \u2013 Oddzia\u0142 VI. Do jego zada\u0144 nale\u017ca\u0142a organizacja zrzutu ludzi i sprz\u0119tu do okupowanej Polski oraz rekrutacja przysz\u0142ych cichociemnych. Tutaj poszukiwano m\u0142odych \u017co\u0142nierzy o \u015bwietnej kondycji fizycznej, odwa\u017cnych i inteligentnych, zwracano uwag\u0119 r\u00f3wnie\u017c na walory moralne. \u0141\u0105cznie na szkolenia zakwalifikowano 2413 ch\u0119tnych.<\/p>\n<p>Kursy by\u0142y bardzo intensywne i wymagaj\u0105ce ostrej selekcji. Uko\u0144czy\u0142o je 605 kandydat\u00f3w. Szkolenie obejmowa\u0142o m.in. cz\u0119\u015b\u0107 spadochronow\u0105, kontrwywiadowcz\u0105, dywersj\u0119, czy fa\u0142szowanie dokument\u00f3w. Innym elementem by\u0142o nabywanie umiej\u0119tno\u015bci budowania fa\u0142szywej to\u017csamo\u015bci. Ogromn\u0105 wag\u0119 przywi\u0105zywano do nauki j\u0119zyk\u00f3w obcych, zw\u0142aszcza niemieckiego. Zadania wykonywane przez cichociemnych by\u0142y zr\u00f3\u017cnicowane. Jedni mieli szkoli\u0107 partyzant\u00f3w na okupowanych terenach Polski, inni dzia\u0142a\u0107 w wywiadzie lub sabota\u017cu.<\/p>\n<p>Na\u00a0 teren\u00a0 Generalnego Gubernatorstwa dostawali si\u0119 drog\u0105 powietrzn\u0105, skacz\u0105c ze spadochronem. Pierwsza tak operacja mia\u0142a miejsce w nocy z 15 na 16 lutego 1941 r. Ostatnia natomiast 27 grudnia 1944 r. \u0141\u0105cznie przerzucono do okupowanej Polski 316 cichociemnych. W\u015br\u00f3d nich by\u0142a jedna kobieta \u2013 El\u017cbieta Zawacka ps. \u201eZo\u201d. Do najbardziej spektakularnych akcji realizowanych przez cichociemnych zaliczy\u0107 mo\u017cna odbicie wi\u0119\u017ani\u00f3w w Pi\u0144sku 18 stycznia 1943 r. i atak na oddzia\u0142y niemieckie w Ko\u0144skich 1 wrze\u015bnia 1943 r.<\/p>\n<p>W o\u015brodku szkolenia przysz\u0142ych spadochroniarzy znajdowa\u0142a si\u0119 przedwojenne mapa Polski z podpisem \u201eWywalcz Jej wolno\u015b\u0107 lub zgi\u0144\u201d. Nie by\u0142 to pusty frazes, bior\u0105c pod uwag\u0119 to, \u017ce w trakcie dzia\u0142a\u0144 wojennych zgin\u0119\u0142o 102 cichociemnych. Kolejnych 18 zosta\u0142o zamordowanych przez zar\u00f3wno sowiecki i polski komunistyczny aparat bezpiecze\u0144stwa po wojnie. Wielu z nich na d\u0142ugie lata trafi\u0142o do komunistycznych wi\u0119zie\u0144. Major Aleksander Tarnawski ps. \u201eUp\u0142az\u201d (ur. 1921 r.) jest ostatnim \u017cyj\u0105cym cichociemnym. W 2014 r. odby\u0142 sw\u00f3j ostatni skok spadochronowy w tandemie z \u017co\u0142nierzem Jednostki Wojskowej GROM, kt\u00f3ra dziedziczy tradycje cichociemnych.<\/p>\n<p>&nbsp;<\/p>\n","protected":false},"excerpt":{"rendered":"<p>Pomys\u0142 na stworzenie specjalnej grupy spadochroniarzy pojawi\u0142 si\u0119 po przegranej kampanii\u00a0 wrze\u015bniowej 1939 r.\u00a0 Jego inicjatorami byli kpt. Jan G\u00f3rski oraz kpt. Maciej Kalenkiewicz, kt\u00f3ry jeszcze w listopadzie 1939 r.&hellip;<\/p>\n","protected":false},"author":3,"featured_media":7498,"comment_status":"closed","ping_status":"open","sticky":false,"template":"","format":"standard","meta":{"_mi_skip_tracking":false,"footnotes":""},"categories":[46],"tags":[],"class_list":["post-7497","post","type-post","status-publish","format-standard","has-post-thumbnail","hentry","category-historia"],"yoast_head":"<!-- This site is optimized with the Yoast SEO plugin v19.4 - https:\/\/yoast.com\/wordpress\/plugins\/seo\/ -->\n<title>Cichociemni \u2013\u00a0 elita \u017co\u0142nierzy Polskiego Pa\u0144stwa Podziemnego - Godno\u015b\u0107 - DignityNews.eu<\/title>\n<meta name=\"robots\" content=\"index, follow, max-snippet:-1, max-image-preview:large, max-video-preview:-1\" \/>\n<link rel=\"canonical\" href=\"https:\/\/dignitynews.eu\/pl\/cichociemi-elita-zolnierzy-polskiego-panstwa-podziemnego\/\" \/>\n<meta property=\"og:locale\" content=\"pl_PL\" \/>\n<meta property=\"og:type\" content=\"article\" \/>\n<meta property=\"og:title\" content=\"Cichociemni \u2013\u00a0 elita \u017co\u0142nierzy Polskiego Pa\u0144stwa Podziemnego - Godno\u015b\u0107 - DignityNews.eu\" \/>\n<meta property=\"og:description\" content=\"Pomys\u0142 na stworzenie specjalnej grupy spadochroniarzy pojawi\u0142 si\u0119 po przegranej kampanii\u00a0 wrze\u015bniowej 1939 r.\u00a0 Jego inicjatorami byli kpt. Jan G\u00f3rski oraz kpt. Maciej Kalenkiewicz, kt\u00f3ry jeszcze w listopadzie 1939 r.&hellip;\" \/>\n<meta property=\"og:url\" content=\"https:\/\/dignitynews.eu\/pl\/cichociemi-elita-zolnierzy-polskiego-panstwa-podziemnego\/\" \/>\n<meta property=\"og:site_name\" content=\"Godno\u015b\u0107 - DignityNews.eu\" \/>\n<meta property=\"article:published_time\" content=\"2022-02-16T11:46:03+00:00\" \/>\n<meta property=\"article:modified_time\" content=\"2022-02-17T11:42:31+00:00\" \/>\n<meta property=\"og:image\" content=\"https:\/\/dignitynews.eu\/wp-content\/uploads\/2022\/02\/cichociemni5.jpg\" \/>\n\t<meta property=\"og:image:width\" content=\"800\" \/>\n\t<meta property=\"og:image:height\" content=\"627\" \/>\n\t<meta property=\"og:image:type\" content=\"image\/jpeg\" \/>\n<meta name=\"author\" content=\"DignityNews.eu\" \/>\n<meta name=\"twitter:card\" content=\"summary_large_image\" \/>\n<meta name=\"twitter:label1\" content=\"Napisane przez\" \/>\n\t<meta name=\"twitter:data1\" content=\"DignityNews.eu\" \/>\n\t<meta name=\"twitter:label2\" content=\"Szacowany czas czytania\" \/>\n\t<meta name=\"twitter:data2\" content=\"3 minuty\" \/>\n<script type=\"application\/ld+json\" class=\"yoast-schema-graph\">{\"@context\":\"https:\/\/schema.org\",\"@graph\":[{\"@type\":\"WebSite\",\"@id\":\"https:\/\/dignitynews.eu\/pl\/#website\",\"url\":\"https:\/\/dignitynews.eu\/pl\/\",\"name\":\"Godno\u015b\u0107 - DignityNews.eu\",\"description\":\"\",\"potentialAction\":[{\"@type\":\"SearchAction\",\"target\":{\"@type\":\"EntryPoint\",\"urlTemplate\":\"https:\/\/dignitynews.eu\/pl\/?s={search_term_string}\"},\"query-input\":\"required name=search_term_string\"}],\"inLanguage\":\"pl-PL\"},{\"@type\":\"WebPage\",\"@id\":\"https:\/\/dignitynews.eu\/pl\/cichociemi-elita-zolnierzy-polskiego-panstwa-podziemnego\/\",\"url\":\"https:\/\/dignitynews.eu\/pl\/cichociemi-elita-zolnierzy-polskiego-panstwa-podziemnego\/\",\"name\":\"Cichociemni \u2013\u00a0 elita \u017co\u0142nierzy Polskiego Pa\u0144stwa Podziemnego - Godno\u015b\u0107 - DignityNews.eu\",\"isPartOf\":{\"@id\":\"https:\/\/dignitynews.eu\/pl\/#website\"},\"datePublished\":\"2022-02-16T11:46:03+00:00\",\"dateModified\":\"2022-02-17T11:42:31+00:00\",\"author\":{\"@id\":\"https:\/\/dignitynews.eu\/pl\/#\/schema\/person\/4d8f570a0fd5c310685d78d9e520982c\"},\"breadcrumb\":{\"@id\":\"https:\/\/dignitynews.eu\/pl\/cichociemi-elita-zolnierzy-polskiego-panstwa-podziemnego\/#breadcrumb\"},\"inLanguage\":\"pl-PL\",\"potentialAction\":[{\"@type\":\"ReadAction\",\"target\":[\"https:\/\/dignitynews.eu\/pl\/cichociemi-elita-zolnierzy-polskiego-panstwa-podziemnego\/\"]}]},{\"@type\":\"BreadcrumbList\",\"@id\":\"https:\/\/dignitynews.eu\/pl\/cichociemi-elita-zolnierzy-polskiego-panstwa-podziemnego\/#breadcrumb\",\"itemListElement\":[{\"@type\":\"ListItem\",\"position\":1,\"name\":\"Strona g\u0142\u00f3wna\",\"item\":\"https:\/\/dignitynews.eu\/pl\/\"},{\"@type\":\"ListItem\",\"position\":2,\"name\":\"Cichociemni \u2013\u00a0 elita \u017co\u0142nierzy Polskiego Pa\u0144stwa Podziemnego\"}]},{\"@type\":\"Person\",\"@id\":\"https:\/\/dignitynews.eu\/pl\/#\/schema\/person\/4d8f570a0fd5c310685d78d9e520982c\",\"name\":\"DignityNews.eu\",\"image\":{\"@type\":\"ImageObject\",\"inLanguage\":\"pl-PL\",\"@id\":\"https:\/\/dignitynews.eu\/pl\/#\/schema\/person\/image\/\",\"url\":\"https:\/\/secure.gravatar.com\/avatar\/b9fb3aa3cd2d5d3a6d24e67a6b58bc2980bf0c7f7bd3657a6322b8df227da3d9?s=96&d=mm&r=g\",\"contentUrl\":\"https:\/\/secure.gravatar.com\/avatar\/b9fb3aa3cd2d5d3a6d24e67a6b58bc2980bf0c7f7bd3657a6322b8df227da3d9?s=96&d=mm&r=g\",\"caption\":\"DignityNews.eu\"},\"sameAs\":[\"aleksandra\"],\"url\":\"https:\/\/dignitynews.eu\/pl\/author\/aleksandra\/\"}]}<\/script>\n<!-- \/ Yoast SEO plugin. -->","yoast_head_json":{"title":"Cichociemni \u2013\u00a0 elita \u017co\u0142nierzy Polskiego Pa\u0144stwa Podziemnego - Godno\u015b\u0107 - DignityNews.eu","robots":{"index":"index","follow":"follow","max-snippet":"max-snippet:-1","max-image-preview":"max-image-preview:large","max-video-preview":"max-video-preview:-1"},"canonical":"https:\/\/dignitynews.eu\/pl\/cichociemi-elita-zolnierzy-polskiego-panstwa-podziemnego\/","og_locale":"pl_PL","og_type":"article","og_title":"Cichociemni \u2013\u00a0 elita \u017co\u0142nierzy Polskiego Pa\u0144stwa Podziemnego - Godno\u015b\u0107 - DignityNews.eu","og_description":"Pomys\u0142 na stworzenie specjalnej grupy spadochroniarzy pojawi\u0142 si\u0119 po przegranej kampanii\u00a0 wrze\u015bniowej 1939 r.\u00a0 Jego inicjatorami byli kpt. Jan G\u00f3rski oraz kpt. Maciej Kalenkiewicz, kt\u00f3ry jeszcze w listopadzie 1939 r.&hellip;","og_url":"https:\/\/dignitynews.eu\/pl\/cichociemi-elita-zolnierzy-polskiego-panstwa-podziemnego\/","og_site_name":"Godno\u015b\u0107 - DignityNews.eu","article_published_time":"2022-02-16T11:46:03+00:00","article_modified_time":"2022-02-17T11:42:31+00:00","og_image":[{"width":800,"height":627,"url":"https:\/\/dignitynews.eu\/wp-content\/uploads\/2022\/02\/cichociemni5.jpg","type":"image\/jpeg"}],"author":"DignityNews.eu","twitter_card":"summary_large_image","twitter_misc":{"Napisane przez":"DignityNews.eu","Szacowany czas czytania":"3 minuty"},"schema":{"@context":"https:\/\/schema.org","@graph":[{"@type":"WebSite","@id":"https:\/\/dignitynews.eu\/pl\/#website","url":"https:\/\/dignitynews.eu\/pl\/","name":"Godno\u015b\u0107 - DignityNews.eu","description":"","potentialAction":[{"@type":"SearchAction","target":{"@type":"EntryPoint","urlTemplate":"https:\/\/dignitynews.eu\/pl\/?s={search_term_string}"},"query-input":"required name=search_term_string"}],"inLanguage":"pl-PL"},{"@type":"WebPage","@id":"https:\/\/dignitynews.eu\/pl\/cichociemi-elita-zolnierzy-polskiego-panstwa-podziemnego\/","url":"https:\/\/dignitynews.eu\/pl\/cichociemi-elita-zolnierzy-polskiego-panstwa-podziemnego\/","name":"Cichociemni \u2013\u00a0 elita \u017co\u0142nierzy Polskiego Pa\u0144stwa Podziemnego - Godno\u015b\u0107 - DignityNews.eu","isPartOf":{"@id":"https:\/\/dignitynews.eu\/pl\/#website"},"datePublished":"2022-02-16T11:46:03+00:00","dateModified":"2022-02-17T11:42:31+00:00","author":{"@id":"https:\/\/dignitynews.eu\/pl\/#\/schema\/person\/4d8f570a0fd5c310685d78d9e520982c"},"breadcrumb":{"@id":"https:\/\/dignitynews.eu\/pl\/cichociemi-elita-zolnierzy-polskiego-panstwa-podziemnego\/#breadcrumb"},"inLanguage":"pl-PL","potentialAction":[{"@type":"ReadAction","target":["https:\/\/dignitynews.eu\/pl\/cichociemi-elita-zolnierzy-polskiego-panstwa-podziemnego\/"]}]},{"@type":"BreadcrumbList","@id":"https:\/\/dignitynews.eu\/pl\/cichociemi-elita-zolnierzy-polskiego-panstwa-podziemnego\/#breadcrumb","itemListElement":[{"@type":"ListItem","position":1,"name":"Strona g\u0142\u00f3wna","item":"https:\/\/dignitynews.eu\/pl\/"},{"@type":"ListItem","position":2,"name":"Cichociemni \u2013\u00a0 elita \u017co\u0142nierzy Polskiego Pa\u0144stwa Podziemnego"}]},{"@type":"Person","@id":"https:\/\/dignitynews.eu\/pl\/#\/schema\/person\/4d8f570a0fd5c310685d78d9e520982c","name":"DignityNews.eu","image":{"@type":"ImageObject","inLanguage":"pl-PL","@id":"https:\/\/dignitynews.eu\/pl\/#\/schema\/person\/image\/","url":"https:\/\/secure.gravatar.com\/avatar\/b9fb3aa3cd2d5d3a6d24e67a6b58bc2980bf0c7f7bd3657a6322b8df227da3d9?s=96&d=mm&r=g","contentUrl":"https:\/\/secure.gravatar.com\/avatar\/b9fb3aa3cd2d5d3a6d24e67a6b58bc2980bf0c7f7bd3657a6322b8df227da3d9?s=96&d=mm&r=g","caption":"DignityNews.eu"},"sameAs":["aleksandra"],"url":"https:\/\/dignitynews.eu\/pl\/author\/aleksandra\/"}]}},"_links":{"self":[{"href":"https:\/\/dignitynews.eu\/pl\/wp-json\/wp\/v2\/posts\/7497","targetHints":{"allow":["GET"]}}],"collection":[{"href":"https:\/\/dignitynews.eu\/pl\/wp-json\/wp\/v2\/posts"}],"about":[{"href":"https:\/\/dignitynews.eu\/pl\/wp-json\/wp\/v2\/types\/post"}],"author":[{"embeddable":true,"href":"https:\/\/dignitynews.eu\/pl\/wp-json\/wp\/v2\/users\/3"}],"replies":[{"embeddable":true,"href":"https:\/\/dignitynews.eu\/pl\/wp-json\/wp\/v2\/comments?post=7497"}],"version-history":[{"count":3,"href":"https:\/\/dignitynews.eu\/pl\/wp-json\/wp\/v2\/posts\/7497\/revisions"}],"predecessor-version":[{"id":7640,"href":"https:\/\/dignitynews.eu\/pl\/wp-json\/wp\/v2\/posts\/7497\/revisions\/7640"}],"wp:featuredmedia":[{"embeddable":true,"href":"https:\/\/dignitynews.eu\/pl\/wp-json\/wp\/v2\/media\/7498"}],"wp:attachment":[{"href":"https:\/\/dignitynews.eu\/pl\/wp-json\/wp\/v2\/media?parent=7497"}],"wp:term":[{"taxonomy":"category","embeddable":true,"href":"https:\/\/dignitynews.eu\/pl\/wp-json\/wp\/v2\/categories?post=7497"},{"taxonomy":"post_tag","embeddable":true,"href":"https:\/\/dignitynews.eu\/pl\/wp-json\/wp\/v2\/tags?post=7497"}],"curies":[{"name":"wp","href":"https:\/\/api.w.org\/{rel}","templated":true}]}}