{"id":7211,"date":"2022-02-14T12:17:36","date_gmt":"2022-02-14T11:17:36","guid":{"rendered":"https:\/\/dignitynews.eu\/?p=7211"},"modified":"2022-02-14T12:17:36","modified_gmt":"2022-02-14T11:17:36","slug":"rocznica-utworzenia-armii-krajowej-prezydent-oddal-hold-zolnierzom-ak","status":"publish","type":"post","link":"https:\/\/dignitynews.eu\/pl\/rocznica-utworzenia-armii-krajowej-prezydent-oddal-hold-zolnierzom-ak\/","title":{"rendered":"Rocznica utworzenia Armii Krajowej. Prezydent odda\u0142 ho\u0142d \u017co\u0142nierzom AK"},"content":{"rendered":"<p>Prezydent Andrzej Duda odda\u0142 ho\u0142d \u017co\u0142nierzom Armii Krajowej (AK). Podczas uroczysto\u015bci zwi\u0105zanych z 80. rocznic\u0105 utworzenia AK, na Cmentarzu Wojskowym na Pow\u0105zkach, prezydent m\u00f3wi\u0142, \u017ce Armia Krajowa i polskie Pa\u0144stwo Podziemne to wielki rozdzia\u0142 naszej historii, rozdzia\u0142, o kt\u00f3rym ucz\u0105 si\u0119 kadeci wszystkich wojskowych uczelni na \u015bwiecie.<\/p>\n<p>&#8211; Jeste\u015bmy wdzi\u0119czni wszystkim tym, kt\u00f3rzy wtedy si\u0119 nie wahali, kt\u00f3rzy si\u0119 nie bali, kt\u00f3rzy stawali do walki. Oddajemy im ho\u0142d, przede wszystkim tym wszystkim, kt\u00f3rzy polegli i oddali \u017cycie za ojczyzn\u0119 \u2013 powiedzia\u0142 Duda.<\/p>\n<p>&#8211; Sk\u0142aniamy si\u0119 z g\u0142\u0119bok\u0105 wiar\u0105, \u017ce nigdy wi\u0119cej Polacy nie b\u0119d\u0105 musieli tworzy\u0107 pa\u0144stwa podziemnego, \u017ce nigdy wi\u0119cej nie b\u0119d\u0105 musieli walczy\u0107 o odzyskanie swojej ojczyzny, \u017ce to jest co\u015b, co sta\u0142o si\u0119 nasz\u0105 histori\u0105, ale co w naszej historii tej przysz\u0142ej nie b\u0119dzie mia\u0142o miejsca. Cze\u015b\u0107 i chwa\u0142a bohaterom, wieczna pami\u0119\u0107 poleg\u0142ym \u2013 zako\u0144czy\u0142 prezydent.<\/p>\n<p>80 lat temu powsta\u0142a Armia Krajowa, najwi\u0119ksza organizacja konspiracyjna w okupowanej przez Niemc\u00f3w Europie. 14 lutego 1942 roku naczelny w\u00f3dz genera\u0142 W\u0142adys\u0142aw Sikorski podpisa\u0142 rozkaz zmieniaj\u0105cy nazw\u0119 Zwi\u0105zku Walki Zbrojnej na Armi\u0119 Krajow\u0105. W tym momencie powsta\u0142a organizacja zrzeszaj\u0105ca kilkaset tysi\u0119cy cz\u0142onk\u00f3w w ca\u0142ym kraju, posiadaj\u0105ca w\u0142asny wywiad, zdolna do produkcji w\u0142asnej broni automatycznej, a nawet do dzia\u0142a\u0144 odwetowych na terytorium Niemiec.<\/p>\n<p>Najwi\u0119kszym przedsi\u0119wzi\u0119ciem Armii Krajowej by\u0142o doprowadzenie do wybuchu Powstania Warszawskiego, w kt\u00f3rym oddzia\u0142y polskiego pa\u0144stwa podziemnego przez 63 dni walczy\u0142y o wyzwolenie stolicy. Ponadto AK walczy\u0142a o wyzwolenie mi\u0119dzy innymi Wilna oraz Lwowa. AK by\u0142a w stanie przeprowadza\u0107 tak\u017ce skuteczne ataki na silne niemieckie garnizony. 1 wrze\u015bnia 1943 roku grupa 70 partyzant\u00f3w wyzwoli\u0142a miasto Ko\u0144skie bronione przez prawie 2 tys. niemieckich \u017co\u0142nierzy. W akcji nie zgin\u0105\u0142 \u017caden polski \u017co\u0142nierz.<\/p>\n<p>Arkadiusz S\u0142omczy\u0144ski<\/p>\n","protected":false},"excerpt":{"rendered":"<p>Prezydent Andrzej Duda odda\u0142 ho\u0142d \u017co\u0142nierzom Armii Krajowej (AK). Podczas uroczysto\u015bci zwi\u0105zanych z 80. rocznic\u0105 utworzenia AK, na Cmentarzu Wojskowym na Pow\u0105zkach, prezydent m\u00f3wi\u0142, \u017ce Armia Krajowa i polskie Pa\u0144stwo&hellip;<\/p>\n","protected":false},"author":3,"featured_media":7212,"comment_status":"closed","ping_status":"open","sticky":false,"template":"","format":"standard","meta":{"_mi_skip_tracking":false,"footnotes":""},"categories":[47],"tags":[],"class_list":["post-7211","post","type-post","status-publish","format-standard","has-post-thumbnail","hentry","category-wydarzenia"],"yoast_head":"<!-- This site is optimized with the Yoast SEO plugin v19.4 - https:\/\/yoast.com\/wordpress\/plugins\/seo\/ -->\n<title>Rocznica utworzenia Armii Krajowej. Prezydent odda\u0142 ho\u0142d \u017co\u0142nierzom AK - Godno\u015b\u0107 - DignityNews.eu<\/title>\n<meta name=\"robots\" content=\"index, follow, max-snippet:-1, max-image-preview:large, max-video-preview:-1\" \/>\n<link rel=\"canonical\" href=\"https:\/\/dignitynews.eu\/pl\/rocznica-utworzenia-armii-krajowej-prezydent-oddal-hold-zolnierzom-ak\/\" \/>\n<meta property=\"og:locale\" content=\"pl_PL\" \/>\n<meta property=\"og:type\" content=\"article\" \/>\n<meta property=\"og:title\" content=\"Rocznica utworzenia Armii Krajowej. Prezydent odda\u0142 ho\u0142d \u017co\u0142nierzom AK - Godno\u015b\u0107 - DignityNews.eu\" \/>\n<meta property=\"og:description\" content=\"Prezydent Andrzej Duda odda\u0142 ho\u0142d \u017co\u0142nierzom Armii Krajowej (AK). Podczas uroczysto\u015bci zwi\u0105zanych z 80. rocznic\u0105 utworzenia AK, na Cmentarzu Wojskowym na Pow\u0105zkach, prezydent m\u00f3wi\u0142, \u017ce Armia Krajowa i polskie Pa\u0144stwo&hellip;\" \/>\n<meta property=\"og:url\" content=\"https:\/\/dignitynews.eu\/pl\/rocznica-utworzenia-armii-krajowej-prezydent-oddal-hold-zolnierzom-ak\/\" \/>\n<meta property=\"og:site_name\" content=\"Godno\u015b\u0107 - DignityNews.eu\" \/>\n<meta property=\"article:published_time\" content=\"2022-02-14T11:17:36+00:00\" \/>\n<meta property=\"og:image\" content=\"https:\/\/dignitynews.eu\/wp-content\/uploads\/2022\/02\/Rocznica-Armii-Krajowej-prezydent-fot-.-Przemek-Wierzchowski-REPORTER.jpg\" \/>\n\t<meta property=\"og:image:width\" content=\"1500\" \/>\n\t<meta property=\"og:image:height\" content=\"1000\" \/>\n\t<meta property=\"og:image:type\" content=\"image\/jpeg\" \/>\n<meta name=\"author\" content=\"DignityNews.eu\" \/>\n<meta name=\"twitter:card\" content=\"summary_large_image\" \/>\n<meta name=\"twitter:label1\" content=\"Napisane przez\" \/>\n\t<meta name=\"twitter:data1\" content=\"DignityNews.eu\" \/>\n\t<meta name=\"twitter:label2\" content=\"Szacowany czas czytania\" \/>\n\t<meta name=\"twitter:data2\" content=\"2 minuty\" \/>\n<script type=\"application\/ld+json\" class=\"yoast-schema-graph\">{\"@context\":\"https:\/\/schema.org\",\"@graph\":[{\"@type\":\"WebSite\",\"@id\":\"https:\/\/dignitynews.eu\/pl\/#website\",\"url\":\"https:\/\/dignitynews.eu\/pl\/\",\"name\":\"Godno\u015b\u0107 - DignityNews.eu\",\"description\":\"\",\"potentialAction\":[{\"@type\":\"SearchAction\",\"target\":{\"@type\":\"EntryPoint\",\"urlTemplate\":\"https:\/\/dignitynews.eu\/pl\/?s={search_term_string}\"},\"query-input\":\"required name=search_term_string\"}],\"inLanguage\":\"pl-PL\"},{\"@type\":\"WebPage\",\"@id\":\"https:\/\/dignitynews.eu\/pl\/rocznica-utworzenia-armii-krajowej-prezydent-oddal-hold-zolnierzom-ak\/\",\"url\":\"https:\/\/dignitynews.eu\/pl\/rocznica-utworzenia-armii-krajowej-prezydent-oddal-hold-zolnierzom-ak\/\",\"name\":\"Rocznica utworzenia Armii Krajowej. Prezydent odda\u0142 ho\u0142d \u017co\u0142nierzom AK - Godno\u015b\u0107 - DignityNews.eu\",\"isPartOf\":{\"@id\":\"https:\/\/dignitynews.eu\/pl\/#website\"},\"datePublished\":\"2022-02-14T11:17:36+00:00\",\"dateModified\":\"2022-02-14T11:17:36+00:00\",\"author\":{\"@id\":\"https:\/\/dignitynews.eu\/pl\/#\/schema\/person\/4d8f570a0fd5c310685d78d9e520982c\"},\"breadcrumb\":{\"@id\":\"https:\/\/dignitynews.eu\/pl\/rocznica-utworzenia-armii-krajowej-prezydent-oddal-hold-zolnierzom-ak\/#breadcrumb\"},\"inLanguage\":\"pl-PL\",\"potentialAction\":[{\"@type\":\"ReadAction\",\"target\":[\"https:\/\/dignitynews.eu\/pl\/rocznica-utworzenia-armii-krajowej-prezydent-oddal-hold-zolnierzom-ak\/\"]}]},{\"@type\":\"BreadcrumbList\",\"@id\":\"https:\/\/dignitynews.eu\/pl\/rocznica-utworzenia-armii-krajowej-prezydent-oddal-hold-zolnierzom-ak\/#breadcrumb\",\"itemListElement\":[{\"@type\":\"ListItem\",\"position\":1,\"name\":\"Strona g\u0142\u00f3wna\",\"item\":\"https:\/\/dignitynews.eu\/pl\/\"},{\"@type\":\"ListItem\",\"position\":2,\"name\":\"Rocznica utworzenia Armii Krajowej. Prezydent odda\u0142 ho\u0142d \u017co\u0142nierzom AK\"}]},{\"@type\":\"Person\",\"@id\":\"https:\/\/dignitynews.eu\/pl\/#\/schema\/person\/4d8f570a0fd5c310685d78d9e520982c\",\"name\":\"DignityNews.eu\",\"image\":{\"@type\":\"ImageObject\",\"inLanguage\":\"pl-PL\",\"@id\":\"https:\/\/dignitynews.eu\/pl\/#\/schema\/person\/image\/\",\"url\":\"https:\/\/secure.gravatar.com\/avatar\/b9fb3aa3cd2d5d3a6d24e67a6b58bc2980bf0c7f7bd3657a6322b8df227da3d9?s=96&d=mm&r=g\",\"contentUrl\":\"https:\/\/secure.gravatar.com\/avatar\/b9fb3aa3cd2d5d3a6d24e67a6b58bc2980bf0c7f7bd3657a6322b8df227da3d9?s=96&d=mm&r=g\",\"caption\":\"DignityNews.eu\"},\"sameAs\":[\"aleksandra\"],\"url\":\"https:\/\/dignitynews.eu\/pl\/author\/aleksandra\/\"}]}<\/script>\n<!-- \/ Yoast SEO plugin. -->","yoast_head_json":{"title":"Rocznica utworzenia Armii Krajowej. Prezydent odda\u0142 ho\u0142d \u017co\u0142nierzom AK - Godno\u015b\u0107 - DignityNews.eu","robots":{"index":"index","follow":"follow","max-snippet":"max-snippet:-1","max-image-preview":"max-image-preview:large","max-video-preview":"max-video-preview:-1"},"canonical":"https:\/\/dignitynews.eu\/pl\/rocznica-utworzenia-armii-krajowej-prezydent-oddal-hold-zolnierzom-ak\/","og_locale":"pl_PL","og_type":"article","og_title":"Rocznica utworzenia Armii Krajowej. Prezydent odda\u0142 ho\u0142d \u017co\u0142nierzom AK - Godno\u015b\u0107 - DignityNews.eu","og_description":"Prezydent Andrzej Duda odda\u0142 ho\u0142d \u017co\u0142nierzom Armii Krajowej (AK). Podczas uroczysto\u015bci zwi\u0105zanych z 80. rocznic\u0105 utworzenia AK, na Cmentarzu Wojskowym na Pow\u0105zkach, prezydent m\u00f3wi\u0142, \u017ce Armia Krajowa i polskie Pa\u0144stwo&hellip;","og_url":"https:\/\/dignitynews.eu\/pl\/rocznica-utworzenia-armii-krajowej-prezydent-oddal-hold-zolnierzom-ak\/","og_site_name":"Godno\u015b\u0107 - DignityNews.eu","article_published_time":"2022-02-14T11:17:36+00:00","og_image":[{"width":1500,"height":1000,"url":"https:\/\/dignitynews.eu\/wp-content\/uploads\/2022\/02\/Rocznica-Armii-Krajowej-prezydent-fot-.-Przemek-Wierzchowski-REPORTER.jpg","type":"image\/jpeg"}],"author":"DignityNews.eu","twitter_card":"summary_large_image","twitter_misc":{"Napisane przez":"DignityNews.eu","Szacowany czas czytania":"2 minuty"},"schema":{"@context":"https:\/\/schema.org","@graph":[{"@type":"WebSite","@id":"https:\/\/dignitynews.eu\/pl\/#website","url":"https:\/\/dignitynews.eu\/pl\/","name":"Godno\u015b\u0107 - DignityNews.eu","description":"","potentialAction":[{"@type":"SearchAction","target":{"@type":"EntryPoint","urlTemplate":"https:\/\/dignitynews.eu\/pl\/?s={search_term_string}"},"query-input":"required name=search_term_string"}],"inLanguage":"pl-PL"},{"@type":"WebPage","@id":"https:\/\/dignitynews.eu\/pl\/rocznica-utworzenia-armii-krajowej-prezydent-oddal-hold-zolnierzom-ak\/","url":"https:\/\/dignitynews.eu\/pl\/rocznica-utworzenia-armii-krajowej-prezydent-oddal-hold-zolnierzom-ak\/","name":"Rocznica utworzenia Armii Krajowej. Prezydent odda\u0142 ho\u0142d \u017co\u0142nierzom AK - Godno\u015b\u0107 - DignityNews.eu","isPartOf":{"@id":"https:\/\/dignitynews.eu\/pl\/#website"},"datePublished":"2022-02-14T11:17:36+00:00","dateModified":"2022-02-14T11:17:36+00:00","author":{"@id":"https:\/\/dignitynews.eu\/pl\/#\/schema\/person\/4d8f570a0fd5c310685d78d9e520982c"},"breadcrumb":{"@id":"https:\/\/dignitynews.eu\/pl\/rocznica-utworzenia-armii-krajowej-prezydent-oddal-hold-zolnierzom-ak\/#breadcrumb"},"inLanguage":"pl-PL","potentialAction":[{"@type":"ReadAction","target":["https:\/\/dignitynews.eu\/pl\/rocznica-utworzenia-armii-krajowej-prezydent-oddal-hold-zolnierzom-ak\/"]}]},{"@type":"BreadcrumbList","@id":"https:\/\/dignitynews.eu\/pl\/rocznica-utworzenia-armii-krajowej-prezydent-oddal-hold-zolnierzom-ak\/#breadcrumb","itemListElement":[{"@type":"ListItem","position":1,"name":"Strona g\u0142\u00f3wna","item":"https:\/\/dignitynews.eu\/pl\/"},{"@type":"ListItem","position":2,"name":"Rocznica utworzenia Armii Krajowej. Prezydent odda\u0142 ho\u0142d \u017co\u0142nierzom AK"}]},{"@type":"Person","@id":"https:\/\/dignitynews.eu\/pl\/#\/schema\/person\/4d8f570a0fd5c310685d78d9e520982c","name":"DignityNews.eu","image":{"@type":"ImageObject","inLanguage":"pl-PL","@id":"https:\/\/dignitynews.eu\/pl\/#\/schema\/person\/image\/","url":"https:\/\/secure.gravatar.com\/avatar\/b9fb3aa3cd2d5d3a6d24e67a6b58bc2980bf0c7f7bd3657a6322b8df227da3d9?s=96&d=mm&r=g","contentUrl":"https:\/\/secure.gravatar.com\/avatar\/b9fb3aa3cd2d5d3a6d24e67a6b58bc2980bf0c7f7bd3657a6322b8df227da3d9?s=96&d=mm&r=g","caption":"DignityNews.eu"},"sameAs":["aleksandra"],"url":"https:\/\/dignitynews.eu\/pl\/author\/aleksandra\/"}]}},"_links":{"self":[{"href":"https:\/\/dignitynews.eu\/pl\/wp-json\/wp\/v2\/posts\/7211","targetHints":{"allow":["GET"]}}],"collection":[{"href":"https:\/\/dignitynews.eu\/pl\/wp-json\/wp\/v2\/posts"}],"about":[{"href":"https:\/\/dignitynews.eu\/pl\/wp-json\/wp\/v2\/types\/post"}],"author":[{"embeddable":true,"href":"https:\/\/dignitynews.eu\/pl\/wp-json\/wp\/v2\/users\/3"}],"replies":[{"embeddable":true,"href":"https:\/\/dignitynews.eu\/pl\/wp-json\/wp\/v2\/comments?post=7211"}],"version-history":[{"count":2,"href":"https:\/\/dignitynews.eu\/pl\/wp-json\/wp\/v2\/posts\/7211\/revisions"}],"predecessor-version":[{"id":7218,"href":"https:\/\/dignitynews.eu\/pl\/wp-json\/wp\/v2\/posts\/7211\/revisions\/7218"}],"wp:featuredmedia":[{"embeddable":true,"href":"https:\/\/dignitynews.eu\/pl\/wp-json\/wp\/v2\/media\/7212"}],"wp:attachment":[{"href":"https:\/\/dignitynews.eu\/pl\/wp-json\/wp\/v2\/media?parent=7211"}],"wp:term":[{"taxonomy":"category","embeddable":true,"href":"https:\/\/dignitynews.eu\/pl\/wp-json\/wp\/v2\/categories?post=7211"},{"taxonomy":"post_tag","embeddable":true,"href":"https:\/\/dignitynews.eu\/pl\/wp-json\/wp\/v2\/tags?post=7211"}],"curies":[{"name":"wp","href":"https:\/\/api.w.org\/{rel}","templated":true}]}}