{"id":6814,"date":"2022-02-10T11:48:46","date_gmt":"2022-02-10T10:48:46","guid":{"rendered":"https:\/\/dignitynews.eu\/?p=6814"},"modified":"2022-02-10T11:48:46","modified_gmt":"2022-02-10T10:48:46","slug":"minister-rodziny-pracy-i-polityki-spolecznej-przeznaczymy-62-mld-zl-na-programy-spoleczne","status":"publish","type":"post","link":"https:\/\/dignitynews.eu\/pl\/minister-rodziny-pracy-i-polityki-spolecznej-przeznaczymy-62-mld-zl-na-programy-spoleczne\/","title":{"rendered":"Minister rodziny, pracy i polityki spo\u0142ecznej: przeznaczymy 62 mld z\u0142 na programy spo\u0142eczne\u00a0"},"content":{"rendered":"<p>Minister rodziny, pracy i polityki spo\u0142ecznej Marlena Mal\u0105g poinformowa\u0142a, \u017ce w roku 2022 r. wydatki na programy spo\u0142eczne rz\u0105du wynios\u0105 62 miliardy z\u0142otych. Podczas wyst\u0105pienia w Sejmie minister wyja\u015bni\u0142a, \u017ce chodzi o program \u201eRodzina 500+\u201d, \u201eDobry start\u201d, \u201eMaluch+\u201d oraz Rodzinny Kapita\u0142 Opieku\u0144czy.<\/p>\n<p>Od 1 kwietnia 2016 roku do polskich rodzin trafi\u0142o \u0142\u0105cznie ponad 176 miliard\u00f3w z\u0142otych, a wsparciem obj\u0119tych jest 6,5 mln dzieci \u2013 powiedzia\u0142a szefowa resortu rodziny.<\/p>\n<p>Minister przedstawi\u0142a w Sejmie bie\u017c\u0105c\u0105 informacj\u0119 na temat realizacji sztandarowych program\u00f3w rz\u0105du Zjednoczonej Prawicy. W jej ocenie sprawne zarz\u0105dzanie, w tym zmiany w systemie finans\u00f3w publicznych, pozwoli\u0142y na wygospodarowanie pieni\u0119dzy, kt\u00f3re sta\u0142y si\u0119 \u017ar\u00f3d\u0142em finansowania wielu program\u00f3w spo\u0142ecznych. Doda\u0142a, \u017ce nie zmieni\u0142a tego epidemia koronawirusa.<\/p>\n<p>Minister powiedzia\u0142a, \u017ce tylko w tym roku na takie programy, jak: \u201eRodzina 500+\u201d, \u201eDobry start\u201d, \u201eMaluch+\u201d oraz Rodzinny Kapita\u0142 Opieku\u0144czy, rz\u0105d wyda 62 miliardy z\u0142otych, a w sumie na realizacj\u0119 polityki spo\u0142ecznej w 2022 roku, przewidziano blisko 112 miliard\u00f3w. &#8211; To pot\u0119\u017cne wsparcie, to inwestycja w rodzin\u0119. Od 1 kwietnia 2016 roku do polskich rodzin trafi\u0142o ponad 176 miliard\u00f3w z\u0142otych, a wsparciem obj\u0119tych jest 6,5 mln dzieci \u2013 powiedzia\u0142a.<\/p>\n<p>Szefowa resortu rodziny, pracy i polityki spo\u0142ecznej wspomina\u0142a te\u017c o programie \u201eDobry start\u201d, w ramach kt\u00f3rego rodzice dostaj\u0105 300 z\u0142otych rocznie na wyprawk\u0119 szkoln\u0105 dla dzieci. Marlena Mal\u0105g poinformowa\u0142a, \u017ce w latach 2018-2021 na ten cel wydano 5,3 miliarda z\u0142otych, a wsparciem obj\u0119to 4,4 miliona dzieci. Doda\u0142a, \u017ce koszt programu to miliard 350 milion\u00f3w z\u0142otych.<\/p>\n<p>Mal\u0105g przypomnia\u0142a, \u017ce 1 stycznia ruszy\u0142 kolejny program rz\u0105du \u2013 Rodzinny Kapita\u0142 Opieku\u0144czy. To dodatkowe 12 tysi\u0119cy z\u0142otych na drugie i kolejne dziecko w wieku od 12. do uko\u0144czenia 35. miesi\u0105ca \u017cycia, kt\u00f3re rodzice b\u0119d\u0105 mogli wyda\u0107 wedle w\u0142asnego uznania.<\/p>\n<p>Arkadiusz S\u0142omczy\u0144ski<\/p>\n","protected":false},"excerpt":{"rendered":"<p>Minister rodziny, pracy i polityki spo\u0142ecznej Marlena Mal\u0105g poinformowa\u0142a, \u017ce w roku 2022 r. wydatki na programy spo\u0142eczne rz\u0105du wynios\u0105 62 miliardy z\u0142otych. Podczas wyst\u0105pienia w Sejmie minister wyja\u015bni\u0142a, \u017ce&hellip;<\/p>\n","protected":false},"author":3,"featured_media":6815,"comment_status":"closed","ping_status":"open","sticky":false,"template":"","format":"standard","meta":{"_mi_skip_tracking":false,"footnotes":""},"categories":[48],"tags":[],"class_list":["post-6814","post","type-post","status-publish","format-standard","has-post-thumbnail","hentry","category-gospodarka"],"yoast_head":"<!-- This site is optimized with the Yoast SEO plugin v19.4 - https:\/\/yoast.com\/wordpress\/plugins\/seo\/ -->\n<title>Minister rodziny, pracy i polityki spo\u0142ecznej: przeznaczymy 62 mld z\u0142 na programy spo\u0142eczne\u00a0 - Godno\u015b\u0107 - DignityNews.eu<\/title>\n<meta name=\"robots\" content=\"index, follow, max-snippet:-1, max-image-preview:large, max-video-preview:-1\" \/>\n<link rel=\"canonical\" href=\"https:\/\/dignitynews.eu\/pl\/minister-rodziny-pracy-i-polityki-spolecznej-przeznaczymy-62-mld-zl-na-programy-spoleczne\/\" \/>\n<meta property=\"og:locale\" content=\"pl_PL\" \/>\n<meta property=\"og:type\" content=\"article\" \/>\n<meta property=\"og:title\" content=\"Minister rodziny, pracy i polityki spo\u0142ecznej: przeznaczymy 62 mld z\u0142 na programy spo\u0142eczne\u00a0 - Godno\u015b\u0107 - DignityNews.eu\" \/>\n<meta property=\"og:description\" content=\"Minister rodziny, pracy i polityki spo\u0142ecznej Marlena Mal\u0105g poinformowa\u0142a, \u017ce w roku 2022 r. wydatki na programy spo\u0142eczne rz\u0105du wynios\u0105 62 miliardy z\u0142otych. Podczas wyst\u0105pienia w Sejmie minister wyja\u015bni\u0142a, \u017ce&hellip;\" \/>\n<meta property=\"og:url\" content=\"https:\/\/dignitynews.eu\/pl\/minister-rodziny-pracy-i-polityki-spolecznej-przeznaczymy-62-mld-zl-na-programy-spoleczne\/\" \/>\n<meta property=\"og:site_name\" content=\"Godno\u015b\u0107 - DignityNews.eu\" \/>\n<meta property=\"article:published_time\" content=\"2022-02-10T10:48:46+00:00\" \/>\n<meta property=\"og:image\" content=\"https:\/\/dignitynews.eu\/wp-content\/uploads\/2022\/02\/Minister-rodziny-programy-rzadowe-Andrzej-Iwanczuk-REPORTER.jpg\" \/>\n\t<meta property=\"og:image:width\" content=\"1500\" \/>\n\t<meta property=\"og:image:height\" content=\"1000\" \/>\n\t<meta property=\"og:image:type\" content=\"image\/jpeg\" \/>\n<meta name=\"author\" content=\"DignityNews.eu\" \/>\n<meta name=\"twitter:card\" content=\"summary_large_image\" \/>\n<meta name=\"twitter:label1\" content=\"Napisane przez\" \/>\n\t<meta name=\"twitter:data1\" content=\"DignityNews.eu\" \/>\n\t<meta name=\"twitter:label2\" content=\"Szacowany czas czytania\" \/>\n\t<meta name=\"twitter:data2\" content=\"2 minuty\" \/>\n<script type=\"application\/ld+json\" class=\"yoast-schema-graph\">{\"@context\":\"https:\/\/schema.org\",\"@graph\":[{\"@type\":\"WebSite\",\"@id\":\"https:\/\/dignitynews.eu\/pl\/#website\",\"url\":\"https:\/\/dignitynews.eu\/pl\/\",\"name\":\"Godno\u015b\u0107 - DignityNews.eu\",\"description\":\"\",\"potentialAction\":[{\"@type\":\"SearchAction\",\"target\":{\"@type\":\"EntryPoint\",\"urlTemplate\":\"https:\/\/dignitynews.eu\/pl\/?s={search_term_string}\"},\"query-input\":\"required name=search_term_string\"}],\"inLanguage\":\"pl-PL\"},{\"@type\":\"WebPage\",\"@id\":\"https:\/\/dignitynews.eu\/pl\/minister-rodziny-pracy-i-polityki-spolecznej-przeznaczymy-62-mld-zl-na-programy-spoleczne\/\",\"url\":\"https:\/\/dignitynews.eu\/pl\/minister-rodziny-pracy-i-polityki-spolecznej-przeznaczymy-62-mld-zl-na-programy-spoleczne\/\",\"name\":\"Minister rodziny, pracy i polityki spo\u0142ecznej: przeznaczymy 62 mld z\u0142 na programy spo\u0142eczne\u00a0 - Godno\u015b\u0107 - DignityNews.eu\",\"isPartOf\":{\"@id\":\"https:\/\/dignitynews.eu\/pl\/#website\"},\"datePublished\":\"2022-02-10T10:48:46+00:00\",\"dateModified\":\"2022-02-10T10:48:46+00:00\",\"author\":{\"@id\":\"https:\/\/dignitynews.eu\/pl\/#\/schema\/person\/4d8f570a0fd5c310685d78d9e520982c\"},\"breadcrumb\":{\"@id\":\"https:\/\/dignitynews.eu\/pl\/minister-rodziny-pracy-i-polityki-spolecznej-przeznaczymy-62-mld-zl-na-programy-spoleczne\/#breadcrumb\"},\"inLanguage\":\"pl-PL\",\"potentialAction\":[{\"@type\":\"ReadAction\",\"target\":[\"https:\/\/dignitynews.eu\/pl\/minister-rodziny-pracy-i-polityki-spolecznej-przeznaczymy-62-mld-zl-na-programy-spoleczne\/\"]}]},{\"@type\":\"BreadcrumbList\",\"@id\":\"https:\/\/dignitynews.eu\/pl\/minister-rodziny-pracy-i-polityki-spolecznej-przeznaczymy-62-mld-zl-na-programy-spoleczne\/#breadcrumb\",\"itemListElement\":[{\"@type\":\"ListItem\",\"position\":1,\"name\":\"Strona g\u0142\u00f3wna\",\"item\":\"https:\/\/dignitynews.eu\/pl\/\"},{\"@type\":\"ListItem\",\"position\":2,\"name\":\"Minister rodziny, pracy i polityki spo\u0142ecznej: przeznaczymy 62 mld z\u0142 na programy spo\u0142eczne\u00a0\"}]},{\"@type\":\"Person\",\"@id\":\"https:\/\/dignitynews.eu\/pl\/#\/schema\/person\/4d8f570a0fd5c310685d78d9e520982c\",\"name\":\"DignityNews.eu\",\"image\":{\"@type\":\"ImageObject\",\"inLanguage\":\"pl-PL\",\"@id\":\"https:\/\/dignitynews.eu\/pl\/#\/schema\/person\/image\/\",\"url\":\"https:\/\/secure.gravatar.com\/avatar\/b9fb3aa3cd2d5d3a6d24e67a6b58bc2980bf0c7f7bd3657a6322b8df227da3d9?s=96&d=mm&r=g\",\"contentUrl\":\"https:\/\/secure.gravatar.com\/avatar\/b9fb3aa3cd2d5d3a6d24e67a6b58bc2980bf0c7f7bd3657a6322b8df227da3d9?s=96&d=mm&r=g\",\"caption\":\"DignityNews.eu\"},\"sameAs\":[\"aleksandra\"],\"url\":\"https:\/\/dignitynews.eu\/pl\/author\/aleksandra\/\"}]}<\/script>\n<!-- \/ Yoast SEO plugin. -->","yoast_head_json":{"title":"Minister rodziny, pracy i polityki spo\u0142ecznej: przeznaczymy 62 mld z\u0142 na programy spo\u0142eczne\u00a0 - Godno\u015b\u0107 - DignityNews.eu","robots":{"index":"index","follow":"follow","max-snippet":"max-snippet:-1","max-image-preview":"max-image-preview:large","max-video-preview":"max-video-preview:-1"},"canonical":"https:\/\/dignitynews.eu\/pl\/minister-rodziny-pracy-i-polityki-spolecznej-przeznaczymy-62-mld-zl-na-programy-spoleczne\/","og_locale":"pl_PL","og_type":"article","og_title":"Minister rodziny, pracy i polityki spo\u0142ecznej: przeznaczymy 62 mld z\u0142 na programy spo\u0142eczne\u00a0 - Godno\u015b\u0107 - DignityNews.eu","og_description":"Minister rodziny, pracy i polityki spo\u0142ecznej Marlena Mal\u0105g poinformowa\u0142a, \u017ce w roku 2022 r. wydatki na programy spo\u0142eczne rz\u0105du wynios\u0105 62 miliardy z\u0142otych. Podczas wyst\u0105pienia w Sejmie minister wyja\u015bni\u0142a, \u017ce&hellip;","og_url":"https:\/\/dignitynews.eu\/pl\/minister-rodziny-pracy-i-polityki-spolecznej-przeznaczymy-62-mld-zl-na-programy-spoleczne\/","og_site_name":"Godno\u015b\u0107 - DignityNews.eu","article_published_time":"2022-02-10T10:48:46+00:00","og_image":[{"width":1500,"height":1000,"url":"https:\/\/dignitynews.eu\/wp-content\/uploads\/2022\/02\/Minister-rodziny-programy-rzadowe-Andrzej-Iwanczuk-REPORTER.jpg","type":"image\/jpeg"}],"author":"DignityNews.eu","twitter_card":"summary_large_image","twitter_misc":{"Napisane przez":"DignityNews.eu","Szacowany czas czytania":"2 minuty"},"schema":{"@context":"https:\/\/schema.org","@graph":[{"@type":"WebSite","@id":"https:\/\/dignitynews.eu\/pl\/#website","url":"https:\/\/dignitynews.eu\/pl\/","name":"Godno\u015b\u0107 - DignityNews.eu","description":"","potentialAction":[{"@type":"SearchAction","target":{"@type":"EntryPoint","urlTemplate":"https:\/\/dignitynews.eu\/pl\/?s={search_term_string}"},"query-input":"required name=search_term_string"}],"inLanguage":"pl-PL"},{"@type":"WebPage","@id":"https:\/\/dignitynews.eu\/pl\/minister-rodziny-pracy-i-polityki-spolecznej-przeznaczymy-62-mld-zl-na-programy-spoleczne\/","url":"https:\/\/dignitynews.eu\/pl\/minister-rodziny-pracy-i-polityki-spolecznej-przeznaczymy-62-mld-zl-na-programy-spoleczne\/","name":"Minister rodziny, pracy i polityki spo\u0142ecznej: przeznaczymy 62 mld z\u0142 na programy spo\u0142eczne\u00a0 - Godno\u015b\u0107 - DignityNews.eu","isPartOf":{"@id":"https:\/\/dignitynews.eu\/pl\/#website"},"datePublished":"2022-02-10T10:48:46+00:00","dateModified":"2022-02-10T10:48:46+00:00","author":{"@id":"https:\/\/dignitynews.eu\/pl\/#\/schema\/person\/4d8f570a0fd5c310685d78d9e520982c"},"breadcrumb":{"@id":"https:\/\/dignitynews.eu\/pl\/minister-rodziny-pracy-i-polityki-spolecznej-przeznaczymy-62-mld-zl-na-programy-spoleczne\/#breadcrumb"},"inLanguage":"pl-PL","potentialAction":[{"@type":"ReadAction","target":["https:\/\/dignitynews.eu\/pl\/minister-rodziny-pracy-i-polityki-spolecznej-przeznaczymy-62-mld-zl-na-programy-spoleczne\/"]}]},{"@type":"BreadcrumbList","@id":"https:\/\/dignitynews.eu\/pl\/minister-rodziny-pracy-i-polityki-spolecznej-przeznaczymy-62-mld-zl-na-programy-spoleczne\/#breadcrumb","itemListElement":[{"@type":"ListItem","position":1,"name":"Strona g\u0142\u00f3wna","item":"https:\/\/dignitynews.eu\/pl\/"},{"@type":"ListItem","position":2,"name":"Minister rodziny, pracy i polityki spo\u0142ecznej: przeznaczymy 62 mld z\u0142 na programy spo\u0142eczne\u00a0"}]},{"@type":"Person","@id":"https:\/\/dignitynews.eu\/pl\/#\/schema\/person\/4d8f570a0fd5c310685d78d9e520982c","name":"DignityNews.eu","image":{"@type":"ImageObject","inLanguage":"pl-PL","@id":"https:\/\/dignitynews.eu\/pl\/#\/schema\/person\/image\/","url":"https:\/\/secure.gravatar.com\/avatar\/b9fb3aa3cd2d5d3a6d24e67a6b58bc2980bf0c7f7bd3657a6322b8df227da3d9?s=96&d=mm&r=g","contentUrl":"https:\/\/secure.gravatar.com\/avatar\/b9fb3aa3cd2d5d3a6d24e67a6b58bc2980bf0c7f7bd3657a6322b8df227da3d9?s=96&d=mm&r=g","caption":"DignityNews.eu"},"sameAs":["aleksandra"],"url":"https:\/\/dignitynews.eu\/pl\/author\/aleksandra\/"}]}},"_links":{"self":[{"href":"https:\/\/dignitynews.eu\/pl\/wp-json\/wp\/v2\/posts\/6814","targetHints":{"allow":["GET"]}}],"collection":[{"href":"https:\/\/dignitynews.eu\/pl\/wp-json\/wp\/v2\/posts"}],"about":[{"href":"https:\/\/dignitynews.eu\/pl\/wp-json\/wp\/v2\/types\/post"}],"author":[{"embeddable":true,"href":"https:\/\/dignitynews.eu\/pl\/wp-json\/wp\/v2\/users\/3"}],"replies":[{"embeddable":true,"href":"https:\/\/dignitynews.eu\/pl\/wp-json\/wp\/v2\/comments?post=6814"}],"version-history":[{"count":1,"href":"https:\/\/dignitynews.eu\/pl\/wp-json\/wp\/v2\/posts\/6814\/revisions"}],"predecessor-version":[{"id":6820,"href":"https:\/\/dignitynews.eu\/pl\/wp-json\/wp\/v2\/posts\/6814\/revisions\/6820"}],"wp:featuredmedia":[{"embeddable":true,"href":"https:\/\/dignitynews.eu\/pl\/wp-json\/wp\/v2\/media\/6815"}],"wp:attachment":[{"href":"https:\/\/dignitynews.eu\/pl\/wp-json\/wp\/v2\/media?parent=6814"}],"wp:term":[{"taxonomy":"category","embeddable":true,"href":"https:\/\/dignitynews.eu\/pl\/wp-json\/wp\/v2\/categories?post=6814"},{"taxonomy":"post_tag","embeddable":true,"href":"https:\/\/dignitynews.eu\/pl\/wp-json\/wp\/v2\/tags?post=6814"}],"curies":[{"name":"wp","href":"https:\/\/api.w.org\/{rel}","templated":true}]}}