{"id":6508,"date":"2022-02-08T12:17:58","date_gmt":"2022-02-08T11:17:58","guid":{"rendered":"https:\/\/dignitynews.eu\/?p=6508"},"modified":"2022-02-08T12:17:58","modified_gmt":"2022-02-08T11:17:58","slug":"pierwsza-retrospektywa-filmow-susan-sontag","status":"publish","type":"post","link":"https:\/\/dignitynews.eu\/pl\/pierwsza-retrospektywa-filmow-susan-sontag\/","title":{"rendered":"Pierwsza retrospektywa film\u00f3w Susan Sontag"},"content":{"rendered":"<p>Pierwsze filmy dokumentalne Susan Sontag i jej realizacje fabularne zostan\u0105 przedstawione publiczno\u015bci w Polsce. Pierwsza w historii tak bogata retrospektywa uznanej ameryka\u0144skiej eseistki i ikony popkultury odb\u0119dzie si\u0119 w maju \u2013 w ramach 19. edycji festiwalu Millennium Docs Against Gravity.<\/p>\n<p>Bogata i r\u00f3\u017cnorodna tw\u00f3rczo\u015b\u0107 filmowa Susan Sontag, koresponduj\u0105ca z jej pisarstwem, pozostaje w Polsce niemal nieznana. W ramach 19. Millennium Docs Against Gravity chcemy uzupe\u0142ni\u0107 t\u0119 luk\u0119 i zaprezentowa\u0107 filmy eseistki i mi\u0142o\u015bniczki kina, kt\u00f3rych znajomo\u015b\u0107 pozwala uzupe\u0142ni\u0107 rozumienie jej my\u015bli o obrazach, kt\u00f3re kszta\u0142tuj\u0105 nasz\u0105 kultur\u0119 oraz spos\u00f3b widzenia \u015bwiata \u2013 zapowiadaj\u0105 organizatorzy.<\/p>\n<p>Widzowie festiwalu Millennium Docs Against Gravity zobacz\u0105 m.in. wyre\u017cyserowany przez Sontag film dokumentalny \u201eZiemie obiecane\u201d, realizowany w pa\u017adzierniku 1973 r. w Izraelu, odpieraj\u0105cym atak koalicji Syrii i Egiptu podczas trwaj\u0105cej 20 dni wojny Yom Kippur. Film uwa\u017cany jest za jedno z jej najbardziej docenionych dzie\u0142.<\/p>\n<p>W \u201eZiemiach obiecanych\u201d zintegrowane zosta\u0142y warstwy obraz\u00f3w wojny i wypowiedzi, w kt\u00f3rych dominuj\u0105 opozycyjne izraelskie stanowiska reprezentowane przez Yorama Kaniuka, pisarza i przyjaciela autorki, oraz Juwala Ne\u2019emana, fizyka, wojskowego, p\u00f3\u017aniejszego ministra ds. nauki i rozwoju Izraela. Oddaj\u0105 z\u0142o\u017con\u0105 rzeczywisto\u015b\u0107 ziemi, kt\u00f3r\u0105 obiecano zbyt wielu ludziom.<\/p>\n<p>W 1993 r. Sontag zdecydowa\u0142a si\u0119 na wyjazd do Sarajewa w odpowiedzi na sugesti\u0119 jej syna Davida Rieffa, kt\u00f3ry przebywa\u0142 w mie\u015bcie, relacjonuj\u0105c wojn\u0119. Jak podkre\u015bla\u0142a autorka w wywiadach, w wyniku konsultacji z lokaln\u0105 spo\u0142eczno\u015bci\u0105 zdecydowa\u0142a si\u0119 wyre\u017cyserowa\u0107 sztuk\u0119 teatraln\u0105 \u201eCzekaj\u0105c na Godota\u201d Samuela Becketta. Widzowie festiwalu b\u0119d\u0105 mogli zobaczy\u0107 film \u201eCzekaj\u0105c na Godota\u2026 w Sarajewie\u201d, b\u0119d\u0105cy antywojennym gestem i ho\u0142dem z\u0142o\u017conym mieszka\u0144com miasta.<\/p>\n<p>W programie retrospektywy nie zabraknie tak\u017ce wczesnych film\u00f3w fabularnych Sontag. Widzowie b\u0119d\u0105 mogli zobaczy\u0107 filmy inspirowane tw\u00f3rczo\u015bci\u0105 Ingmara Bergmana \u2013 \u201eDuet dla kanibali\u201d, debiut filmowy zrealizowany w 1969 r. w Szwecji i jej kolejne dzie\u0142o \u201eBrat Carl\u201d z 1971 r.<\/p>\n<p>Retrospektywa tw\u00f3rczo\u015bci Susan Sontag jest pierwsz\u0105 tak szerok\u0105 prezentacj\u0105 filmowego dorobku ameryka\u0144skiej eseistki w Polsce i jedn\u0105 z pierwszych w Europie \u015arodkowo-Wschodniej.<\/p>\n<p>Arkadiusz S\u0142omczy\u0144ski<\/p>\n<p>&nbsp;<\/p>\n","protected":false},"excerpt":{"rendered":"<p>Pierwsze filmy dokumentalne Susan Sontag i jej realizacje fabularne zostan\u0105 przedstawione publiczno\u015bci w Polsce. Pierwsza w historii tak bogata retrospektywa uznanej ameryka\u0144skiej eseistki i ikony popkultury odb\u0119dzie si\u0119 w maju&hellip;<\/p>\n","protected":false},"author":3,"featured_media":6509,"comment_status":"closed","ping_status":"open","sticky":false,"template":"","format":"standard","meta":{"_mi_skip_tracking":false,"footnotes":""},"categories":[50],"tags":[],"class_list":["post-6508","post","type-post","status-publish","format-standard","has-post-thumbnail","hentry","category-kultura"],"yoast_head":"<!-- This site is optimized with the Yoast SEO plugin v19.4 - https:\/\/yoast.com\/wordpress\/plugins\/seo\/ -->\n<title>Pierwsza retrospektywa film\u00f3w Susan Sontag - Godno\u015b\u0107 - DignityNews.eu<\/title>\n<meta name=\"robots\" content=\"index, follow, max-snippet:-1, max-image-preview:large, max-video-preview:-1\" \/>\n<link rel=\"canonical\" href=\"https:\/\/dignitynews.eu\/pl\/pierwsza-retrospektywa-filmow-susan-sontag\/\" \/>\n<meta property=\"og:locale\" content=\"pl_PL\" \/>\n<meta property=\"og:type\" content=\"article\" \/>\n<meta property=\"og:title\" content=\"Pierwsza retrospektywa film\u00f3w Susan Sontag - Godno\u015b\u0107 - DignityNews.eu\" \/>\n<meta property=\"og:description\" content=\"Pierwsze filmy dokumentalne Susan Sontag i jej realizacje fabularne zostan\u0105 przedstawione publiczno\u015bci w Polsce. Pierwsza w historii tak bogata retrospektywa uznanej ameryka\u0144skiej eseistki i ikony popkultury odb\u0119dzie si\u0119 w maju&hellip;\" \/>\n<meta property=\"og:url\" content=\"https:\/\/dignitynews.eu\/pl\/pierwsza-retrospektywa-filmow-susan-sontag\/\" \/>\n<meta property=\"og:site_name\" content=\"Godno\u015b\u0107 - DignityNews.eu\" \/>\n<meta property=\"article:published_time\" content=\"2022-02-08T11:17:58+00:00\" \/>\n<meta property=\"og:image\" content=\"https:\/\/dignitynews.eu\/wp-content\/uploads\/2022\/02\/Susan-Sontag-retrospektywa-fot.-EAST-NEWS.jpg\" \/>\n\t<meta property=\"og:image:width\" content=\"1500\" \/>\n\t<meta property=\"og:image:height\" content=\"1193\" \/>\n\t<meta property=\"og:image:type\" content=\"image\/jpeg\" \/>\n<meta name=\"author\" content=\"DignityNews.eu\" \/>\n<meta name=\"twitter:card\" content=\"summary_large_image\" \/>\n<meta name=\"twitter:label1\" content=\"Napisane przez\" \/>\n\t<meta name=\"twitter:data1\" content=\"DignityNews.eu\" \/>\n\t<meta name=\"twitter:label2\" content=\"Szacowany czas czytania\" \/>\n\t<meta name=\"twitter:data2\" content=\"2 minuty\" \/>\n<script type=\"application\/ld+json\" class=\"yoast-schema-graph\">{\"@context\":\"https:\/\/schema.org\",\"@graph\":[{\"@type\":\"WebSite\",\"@id\":\"https:\/\/dignitynews.eu\/pl\/#website\",\"url\":\"https:\/\/dignitynews.eu\/pl\/\",\"name\":\"Godno\u015b\u0107 - DignityNews.eu\",\"description\":\"\",\"potentialAction\":[{\"@type\":\"SearchAction\",\"target\":{\"@type\":\"EntryPoint\",\"urlTemplate\":\"https:\/\/dignitynews.eu\/pl\/?s={search_term_string}\"},\"query-input\":\"required name=search_term_string\"}],\"inLanguage\":\"pl-PL\"},{\"@type\":\"WebPage\",\"@id\":\"https:\/\/dignitynews.eu\/pl\/pierwsza-retrospektywa-filmow-susan-sontag\/\",\"url\":\"https:\/\/dignitynews.eu\/pl\/pierwsza-retrospektywa-filmow-susan-sontag\/\",\"name\":\"Pierwsza retrospektywa film\u00f3w Susan Sontag - Godno\u015b\u0107 - DignityNews.eu\",\"isPartOf\":{\"@id\":\"https:\/\/dignitynews.eu\/pl\/#website\"},\"datePublished\":\"2022-02-08T11:17:58+00:00\",\"dateModified\":\"2022-02-08T11:17:58+00:00\",\"author\":{\"@id\":\"https:\/\/dignitynews.eu\/pl\/#\/schema\/person\/4d8f570a0fd5c310685d78d9e520982c\"},\"breadcrumb\":{\"@id\":\"https:\/\/dignitynews.eu\/pl\/pierwsza-retrospektywa-filmow-susan-sontag\/#breadcrumb\"},\"inLanguage\":\"pl-PL\",\"potentialAction\":[{\"@type\":\"ReadAction\",\"target\":[\"https:\/\/dignitynews.eu\/pl\/pierwsza-retrospektywa-filmow-susan-sontag\/\"]}]},{\"@type\":\"BreadcrumbList\",\"@id\":\"https:\/\/dignitynews.eu\/pl\/pierwsza-retrospektywa-filmow-susan-sontag\/#breadcrumb\",\"itemListElement\":[{\"@type\":\"ListItem\",\"position\":1,\"name\":\"Strona g\u0142\u00f3wna\",\"item\":\"https:\/\/dignitynews.eu\/pl\/\"},{\"@type\":\"ListItem\",\"position\":2,\"name\":\"Pierwsza retrospektywa film\u00f3w Susan Sontag\"}]},{\"@type\":\"Person\",\"@id\":\"https:\/\/dignitynews.eu\/pl\/#\/schema\/person\/4d8f570a0fd5c310685d78d9e520982c\",\"name\":\"DignityNews.eu\",\"image\":{\"@type\":\"ImageObject\",\"inLanguage\":\"pl-PL\",\"@id\":\"https:\/\/dignitynews.eu\/pl\/#\/schema\/person\/image\/\",\"url\":\"https:\/\/secure.gravatar.com\/avatar\/b9fb3aa3cd2d5d3a6d24e67a6b58bc2980bf0c7f7bd3657a6322b8df227da3d9?s=96&d=mm&r=g\",\"contentUrl\":\"https:\/\/secure.gravatar.com\/avatar\/b9fb3aa3cd2d5d3a6d24e67a6b58bc2980bf0c7f7bd3657a6322b8df227da3d9?s=96&d=mm&r=g\",\"caption\":\"DignityNews.eu\"},\"sameAs\":[\"aleksandra\"],\"url\":\"https:\/\/dignitynews.eu\/pl\/author\/aleksandra\/\"}]}<\/script>\n<!-- \/ Yoast SEO plugin. -->","yoast_head_json":{"title":"Pierwsza retrospektywa film\u00f3w Susan Sontag - Godno\u015b\u0107 - DignityNews.eu","robots":{"index":"index","follow":"follow","max-snippet":"max-snippet:-1","max-image-preview":"max-image-preview:large","max-video-preview":"max-video-preview:-1"},"canonical":"https:\/\/dignitynews.eu\/pl\/pierwsza-retrospektywa-filmow-susan-sontag\/","og_locale":"pl_PL","og_type":"article","og_title":"Pierwsza retrospektywa film\u00f3w Susan Sontag - Godno\u015b\u0107 - DignityNews.eu","og_description":"Pierwsze filmy dokumentalne Susan Sontag i jej realizacje fabularne zostan\u0105 przedstawione publiczno\u015bci w Polsce. Pierwsza w historii tak bogata retrospektywa uznanej ameryka\u0144skiej eseistki i ikony popkultury odb\u0119dzie si\u0119 w maju&hellip;","og_url":"https:\/\/dignitynews.eu\/pl\/pierwsza-retrospektywa-filmow-susan-sontag\/","og_site_name":"Godno\u015b\u0107 - DignityNews.eu","article_published_time":"2022-02-08T11:17:58+00:00","og_image":[{"width":1500,"height":1193,"url":"https:\/\/dignitynews.eu\/wp-content\/uploads\/2022\/02\/Susan-Sontag-retrospektywa-fot.-EAST-NEWS.jpg","type":"image\/jpeg"}],"author":"DignityNews.eu","twitter_card":"summary_large_image","twitter_misc":{"Napisane przez":"DignityNews.eu","Szacowany czas czytania":"2 minuty"},"schema":{"@context":"https:\/\/schema.org","@graph":[{"@type":"WebSite","@id":"https:\/\/dignitynews.eu\/pl\/#website","url":"https:\/\/dignitynews.eu\/pl\/","name":"Godno\u015b\u0107 - DignityNews.eu","description":"","potentialAction":[{"@type":"SearchAction","target":{"@type":"EntryPoint","urlTemplate":"https:\/\/dignitynews.eu\/pl\/?s={search_term_string}"},"query-input":"required name=search_term_string"}],"inLanguage":"pl-PL"},{"@type":"WebPage","@id":"https:\/\/dignitynews.eu\/pl\/pierwsza-retrospektywa-filmow-susan-sontag\/","url":"https:\/\/dignitynews.eu\/pl\/pierwsza-retrospektywa-filmow-susan-sontag\/","name":"Pierwsza retrospektywa film\u00f3w Susan Sontag - Godno\u015b\u0107 - DignityNews.eu","isPartOf":{"@id":"https:\/\/dignitynews.eu\/pl\/#website"},"datePublished":"2022-02-08T11:17:58+00:00","dateModified":"2022-02-08T11:17:58+00:00","author":{"@id":"https:\/\/dignitynews.eu\/pl\/#\/schema\/person\/4d8f570a0fd5c310685d78d9e520982c"},"breadcrumb":{"@id":"https:\/\/dignitynews.eu\/pl\/pierwsza-retrospektywa-filmow-susan-sontag\/#breadcrumb"},"inLanguage":"pl-PL","potentialAction":[{"@type":"ReadAction","target":["https:\/\/dignitynews.eu\/pl\/pierwsza-retrospektywa-filmow-susan-sontag\/"]}]},{"@type":"BreadcrumbList","@id":"https:\/\/dignitynews.eu\/pl\/pierwsza-retrospektywa-filmow-susan-sontag\/#breadcrumb","itemListElement":[{"@type":"ListItem","position":1,"name":"Strona g\u0142\u00f3wna","item":"https:\/\/dignitynews.eu\/pl\/"},{"@type":"ListItem","position":2,"name":"Pierwsza retrospektywa film\u00f3w Susan Sontag"}]},{"@type":"Person","@id":"https:\/\/dignitynews.eu\/pl\/#\/schema\/person\/4d8f570a0fd5c310685d78d9e520982c","name":"DignityNews.eu","image":{"@type":"ImageObject","inLanguage":"pl-PL","@id":"https:\/\/dignitynews.eu\/pl\/#\/schema\/person\/image\/","url":"https:\/\/secure.gravatar.com\/avatar\/b9fb3aa3cd2d5d3a6d24e67a6b58bc2980bf0c7f7bd3657a6322b8df227da3d9?s=96&d=mm&r=g","contentUrl":"https:\/\/secure.gravatar.com\/avatar\/b9fb3aa3cd2d5d3a6d24e67a6b58bc2980bf0c7f7bd3657a6322b8df227da3d9?s=96&d=mm&r=g","caption":"DignityNews.eu"},"sameAs":["aleksandra"],"url":"https:\/\/dignitynews.eu\/pl\/author\/aleksandra\/"}]}},"_links":{"self":[{"href":"https:\/\/dignitynews.eu\/pl\/wp-json\/wp\/v2\/posts\/6508","targetHints":{"allow":["GET"]}}],"collection":[{"href":"https:\/\/dignitynews.eu\/pl\/wp-json\/wp\/v2\/posts"}],"about":[{"href":"https:\/\/dignitynews.eu\/pl\/wp-json\/wp\/v2\/types\/post"}],"author":[{"embeddable":true,"href":"https:\/\/dignitynews.eu\/pl\/wp-json\/wp\/v2\/users\/3"}],"replies":[{"embeddable":true,"href":"https:\/\/dignitynews.eu\/pl\/wp-json\/wp\/v2\/comments?post=6508"}],"version-history":[{"count":1,"href":"https:\/\/dignitynews.eu\/pl\/wp-json\/wp\/v2\/posts\/6508\/revisions"}],"predecessor-version":[{"id":6514,"href":"https:\/\/dignitynews.eu\/pl\/wp-json\/wp\/v2\/posts\/6508\/revisions\/6514"}],"wp:featuredmedia":[{"embeddable":true,"href":"https:\/\/dignitynews.eu\/pl\/wp-json\/wp\/v2\/media\/6509"}],"wp:attachment":[{"href":"https:\/\/dignitynews.eu\/pl\/wp-json\/wp\/v2\/media?parent=6508"}],"wp:term":[{"taxonomy":"category","embeddable":true,"href":"https:\/\/dignitynews.eu\/pl\/wp-json\/wp\/v2\/categories?post=6508"},{"taxonomy":"post_tag","embeddable":true,"href":"https:\/\/dignitynews.eu\/pl\/wp-json\/wp\/v2\/tags?post=6508"}],"curies":[{"name":"wp","href":"https:\/\/api.w.org\/{rel}","templated":true}]}}