{"id":6091,"date":"2022-02-03T12:04:52","date_gmt":"2022-02-03T11:04:52","guid":{"rendered":"https:\/\/dignitynews.eu\/?p=6091"},"modified":"2022-02-03T12:04:52","modified_gmt":"2022-02-03T11:04:52","slug":"do-polski-trafi-1-700-zolnierzy-amerykanskiej-82-dywizji-powietrznodesantowej","status":"publish","type":"post","link":"https:\/\/dignitynews.eu\/pl\/do-polski-trafi-1-700-zolnierzy-amerykanskiej-82-dywizji-powietrznodesantowej\/","title":{"rendered":"Do Polski trafi 1\u00a0700 \u017co\u0142nierzy ameryka\u0144skiej 82. Dywizji Powietrznodesantowej"},"content":{"rendered":"<p><b>Zabiegali\u015bmy o dyslokowanie jednostek w Polsce, w regionie, bo tylko taki j\u0119zyk rozumie Moskwa \u2013 powiedzia\u0142 wiceminister spraw zagranicznych Marcin Przydacz na antenie Programu 1 Polskiego Radia, komentuj\u0105c w ten spos\u00f3b decyzj\u0119 prezydenta USA o przerzuceniu do Polski 1\u00a0700 \u017co\u0142nierzy ameryka\u0144skich.<\/b><\/p>\n<p>W \u015brod\u0119 prezydent USA zatwierdzi\u0142 wys\u0142anie dodatkowych si\u0142 do kraj\u00f3w wschodniej flanki NATO.\u00a0Jak przekaza\u0142 John Kirby, rzecznik Pentagonu, do Polski i Niemiec maj\u0105 trafi\u0107 2 tysi\u0105ce \u017co\u0142nierzy (z czego do Polski 1700 z nich). Dodatkowe si\u0142y zostan\u0105 przemieszczone tak\u017ce na teren Rumunii. Do Polski przylec\u0105 \u017co\u0142nierze z 82. Dywizji Powietrznodesantowej Armii USA.<\/p>\n<p>Decyzja o dyslokowaniu tu kolejnych jednostek ameryka\u0144skich jest decyzj\u0105 dobr\u0105, kt\u00f3r\u0105 w Warszawie witamy z zadowoleniem \u2013 powiedzia\u0142 Przydacz.<\/p>\n<p>W\u0142adimir Putin liczy\u0142 na to, \u017ce Stany Zjednoczone po pora\u017cce w Afganistanie i przy wi\u0119kszym zainteresowaniu Tajwanem i Chinami odpuszcz\u0105 wschodni\u0105 flank\u0119 NATO. Rozczarowa\u0142 si\u0119 \u2013 powiedzia\u0142 z kolei w Programie 3 Polskiego Radia by\u0142y dow\u00f3dca jednostki specjalnej GROM gen. dyw. Roman Polko.<\/p>\n<p>Waszyngton nie wyklucza, \u017ce w naszym regionie ulokowane zostan\u0105 kolejne si\u0142y.\u00a0Bia\u0142y Dom potwierdzi\u0142, \u017ce\u00a0Stany Zjednoczone rozmawiaj\u0105 na ten temat z sojusznikami m. in. z Francj\u0105.<\/p>\n<p>Polsko-ameryka\u0144ska wsp\u00f3\u0142praca wojskowa by\u0142a tematem narady wieczorem 2 lutego z udzia\u0142em prezydenta Andrzeja Dudy, premiera Mateusza Morawieckiego i cz\u0142onk\u00f3w rz\u0105du.\u00a0Szef Biura Bezpiecze\u0144stwa Narodowego Pawe\u0142 Soloch m\u00f3wi\u0142, \u017ce wkr\u00f3tce poznamy szczeg\u00f3\u0142y rozlokowania ameryka\u0144skich wojsk w Polsce.<\/p>\n<p>\u017bo\u0142nierze b\u0119d\u0105 w kilku miejscach na kierunku wschodnim, bli\u017cej naszej wschodniej granicy\u00a0\u2013 powiedzia\u0142 szef BBN Polskiemu Radiu. Takie szczeg\u00f3\u0142y techniczne zwi\u0105zane z obs\u0142ug\u0105 tych oddzia\u0142\u00f3w, z zadaniami, jakie b\u0119d\u0105 wykonywa\u0107, s\u0105 jeszcze dopinane ju\u017c w bezpo\u015brednich rozmowach ministerstwa obrony i Pentagonu \u2013 doda\u0142 Pawe\u0142 Soloch.<\/p>\n<p>Adrian Andrzejewski<\/p>\n<p>&nbsp;<\/p>\n","protected":false},"excerpt":{"rendered":"<p>Zabiegali\u015bmy o dyslokowanie jednostek w Polsce, w regionie, bo tylko taki j\u0119zyk rozumie Moskwa \u2013 powiedzia\u0142 wiceminister spraw zagranicznych Marcin Przydacz na antenie Programu 1 Polskiego Radia, komentuj\u0105c w ten&hellip;<\/p>\n","protected":false},"author":3,"featured_media":6094,"comment_status":"closed","ping_status":"open","sticky":false,"template":"","format":"standard","meta":{"_mi_skip_tracking":false,"footnotes":""},"categories":[47],"tags":[],"class_list":["post-6091","post","type-post","status-publish","format-standard","has-post-thumbnail","hentry","category-wydarzenia"],"yoast_head":"<!-- This site is optimized with the Yoast SEO plugin v19.4 - https:\/\/yoast.com\/wordpress\/plugins\/seo\/ -->\n<title>Do Polski trafi 1\u00a0700 \u017co\u0142nierzy ameryka\u0144skiej 82. Dywizji Powietrznodesantowej - Godno\u015b\u0107 - DignityNews.eu<\/title>\n<meta name=\"robots\" content=\"index, follow, max-snippet:-1, max-image-preview:large, max-video-preview:-1\" \/>\n<link rel=\"canonical\" href=\"https:\/\/dignitynews.eu\/pl\/do-polski-trafi-1-700-zolnierzy-amerykanskiej-82-dywizji-powietrznodesantowej\/\" \/>\n<meta property=\"og:locale\" content=\"pl_PL\" \/>\n<meta property=\"og:type\" content=\"article\" \/>\n<meta property=\"og:title\" content=\"Do Polski trafi 1\u00a0700 \u017co\u0142nierzy ameryka\u0144skiej 82. Dywizji Powietrznodesantowej - Godno\u015b\u0107 - DignityNews.eu\" \/>\n<meta property=\"og:description\" content=\"Zabiegali\u015bmy o dyslokowanie jednostek w Polsce, w regionie, bo tylko taki j\u0119zyk rozumie Moskwa \u2013 powiedzia\u0142 wiceminister spraw zagranicznych Marcin Przydacz na antenie Programu 1 Polskiego Radia, komentuj\u0105c w ten&hellip;\" \/>\n<meta property=\"og:url\" content=\"https:\/\/dignitynews.eu\/pl\/do-polski-trafi-1-700-zolnierzy-amerykanskiej-82-dywizji-powietrznodesantowej\/\" \/>\n<meta property=\"og:site_name\" content=\"Godno\u015b\u0107 - DignityNews.eu\" \/>\n<meta property=\"article:published_time\" content=\"2022-02-03T11:04:52+00:00\" \/>\n<meta property=\"og:image\" content=\"https:\/\/dignitynews.eu\/wp-content\/uploads\/2022\/02\/82-powietznodesantowa-usa-fot.-Gerard-Reporter.jpg\" \/>\n\t<meta property=\"og:image:width\" content=\"1500\" \/>\n\t<meta property=\"og:image:height\" content=\"998\" \/>\n\t<meta property=\"og:image:type\" content=\"image\/jpeg\" \/>\n<meta name=\"author\" content=\"DignityNews.eu\" \/>\n<meta name=\"twitter:card\" content=\"summary_large_image\" \/>\n<meta name=\"twitter:label1\" content=\"Napisane przez\" \/>\n\t<meta name=\"twitter:data1\" content=\"DignityNews.eu\" \/>\n\t<meta name=\"twitter:label2\" content=\"Szacowany czas czytania\" \/>\n\t<meta name=\"twitter:data2\" content=\"1 minuta\" \/>\n<script type=\"application\/ld+json\" class=\"yoast-schema-graph\">{\"@context\":\"https:\/\/schema.org\",\"@graph\":[{\"@type\":\"WebSite\",\"@id\":\"https:\/\/dignitynews.eu\/pl\/#website\",\"url\":\"https:\/\/dignitynews.eu\/pl\/\",\"name\":\"Godno\u015b\u0107 - DignityNews.eu\",\"description\":\"\",\"potentialAction\":[{\"@type\":\"SearchAction\",\"target\":{\"@type\":\"EntryPoint\",\"urlTemplate\":\"https:\/\/dignitynews.eu\/pl\/?s={search_term_string}\"},\"query-input\":\"required name=search_term_string\"}],\"inLanguage\":\"pl-PL\"},{\"@type\":\"WebPage\",\"@id\":\"https:\/\/dignitynews.eu\/pl\/do-polski-trafi-1-700-zolnierzy-amerykanskiej-82-dywizji-powietrznodesantowej\/\",\"url\":\"https:\/\/dignitynews.eu\/pl\/do-polski-trafi-1-700-zolnierzy-amerykanskiej-82-dywizji-powietrznodesantowej\/\",\"name\":\"Do Polski trafi 1\u00a0700 \u017co\u0142nierzy ameryka\u0144skiej 82. Dywizji Powietrznodesantowej - Godno\u015b\u0107 - DignityNews.eu\",\"isPartOf\":{\"@id\":\"https:\/\/dignitynews.eu\/pl\/#website\"},\"datePublished\":\"2022-02-03T11:04:52+00:00\",\"dateModified\":\"2022-02-03T11:04:52+00:00\",\"author\":{\"@id\":\"https:\/\/dignitynews.eu\/pl\/#\/schema\/person\/4d8f570a0fd5c310685d78d9e520982c\"},\"breadcrumb\":{\"@id\":\"https:\/\/dignitynews.eu\/pl\/do-polski-trafi-1-700-zolnierzy-amerykanskiej-82-dywizji-powietrznodesantowej\/#breadcrumb\"},\"inLanguage\":\"pl-PL\",\"potentialAction\":[{\"@type\":\"ReadAction\",\"target\":[\"https:\/\/dignitynews.eu\/pl\/do-polski-trafi-1-700-zolnierzy-amerykanskiej-82-dywizji-powietrznodesantowej\/\"]}]},{\"@type\":\"BreadcrumbList\",\"@id\":\"https:\/\/dignitynews.eu\/pl\/do-polski-trafi-1-700-zolnierzy-amerykanskiej-82-dywizji-powietrznodesantowej\/#breadcrumb\",\"itemListElement\":[{\"@type\":\"ListItem\",\"position\":1,\"name\":\"Strona g\u0142\u00f3wna\",\"item\":\"https:\/\/dignitynews.eu\/pl\/\"},{\"@type\":\"ListItem\",\"position\":2,\"name\":\"Do Polski trafi 1\u00a0700 \u017co\u0142nierzy ameryka\u0144skiej 82. Dywizji Powietrznodesantowej\"}]},{\"@type\":\"Person\",\"@id\":\"https:\/\/dignitynews.eu\/pl\/#\/schema\/person\/4d8f570a0fd5c310685d78d9e520982c\",\"name\":\"DignityNews.eu\",\"image\":{\"@type\":\"ImageObject\",\"inLanguage\":\"pl-PL\",\"@id\":\"https:\/\/dignitynews.eu\/pl\/#\/schema\/person\/image\/\",\"url\":\"https:\/\/secure.gravatar.com\/avatar\/b9fb3aa3cd2d5d3a6d24e67a6b58bc2980bf0c7f7bd3657a6322b8df227da3d9?s=96&d=mm&r=g\",\"contentUrl\":\"https:\/\/secure.gravatar.com\/avatar\/b9fb3aa3cd2d5d3a6d24e67a6b58bc2980bf0c7f7bd3657a6322b8df227da3d9?s=96&d=mm&r=g\",\"caption\":\"DignityNews.eu\"},\"sameAs\":[\"aleksandra\"],\"url\":\"https:\/\/dignitynews.eu\/pl\/author\/aleksandra\/\"}]}<\/script>\n<!-- \/ Yoast SEO plugin. -->","yoast_head_json":{"title":"Do Polski trafi 1\u00a0700 \u017co\u0142nierzy ameryka\u0144skiej 82. Dywizji Powietrznodesantowej - Godno\u015b\u0107 - DignityNews.eu","robots":{"index":"index","follow":"follow","max-snippet":"max-snippet:-1","max-image-preview":"max-image-preview:large","max-video-preview":"max-video-preview:-1"},"canonical":"https:\/\/dignitynews.eu\/pl\/do-polski-trafi-1-700-zolnierzy-amerykanskiej-82-dywizji-powietrznodesantowej\/","og_locale":"pl_PL","og_type":"article","og_title":"Do Polski trafi 1\u00a0700 \u017co\u0142nierzy ameryka\u0144skiej 82. Dywizji Powietrznodesantowej - Godno\u015b\u0107 - DignityNews.eu","og_description":"Zabiegali\u015bmy o dyslokowanie jednostek w Polsce, w regionie, bo tylko taki j\u0119zyk rozumie Moskwa \u2013 powiedzia\u0142 wiceminister spraw zagranicznych Marcin Przydacz na antenie Programu 1 Polskiego Radia, komentuj\u0105c w ten&hellip;","og_url":"https:\/\/dignitynews.eu\/pl\/do-polski-trafi-1-700-zolnierzy-amerykanskiej-82-dywizji-powietrznodesantowej\/","og_site_name":"Godno\u015b\u0107 - DignityNews.eu","article_published_time":"2022-02-03T11:04:52+00:00","og_image":[{"width":1500,"height":998,"url":"https:\/\/dignitynews.eu\/wp-content\/uploads\/2022\/02\/82-powietznodesantowa-usa-fot.-Gerard-Reporter.jpg","type":"image\/jpeg"}],"author":"DignityNews.eu","twitter_card":"summary_large_image","twitter_misc":{"Napisane przez":"DignityNews.eu","Szacowany czas czytania":"1 minuta"},"schema":{"@context":"https:\/\/schema.org","@graph":[{"@type":"WebSite","@id":"https:\/\/dignitynews.eu\/pl\/#website","url":"https:\/\/dignitynews.eu\/pl\/","name":"Godno\u015b\u0107 - DignityNews.eu","description":"","potentialAction":[{"@type":"SearchAction","target":{"@type":"EntryPoint","urlTemplate":"https:\/\/dignitynews.eu\/pl\/?s={search_term_string}"},"query-input":"required name=search_term_string"}],"inLanguage":"pl-PL"},{"@type":"WebPage","@id":"https:\/\/dignitynews.eu\/pl\/do-polski-trafi-1-700-zolnierzy-amerykanskiej-82-dywizji-powietrznodesantowej\/","url":"https:\/\/dignitynews.eu\/pl\/do-polski-trafi-1-700-zolnierzy-amerykanskiej-82-dywizji-powietrznodesantowej\/","name":"Do Polski trafi 1\u00a0700 \u017co\u0142nierzy ameryka\u0144skiej 82. Dywizji Powietrznodesantowej - Godno\u015b\u0107 - DignityNews.eu","isPartOf":{"@id":"https:\/\/dignitynews.eu\/pl\/#website"},"datePublished":"2022-02-03T11:04:52+00:00","dateModified":"2022-02-03T11:04:52+00:00","author":{"@id":"https:\/\/dignitynews.eu\/pl\/#\/schema\/person\/4d8f570a0fd5c310685d78d9e520982c"},"breadcrumb":{"@id":"https:\/\/dignitynews.eu\/pl\/do-polski-trafi-1-700-zolnierzy-amerykanskiej-82-dywizji-powietrznodesantowej\/#breadcrumb"},"inLanguage":"pl-PL","potentialAction":[{"@type":"ReadAction","target":["https:\/\/dignitynews.eu\/pl\/do-polski-trafi-1-700-zolnierzy-amerykanskiej-82-dywizji-powietrznodesantowej\/"]}]},{"@type":"BreadcrumbList","@id":"https:\/\/dignitynews.eu\/pl\/do-polski-trafi-1-700-zolnierzy-amerykanskiej-82-dywizji-powietrznodesantowej\/#breadcrumb","itemListElement":[{"@type":"ListItem","position":1,"name":"Strona g\u0142\u00f3wna","item":"https:\/\/dignitynews.eu\/pl\/"},{"@type":"ListItem","position":2,"name":"Do Polski trafi 1\u00a0700 \u017co\u0142nierzy ameryka\u0144skiej 82. Dywizji Powietrznodesantowej"}]},{"@type":"Person","@id":"https:\/\/dignitynews.eu\/pl\/#\/schema\/person\/4d8f570a0fd5c310685d78d9e520982c","name":"DignityNews.eu","image":{"@type":"ImageObject","inLanguage":"pl-PL","@id":"https:\/\/dignitynews.eu\/pl\/#\/schema\/person\/image\/","url":"https:\/\/secure.gravatar.com\/avatar\/b9fb3aa3cd2d5d3a6d24e67a6b58bc2980bf0c7f7bd3657a6322b8df227da3d9?s=96&d=mm&r=g","contentUrl":"https:\/\/secure.gravatar.com\/avatar\/b9fb3aa3cd2d5d3a6d24e67a6b58bc2980bf0c7f7bd3657a6322b8df227da3d9?s=96&d=mm&r=g","caption":"DignityNews.eu"},"sameAs":["aleksandra"],"url":"https:\/\/dignitynews.eu\/pl\/author\/aleksandra\/"}]}},"_links":{"self":[{"href":"https:\/\/dignitynews.eu\/pl\/wp-json\/wp\/v2\/posts\/6091","targetHints":{"allow":["GET"]}}],"collection":[{"href":"https:\/\/dignitynews.eu\/pl\/wp-json\/wp\/v2\/posts"}],"about":[{"href":"https:\/\/dignitynews.eu\/pl\/wp-json\/wp\/v2\/types\/post"}],"author":[{"embeddable":true,"href":"https:\/\/dignitynews.eu\/pl\/wp-json\/wp\/v2\/users\/3"}],"replies":[{"embeddable":true,"href":"https:\/\/dignitynews.eu\/pl\/wp-json\/wp\/v2\/comments?post=6091"}],"version-history":[{"count":1,"href":"https:\/\/dignitynews.eu\/pl\/wp-json\/wp\/v2\/posts\/6091\/revisions"}],"predecessor-version":[{"id":6092,"href":"https:\/\/dignitynews.eu\/pl\/wp-json\/wp\/v2\/posts\/6091\/revisions\/6092"}],"wp:featuredmedia":[{"embeddable":true,"href":"https:\/\/dignitynews.eu\/pl\/wp-json\/wp\/v2\/media\/6094"}],"wp:attachment":[{"href":"https:\/\/dignitynews.eu\/pl\/wp-json\/wp\/v2\/media?parent=6091"}],"wp:term":[{"taxonomy":"category","embeddable":true,"href":"https:\/\/dignitynews.eu\/pl\/wp-json\/wp\/v2\/categories?post=6091"},{"taxonomy":"post_tag","embeddable":true,"href":"https:\/\/dignitynews.eu\/pl\/wp-json\/wp\/v2\/tags?post=6091"}],"curies":[{"name":"wp","href":"https:\/\/api.w.org\/{rel}","templated":true}]}}