{"id":59654,"date":"2024-03-16T14:19:37","date_gmt":"2024-03-16T13:19:37","guid":{"rendered":"https:\/\/dignitynews.eu\/?p=59654"},"modified":"2024-10-14T02:47:13","modified_gmt":"2024-10-14T00:47:13","slug":"pawel-suzin-partyzant-1863-roku","status":"publish","type":"post","link":"https:\/\/dignitynews.eu\/pl\/pawel-suzin-partyzant-1863-roku\/","title":{"rendered":"Pawe\u0142 Suzin \u2013 partyzant 1863 roku"},"content":{"rendered":"<h5><strong>Wybitna polska pisarka Maria Konopnicka po\u015bwi\u0119ci\u0142a Paw\u0142owi Suzinowi jedn\u0105 ze swoich nowel. \u201eJak Suzin zgin\u0105\u0142\u201d opowiada o m\u0119stwie i walce oraz patriotyzmie\u00a0 dow\u00f3dcy jednego z oddzia\u0142\u00f3w powstania styczniowego. Kim by\u0142a ta dzi\u015b nieco zapomniana posta\u0107?<\/strong><\/h5>\n<p>Pawe\u0142 Suzin pochodzi\u0142 z tej samej rodziny co Adam Suzin, kt\u00f3ry zosta\u0142 uwieczniony przez Adama Mickiewicza w III cz\u0119\u015bci \u201eDziad\u00f3w\u201d. Urodzi\u0142 si\u0119 w 1837 lub 1839 r. w Orenburgu nad rzek\u0105 Ural. Jego ojciec, Kajetan, zosta\u0142 zes\u0142any na Syberi\u0119, prawdopodobnie za udzia\u0142 w postaniu listopadowym. Matka Paw\u0142a by\u0142a Rosjank\u0105, lecz wedle niekt\u00f3rych przekaz\u00f3w mia\u0142a by\u0107 Arabk\u0105.<\/p>\n<p>W wieku 7 lat Pawe\u0142 zosta\u0142 sierot\u0105 \u2013 najpierw przedwcze\u015bnie zmar\u0142a jego matka, a nast\u0119pnie ojciec. Ch\u0142opcem zaopiekowa\u0142 si\u0119 gubernator Orenburga, kt\u00f3ry odda\u0142 go do petersburskiego korpusu kadet\u00f3w. Uko\u0144czy\u0142 j\u0105 jako 18-letni chor\u0105\u017cy i rozpocz\u0105\u0142 s\u0142u\u017cb\u0119 w armii rosyjskiej.<\/p>\n<p>W 1859 r. Pawe\u0142 zosta\u0142 przeniesiony wraz z pu\u0142kiem na Litw\u0119. Pobyt na ziemi litewskiej u\u015bwiadomi\u0142 mu jego polskie pochodzenie. Wychowany w otoczeniu rosyjskim, wcze\u015bnie osierocony m\u0142ody m\u0119\u017cczyzna pod wp\u0142ywem rozm\u00f3w z Polakami, kt\u00f3rzy pami\u0119tali jego ojca, poznawa\u0142 histori\u0119 Polski i jej mieszka\u0144c\u00f3w. W ten spos\u00f3b zacz\u0105\u0142 si\u0119 proces jego reedukacji narodowej.<\/p>\n<p>W tym okresie Pawe\u0142 zosta\u0142 korespondentem \u201eKo\u0142ako\u0142a\u201d \u2013 rosyjskiego pisma, wydawanego w Londynie przez rewolucjonist\u0119 Aleksandra Hercena. Opisywa\u0142 w nim sytuacj\u0119 polityczn\u0105 na Litwie.<\/p>\n<p>Gdy w 1861 r. rozpocz\u0119\u0142y si\u0119 manifestacje patriotyczno-religijne na Litwie, Suzin w\u0142\u0105czy\u0142 si\u0119 w antycarskie dzia\u0142ania. Wydarzenia te poprzedzi\u0142y wybuch powstania, kt\u00f3re nazwano styczniowym. Jego zaanga\u017cowanie w nie by\u0142o tak du\u017ce, \u017ce wzi\u0105\u0142 udzia\u0142 w mundurze rosyjskiego oficera w wielkiej procesji, kt\u00f3ra w rocznic\u0119 Unii Lubelskiej przesz\u0142a po mo\u015bcie z Kowna na teren Kr\u00f3lestwa. Z tego powodu musia\u0142 si\u0119 przez pi\u0119\u0107 miesi\u0119cy ukrywa\u0107.<\/p>\n<p>W styczniu 1862 r. przez Berlin dotar\u0142 do Pary\u017ca, a nast\u0119pnie uda\u0142 si\u0119 do W\u0142och, po czym powr\u00f3ci\u0142 do Pary\u017ca. W tym okresie podj\u0105\u0142 prac\u0119 kre\u015blarza w jednej z paryskich fabryk lokomotyw i wszed\u0142 w zwi\u0105zek ma\u0142\u017ce\u0144ski z Emili\u0105 Ka\u0142u\u017cy\u0144sk\u0105, c\u00f3rk\u0105 emigranta powstania listopadowego.<\/p>\n<p>Tymczasem w Polsce w 1863 r. wybuch\u0142o powstanie. By\u0142o ono skierowane przeciwko zaborcy rosyjskiemu, kt\u00f3ry opanowa\u0142 ziemie polskie, bior\u0105c najpierw udzia\u0142 w rozbiorach pa\u0144stwa polskiego pod koniec XVIII w., a nast\u0119pnie okupuj\u0105c kraj od 1815 r.<\/p>\n<p>Suzin w reakcji na wybuch walk, wst\u0105pi\u0142 w szeregi powsta\u0144c\u00f3w. Pocz\u0105tkowo mia\u0142 du\u017ce problemy, by przedosta\u0107 si\u0119 na ziemie polskie. Po wielu perturbacjach z Kr\u00f3lewca, uda\u0142 si\u0119 na teren guberni augustowskiej, uprzednio przebywszy wp\u0142aw niewielk\u0105 rzeczk\u0119 graniczn\u0105 Szeszup\u0119.<\/p>\n<p>Gdy znalaz\u0142 si\u0119 na miejscu, zacz\u0105\u0142 rozpoznawa\u0107 teren. Szybko okaza\u0142o si\u0119, \u017ce Augustowskie by\u0142o zamieszkane przez ludno\u015b\u0107 reprezentuj\u0105c\u0105 r\u00f3\u017cne narodowo\u015bci. P\u00f3\u0142nocn\u0105 cz\u0119\u015b\u0107 guberni zajmowali g\u0142\u00f3wnie Litwini. Polak\u00f3w by\u0142o tu niewielu; skupili si\u0119 oni g\u0142\u00f3wnie w po\u0142udniowej cz\u0119\u015bci. Tak wi\u0119c powsta\u0144cy operuj\u0105cy na p\u00f3\u0142nocy musieli dzia\u0142a\u0107 w\u015br\u00f3d ludno\u015bci, kt\u00f3r\u0105 najpierw nale\u017ca\u0142o do siebie zjedna\u0107 dla sprawy walki z Rosjanami. Z drugiej strony tereny te obfitowa\u0142y w lasy, kt\u00f3re dawa\u0142y dobre schronienie przed nieprzyjacielem w razie niebezpiecze\u0144stwa, oraz w liczne jeziora i bagna, stanowi\u0105ce pewne utrudnienie dla regularnego wojska. Jednym s\u0142owem Augustowskie stanowi\u0142y niewdzi\u0119czny teatr dzia\u0142a\u0144 dla armii regularnej, powsta\u0144com za\u015b dawa\u0142y wiele mo\u017cliwo\u015bci ukrycia si\u0119 na wypadek trudnej sytuacji.<\/p>\n<p>Suzin zacz\u0105\u0142 swoj\u0105 powsta\u0144cz\u0105 przygod\u0119 od przy\u0142\u0105czenia si\u0119 do grupy ochotnik\u00f3w dzia\u0142aj\u0105cych w lasach powiatu mariampolskiego. Stopniowo do oddzia\u0142u zacz\u0119li nap\u0142ywa\u0107 nowi ochotnicy, g\u0142\u00f3wnie Litwini, a Suzin zosta\u0142 jego dow\u00f3dc\u0105. 150-osobowa grupa by\u0142a pocz\u0105tkowo bardzo s\u0142abo uzbrojona. Cz\u0119\u015b\u0107 broni stanowi\u0142y tylko osadzone na sztorc kosy. Sytuacja poprawi\u0142a si\u0119, gdy w pocz\u0105tkach maja 1863 r. ob\u00f3z odwiedzi\u0142 komisarz Rz\u0105du Narodowego w wojew\u00f3dztwie augustowskim J\u00f3zef Piotrowski.<\/p>\n<p>22 maja oddzia\u0142 Suzina zetkn\u0105\u0142 si\u0119 po raz pierwszy w boju z nieprzyjacielem pod Posz\u0142awantami. Dzie\u0144 p\u00f3\u017aniej dosz\u0142o do regularnej bitwy z Rosjanami pod Balwierzyszkami, w kt\u00f3rej zadano im dotkliwe straty. Nazajutrz Suzin i jego ludzie wkroczyli do miasteczka Olita, gdzie przy\u0142\u0105czyli si\u0119 do niego ochotnicy.<\/p>\n<p>Po wy\u017cej wspomnianych sukcesach Suzin wyznaczy\u0142 nowy cel walki partyzanckiej, tj. przerwanie \u0142\u0105czno\u015bci kolejowej i telegraficznej w p\u00f3\u0142nocnym zak\u0105tku Kr\u00f3lestwa. Sam operowa\u0142 w\u00f3wczas w bliskiej odleg\u0142o\u015bci od granicy pruskiej, nadzoruj\u0105c wysy\u0142ki broni z zagranicy. By\u0142 bardzo popularny \u2013 wsz\u0119dzie gdzie wkracza\u0142, og\u0142asza\u0142 manifesty i dekrety uw\u0142aszczeniowe Rz\u0105du Narodowego.<\/p>\n<p>Niestety, w kolejnym wielkim starciu z wrogiem Suzin poni\u00f3s\u0142 dotkliwe straty. On i wielu jego ludzi poleg\u0142o 21 czerwca pod Staciszkami. Dow\u00f3dca zmar\u0142 na polu bitwy na r\u0119kach swoich adiutant\u00f3w. Niedobitki powsta\u0144c\u00f3w przesz\u0142y do powiatu sejne\u0144skiego.<\/p>\n<p>Posta\u0107 Suzina przesz\u0142a do miejscowej legendy. Mieszka\u0144cy tych teren\u00f3w i powsta\u0144cy zapami\u0119tali go jako cz\u0142owieka, kt\u00f3ry rozumia\u0142 sprawy ludu. W manifestacyjnym pogrzebie, kt\u00f3ry odby\u0142 si\u0119 w Sejnach, uczestniczyli niemal wszyscy mieszka\u0144cy miasteczka i okolic.<\/p>\n<p>Historycy twierdz\u0105, \u017ce \u015bmier\u0107 Suzina by\u0142a dotkliw\u0105 start\u0105 dla tutejszego powstania, w momencie gdy zacz\u0119\u0142o ono wchodzi\u0107 w faz\u0119 najwi\u0119kszego rozwoju.<\/p>\n","protected":false},"excerpt":{"rendered":"<p>Wybitna polska pisarka Maria Konopnicka po\u015bwi\u0119ci\u0142a Paw\u0142owi Suzinowi jedn\u0105 ze swoich nowel. \u201eJak Suzin zgin\u0105\u0142\u201d opowiada o m\u0119stwie i walce oraz patriotyzmie\u00a0 dow\u00f3dcy jednego z oddzia\u0142\u00f3w powstania styczniowego. Kim by\u0142a&hellip;<\/p>\n","protected":false},"author":7,"featured_media":59655,"comment_status":"closed","ping_status":"open","sticky":false,"template":"","format":"standard","meta":{"_mi_skip_tracking":false,"footnotes":""},"categories":[46],"tags":[],"class_list":["post-59654","post","type-post","status-publish","format-standard","has-post-thumbnail","hentry","category-historia"],"yoast_head":"<!-- This site is optimized with the Yoast SEO plugin v19.4 - https:\/\/yoast.com\/wordpress\/plugins\/seo\/ -->\n<title>Pawe\u0142 Suzin \u2013 partyzant 1863 roku - Godno\u015b\u0107 - DignityNews.eu<\/title>\n<meta name=\"robots\" content=\"index, follow, max-snippet:-1, max-image-preview:large, max-video-preview:-1\" \/>\n<link rel=\"canonical\" href=\"https:\/\/dignitynews.eu\/pl\/pawel-suzin-partyzant-1863-roku\/\" \/>\n<meta property=\"og:locale\" content=\"pl_PL\" \/>\n<meta property=\"og:type\" content=\"article\" \/>\n<meta property=\"og:title\" content=\"Pawe\u0142 Suzin \u2013 partyzant 1863 roku - Godno\u015b\u0107 - DignityNews.eu\" \/>\n<meta property=\"og:description\" content=\"Wybitna polska pisarka Maria Konopnicka po\u015bwi\u0119ci\u0142a Paw\u0142owi Suzinowi jedn\u0105 ze swoich nowel. \u201eJak Suzin zgin\u0105\u0142\u201d opowiada o m\u0119stwie i walce oraz patriotyzmie\u00a0 dow\u00f3dcy jednego z oddzia\u0142\u00f3w powstania styczniowego. Kim by\u0142a&hellip;\" \/>\n<meta property=\"og:url\" content=\"https:\/\/dignitynews.eu\/pl\/pawel-suzin-partyzant-1863-roku\/\" \/>\n<meta property=\"og:site_name\" content=\"Godno\u015b\u0107 - DignityNews.eu\" \/>\n<meta property=\"article:published_time\" content=\"2024-03-16T13:19:37+00:00\" \/>\n<meta property=\"article:modified_time\" content=\"2024-10-14T00:47:13+00:00\" \/>\n<meta property=\"og:image\" content=\"https:\/\/dignitynews.eu\/wp-content\/uploads\/2024\/10\/Jan_Matejko_-_Polonia_1863_Poland_Enchained_-_MNK_XII-453_-_National_Museum_KrakAlw-scaled.jpg\" \/>\n\t<meta property=\"og:image:width\" content=\"2560\" \/>\n\t<meta property=\"og:image:height\" content=\"1731\" \/>\n\t<meta property=\"og:image:type\" content=\"image\/jpeg\" \/>\n<meta name=\"author\" content=\"Dignity News\" \/>\n<meta name=\"twitter:card\" content=\"summary_large_image\" \/>\n<meta name=\"twitter:label1\" content=\"Napisane przez\" \/>\n\t<meta name=\"twitter:data1\" content=\"Dignity News\" \/>\n\t<meta name=\"twitter:label2\" content=\"Szacowany czas czytania\" \/>\n\t<meta name=\"twitter:data2\" content=\"5 minut\" \/>\n<script type=\"application\/ld+json\" class=\"yoast-schema-graph\">{\"@context\":\"https:\/\/schema.org\",\"@graph\":[{\"@type\":\"WebSite\",\"@id\":\"https:\/\/dignitynews.eu\/pl\/#website\",\"url\":\"https:\/\/dignitynews.eu\/pl\/\",\"name\":\"Godno\u015b\u0107 - DignityNews.eu\",\"description\":\"\",\"potentialAction\":[{\"@type\":\"SearchAction\",\"target\":{\"@type\":\"EntryPoint\",\"urlTemplate\":\"https:\/\/dignitynews.eu\/pl\/?s={search_term_string}\"},\"query-input\":\"required name=search_term_string\"}],\"inLanguage\":\"pl-PL\"},{\"@type\":\"WebPage\",\"@id\":\"https:\/\/dignitynews.eu\/pl\/pawel-suzin-partyzant-1863-roku\/\",\"url\":\"https:\/\/dignitynews.eu\/pl\/pawel-suzin-partyzant-1863-roku\/\",\"name\":\"Pawe\u0142 Suzin \u2013 partyzant 1863 roku - Godno\u015b\u0107 - DignityNews.eu\",\"isPartOf\":{\"@id\":\"https:\/\/dignitynews.eu\/pl\/#website\"},\"datePublished\":\"2024-03-16T13:19:37+00:00\",\"dateModified\":\"2024-10-14T00:47:13+00:00\",\"author\":{\"@id\":\"https:\/\/dignitynews.eu\/pl\/#\/schema\/person\/0b62b762b8174802fabc81a3ecb1bfcb\"},\"breadcrumb\":{\"@id\":\"https:\/\/dignitynews.eu\/pl\/pawel-suzin-partyzant-1863-roku\/#breadcrumb\"},\"inLanguage\":\"pl-PL\",\"potentialAction\":[{\"@type\":\"ReadAction\",\"target\":[\"https:\/\/dignitynews.eu\/pl\/pawel-suzin-partyzant-1863-roku\/\"]}]},{\"@type\":\"BreadcrumbList\",\"@id\":\"https:\/\/dignitynews.eu\/pl\/pawel-suzin-partyzant-1863-roku\/#breadcrumb\",\"itemListElement\":[{\"@type\":\"ListItem\",\"position\":1,\"name\":\"Strona g\u0142\u00f3wna\",\"item\":\"https:\/\/dignitynews.eu\/pl\/\"},{\"@type\":\"ListItem\",\"position\":2,\"name\":\"Pawe\u0142 Suzin \u2013 partyzant 1863 roku\"}]},{\"@type\":\"Person\",\"@id\":\"https:\/\/dignitynews.eu\/pl\/#\/schema\/person\/0b62b762b8174802fabc81a3ecb1bfcb\",\"name\":\"Dignity News\",\"image\":{\"@type\":\"ImageObject\",\"inLanguage\":\"pl-PL\",\"@id\":\"https:\/\/dignitynews.eu\/pl\/#\/schema\/person\/image\/\",\"url\":\"https:\/\/secure.gravatar.com\/avatar\/97963171a6d9108f8381bbefb1c6b150c445b6ddd9e3077b96c86cf5892c85dc?s=96&d=mm&r=g\",\"contentUrl\":\"https:\/\/secure.gravatar.com\/avatar\/97963171a6d9108f8381bbefb1c6b150c445b6ddd9e3077b96c86cf5892c85dc?s=96&d=mm&r=g\",\"caption\":\"Dignity News\"},\"url\":\"https:\/\/dignitynews.eu\/pl\/author\/mikolaj-palade\/\"}]}<\/script>\n<!-- \/ Yoast SEO plugin. -->","yoast_head_json":{"title":"Pawe\u0142 Suzin \u2013 partyzant 1863 roku - Godno\u015b\u0107 - DignityNews.eu","robots":{"index":"index","follow":"follow","max-snippet":"max-snippet:-1","max-image-preview":"max-image-preview:large","max-video-preview":"max-video-preview:-1"},"canonical":"https:\/\/dignitynews.eu\/pl\/pawel-suzin-partyzant-1863-roku\/","og_locale":"pl_PL","og_type":"article","og_title":"Pawe\u0142 Suzin \u2013 partyzant 1863 roku - Godno\u015b\u0107 - DignityNews.eu","og_description":"Wybitna polska pisarka Maria Konopnicka po\u015bwi\u0119ci\u0142a Paw\u0142owi Suzinowi jedn\u0105 ze swoich nowel. \u201eJak Suzin zgin\u0105\u0142\u201d opowiada o m\u0119stwie i walce oraz patriotyzmie\u00a0 dow\u00f3dcy jednego z oddzia\u0142\u00f3w powstania styczniowego. Kim by\u0142a&hellip;","og_url":"https:\/\/dignitynews.eu\/pl\/pawel-suzin-partyzant-1863-roku\/","og_site_name":"Godno\u015b\u0107 - DignityNews.eu","article_published_time":"2024-03-16T13:19:37+00:00","article_modified_time":"2024-10-14T00:47:13+00:00","og_image":[{"width":2560,"height":1731,"url":"https:\/\/dignitynews.eu\/wp-content\/uploads\/2024\/10\/Jan_Matejko_-_Polonia_1863_Poland_Enchained_-_MNK_XII-453_-_National_Museum_KrakAlw-scaled.jpg","type":"image\/jpeg"}],"author":"Dignity News","twitter_card":"summary_large_image","twitter_misc":{"Napisane przez":"Dignity News","Szacowany czas czytania":"5 minut"},"schema":{"@context":"https:\/\/schema.org","@graph":[{"@type":"WebSite","@id":"https:\/\/dignitynews.eu\/pl\/#website","url":"https:\/\/dignitynews.eu\/pl\/","name":"Godno\u015b\u0107 - DignityNews.eu","description":"","potentialAction":[{"@type":"SearchAction","target":{"@type":"EntryPoint","urlTemplate":"https:\/\/dignitynews.eu\/pl\/?s={search_term_string}"},"query-input":"required name=search_term_string"}],"inLanguage":"pl-PL"},{"@type":"WebPage","@id":"https:\/\/dignitynews.eu\/pl\/pawel-suzin-partyzant-1863-roku\/","url":"https:\/\/dignitynews.eu\/pl\/pawel-suzin-partyzant-1863-roku\/","name":"Pawe\u0142 Suzin \u2013 partyzant 1863 roku - Godno\u015b\u0107 - DignityNews.eu","isPartOf":{"@id":"https:\/\/dignitynews.eu\/pl\/#website"},"datePublished":"2024-03-16T13:19:37+00:00","dateModified":"2024-10-14T00:47:13+00:00","author":{"@id":"https:\/\/dignitynews.eu\/pl\/#\/schema\/person\/0b62b762b8174802fabc81a3ecb1bfcb"},"breadcrumb":{"@id":"https:\/\/dignitynews.eu\/pl\/pawel-suzin-partyzant-1863-roku\/#breadcrumb"},"inLanguage":"pl-PL","potentialAction":[{"@type":"ReadAction","target":["https:\/\/dignitynews.eu\/pl\/pawel-suzin-partyzant-1863-roku\/"]}]},{"@type":"BreadcrumbList","@id":"https:\/\/dignitynews.eu\/pl\/pawel-suzin-partyzant-1863-roku\/#breadcrumb","itemListElement":[{"@type":"ListItem","position":1,"name":"Strona g\u0142\u00f3wna","item":"https:\/\/dignitynews.eu\/pl\/"},{"@type":"ListItem","position":2,"name":"Pawe\u0142 Suzin \u2013 partyzant 1863 roku"}]},{"@type":"Person","@id":"https:\/\/dignitynews.eu\/pl\/#\/schema\/person\/0b62b762b8174802fabc81a3ecb1bfcb","name":"Dignity News","image":{"@type":"ImageObject","inLanguage":"pl-PL","@id":"https:\/\/dignitynews.eu\/pl\/#\/schema\/person\/image\/","url":"https:\/\/secure.gravatar.com\/avatar\/97963171a6d9108f8381bbefb1c6b150c445b6ddd9e3077b96c86cf5892c85dc?s=96&d=mm&r=g","contentUrl":"https:\/\/secure.gravatar.com\/avatar\/97963171a6d9108f8381bbefb1c6b150c445b6ddd9e3077b96c86cf5892c85dc?s=96&d=mm&r=g","caption":"Dignity News"},"url":"https:\/\/dignitynews.eu\/pl\/author\/mikolaj-palade\/"}]}},"_links":{"self":[{"href":"https:\/\/dignitynews.eu\/pl\/wp-json\/wp\/v2\/posts\/59654","targetHints":{"allow":["GET"]}}],"collection":[{"href":"https:\/\/dignitynews.eu\/pl\/wp-json\/wp\/v2\/posts"}],"about":[{"href":"https:\/\/dignitynews.eu\/pl\/wp-json\/wp\/v2\/types\/post"}],"author":[{"embeddable":true,"href":"https:\/\/dignitynews.eu\/pl\/wp-json\/wp\/v2\/users\/7"}],"replies":[{"embeddable":true,"href":"https:\/\/dignitynews.eu\/pl\/wp-json\/wp\/v2\/comments?post=59654"}],"version-history":[{"count":1,"href":"https:\/\/dignitynews.eu\/pl\/wp-json\/wp\/v2\/posts\/59654\/revisions"}],"predecessor-version":[{"id":59660,"href":"https:\/\/dignitynews.eu\/pl\/wp-json\/wp\/v2\/posts\/59654\/revisions\/59660"}],"wp:featuredmedia":[{"embeddable":true,"href":"https:\/\/dignitynews.eu\/pl\/wp-json\/wp\/v2\/media\/59655"}],"wp:attachment":[{"href":"https:\/\/dignitynews.eu\/pl\/wp-json\/wp\/v2\/media?parent=59654"}],"wp:term":[{"taxonomy":"category","embeddable":true,"href":"https:\/\/dignitynews.eu\/pl\/wp-json\/wp\/v2\/categories?post=59654"},{"taxonomy":"post_tag","embeddable":true,"href":"https:\/\/dignitynews.eu\/pl\/wp-json\/wp\/v2\/tags?post=59654"}],"curies":[{"name":"wp","href":"https:\/\/api.w.org\/{rel}","templated":true}]}}