{"id":59570,"date":"2024-03-01T13:55:05","date_gmt":"2024-03-01T12:55:05","guid":{"rendered":"https:\/\/dignitynews.eu\/?p=59570"},"modified":"2024-10-14T02:42:07","modified_gmt":"2024-10-14T00:42:07","slug":"adam-lazarowicz-klamra-1902-1951","status":"publish","type":"post","link":"https:\/\/dignitynews.eu\/pl\/adam-lazarowicz-klamra-1902-1951\/","title":{"rendered":"Adam Lazarowicz \u201eKlamra\u201d (1902-1951)"},"content":{"rendered":"<h5><strong>Wieczorem, 1 marca 1951 r. w Wi\u0119zieniu przy ul. Rakowieckiej w Warszawie komuni\u015bci wykonali wyroki \u015bmierci na siedmiu cz\u0142onkach IV Zarz\u0105du Zrzeszenia Wolno\u015b\u0107 i Niezawis\u0142o\u015b\u0107 (WiN), z pu\u0142kownikiem \u0141ukaszem Ciepli\u0144skim \u201eP\u0142ugiem\u201d na czele. W\u015br\u00f3d zamordowanych znalaz\u0142 si\u0119 r\u00f3wnie\u017c major Adam Lazarowicz \u201eKlamra\u201d \u2013 uczestnik walk o odzyskanie niepodleg\u0142o\u015bci, nauczyciel, oficer Wojska Polskiego, Armii Krajowej (AK) i podziemia niepodleg\u0142o\u015bciowego. <\/strong><\/h5>\n<p>Adam Lazarowicz urodzi\u0142 si\u0119 14 pa\u017adziernika 1902 r. w Berezowicy Ma\u0142ej ko\u0142o Zbara\u017ca (dzisiejsza Ukraina). Pochodzi\u0142 z inteligenckiej i patriotycznej rodziny. W 1919 r. przerwa\u0142 edukacj\u0119 i wst\u0105pi\u0142 w szeregi wojska, bior\u0105c udzia\u0142 w walce z Ukrai\u0144cami na Wo\u0142yniu. Po ich zako\u0144czeniu wr\u00f3ci\u0142 do szko\u0142y, lecz musia\u0142 j\u0105 opu\u015bci\u0107, by zn\u00f3w zaci\u0105gn\u0105\u0107 si\u0119 ochotniczo do armii. Tym\u00a0 razem uczestniczy\u0142 \u00a0w wojnie polsko-bolszewickiej w 1920 r. Zosta\u0142 ranny w walkach w rejonie Ostro\u0142\u0119ki.<\/p>\n<p>Po wojnie \u00a0rozpocz\u0105\u0142 studia historyczne na Uniwersytecie Jagiello\u0144skim. Karier\u0119 zawodow\u0105, \u00a0wraz z \u017con\u0105, rozpocz\u0105\u0142\u00a0 jako nauczyciel w podkrakowskich szko\u0142ach. R\u00f3wnocze\u015bnie, w 1931 r. uko\u0144czy\u0142 szko\u0142\u0119 podchor\u0105\u017cych rezerwy i otrzyma\u0142 awans na pierwszy stopie\u0144 oficerski. W latach 30-tych XX wieku rodzina Lazarowicz\u00f3w wraz z tr\u00f3jk\u0105 dzieci osiedli\u0142a si\u0119 w Gumniskach ko\u0142o D\u0119bicy, gdzie Adam zosta\u0142 kierownikiem miejscowej szko\u0142y.<\/p>\n<p>Gdy wybuch\u0142a druga wojna \u015bwiatowa, wzi\u0105\u0142 udzia\u0142 w dzia\u0142aniach wojennych w 1939 r. Uda\u0142o mu si\u0119 unikn\u0105\u0107 zar\u00f3wno niemieckiej jak te\u017c sowieckiej niewoli. Po powrocie do rodzinnego domu w\u0142\u0105czy\u0142 si\u0119 w dzia\u0142alno\u015b\u0107 w tworz\u0105cej si\u0119 konspiracji, przyjmuj\u0105c m.in. pseudonim \u201eKlamra\u201d Zosta\u0142 komendantem obwodu AK w D\u0119bicy. Jednym z osi\u0105gni\u0119\u0107 jednostki kierowanej przez niego by\u0142o rozpracowanie niemieckiego poligonu w miejscowo\u015bci Blizna ko\u0142o D\u0119bicy, gdzie Niemcy prowadzili do\u015bwiadczenia z broni\u0105 V-1 i V-2. Latem 1944 r. wzi\u0105\u0142 udzia\u0142 w Akcji \u201eBurza\u201d. Po wkroczeniu Sowiet\u00f3w i zainstalowaniu rodzimej w\u0142adzy komunistycznej Lazarowicz, jak wielu innych \u017co\u0142nierzy AK, pozosta\u0142 w konspiracji.<\/p>\n<p>W grudniu 1946 r. zosta\u0142 zast\u0119pc\u0105 pu\u0142kownika \u0141ukasza Ciepli\u0144skiego \u201eP\u0142uga\u201d, prezesa IV Zarz\u0105du G\u0142\u00f3wnego WiN. Pe\u0142ni\u0142 t\u0119 funkcj\u0119 do aresztowania w dniu 5 grudnia 1947 r. Zosta\u0142 osadzony w wi\u0119zieniu w Warszawie, gdzie przeszed\u0142 d\u0142ugotrwa\u0142e brutalne \u015bledztwo prowadzone przez funkcjonariuszy komunistycznej bezpieki, zako\u0144czone procesem, w kt\u00f3rym 14 pa\u017adziernika 1950 r.\u00a0 skazano go \u00a0na kar\u0119 \u015bmierci. Zosta\u0142 stracony wraz z pozosta\u0142ymi cz\u0142onkami IV Zarz\u0105du WiN 1 marca 1951 r.<\/p>\n","protected":false},"excerpt":{"rendered":"<p>Wieczorem, 1 marca 1951 r. w Wi\u0119zieniu przy ul. Rakowieckiej w Warszawie komuni\u015bci wykonali wyroki \u015bmierci na siedmiu cz\u0142onkach IV Zarz\u0105du Zrzeszenia Wolno\u015b\u0107 i Niezawis\u0142o\u015b\u0107 (WiN), z pu\u0142kownikiem \u0141ukaszem Ciepli\u0144skim&hellip;<\/p>\n","protected":false},"author":7,"featured_media":59571,"comment_status":"closed","ping_status":"open","sticky":false,"template":"","format":"standard","meta":{"_mi_skip_tracking":false,"footnotes":""},"categories":[46],"tags":[],"class_list":["post-59570","post","type-post","status-publish","format-standard","has-post-thumbnail","hentry","category-historia"],"yoast_head":"<!-- This site is optimized with the Yoast SEO plugin v19.4 - https:\/\/yoast.com\/wordpress\/plugins\/seo\/ -->\n<title>Adam Lazarowicz \u201eKlamra\u201d (1902-1951) - Godno\u015b\u0107 - DignityNews.eu<\/title>\n<meta name=\"robots\" content=\"index, follow, max-snippet:-1, max-image-preview:large, max-video-preview:-1\" \/>\n<link rel=\"canonical\" href=\"https:\/\/dignitynews.eu\/pl\/adam-lazarowicz-klamra-1902-1951\/\" \/>\n<meta property=\"og:locale\" content=\"pl_PL\" \/>\n<meta property=\"og:type\" content=\"article\" \/>\n<meta property=\"og:title\" content=\"Adam Lazarowicz \u201eKlamra\u201d (1902-1951) - Godno\u015b\u0107 - DignityNews.eu\" \/>\n<meta property=\"og:description\" content=\"Wieczorem, 1 marca 1951 r. w Wi\u0119zieniu przy ul. Rakowieckiej w Warszawie komuni\u015bci wykonali wyroki \u015bmierci na siedmiu cz\u0142onkach IV Zarz\u0105du Zrzeszenia Wolno\u015b\u0107 i Niezawis\u0142o\u015b\u0107 (WiN), z pu\u0142kownikiem \u0141ukaszem Ciepli\u0144skim&hellip;\" \/>\n<meta property=\"og:url\" content=\"https:\/\/dignitynews.eu\/pl\/adam-lazarowicz-klamra-1902-1951\/\" \/>\n<meta property=\"og:site_name\" content=\"Godno\u015b\u0107 - DignityNews.eu\" \/>\n<meta property=\"article:published_time\" content=\"2024-03-01T12:55:05+00:00\" \/>\n<meta property=\"article:modified_time\" content=\"2024-10-14T00:42:07+00:00\" \/>\n<meta property=\"og:image\" content=\"https:\/\/dignitynews.eu\/wp-content\/uploads\/2024\/10\/Adam_Lazarowicz.jpg\" \/>\n\t<meta property=\"og:image:width\" content=\"800\" \/>\n\t<meta property=\"og:image:height\" content=\"1247\" \/>\n\t<meta property=\"og:image:type\" content=\"image\/jpeg\" \/>\n<meta name=\"author\" content=\"Dignity News\" \/>\n<meta name=\"twitter:card\" content=\"summary_large_image\" \/>\n<meta name=\"twitter:label1\" content=\"Napisane przez\" \/>\n\t<meta name=\"twitter:data1\" content=\"Dignity News\" \/>\n\t<meta name=\"twitter:label2\" content=\"Szacowany czas czytania\" \/>\n\t<meta name=\"twitter:data2\" content=\"2 minuty\" \/>\n<script type=\"application\/ld+json\" class=\"yoast-schema-graph\">{\"@context\":\"https:\/\/schema.org\",\"@graph\":[{\"@type\":\"WebSite\",\"@id\":\"https:\/\/dignitynews.eu\/pl\/#website\",\"url\":\"https:\/\/dignitynews.eu\/pl\/\",\"name\":\"Godno\u015b\u0107 - DignityNews.eu\",\"description\":\"\",\"potentialAction\":[{\"@type\":\"SearchAction\",\"target\":{\"@type\":\"EntryPoint\",\"urlTemplate\":\"https:\/\/dignitynews.eu\/pl\/?s={search_term_string}\"},\"query-input\":\"required name=search_term_string\"}],\"inLanguage\":\"pl-PL\"},{\"@type\":\"WebPage\",\"@id\":\"https:\/\/dignitynews.eu\/pl\/adam-lazarowicz-klamra-1902-1951\/\",\"url\":\"https:\/\/dignitynews.eu\/pl\/adam-lazarowicz-klamra-1902-1951\/\",\"name\":\"Adam Lazarowicz \u201eKlamra\u201d (1902-1951) - Godno\u015b\u0107 - DignityNews.eu\",\"isPartOf\":{\"@id\":\"https:\/\/dignitynews.eu\/pl\/#website\"},\"datePublished\":\"2024-03-01T12:55:05+00:00\",\"dateModified\":\"2024-10-14T00:42:07+00:00\",\"author\":{\"@id\":\"https:\/\/dignitynews.eu\/pl\/#\/schema\/person\/0b62b762b8174802fabc81a3ecb1bfcb\"},\"breadcrumb\":{\"@id\":\"https:\/\/dignitynews.eu\/pl\/adam-lazarowicz-klamra-1902-1951\/#breadcrumb\"},\"inLanguage\":\"pl-PL\",\"potentialAction\":[{\"@type\":\"ReadAction\",\"target\":[\"https:\/\/dignitynews.eu\/pl\/adam-lazarowicz-klamra-1902-1951\/\"]}]},{\"@type\":\"BreadcrumbList\",\"@id\":\"https:\/\/dignitynews.eu\/pl\/adam-lazarowicz-klamra-1902-1951\/#breadcrumb\",\"itemListElement\":[{\"@type\":\"ListItem\",\"position\":1,\"name\":\"Strona g\u0142\u00f3wna\",\"item\":\"https:\/\/dignitynews.eu\/pl\/\"},{\"@type\":\"ListItem\",\"position\":2,\"name\":\"Adam Lazarowicz \u201eKlamra\u201d (1902-1951)\"}]},{\"@type\":\"Person\",\"@id\":\"https:\/\/dignitynews.eu\/pl\/#\/schema\/person\/0b62b762b8174802fabc81a3ecb1bfcb\",\"name\":\"Dignity News\",\"image\":{\"@type\":\"ImageObject\",\"inLanguage\":\"pl-PL\",\"@id\":\"https:\/\/dignitynews.eu\/pl\/#\/schema\/person\/image\/\",\"url\":\"https:\/\/secure.gravatar.com\/avatar\/97963171a6d9108f8381bbefb1c6b150c445b6ddd9e3077b96c86cf5892c85dc?s=96&d=mm&r=g\",\"contentUrl\":\"https:\/\/secure.gravatar.com\/avatar\/97963171a6d9108f8381bbefb1c6b150c445b6ddd9e3077b96c86cf5892c85dc?s=96&d=mm&r=g\",\"caption\":\"Dignity News\"},\"url\":\"https:\/\/dignitynews.eu\/pl\/author\/mikolaj-palade\/\"}]}<\/script>\n<!-- \/ Yoast SEO plugin. -->","yoast_head_json":{"title":"Adam Lazarowicz \u201eKlamra\u201d (1902-1951) - Godno\u015b\u0107 - DignityNews.eu","robots":{"index":"index","follow":"follow","max-snippet":"max-snippet:-1","max-image-preview":"max-image-preview:large","max-video-preview":"max-video-preview:-1"},"canonical":"https:\/\/dignitynews.eu\/pl\/adam-lazarowicz-klamra-1902-1951\/","og_locale":"pl_PL","og_type":"article","og_title":"Adam Lazarowicz \u201eKlamra\u201d (1902-1951) - Godno\u015b\u0107 - DignityNews.eu","og_description":"Wieczorem, 1 marca 1951 r. w Wi\u0119zieniu przy ul. Rakowieckiej w Warszawie komuni\u015bci wykonali wyroki \u015bmierci na siedmiu cz\u0142onkach IV Zarz\u0105du Zrzeszenia Wolno\u015b\u0107 i Niezawis\u0142o\u015b\u0107 (WiN), z pu\u0142kownikiem \u0141ukaszem Ciepli\u0144skim&hellip;","og_url":"https:\/\/dignitynews.eu\/pl\/adam-lazarowicz-klamra-1902-1951\/","og_site_name":"Godno\u015b\u0107 - DignityNews.eu","article_published_time":"2024-03-01T12:55:05+00:00","article_modified_time":"2024-10-14T00:42:07+00:00","og_image":[{"width":800,"height":1247,"url":"https:\/\/dignitynews.eu\/wp-content\/uploads\/2024\/10\/Adam_Lazarowicz.jpg","type":"image\/jpeg"}],"author":"Dignity News","twitter_card":"summary_large_image","twitter_misc":{"Napisane przez":"Dignity News","Szacowany czas czytania":"2 minuty"},"schema":{"@context":"https:\/\/schema.org","@graph":[{"@type":"WebSite","@id":"https:\/\/dignitynews.eu\/pl\/#website","url":"https:\/\/dignitynews.eu\/pl\/","name":"Godno\u015b\u0107 - DignityNews.eu","description":"","potentialAction":[{"@type":"SearchAction","target":{"@type":"EntryPoint","urlTemplate":"https:\/\/dignitynews.eu\/pl\/?s={search_term_string}"},"query-input":"required name=search_term_string"}],"inLanguage":"pl-PL"},{"@type":"WebPage","@id":"https:\/\/dignitynews.eu\/pl\/adam-lazarowicz-klamra-1902-1951\/","url":"https:\/\/dignitynews.eu\/pl\/adam-lazarowicz-klamra-1902-1951\/","name":"Adam Lazarowicz \u201eKlamra\u201d (1902-1951) - Godno\u015b\u0107 - DignityNews.eu","isPartOf":{"@id":"https:\/\/dignitynews.eu\/pl\/#website"},"datePublished":"2024-03-01T12:55:05+00:00","dateModified":"2024-10-14T00:42:07+00:00","author":{"@id":"https:\/\/dignitynews.eu\/pl\/#\/schema\/person\/0b62b762b8174802fabc81a3ecb1bfcb"},"breadcrumb":{"@id":"https:\/\/dignitynews.eu\/pl\/adam-lazarowicz-klamra-1902-1951\/#breadcrumb"},"inLanguage":"pl-PL","potentialAction":[{"@type":"ReadAction","target":["https:\/\/dignitynews.eu\/pl\/adam-lazarowicz-klamra-1902-1951\/"]}]},{"@type":"BreadcrumbList","@id":"https:\/\/dignitynews.eu\/pl\/adam-lazarowicz-klamra-1902-1951\/#breadcrumb","itemListElement":[{"@type":"ListItem","position":1,"name":"Strona g\u0142\u00f3wna","item":"https:\/\/dignitynews.eu\/pl\/"},{"@type":"ListItem","position":2,"name":"Adam Lazarowicz \u201eKlamra\u201d (1902-1951)"}]},{"@type":"Person","@id":"https:\/\/dignitynews.eu\/pl\/#\/schema\/person\/0b62b762b8174802fabc81a3ecb1bfcb","name":"Dignity News","image":{"@type":"ImageObject","inLanguage":"pl-PL","@id":"https:\/\/dignitynews.eu\/pl\/#\/schema\/person\/image\/","url":"https:\/\/secure.gravatar.com\/avatar\/97963171a6d9108f8381bbefb1c6b150c445b6ddd9e3077b96c86cf5892c85dc?s=96&d=mm&r=g","contentUrl":"https:\/\/secure.gravatar.com\/avatar\/97963171a6d9108f8381bbefb1c6b150c445b6ddd9e3077b96c86cf5892c85dc?s=96&d=mm&r=g","caption":"Dignity News"},"url":"https:\/\/dignitynews.eu\/pl\/author\/mikolaj-palade\/"}]}},"_links":{"self":[{"href":"https:\/\/dignitynews.eu\/pl\/wp-json\/wp\/v2\/posts\/59570","targetHints":{"allow":["GET"]}}],"collection":[{"href":"https:\/\/dignitynews.eu\/pl\/wp-json\/wp\/v2\/posts"}],"about":[{"href":"https:\/\/dignitynews.eu\/pl\/wp-json\/wp\/v2\/types\/post"}],"author":[{"embeddable":true,"href":"https:\/\/dignitynews.eu\/pl\/wp-json\/wp\/v2\/users\/7"}],"replies":[{"embeddable":true,"href":"https:\/\/dignitynews.eu\/pl\/wp-json\/wp\/v2\/comments?post=59570"}],"version-history":[{"count":1,"href":"https:\/\/dignitynews.eu\/pl\/wp-json\/wp\/v2\/posts\/59570\/revisions"}],"predecessor-version":[{"id":59576,"href":"https:\/\/dignitynews.eu\/pl\/wp-json\/wp\/v2\/posts\/59570\/revisions\/59576"}],"wp:featuredmedia":[{"embeddable":true,"href":"https:\/\/dignitynews.eu\/pl\/wp-json\/wp\/v2\/media\/59571"}],"wp:attachment":[{"href":"https:\/\/dignitynews.eu\/pl\/wp-json\/wp\/v2\/media?parent=59570"}],"wp:term":[{"taxonomy":"category","embeddable":true,"href":"https:\/\/dignitynews.eu\/pl\/wp-json\/wp\/v2\/categories?post=59570"},{"taxonomy":"post_tag","embeddable":true,"href":"https:\/\/dignitynews.eu\/pl\/wp-json\/wp\/v2\/tags?post=59570"}],"curies":[{"name":"wp","href":"https:\/\/api.w.org\/{rel}","templated":true}]}}