{"id":59493,"date":"2024-02-16T13:40:21","date_gmt":"2024-02-16T12:40:21","guid":{"rendered":"https:\/\/dignitynews.eu\/?p=59493"},"modified":"2024-10-14T02:35:06","modified_gmt":"2024-10-14T00:35:06","slug":"czeslaw-niemen-2","status":"publish","type":"post","link":"https:\/\/dignitynews.eu\/pl\/czeslaw-niemen-2\/","title":{"rendered":"Czes\u0142aw Niemen"},"content":{"rendered":"<p><strong>\u201eDziwny jest ten \u015bwiat, gdzie jeszcze wci\u0105\u017c mie\u015bci si\u0119 tyle z\u0142a\u2026\u201d \u2013 16 lutego 1939 r.<br \/>\nw Starych Wasiliszkach urodzi\u0142 si\u0119 Czes\u0142aw Niemen, artysta i kompozytor, jeden<br \/>\nz najwybitniejszych przedstawicieli muzyki rockowej w Polsce. <\/strong><\/p>\n<p>Niemen, a w\u0142a\u015bciwie Czes\u0142aw Juliusz Wydrzycki, od najm\u0142odszych lat zwi\u0105zany by\u0142 z muzyk\u0105. Jako m\u0142ody ch\u0142opiec udziela\u0142 si\u0119 w ch\u00f3rze szkolnym i ko\u015bcielnym, gdzie opr\u00f3cz \u015bpiewania gra\u0142 te\u017c na organach. Jako nastolatek rozpocz\u0105\u0142 nauk\u0119 gry na fortepianie w Liceum Pedagogicznym\u00a0 w Grodnie oraz ucz\u0119szcza\u0142 do szko\u0142y muzycznej, kt\u00f3rej nie uko\u0144czy\u0142 z powodu licznych nieobecno\u015bci na zaj\u0119ciach.<\/p>\n<p>W 1958 r. zosta\u0142 przesiedlony wraz z rodzin\u0105 do powojennej Polski w ramach wysiedle\u0144 Polak\u00f3w z Kres\u00f3w Wschodnich, przez co prawdopodobnie unikn\u0105\u0142 powo\u0142ania do Armii Radzieckiej. W tym te\u017c roku po\u015blubi\u0142 Mari\u0119 Klauzunik i ostatecznie osiad\u0142 w Sopocie, gdzie w 1960 r. przysz\u0142a na \u015bwiat jego c\u00f3rka Maria. Mimo pocz\u0105tkowej stabilizacji ma\u0142\u017ce\u0144stwo nie przetrwa\u0142o pr\u00f3by czasu.<\/p>\n<p>W 1962 r. po odniesieniu sukcesu na Festiwalu M\u0142odych Talent\u00f3w w Szczecinie, w nagrod\u0119 ruszy\u0142 w tras\u0119 po kraju z zespo\u0142em Czerwono-Czarni, a nast\u0119pnie rozpocz\u0105\u0142 wsp\u00f3\u0142prac\u0119<br \/>\nz Niebiesko-Czarnymi. W grudniu 1963 r. wraz z zespo\u0142em wyst\u0105pi\u0142 na scenie sali koncertowej Olympia w Pary\u017cu i w tym okresie przyj\u0105\u0142 sw\u00f3j pseudonim artystyczny \u2013 Niemen.<\/p>\n<p>Wraz z zespo\u0142em wyst\u0119powa\u0142 m. in. przed koncertami Marleny Dietrich w Sali Kongresowej w Warszawie, gdzie wykona\u0142 sw\u00f3j utw\u00f3r \u201eCzy mnie jeszcze pami\u0119tasz\u201d, kt\u00f3ry artystka umiesi\u0142a na p\u0142ycie z w\u0142asnym tekstem \u201eMutter, hast du mir vergeben\u201d.<\/p>\n<p>W 1966 r. wsp\u00f3\u0142tworzy\u0142 zesp\u00f3\u0142 Akwarele, z kt\u00f3rym nagra\u0142 prze\u0142omow\u0105 p\u0142yt\u0119 \u201eDziwny jest ten \u015bwiat\u201d, z kt\u00f3rej pochodzi jego wielki przeb\u00f3j o tym samym tytule. Piosenka szybko zyska\u0142a popularno\u015b\u0107, staj\u0105c si\u0119 hymnem m\u0142odzie\u017cy pod koniec lat sze\u015b\u0107dziesi\u0105tych.<\/p>\n<p>W 1975 r. ponownie zawar\u0142 zwi\u0105zek ma\u0142\u017ce\u0144ski z modelk\u0105 Ma\u0142gorzat\u0105 Krzewi\u0144sk\u0105, z kt\u00f3r\u0105 doczeka\u0142 si\u0119 dw\u00f3ch c\u00f3rek. Przez ca\u0142e swoje \u017cycie by\u0142 aktywny muzycznie. Wraz ze swoimi zespo\u0142ami (m. in. Grupa Niemen, Niemen Aerolit) gra\u0142 koncerty w ca\u0142ej Europie, wyznaczaj\u0105c nowe trendy w muzyce rockowej.<\/p>\n<p>Zmar\u0142 17 stycznia 2004 r. Zosta\u0142 pochowany na Cmentarzu Pow\u0105zkowskim w Warszawie.<\/p>\n","protected":false},"excerpt":{"rendered":"<p>\u201eDziwny jest ten \u015bwiat, gdzie jeszcze wci\u0105\u017c mie\u015bci si\u0119 tyle z\u0142a\u2026\u201d \u2013 16 lutego 1939 r. w Starych Wasiliszkach urodzi\u0142 si\u0119 Czes\u0142aw Niemen, artysta i kompozytor, jeden z najwybitniejszych przedstawicieli&hellip;<\/p>\n","protected":false},"author":7,"featured_media":59494,"comment_status":"closed","ping_status":"open","sticky":false,"template":"","format":"standard","meta":{"_mi_skip_tracking":false,"footnotes":""},"categories":[46],"tags":[],"class_list":["post-59493","post","type-post","status-publish","format-standard","has-post-thumbnail","hentry","category-historia"],"yoast_head":"<!-- This site is optimized with the Yoast SEO plugin v19.4 - https:\/\/yoast.com\/wordpress\/plugins\/seo\/ -->\n<title>Czes\u0142aw Niemen - Godno\u015b\u0107 - DignityNews.eu<\/title>\n<meta name=\"robots\" content=\"index, follow, max-snippet:-1, max-image-preview:large, max-video-preview:-1\" \/>\n<link rel=\"canonical\" href=\"https:\/\/dignitynews.eu\/pl\/czeslaw-niemen-2\/\" \/>\n<meta property=\"og:locale\" content=\"pl_PL\" \/>\n<meta property=\"og:type\" content=\"article\" \/>\n<meta property=\"og:title\" content=\"Czes\u0142aw Niemen - Godno\u015b\u0107 - DignityNews.eu\" \/>\n<meta property=\"og:description\" content=\"\u201eDziwny jest ten \u015bwiat, gdzie jeszcze wci\u0105\u017c mie\u015bci si\u0119 tyle z\u0142a\u2026\u201d \u2013 16 lutego 1939 r. w Starych Wasiliszkach urodzi\u0142 si\u0119 Czes\u0142aw Niemen, artysta i kompozytor, jeden z najwybitniejszych przedstawicieli&hellip;\" \/>\n<meta property=\"og:url\" content=\"https:\/\/dignitynews.eu\/pl\/czeslaw-niemen-2\/\" \/>\n<meta property=\"og:site_name\" content=\"Godno\u015b\u0107 - DignityNews.eu\" \/>\n<meta property=\"article:published_time\" content=\"2024-02-16T12:40:21+00:00\" \/>\n<meta property=\"article:modified_time\" content=\"2024-10-14T00:35:06+00:00\" \/>\n<meta property=\"og:image\" content=\"https:\/\/dignitynews.eu\/wp-content\/uploads\/2024\/10\/pobierz.jpeg\" \/>\n\t<meta property=\"og:image:width\" content=\"260\" \/>\n\t<meta property=\"og:image:height\" content=\"194\" \/>\n\t<meta property=\"og:image:type\" content=\"image\/jpeg\" \/>\n<meta name=\"author\" content=\"Dignity News\" \/>\n<meta name=\"twitter:card\" content=\"summary_large_image\" \/>\n<meta name=\"twitter:label1\" content=\"Napisane przez\" \/>\n\t<meta name=\"twitter:data1\" content=\"Dignity News\" \/>\n\t<meta name=\"twitter:label2\" content=\"Szacowany czas czytania\" \/>\n\t<meta name=\"twitter:data2\" content=\"2 minuty\" \/>\n<script type=\"application\/ld+json\" class=\"yoast-schema-graph\">{\"@context\":\"https:\/\/schema.org\",\"@graph\":[{\"@type\":\"WebSite\",\"@id\":\"https:\/\/dignitynews.eu\/pl\/#website\",\"url\":\"https:\/\/dignitynews.eu\/pl\/\",\"name\":\"Godno\u015b\u0107 - DignityNews.eu\",\"description\":\"\",\"potentialAction\":[{\"@type\":\"SearchAction\",\"target\":{\"@type\":\"EntryPoint\",\"urlTemplate\":\"https:\/\/dignitynews.eu\/pl\/?s={search_term_string}\"},\"query-input\":\"required name=search_term_string\"}],\"inLanguage\":\"pl-PL\"},{\"@type\":\"WebPage\",\"@id\":\"https:\/\/dignitynews.eu\/pl\/czeslaw-niemen-2\/\",\"url\":\"https:\/\/dignitynews.eu\/pl\/czeslaw-niemen-2\/\",\"name\":\"Czes\u0142aw Niemen - Godno\u015b\u0107 - DignityNews.eu\",\"isPartOf\":{\"@id\":\"https:\/\/dignitynews.eu\/pl\/#website\"},\"datePublished\":\"2024-02-16T12:40:21+00:00\",\"dateModified\":\"2024-10-14T00:35:06+00:00\",\"author\":{\"@id\":\"https:\/\/dignitynews.eu\/pl\/#\/schema\/person\/0b62b762b8174802fabc81a3ecb1bfcb\"},\"breadcrumb\":{\"@id\":\"https:\/\/dignitynews.eu\/pl\/czeslaw-niemen-2\/#breadcrumb\"},\"inLanguage\":\"pl-PL\",\"potentialAction\":[{\"@type\":\"ReadAction\",\"target\":[\"https:\/\/dignitynews.eu\/pl\/czeslaw-niemen-2\/\"]}]},{\"@type\":\"BreadcrumbList\",\"@id\":\"https:\/\/dignitynews.eu\/pl\/czeslaw-niemen-2\/#breadcrumb\",\"itemListElement\":[{\"@type\":\"ListItem\",\"position\":1,\"name\":\"Strona g\u0142\u00f3wna\",\"item\":\"https:\/\/dignitynews.eu\/pl\/\"},{\"@type\":\"ListItem\",\"position\":2,\"name\":\"Czes\u0142aw Niemen\"}]},{\"@type\":\"Person\",\"@id\":\"https:\/\/dignitynews.eu\/pl\/#\/schema\/person\/0b62b762b8174802fabc81a3ecb1bfcb\",\"name\":\"Dignity News\",\"image\":{\"@type\":\"ImageObject\",\"inLanguage\":\"pl-PL\",\"@id\":\"https:\/\/dignitynews.eu\/pl\/#\/schema\/person\/image\/\",\"url\":\"https:\/\/secure.gravatar.com\/avatar\/97963171a6d9108f8381bbefb1c6b150c445b6ddd9e3077b96c86cf5892c85dc?s=96&d=mm&r=g\",\"contentUrl\":\"https:\/\/secure.gravatar.com\/avatar\/97963171a6d9108f8381bbefb1c6b150c445b6ddd9e3077b96c86cf5892c85dc?s=96&d=mm&r=g\",\"caption\":\"Dignity News\"},\"url\":\"https:\/\/dignitynews.eu\/pl\/author\/mikolaj-palade\/\"}]}<\/script>\n<!-- \/ Yoast SEO plugin. -->","yoast_head_json":{"title":"Czes\u0142aw Niemen - Godno\u015b\u0107 - DignityNews.eu","robots":{"index":"index","follow":"follow","max-snippet":"max-snippet:-1","max-image-preview":"max-image-preview:large","max-video-preview":"max-video-preview:-1"},"canonical":"https:\/\/dignitynews.eu\/pl\/czeslaw-niemen-2\/","og_locale":"pl_PL","og_type":"article","og_title":"Czes\u0142aw Niemen - Godno\u015b\u0107 - DignityNews.eu","og_description":"\u201eDziwny jest ten \u015bwiat, gdzie jeszcze wci\u0105\u017c mie\u015bci si\u0119 tyle z\u0142a\u2026\u201d \u2013 16 lutego 1939 r. w Starych Wasiliszkach urodzi\u0142 si\u0119 Czes\u0142aw Niemen, artysta i kompozytor, jeden z najwybitniejszych przedstawicieli&hellip;","og_url":"https:\/\/dignitynews.eu\/pl\/czeslaw-niemen-2\/","og_site_name":"Godno\u015b\u0107 - DignityNews.eu","article_published_time":"2024-02-16T12:40:21+00:00","article_modified_time":"2024-10-14T00:35:06+00:00","og_image":[{"width":260,"height":194,"url":"https:\/\/dignitynews.eu\/wp-content\/uploads\/2024\/10\/pobierz.jpeg","type":"image\/jpeg"}],"author":"Dignity News","twitter_card":"summary_large_image","twitter_misc":{"Napisane przez":"Dignity News","Szacowany czas czytania":"2 minuty"},"schema":{"@context":"https:\/\/schema.org","@graph":[{"@type":"WebSite","@id":"https:\/\/dignitynews.eu\/pl\/#website","url":"https:\/\/dignitynews.eu\/pl\/","name":"Godno\u015b\u0107 - DignityNews.eu","description":"","potentialAction":[{"@type":"SearchAction","target":{"@type":"EntryPoint","urlTemplate":"https:\/\/dignitynews.eu\/pl\/?s={search_term_string}"},"query-input":"required name=search_term_string"}],"inLanguage":"pl-PL"},{"@type":"WebPage","@id":"https:\/\/dignitynews.eu\/pl\/czeslaw-niemen-2\/","url":"https:\/\/dignitynews.eu\/pl\/czeslaw-niemen-2\/","name":"Czes\u0142aw Niemen - Godno\u015b\u0107 - DignityNews.eu","isPartOf":{"@id":"https:\/\/dignitynews.eu\/pl\/#website"},"datePublished":"2024-02-16T12:40:21+00:00","dateModified":"2024-10-14T00:35:06+00:00","author":{"@id":"https:\/\/dignitynews.eu\/pl\/#\/schema\/person\/0b62b762b8174802fabc81a3ecb1bfcb"},"breadcrumb":{"@id":"https:\/\/dignitynews.eu\/pl\/czeslaw-niemen-2\/#breadcrumb"},"inLanguage":"pl-PL","potentialAction":[{"@type":"ReadAction","target":["https:\/\/dignitynews.eu\/pl\/czeslaw-niemen-2\/"]}]},{"@type":"BreadcrumbList","@id":"https:\/\/dignitynews.eu\/pl\/czeslaw-niemen-2\/#breadcrumb","itemListElement":[{"@type":"ListItem","position":1,"name":"Strona g\u0142\u00f3wna","item":"https:\/\/dignitynews.eu\/pl\/"},{"@type":"ListItem","position":2,"name":"Czes\u0142aw Niemen"}]},{"@type":"Person","@id":"https:\/\/dignitynews.eu\/pl\/#\/schema\/person\/0b62b762b8174802fabc81a3ecb1bfcb","name":"Dignity News","image":{"@type":"ImageObject","inLanguage":"pl-PL","@id":"https:\/\/dignitynews.eu\/pl\/#\/schema\/person\/image\/","url":"https:\/\/secure.gravatar.com\/avatar\/97963171a6d9108f8381bbefb1c6b150c445b6ddd9e3077b96c86cf5892c85dc?s=96&d=mm&r=g","contentUrl":"https:\/\/secure.gravatar.com\/avatar\/97963171a6d9108f8381bbefb1c6b150c445b6ddd9e3077b96c86cf5892c85dc?s=96&d=mm&r=g","caption":"Dignity News"},"url":"https:\/\/dignitynews.eu\/pl\/author\/mikolaj-palade\/"}]}},"_links":{"self":[{"href":"https:\/\/dignitynews.eu\/pl\/wp-json\/wp\/v2\/posts\/59493","targetHints":{"allow":["GET"]}}],"collection":[{"href":"https:\/\/dignitynews.eu\/pl\/wp-json\/wp\/v2\/posts"}],"about":[{"href":"https:\/\/dignitynews.eu\/pl\/wp-json\/wp\/v2\/types\/post"}],"author":[{"embeddable":true,"href":"https:\/\/dignitynews.eu\/pl\/wp-json\/wp\/v2\/users\/7"}],"replies":[{"embeddable":true,"href":"https:\/\/dignitynews.eu\/pl\/wp-json\/wp\/v2\/comments?post=59493"}],"version-history":[{"count":1,"href":"https:\/\/dignitynews.eu\/pl\/wp-json\/wp\/v2\/posts\/59493\/revisions"}],"predecessor-version":[{"id":59499,"href":"https:\/\/dignitynews.eu\/pl\/wp-json\/wp\/v2\/posts\/59493\/revisions\/59499"}],"wp:featuredmedia":[{"embeddable":true,"href":"https:\/\/dignitynews.eu\/pl\/wp-json\/wp\/v2\/media\/59494"}],"wp:attachment":[{"href":"https:\/\/dignitynews.eu\/pl\/wp-json\/wp\/v2\/media?parent=59493"}],"wp:term":[{"taxonomy":"category","embeddable":true,"href":"https:\/\/dignitynews.eu\/pl\/wp-json\/wp\/v2\/categories?post=59493"},{"taxonomy":"post_tag","embeddable":true,"href":"https:\/\/dignitynews.eu\/pl\/wp-json\/wp\/v2\/tags?post=59493"}],"curies":[{"name":"wp","href":"https:\/\/api.w.org\/{rel}","templated":true}]}}