{"id":59235,"date":"2024-03-26T14:52:53","date_gmt":"2024-03-26T13:52:53","guid":{"rendered":"https:\/\/dignitynews.eu\/?p=59235"},"modified":"2024-03-26T14:52:53","modified_gmt":"2024-03-26T13:52:53","slug":"wielkanocne-spotkanie-prezydenta-z-zolnierzami","status":"publish","type":"post","link":"https:\/\/dignitynews.eu\/pl\/wielkanocne-spotkanie-prezydenta-z-zolnierzami\/","title":{"rendered":"Wielkanocne spotkanie Prezydenta z \u017co\u0142nierzami"},"content":{"rendered":"<h5><strong>Prezydent Polski Andrzej Duda, z okazji zbli\u017caj\u0105cych si\u0119 \u015awi\u0105t Wielkanocnych, spotka\u0142 si\u0119 w 1. Bazie Lotnictwa Transportowego w Warszawie z\u00a0kierownictwem Ministerstwa Obrony Narodowej,\u00a0\u017co\u0142nierzami i pracownikami wojska \u2013 poinformowa\u0142a Kancelaria Prezydenta RP.<\/strong><\/h5>\n<p>W ostatnich dw\u00f3ch latach tak bardzo dobitnie \u2013 jak rzadko kiedy wcze\u015bniej \u2013 wszyscy w Polsce rozumiemy, jakie znaczenie ma s\u0142u\u017cba wojskowa dla naszego bezpiecze\u0144stwa, jakie znaczenie odgrywa polski \u017co\u0142nierz \u2013 podkre\u015bla\u0142 Prezydent.<\/p>\n<p>M\u00f3wi\u0142, \u017ce jest dla niego wielk\u0105 satysfakcj\u0105 realizacja modernizacji i wzmocnienia polskiej armii \u2013 niezale\u017cnie od barw politycznych; \u017ce te procesy s\u0105 kontynuowane, realizowane z pe\u0142n\u0105 odpowiedzialno\u015bci\u0105 za bezpiecze\u0144stwo Polski, \u017ce s\u0105 takie kwestie, kt\u00f3re s\u0105 ponad wszelkimi podzia\u0142ami politycznymi.<\/p>\n<p>Po to realizujemy wszystkie zadania inwestycyjne, zakupy, umacniamy sojusze, umacniamy wojsko, by\u015bmy nie musieli walczy\u0107. Po to polski \u017co\u0142nierz si\u0119 doskonali na polach \u0107wicze\u0144 wojskowych, by\u015bmy nie musieli walczy\u0107, by nie trzeba by\u0142o nigdy podnosi\u0107 broni, poza \u0107wiczeniami, przeciwko jakiemukolwiek napastnikowi \u2013 zaznaczy\u0142 Prezydent.<\/p>\n<p>Spotkanie rozpocz\u0119\u0142o si\u0119 minut\u0105 ciszy dla uczczenia pami\u0119ci dw\u00f3ch saper\u00f3w z 5. Tarnog\u00f3rskiego Pu\u0142ku Chemicznego, kt\u00f3rzy zgin\u0119li na poligonie w Solarni.<\/p>\n<p>To szczeg\u00f3lne zadanie, jakie cz\u0142owiek na siebie przyjmuje \u2013 s\u0142u\u017cba Rzeczypospolitej w armii. Dzisiaj po raz kolejny zobaczyli\u015bmy, \u017ce ma ona i ten wymiar \u2013 \u017ce poza zwyk\u0142\u0105 prac\u0105, kt\u00f3r\u0105 jest na co dzie\u0144, ma ona te\u017c w sobie ogromny wymiar ryzyka zwi\u0105zanego z codzienn\u0105 s\u0142u\u017cb\u0105, szczeg\u00f3ln\u0105 s\u0142u\u017cb\u0105 wojskow\u0105 \u2013 wskazywa\u0142 Andrzej Duda.<\/p>\n<p>Podczas spotkania wielkanocnego odby\u0142o si\u0119 te\u017c \u0142\u0105czenie z \u017co\u0142nierzami Polskich Kontyngent\u00f3w Wojskowych oraz Zgrupowania Zadaniowego Podlasie. Poza granicami pa\u0144stwa w PKW \u0142\u0105cznie s\u0142u\u017cy blisko 1,4 tys. \u017co\u0142nierzy i pracownik\u00f3w wojska.<\/p>\n<p>Prezydent odnosz\u0105c si\u0119 do s\u0142u\u017cby poza granicami wspomnia\u0142, \u017ce polscy \u017co\u0142nierzy gin\u0119li, tak\u017ce na skutek zamach\u00f3w, w walce, pr\u00f3buj\u0105c nie\u015b\u0107 pok\u00f3j, pr\u00f3buj\u0105c przywr\u00f3ci\u0107 ludziom mo\u017cliwo\u015b\u0107 normalnego \u017cycia gdzie\u015b daleko od naszego kraju, ale jednocze\u015bnie strzeg\u0105c te\u017c naszego bezpiecze\u0144stwa.<\/p>\n<p>Adrian Andrzejewski<\/p>\n","protected":false},"excerpt":{"rendered":"<p>Prezydent Polski Andrzej Duda, z okazji zbli\u017caj\u0105cych si\u0119 \u015awi\u0105t Wielkanocnych, spotka\u0142 si\u0119 w 1. Bazie Lotnictwa Transportowego w Warszawie z\u00a0kierownictwem Ministerstwa Obrony Narodowej,\u00a0\u017co\u0142nierzami i pracownikami wojska \u2013 poinformowa\u0142a Kancelaria Prezydenta&hellip;<\/p>\n","protected":false},"author":7,"featured_media":59236,"comment_status":"closed","ping_status":"open","sticky":false,"template":"","format":"standard","meta":{"_mi_skip_tracking":false,"footnotes":""},"categories":[47],"tags":[],"class_list":["post-59235","post","type-post","status-publish","format-standard","has-post-thumbnail","hentry","category-wydarzenia"],"yoast_head":"<!-- This site is optimized with the Yoast SEO plugin v19.4 - https:\/\/yoast.com\/wordpress\/plugins\/seo\/ -->\n<title>Wielkanocne spotkanie Prezydenta z \u017co\u0142nierzami - Godno\u015b\u0107 - DignityNews.eu<\/title>\n<meta name=\"robots\" content=\"index, follow, max-snippet:-1, max-image-preview:large, max-video-preview:-1\" \/>\n<link rel=\"canonical\" href=\"https:\/\/dignitynews.eu\/pl\/wielkanocne-spotkanie-prezydenta-z-zolnierzami\/\" \/>\n<meta property=\"og:locale\" content=\"pl_PL\" \/>\n<meta property=\"og:type\" content=\"article\" \/>\n<meta property=\"og:title\" content=\"Wielkanocne spotkanie Prezydenta z \u017co\u0142nierzami - Godno\u015b\u0107 - DignityNews.eu\" \/>\n<meta property=\"og:description\" content=\"Prezydent Polski Andrzej Duda, z okazji zbli\u017caj\u0105cych si\u0119 \u015awi\u0105t Wielkanocnych, spotka\u0142 si\u0119 w 1. Bazie Lotnictwa Transportowego w Warszawie z\u00a0kierownictwem Ministerstwa Obrony Narodowej,\u00a0\u017co\u0142nierzami i pracownikami wojska \u2013 poinformowa\u0142a Kancelaria Prezydenta&hellip;\" \/>\n<meta property=\"og:url\" content=\"https:\/\/dignitynews.eu\/pl\/wielkanocne-spotkanie-prezydenta-z-zolnierzami\/\" \/>\n<meta property=\"og:site_name\" content=\"Godno\u015b\u0107 - DignityNews.eu\" \/>\n<meta property=\"article:published_time\" content=\"2024-03-26T13:52:53+00:00\" \/>\n<meta property=\"og:image\" content=\"https:\/\/dignitynews.eu\/wp-content\/uploads\/2024\/03\/Spotkanie_z_zolnierzami_i_pracownikami_wojska_fot.-Marek-Borawski-KPRP.jpg\" \/>\n\t<meta property=\"og:image:width\" content=\"2000\" \/>\n\t<meta property=\"og:image:height\" content=\"1334\" \/>\n\t<meta property=\"og:image:type\" content=\"image\/jpeg\" \/>\n<meta name=\"author\" content=\"Dignity News\" \/>\n<meta name=\"twitter:card\" content=\"summary_large_image\" \/>\n<meta name=\"twitter:label1\" content=\"Napisane przez\" \/>\n\t<meta name=\"twitter:data1\" content=\"Dignity News\" \/>\n\t<meta name=\"twitter:label2\" content=\"Szacowany czas czytania\" \/>\n\t<meta name=\"twitter:data2\" content=\"2 minuty\" \/>\n<script type=\"application\/ld+json\" class=\"yoast-schema-graph\">{\"@context\":\"https:\/\/schema.org\",\"@graph\":[{\"@type\":\"WebSite\",\"@id\":\"https:\/\/dignitynews.eu\/pl\/#website\",\"url\":\"https:\/\/dignitynews.eu\/pl\/\",\"name\":\"Godno\u015b\u0107 - DignityNews.eu\",\"description\":\"\",\"potentialAction\":[{\"@type\":\"SearchAction\",\"target\":{\"@type\":\"EntryPoint\",\"urlTemplate\":\"https:\/\/dignitynews.eu\/pl\/?s={search_term_string}\"},\"query-input\":\"required name=search_term_string\"}],\"inLanguage\":\"pl-PL\"},{\"@type\":\"WebPage\",\"@id\":\"https:\/\/dignitynews.eu\/pl\/wielkanocne-spotkanie-prezydenta-z-zolnierzami\/\",\"url\":\"https:\/\/dignitynews.eu\/pl\/wielkanocne-spotkanie-prezydenta-z-zolnierzami\/\",\"name\":\"Wielkanocne spotkanie Prezydenta z \u017co\u0142nierzami - Godno\u015b\u0107 - DignityNews.eu\",\"isPartOf\":{\"@id\":\"https:\/\/dignitynews.eu\/pl\/#website\"},\"datePublished\":\"2024-03-26T13:52:53+00:00\",\"dateModified\":\"2024-03-26T13:52:53+00:00\",\"author\":{\"@id\":\"https:\/\/dignitynews.eu\/pl\/#\/schema\/person\/0b62b762b8174802fabc81a3ecb1bfcb\"},\"breadcrumb\":{\"@id\":\"https:\/\/dignitynews.eu\/pl\/wielkanocne-spotkanie-prezydenta-z-zolnierzami\/#breadcrumb\"},\"inLanguage\":\"pl-PL\",\"potentialAction\":[{\"@type\":\"ReadAction\",\"target\":[\"https:\/\/dignitynews.eu\/pl\/wielkanocne-spotkanie-prezydenta-z-zolnierzami\/\"]}]},{\"@type\":\"BreadcrumbList\",\"@id\":\"https:\/\/dignitynews.eu\/pl\/wielkanocne-spotkanie-prezydenta-z-zolnierzami\/#breadcrumb\",\"itemListElement\":[{\"@type\":\"ListItem\",\"position\":1,\"name\":\"Strona g\u0142\u00f3wna\",\"item\":\"https:\/\/dignitynews.eu\/pl\/\"},{\"@type\":\"ListItem\",\"position\":2,\"name\":\"Wielkanocne spotkanie Prezydenta z \u017co\u0142nierzami\"}]},{\"@type\":\"Person\",\"@id\":\"https:\/\/dignitynews.eu\/pl\/#\/schema\/person\/0b62b762b8174802fabc81a3ecb1bfcb\",\"name\":\"Dignity News\",\"image\":{\"@type\":\"ImageObject\",\"inLanguage\":\"pl-PL\",\"@id\":\"https:\/\/dignitynews.eu\/pl\/#\/schema\/person\/image\/\",\"url\":\"https:\/\/secure.gravatar.com\/avatar\/97963171a6d9108f8381bbefb1c6b150c445b6ddd9e3077b96c86cf5892c85dc?s=96&d=mm&r=g\",\"contentUrl\":\"https:\/\/secure.gravatar.com\/avatar\/97963171a6d9108f8381bbefb1c6b150c445b6ddd9e3077b96c86cf5892c85dc?s=96&d=mm&r=g\",\"caption\":\"Dignity News\"},\"url\":\"https:\/\/dignitynews.eu\/pl\/author\/mikolaj-palade\/\"}]}<\/script>\n<!-- \/ Yoast SEO plugin. -->","yoast_head_json":{"title":"Wielkanocne spotkanie Prezydenta z \u017co\u0142nierzami - Godno\u015b\u0107 - DignityNews.eu","robots":{"index":"index","follow":"follow","max-snippet":"max-snippet:-1","max-image-preview":"max-image-preview:large","max-video-preview":"max-video-preview:-1"},"canonical":"https:\/\/dignitynews.eu\/pl\/wielkanocne-spotkanie-prezydenta-z-zolnierzami\/","og_locale":"pl_PL","og_type":"article","og_title":"Wielkanocne spotkanie Prezydenta z \u017co\u0142nierzami - Godno\u015b\u0107 - DignityNews.eu","og_description":"Prezydent Polski Andrzej Duda, z okazji zbli\u017caj\u0105cych si\u0119 \u015awi\u0105t Wielkanocnych, spotka\u0142 si\u0119 w 1. Bazie Lotnictwa Transportowego w Warszawie z\u00a0kierownictwem Ministerstwa Obrony Narodowej,\u00a0\u017co\u0142nierzami i pracownikami wojska \u2013 poinformowa\u0142a Kancelaria Prezydenta&hellip;","og_url":"https:\/\/dignitynews.eu\/pl\/wielkanocne-spotkanie-prezydenta-z-zolnierzami\/","og_site_name":"Godno\u015b\u0107 - DignityNews.eu","article_published_time":"2024-03-26T13:52:53+00:00","og_image":[{"width":2000,"height":1334,"url":"https:\/\/dignitynews.eu\/wp-content\/uploads\/2024\/03\/Spotkanie_z_zolnierzami_i_pracownikami_wojska_fot.-Marek-Borawski-KPRP.jpg","type":"image\/jpeg"}],"author":"Dignity News","twitter_card":"summary_large_image","twitter_misc":{"Napisane przez":"Dignity News","Szacowany czas czytania":"2 minuty"},"schema":{"@context":"https:\/\/schema.org","@graph":[{"@type":"WebSite","@id":"https:\/\/dignitynews.eu\/pl\/#website","url":"https:\/\/dignitynews.eu\/pl\/","name":"Godno\u015b\u0107 - DignityNews.eu","description":"","potentialAction":[{"@type":"SearchAction","target":{"@type":"EntryPoint","urlTemplate":"https:\/\/dignitynews.eu\/pl\/?s={search_term_string}"},"query-input":"required name=search_term_string"}],"inLanguage":"pl-PL"},{"@type":"WebPage","@id":"https:\/\/dignitynews.eu\/pl\/wielkanocne-spotkanie-prezydenta-z-zolnierzami\/","url":"https:\/\/dignitynews.eu\/pl\/wielkanocne-spotkanie-prezydenta-z-zolnierzami\/","name":"Wielkanocne spotkanie Prezydenta z \u017co\u0142nierzami - Godno\u015b\u0107 - DignityNews.eu","isPartOf":{"@id":"https:\/\/dignitynews.eu\/pl\/#website"},"datePublished":"2024-03-26T13:52:53+00:00","dateModified":"2024-03-26T13:52:53+00:00","author":{"@id":"https:\/\/dignitynews.eu\/pl\/#\/schema\/person\/0b62b762b8174802fabc81a3ecb1bfcb"},"breadcrumb":{"@id":"https:\/\/dignitynews.eu\/pl\/wielkanocne-spotkanie-prezydenta-z-zolnierzami\/#breadcrumb"},"inLanguage":"pl-PL","potentialAction":[{"@type":"ReadAction","target":["https:\/\/dignitynews.eu\/pl\/wielkanocne-spotkanie-prezydenta-z-zolnierzami\/"]}]},{"@type":"BreadcrumbList","@id":"https:\/\/dignitynews.eu\/pl\/wielkanocne-spotkanie-prezydenta-z-zolnierzami\/#breadcrumb","itemListElement":[{"@type":"ListItem","position":1,"name":"Strona g\u0142\u00f3wna","item":"https:\/\/dignitynews.eu\/pl\/"},{"@type":"ListItem","position":2,"name":"Wielkanocne spotkanie Prezydenta z \u017co\u0142nierzami"}]},{"@type":"Person","@id":"https:\/\/dignitynews.eu\/pl\/#\/schema\/person\/0b62b762b8174802fabc81a3ecb1bfcb","name":"Dignity News","image":{"@type":"ImageObject","inLanguage":"pl-PL","@id":"https:\/\/dignitynews.eu\/pl\/#\/schema\/person\/image\/","url":"https:\/\/secure.gravatar.com\/avatar\/97963171a6d9108f8381bbefb1c6b150c445b6ddd9e3077b96c86cf5892c85dc?s=96&d=mm&r=g","contentUrl":"https:\/\/secure.gravatar.com\/avatar\/97963171a6d9108f8381bbefb1c6b150c445b6ddd9e3077b96c86cf5892c85dc?s=96&d=mm&r=g","caption":"Dignity News"},"url":"https:\/\/dignitynews.eu\/pl\/author\/mikolaj-palade\/"}]}},"_links":{"self":[{"href":"https:\/\/dignitynews.eu\/pl\/wp-json\/wp\/v2\/posts\/59235","targetHints":{"allow":["GET"]}}],"collection":[{"href":"https:\/\/dignitynews.eu\/pl\/wp-json\/wp\/v2\/posts"}],"about":[{"href":"https:\/\/dignitynews.eu\/pl\/wp-json\/wp\/v2\/types\/post"}],"author":[{"embeddable":true,"href":"https:\/\/dignitynews.eu\/pl\/wp-json\/wp\/v2\/users\/7"}],"replies":[{"embeddable":true,"href":"https:\/\/dignitynews.eu\/pl\/wp-json\/wp\/v2\/comments?post=59235"}],"version-history":[{"count":1,"href":"https:\/\/dignitynews.eu\/pl\/wp-json\/wp\/v2\/posts\/59235\/revisions"}],"predecessor-version":[{"id":59241,"href":"https:\/\/dignitynews.eu\/pl\/wp-json\/wp\/v2\/posts\/59235\/revisions\/59241"}],"wp:featuredmedia":[{"embeddable":true,"href":"https:\/\/dignitynews.eu\/pl\/wp-json\/wp\/v2\/media\/59236"}],"wp:attachment":[{"href":"https:\/\/dignitynews.eu\/pl\/wp-json\/wp\/v2\/media?parent=59235"}],"wp:term":[{"taxonomy":"category","embeddable":true,"href":"https:\/\/dignitynews.eu\/pl\/wp-json\/wp\/v2\/categories?post=59235"},{"taxonomy":"post_tag","embeddable":true,"href":"https:\/\/dignitynews.eu\/pl\/wp-json\/wp\/v2\/tags?post=59235"}],"curies":[{"name":"wp","href":"https:\/\/api.w.org\/{rel}","templated":true}]}}