{"id":59216,"date":"2024-03-26T14:51:36","date_gmt":"2024-03-26T13:51:36","guid":{"rendered":"https:\/\/dignitynews.eu\/?p=59216"},"modified":"2024-03-26T14:51:36","modified_gmt":"2024-03-26T13:51:36","slug":"tor-wodny-do-portu-w-elblagu-bedzie-poglebiony","status":"publish","type":"post","link":"https:\/\/dignitynews.eu\/pl\/tor-wodny-do-portu-w-elblagu-bedzie-poglebiony\/","title":{"rendered":"Tor wodny do portu w Elbl\u0105gu b\u0119dzie pog\u0142\u0119biony"},"content":{"rendered":"<h5><strong>Za p\u00f3\u0142tora roku do Elbl\u0105ga wp\u0142yn\u0105 pierwsze statki \u2013 deklaruje minister Infrastruktury Dariusz Klimczak. To efekt porozumienia w sprawie wsp\u00f3\u0142pracy zawartego z samorz\u0105dem przy budowie ostatniego odcinka drogi wodnej z Zatoki Gda\u0144skiej do Elbl\u0105ga. Na jego mocy pog\u0142\u0119biony zostanie ostatni odcinek toru wodnego na rzece Elbl\u0105g, zapewniaj\u0105c dost\u0119p do elbl\u0105skiego portu.<\/strong><\/h5>\n<p>Osi\u0105gni\u0119te porozumienie pozwoli wykorzysta\u0107\u00a0\u00a0potencja\u0142 wybudowanego kana\u0142u przez Mierzej\u0119 Wi\u015blan\u0105 i da gwarancj\u0119 rozwoju gospodarczego miasta i regionu.<\/p>\n<p>Zaczynamy nowy etap funkcjonowania portu w Elbl\u0105gu. Zbudowali\u015bmy porozumienie mi\u0119dzy rz\u0105dem i samorz\u0105dem, aby w Elbl\u0105gu powsta\u0142 port morski z prawdziwego zdarzenia. Port, kt\u00f3ry b\u0119dzie obs\u0142ugiwa\u0142 statki morskie. W tym celu Ministerstwo Infrastruktury zleci\u0142o Urz\u0119dowi Morskiemu w Gdyni wykonanie szeregu czynno\u015bci, tak aby powsta\u0142a niezb\u0119dna infrastruktura doprowadzaj\u0105ca drog\u0119 wodn\u0105 do Elbl\u0105ga. Dotychczas inwestycja polegaj\u0105ca na przekopie Mierzei nie mia\u0142a sensu bez tego ostatniego etapu, kt\u00f3ry zapewni rozw\u00f3j portu i rozw\u00f3j gospodarczy tego regionu. Za p\u00f3\u0142tora roku ma tu wp\u0142yn\u0105\u0107 statek morski. To miejsce ma by\u0107 funkcjonalne pod wzgl\u0119dem gospodarczym i ma s\u0142u\u017cy\u0107 przedsi\u0119biorcom \u2013 powiedzia\u0142 minister infrastruktury Dariusz Klimczak podczas konferencji prasowej w Elbl\u0105gu.<\/p>\n<p>Aktualnie trwaj\u0105 prace dokumentacyjne i koncepcyjne. Finalizowane s\u0105 r\u00f3wnie\u017c zmiany programu wieloletniego, aby rz\u0105d m\u00f3g\u0142 przeznaczy\u0107 \u015brodki na pog\u0142\u0119bienie ostatniego odcinka toru wodnego, zapewniaj\u0105cego funkcjonalno\u015b\u0107 i rozw\u00f3j elbl\u0105skiemu portowi.<\/p>\n<p>Poprzedni rz\u0105d wyda\u0142 ju\u017c prawie 2 miliardy z\u0142otych na przekop, kt\u00f3ry jest praktycznie nieu\u017cyteczny. Ta inwestycja musi by\u0107 w ko\u0144cu sensowna, dlatego podj\u0119li\u015bmy ju\u017c dzia\u0142ania, aby do Elbl\u0105ga mog\u0142y wkr\u00f3tce wp\u0142ywa\u0107 du\u017ce statki o d\u0142ugo\u015bci 100 metr\u00f3w i zanurzeniu 4,5 metra. Trwaj\u0105 prace pog\u0142\u0119biarskie na rzece Elbl\u0105g &#8211; to jest odcinek o d\u0142ugo\u015bci 10 km. Zostaje ostatni odcinek. Urz\u0105d Morski ju\u017c prowadzi prace zwi\u0105zane z badaniem dna drogi wodnej do portu \u2013 doda\u0142 wiceminister infrastruktury Arkadiusz Marchewka.<\/p>\n<p>Adrian Andrzejewski<\/p>\n","protected":false},"excerpt":{"rendered":"<p>Za p\u00f3\u0142tora roku do Elbl\u0105ga wp\u0142yn\u0105 pierwsze statki \u2013 deklaruje minister Infrastruktury Dariusz Klimczak. To efekt porozumienia w sprawie wsp\u00f3\u0142pracy zawartego z samorz\u0105dem przy budowie ostatniego odcinka drogi wodnej z&hellip;<\/p>\n","protected":false},"author":7,"featured_media":59217,"comment_status":"closed","ping_status":"open","sticky":false,"template":"","format":"standard","meta":{"_mi_skip_tracking":false,"footnotes":""},"categories":[48],"tags":[],"class_list":["post-59216","post","type-post","status-publish","format-standard","has-post-thumbnail","hentry","category-gospodarka"],"yoast_head":"<!-- This site is optimized with the Yoast SEO plugin v19.4 - https:\/\/yoast.com\/wordpress\/plugins\/seo\/ -->\n<title>Tor wodny do portu w Elbl\u0105gu b\u0119dzie pog\u0142\u0119biony - Godno\u015b\u0107 - DignityNews.eu<\/title>\n<meta name=\"robots\" content=\"index, follow, max-snippet:-1, max-image-preview:large, max-video-preview:-1\" \/>\n<link rel=\"canonical\" href=\"https:\/\/dignitynews.eu\/pl\/tor-wodny-do-portu-w-elblagu-bedzie-poglebiony\/\" \/>\n<meta property=\"og:locale\" content=\"pl_PL\" \/>\n<meta property=\"og:type\" content=\"article\" \/>\n<meta property=\"og:title\" content=\"Tor wodny do portu w Elbl\u0105gu b\u0119dzie pog\u0142\u0119biony - Godno\u015b\u0107 - DignityNews.eu\" \/>\n<meta property=\"og:description\" content=\"Za p\u00f3\u0142tora roku do Elbl\u0105ga wp\u0142yn\u0105 pierwsze statki \u2013 deklaruje minister Infrastruktury Dariusz Klimczak. To efekt porozumienia w sprawie wsp\u00f3\u0142pracy zawartego z samorz\u0105dem przy budowie ostatniego odcinka drogi wodnej z&hellip;\" \/>\n<meta property=\"og:url\" content=\"https:\/\/dignitynews.eu\/pl\/tor-wodny-do-portu-w-elblagu-bedzie-poglebiony\/\" \/>\n<meta property=\"og:site_name\" content=\"Godno\u015b\u0107 - DignityNews.eu\" \/>\n<meta property=\"article:published_time\" content=\"2024-03-26T13:51:36+00:00\" \/>\n<meta property=\"og:image\" content=\"https:\/\/dignitynews.eu\/wp-content\/uploads\/2024\/03\/Tor-wodny-do-portu-w-Elblagu-bedzie-poglebiony-fot.-MI.jpg\" \/>\n\t<meta property=\"og:image:width\" content=\"1200\" \/>\n\t<meta property=\"og:image:height\" content=\"800\" \/>\n\t<meta property=\"og:image:type\" content=\"image\/jpeg\" \/>\n<meta name=\"author\" content=\"Dignity News\" \/>\n<meta name=\"twitter:card\" content=\"summary_large_image\" \/>\n<meta name=\"twitter:label1\" content=\"Napisane przez\" \/>\n\t<meta name=\"twitter:data1\" content=\"Dignity News\" \/>\n\t<meta name=\"twitter:label2\" content=\"Szacowany czas czytania\" \/>\n\t<meta name=\"twitter:data2\" content=\"2 minuty\" \/>\n<script type=\"application\/ld+json\" class=\"yoast-schema-graph\">{\"@context\":\"https:\/\/schema.org\",\"@graph\":[{\"@type\":\"WebSite\",\"@id\":\"https:\/\/dignitynews.eu\/pl\/#website\",\"url\":\"https:\/\/dignitynews.eu\/pl\/\",\"name\":\"Godno\u015b\u0107 - DignityNews.eu\",\"description\":\"\",\"potentialAction\":[{\"@type\":\"SearchAction\",\"target\":{\"@type\":\"EntryPoint\",\"urlTemplate\":\"https:\/\/dignitynews.eu\/pl\/?s={search_term_string}\"},\"query-input\":\"required name=search_term_string\"}],\"inLanguage\":\"pl-PL\"},{\"@type\":\"WebPage\",\"@id\":\"https:\/\/dignitynews.eu\/pl\/tor-wodny-do-portu-w-elblagu-bedzie-poglebiony\/\",\"url\":\"https:\/\/dignitynews.eu\/pl\/tor-wodny-do-portu-w-elblagu-bedzie-poglebiony\/\",\"name\":\"Tor wodny do portu w Elbl\u0105gu b\u0119dzie pog\u0142\u0119biony - Godno\u015b\u0107 - DignityNews.eu\",\"isPartOf\":{\"@id\":\"https:\/\/dignitynews.eu\/pl\/#website\"},\"datePublished\":\"2024-03-26T13:51:36+00:00\",\"dateModified\":\"2024-03-26T13:51:36+00:00\",\"author\":{\"@id\":\"https:\/\/dignitynews.eu\/pl\/#\/schema\/person\/0b62b762b8174802fabc81a3ecb1bfcb\"},\"breadcrumb\":{\"@id\":\"https:\/\/dignitynews.eu\/pl\/tor-wodny-do-portu-w-elblagu-bedzie-poglebiony\/#breadcrumb\"},\"inLanguage\":\"pl-PL\",\"potentialAction\":[{\"@type\":\"ReadAction\",\"target\":[\"https:\/\/dignitynews.eu\/pl\/tor-wodny-do-portu-w-elblagu-bedzie-poglebiony\/\"]}]},{\"@type\":\"BreadcrumbList\",\"@id\":\"https:\/\/dignitynews.eu\/pl\/tor-wodny-do-portu-w-elblagu-bedzie-poglebiony\/#breadcrumb\",\"itemListElement\":[{\"@type\":\"ListItem\",\"position\":1,\"name\":\"Strona g\u0142\u00f3wna\",\"item\":\"https:\/\/dignitynews.eu\/pl\/\"},{\"@type\":\"ListItem\",\"position\":2,\"name\":\"Tor wodny do portu w Elbl\u0105gu b\u0119dzie pog\u0142\u0119biony\"}]},{\"@type\":\"Person\",\"@id\":\"https:\/\/dignitynews.eu\/pl\/#\/schema\/person\/0b62b762b8174802fabc81a3ecb1bfcb\",\"name\":\"Dignity News\",\"image\":{\"@type\":\"ImageObject\",\"inLanguage\":\"pl-PL\",\"@id\":\"https:\/\/dignitynews.eu\/pl\/#\/schema\/person\/image\/\",\"url\":\"https:\/\/secure.gravatar.com\/avatar\/97963171a6d9108f8381bbefb1c6b150c445b6ddd9e3077b96c86cf5892c85dc?s=96&d=mm&r=g\",\"contentUrl\":\"https:\/\/secure.gravatar.com\/avatar\/97963171a6d9108f8381bbefb1c6b150c445b6ddd9e3077b96c86cf5892c85dc?s=96&d=mm&r=g\",\"caption\":\"Dignity News\"},\"url\":\"https:\/\/dignitynews.eu\/pl\/author\/mikolaj-palade\/\"}]}<\/script>\n<!-- \/ Yoast SEO plugin. -->","yoast_head_json":{"title":"Tor wodny do portu w Elbl\u0105gu b\u0119dzie pog\u0142\u0119biony - Godno\u015b\u0107 - DignityNews.eu","robots":{"index":"index","follow":"follow","max-snippet":"max-snippet:-1","max-image-preview":"max-image-preview:large","max-video-preview":"max-video-preview:-1"},"canonical":"https:\/\/dignitynews.eu\/pl\/tor-wodny-do-portu-w-elblagu-bedzie-poglebiony\/","og_locale":"pl_PL","og_type":"article","og_title":"Tor wodny do portu w Elbl\u0105gu b\u0119dzie pog\u0142\u0119biony - Godno\u015b\u0107 - DignityNews.eu","og_description":"Za p\u00f3\u0142tora roku do Elbl\u0105ga wp\u0142yn\u0105 pierwsze statki \u2013 deklaruje minister Infrastruktury Dariusz Klimczak. To efekt porozumienia w sprawie wsp\u00f3\u0142pracy zawartego z samorz\u0105dem przy budowie ostatniego odcinka drogi wodnej z&hellip;","og_url":"https:\/\/dignitynews.eu\/pl\/tor-wodny-do-portu-w-elblagu-bedzie-poglebiony\/","og_site_name":"Godno\u015b\u0107 - DignityNews.eu","article_published_time":"2024-03-26T13:51:36+00:00","og_image":[{"width":1200,"height":800,"url":"https:\/\/dignitynews.eu\/wp-content\/uploads\/2024\/03\/Tor-wodny-do-portu-w-Elblagu-bedzie-poglebiony-fot.-MI.jpg","type":"image\/jpeg"}],"author":"Dignity News","twitter_card":"summary_large_image","twitter_misc":{"Napisane przez":"Dignity News","Szacowany czas czytania":"2 minuty"},"schema":{"@context":"https:\/\/schema.org","@graph":[{"@type":"WebSite","@id":"https:\/\/dignitynews.eu\/pl\/#website","url":"https:\/\/dignitynews.eu\/pl\/","name":"Godno\u015b\u0107 - DignityNews.eu","description":"","potentialAction":[{"@type":"SearchAction","target":{"@type":"EntryPoint","urlTemplate":"https:\/\/dignitynews.eu\/pl\/?s={search_term_string}"},"query-input":"required name=search_term_string"}],"inLanguage":"pl-PL"},{"@type":"WebPage","@id":"https:\/\/dignitynews.eu\/pl\/tor-wodny-do-portu-w-elblagu-bedzie-poglebiony\/","url":"https:\/\/dignitynews.eu\/pl\/tor-wodny-do-portu-w-elblagu-bedzie-poglebiony\/","name":"Tor wodny do portu w Elbl\u0105gu b\u0119dzie pog\u0142\u0119biony - Godno\u015b\u0107 - DignityNews.eu","isPartOf":{"@id":"https:\/\/dignitynews.eu\/pl\/#website"},"datePublished":"2024-03-26T13:51:36+00:00","dateModified":"2024-03-26T13:51:36+00:00","author":{"@id":"https:\/\/dignitynews.eu\/pl\/#\/schema\/person\/0b62b762b8174802fabc81a3ecb1bfcb"},"breadcrumb":{"@id":"https:\/\/dignitynews.eu\/pl\/tor-wodny-do-portu-w-elblagu-bedzie-poglebiony\/#breadcrumb"},"inLanguage":"pl-PL","potentialAction":[{"@type":"ReadAction","target":["https:\/\/dignitynews.eu\/pl\/tor-wodny-do-portu-w-elblagu-bedzie-poglebiony\/"]}]},{"@type":"BreadcrumbList","@id":"https:\/\/dignitynews.eu\/pl\/tor-wodny-do-portu-w-elblagu-bedzie-poglebiony\/#breadcrumb","itemListElement":[{"@type":"ListItem","position":1,"name":"Strona g\u0142\u00f3wna","item":"https:\/\/dignitynews.eu\/pl\/"},{"@type":"ListItem","position":2,"name":"Tor wodny do portu w Elbl\u0105gu b\u0119dzie pog\u0142\u0119biony"}]},{"@type":"Person","@id":"https:\/\/dignitynews.eu\/pl\/#\/schema\/person\/0b62b762b8174802fabc81a3ecb1bfcb","name":"Dignity News","image":{"@type":"ImageObject","inLanguage":"pl-PL","@id":"https:\/\/dignitynews.eu\/pl\/#\/schema\/person\/image\/","url":"https:\/\/secure.gravatar.com\/avatar\/97963171a6d9108f8381bbefb1c6b150c445b6ddd9e3077b96c86cf5892c85dc?s=96&d=mm&r=g","contentUrl":"https:\/\/secure.gravatar.com\/avatar\/97963171a6d9108f8381bbefb1c6b150c445b6ddd9e3077b96c86cf5892c85dc?s=96&d=mm&r=g","caption":"Dignity News"},"url":"https:\/\/dignitynews.eu\/pl\/author\/mikolaj-palade\/"}]}},"_links":{"self":[{"href":"https:\/\/dignitynews.eu\/pl\/wp-json\/wp\/v2\/posts\/59216","targetHints":{"allow":["GET"]}}],"collection":[{"href":"https:\/\/dignitynews.eu\/pl\/wp-json\/wp\/v2\/posts"}],"about":[{"href":"https:\/\/dignitynews.eu\/pl\/wp-json\/wp\/v2\/types\/post"}],"author":[{"embeddable":true,"href":"https:\/\/dignitynews.eu\/pl\/wp-json\/wp\/v2\/users\/7"}],"replies":[{"embeddable":true,"href":"https:\/\/dignitynews.eu\/pl\/wp-json\/wp\/v2\/comments?post=59216"}],"version-history":[{"count":1,"href":"https:\/\/dignitynews.eu\/pl\/wp-json\/wp\/v2\/posts\/59216\/revisions"}],"predecessor-version":[{"id":59222,"href":"https:\/\/dignitynews.eu\/pl\/wp-json\/wp\/v2\/posts\/59216\/revisions\/59222"}],"wp:featuredmedia":[{"embeddable":true,"href":"https:\/\/dignitynews.eu\/pl\/wp-json\/wp\/v2\/media\/59217"}],"wp:attachment":[{"href":"https:\/\/dignitynews.eu\/pl\/wp-json\/wp\/v2\/media?parent=59216"}],"wp:term":[{"taxonomy":"category","embeddable":true,"href":"https:\/\/dignitynews.eu\/pl\/wp-json\/wp\/v2\/categories?post=59216"},{"taxonomy":"post_tag","embeddable":true,"href":"https:\/\/dignitynews.eu\/pl\/wp-json\/wp\/v2\/tags?post=59216"}],"curies":[{"name":"wp","href":"https:\/\/api.w.org\/{rel}","templated":true}]}}