{"id":59185,"date":"2024-03-25T15:51:55","date_gmt":"2024-03-25T14:51:55","guid":{"rendered":"https:\/\/dignitynews.eu\/?p=59185"},"modified":"2024-03-25T15:51:55","modified_gmt":"2024-03-25T14:51:55","slug":"uroczystosci-narodowego-dnia-pamieci-polakow-ratujacych-zydow-pod-okupacja-niemiecka","status":"publish","type":"post","link":"https:\/\/dignitynews.eu\/pl\/uroczystosci-narodowego-dnia-pamieci-polakow-ratujacych-zydow-pod-okupacja-niemiecka\/","title":{"rendered":"Uroczysto\u015bci Narodowego Dnia Pami\u0119ci Polak\u00f3w ratuj\u0105cych \u017byd\u00f3w pod okupacj\u0105 niemieck\u0105"},"content":{"rendered":"<h5>Port Lotniczy Rzesz\u00f3w-Jasionka oficjalnie otrzyma\u0142 imi\u0119 Rodziny Ulm\u00f3w &#8211; Polak\u00f3w, kt\u00f3rzy ukrywali w swoim gospodarstwie o\u015bmioro \u017byd\u00f3w, za co 24 marca 1944 r. zostali zamordowani przez Niemc\u00f3w. W rocznic\u0119 tej zbrodni obchodzony jest Narodowy Dzie\u0144 Pami\u0119ci Polak\u00f3w ratuj\u0105cych \u017byd\u00f3w pod okupacj\u0105 niemieck\u0105. W uroczysto\u015bciach uczestniczy\u0142 prezydent Andrzej Duda.<\/h5>\n<p>&#8211; Dzi\u0119kuj\u0119, \u017ce zdecydowali\u015bcie si\u0119 nada\u0107 temu lotnisku imi\u0119 tej w\u0142a\u015bnie rodziny. To wielka specyfika port lotniczy, to okno na \u015bwiat, to miejsce, gdzie przybywaj\u0105 ludzie &#8211; w ostatnim czasie rzeczywi\u015bcie z ca\u0142ego \u015bwiata. Od czasu rosyjskiej agresji na Ukrain\u0119 lotnisko w Jasionce sta\u0142o si\u0119 centrum wsparcia dla Ukrainy na wszelkie mo\u017cliwe sposoby: i tego wsparcia militarnego, i humanitarnego, i politycznego, bo to tutaj przylatuj\u0105 politycy z ca\u0142ego \u015bwiata, kt\u00f3rzy potem pod\u0105\u017caj\u0105 dalej w kierunku Kijowa \u2013 powiedzia\u0142 prezydent i doda\u0142, \u017ce dzi\u0119ki tej inicjatywie ta niezwykle wa\u017cna historia o Polakach b\u0119dzie sz\u0142a w \u015bwiat.<\/p>\n<p>Rodzina Ulm\u00f3w ukrywa\u0142a w swoim gospodarstwie o\u015bmioro \u017byd\u00f3w, za co 24 marca 1944 r. wszyscy zostali zamordowani przez Niemc\u00f3w. Najpierw zabito ukrywanych \u017byd\u00f3w, a potem J\u00f3zefa, Wiktori\u0119 i siedmioro dzieci Ulm\u00f3w (por\u00f3d najm\u0142odszego rozpocz\u0105\u0142 si\u0119 w chwili egzekucji).<\/p>\n<p>R\u00f3wnie\u017c w niedziel\u0119 w Markowej w Sadzie Pami\u0119ci przed pomnikiem upami\u0119tniaj\u0105cym \u015bmier\u0107 rodziny Ulm\u00f3w prezydent z\u0142o\u017cy\u0142 wieniec. &#8211; Mimo tego, \u017ce w Polsce za pomoc \u017bydom grozi\u0142a kara \u015bmierci, tak jak nigdzie w Europie Zachodniej, to by\u0142o oko\u0142o miliona Polak\u00f3w, kt\u00f3rzy nie\u015bli pomoc swoim pobratymcom, \u017cydowskim s\u0105siadom \u2013 m\u00f3wi\u0142 Andrzej Duda.<\/p>\n<p>W 1995 roku za swoje czyny rodzina Ulm\u00f3w zosta\u0142a uhonorowana tytu\u0142em &#8222;Sprawiedliwi w\u015br\u00f3d Narod\u00f3w \u015awiata&#8221;. W 2022 roku papie\u017c Franciszek potwierdzi\u0142 dekret o m\u0119cze\u0144stwie czcigodnych S\u0142ug Bo\u017cych, umo\u017cliwiaj\u0105c tym samym ich beatyfikacj\u0119, kt\u00f3ra odby\u0142a si\u0119 10 wrze\u015bnia 2023 r. w Markowej. By\u0142 to pierwszy w historii przypadek, kiedy do chwa\u0142y o\u0142tarzy zosta\u0142a wyniesiona ca\u0142a rodzina.<\/p>\n<p>Arkadiusz S\u0142omczy\u0144ski<\/p>\n","protected":false},"excerpt":{"rendered":"<p>Port Lotniczy Rzesz\u00f3w-Jasionka oficjalnie otrzyma\u0142 imi\u0119 Rodziny Ulm\u00f3w &#8211; Polak\u00f3w, kt\u00f3rzy ukrywali w swoim gospodarstwie o\u015bmioro \u017byd\u00f3w, za co 24 marca 1944 r. zostali zamordowani przez Niemc\u00f3w. W rocznic\u0119 tej&hellip;<\/p>\n","protected":false},"author":7,"featured_media":59191,"comment_status":"closed","ping_status":"open","sticky":false,"template":"","format":"standard","meta":{"_mi_skip_tracking":false,"footnotes":""},"categories":[47],"tags":[],"class_list":["post-59185","post","type-post","status-publish","format-standard","has-post-thumbnail","hentry","category-wydarzenia"],"yoast_head":"<!-- This site is optimized with the Yoast SEO plugin v19.4 - https:\/\/yoast.com\/wordpress\/plugins\/seo\/ -->\n<title>Uroczysto\u015bci Narodowego Dnia Pami\u0119ci Polak\u00f3w ratuj\u0105cych \u017byd\u00f3w pod okupacj\u0105 niemieck\u0105 - Godno\u015b\u0107 - DignityNews.eu<\/title>\n<meta name=\"robots\" content=\"index, follow, max-snippet:-1, max-image-preview:large, max-video-preview:-1\" \/>\n<link rel=\"canonical\" href=\"https:\/\/dignitynews.eu\/pl\/uroczystosci-narodowego-dnia-pamieci-polakow-ratujacych-zydow-pod-okupacja-niemiecka\/\" \/>\n<meta property=\"og:locale\" content=\"pl_PL\" \/>\n<meta property=\"og:type\" content=\"article\" \/>\n<meta property=\"og:title\" content=\"Uroczysto\u015bci Narodowego Dnia Pami\u0119ci Polak\u00f3w ratuj\u0105cych \u017byd\u00f3w pod okupacj\u0105 niemieck\u0105 - Godno\u015b\u0107 - DignityNews.eu\" \/>\n<meta property=\"og:description\" content=\"Port Lotniczy Rzesz\u00f3w-Jasionka oficjalnie otrzyma\u0142 imi\u0119 Rodziny Ulm\u00f3w &#8211; Polak\u00f3w, kt\u00f3rzy ukrywali w swoim gospodarstwie o\u015bmioro \u017byd\u00f3w, za co 24 marca 1944 r. zostali zamordowani przez Niemc\u00f3w. W rocznic\u0119 tej&hellip;\" \/>\n<meta property=\"og:url\" content=\"https:\/\/dignitynews.eu\/pl\/uroczystosci-narodowego-dnia-pamieci-polakow-ratujacych-zydow-pod-okupacja-niemiecka\/\" \/>\n<meta property=\"og:site_name\" content=\"Godno\u015b\u0107 - DignityNews.eu\" \/>\n<meta property=\"article:published_time\" content=\"2024-03-25T14:51:55+00:00\" \/>\n<meta property=\"og:image\" content=\"https:\/\/dignitynews.eu\/wp-content\/uploads\/2024\/03\/uroczystosci-narodowego-fot.-Polska-Press-East-News.jpg\" \/>\n\t<meta property=\"og:image:width\" content=\"1500\" \/>\n\t<meta property=\"og:image:height\" content=\"1013\" \/>\n\t<meta property=\"og:image:type\" content=\"image\/jpeg\" \/>\n<meta name=\"author\" content=\"Dignity News\" \/>\n<meta name=\"twitter:card\" content=\"summary_large_image\" \/>\n<meta name=\"twitter:label1\" content=\"Napisane przez\" \/>\n\t<meta name=\"twitter:data1\" content=\"Dignity News\" \/>\n\t<meta name=\"twitter:label2\" content=\"Szacowany czas czytania\" \/>\n\t<meta name=\"twitter:data2\" content=\"2 minuty\" \/>\n<script type=\"application\/ld+json\" class=\"yoast-schema-graph\">{\"@context\":\"https:\/\/schema.org\",\"@graph\":[{\"@type\":\"WebSite\",\"@id\":\"https:\/\/dignitynews.eu\/pl\/#website\",\"url\":\"https:\/\/dignitynews.eu\/pl\/\",\"name\":\"Godno\u015b\u0107 - DignityNews.eu\",\"description\":\"\",\"potentialAction\":[{\"@type\":\"SearchAction\",\"target\":{\"@type\":\"EntryPoint\",\"urlTemplate\":\"https:\/\/dignitynews.eu\/pl\/?s={search_term_string}\"},\"query-input\":\"required name=search_term_string\"}],\"inLanguage\":\"pl-PL\"},{\"@type\":\"WebPage\",\"@id\":\"https:\/\/dignitynews.eu\/pl\/uroczystosci-narodowego-dnia-pamieci-polakow-ratujacych-zydow-pod-okupacja-niemiecka\/\",\"url\":\"https:\/\/dignitynews.eu\/pl\/uroczystosci-narodowego-dnia-pamieci-polakow-ratujacych-zydow-pod-okupacja-niemiecka\/\",\"name\":\"Uroczysto\u015bci Narodowego Dnia Pami\u0119ci Polak\u00f3w ratuj\u0105cych \u017byd\u00f3w pod okupacj\u0105 niemieck\u0105 - Godno\u015b\u0107 - DignityNews.eu\",\"isPartOf\":{\"@id\":\"https:\/\/dignitynews.eu\/pl\/#website\"},\"datePublished\":\"2024-03-25T14:51:55+00:00\",\"dateModified\":\"2024-03-25T14:51:55+00:00\",\"author\":{\"@id\":\"https:\/\/dignitynews.eu\/pl\/#\/schema\/person\/0b62b762b8174802fabc81a3ecb1bfcb\"},\"breadcrumb\":{\"@id\":\"https:\/\/dignitynews.eu\/pl\/uroczystosci-narodowego-dnia-pamieci-polakow-ratujacych-zydow-pod-okupacja-niemiecka\/#breadcrumb\"},\"inLanguage\":\"pl-PL\",\"potentialAction\":[{\"@type\":\"ReadAction\",\"target\":[\"https:\/\/dignitynews.eu\/pl\/uroczystosci-narodowego-dnia-pamieci-polakow-ratujacych-zydow-pod-okupacja-niemiecka\/\"]}]},{\"@type\":\"BreadcrumbList\",\"@id\":\"https:\/\/dignitynews.eu\/pl\/uroczystosci-narodowego-dnia-pamieci-polakow-ratujacych-zydow-pod-okupacja-niemiecka\/#breadcrumb\",\"itemListElement\":[{\"@type\":\"ListItem\",\"position\":1,\"name\":\"Strona g\u0142\u00f3wna\",\"item\":\"https:\/\/dignitynews.eu\/pl\/\"},{\"@type\":\"ListItem\",\"position\":2,\"name\":\"Uroczysto\u015bci Narodowego Dnia Pami\u0119ci Polak\u00f3w ratuj\u0105cych \u017byd\u00f3w pod okupacj\u0105 niemieck\u0105\"}]},{\"@type\":\"Person\",\"@id\":\"https:\/\/dignitynews.eu\/pl\/#\/schema\/person\/0b62b762b8174802fabc81a3ecb1bfcb\",\"name\":\"Dignity News\",\"image\":{\"@type\":\"ImageObject\",\"inLanguage\":\"pl-PL\",\"@id\":\"https:\/\/dignitynews.eu\/pl\/#\/schema\/person\/image\/\",\"url\":\"https:\/\/secure.gravatar.com\/avatar\/97963171a6d9108f8381bbefb1c6b150c445b6ddd9e3077b96c86cf5892c85dc?s=96&d=mm&r=g\",\"contentUrl\":\"https:\/\/secure.gravatar.com\/avatar\/97963171a6d9108f8381bbefb1c6b150c445b6ddd9e3077b96c86cf5892c85dc?s=96&d=mm&r=g\",\"caption\":\"Dignity News\"},\"url\":\"https:\/\/dignitynews.eu\/pl\/author\/mikolaj-palade\/\"}]}<\/script>\n<!-- \/ Yoast SEO plugin. -->","yoast_head_json":{"title":"Uroczysto\u015bci Narodowego Dnia Pami\u0119ci Polak\u00f3w ratuj\u0105cych \u017byd\u00f3w pod okupacj\u0105 niemieck\u0105 - Godno\u015b\u0107 - DignityNews.eu","robots":{"index":"index","follow":"follow","max-snippet":"max-snippet:-1","max-image-preview":"max-image-preview:large","max-video-preview":"max-video-preview:-1"},"canonical":"https:\/\/dignitynews.eu\/pl\/uroczystosci-narodowego-dnia-pamieci-polakow-ratujacych-zydow-pod-okupacja-niemiecka\/","og_locale":"pl_PL","og_type":"article","og_title":"Uroczysto\u015bci Narodowego Dnia Pami\u0119ci Polak\u00f3w ratuj\u0105cych \u017byd\u00f3w pod okupacj\u0105 niemieck\u0105 - Godno\u015b\u0107 - DignityNews.eu","og_description":"Port Lotniczy Rzesz\u00f3w-Jasionka oficjalnie otrzyma\u0142 imi\u0119 Rodziny Ulm\u00f3w &#8211; Polak\u00f3w, kt\u00f3rzy ukrywali w swoim gospodarstwie o\u015bmioro \u017byd\u00f3w, za co 24 marca 1944 r. zostali zamordowani przez Niemc\u00f3w. W rocznic\u0119 tej&hellip;","og_url":"https:\/\/dignitynews.eu\/pl\/uroczystosci-narodowego-dnia-pamieci-polakow-ratujacych-zydow-pod-okupacja-niemiecka\/","og_site_name":"Godno\u015b\u0107 - DignityNews.eu","article_published_time":"2024-03-25T14:51:55+00:00","og_image":[{"width":1500,"height":1013,"url":"https:\/\/dignitynews.eu\/wp-content\/uploads\/2024\/03\/uroczystosci-narodowego-fot.-Polska-Press-East-News.jpg","type":"image\/jpeg"}],"author":"Dignity News","twitter_card":"summary_large_image","twitter_misc":{"Napisane przez":"Dignity News","Szacowany czas czytania":"2 minuty"},"schema":{"@context":"https:\/\/schema.org","@graph":[{"@type":"WebSite","@id":"https:\/\/dignitynews.eu\/pl\/#website","url":"https:\/\/dignitynews.eu\/pl\/","name":"Godno\u015b\u0107 - DignityNews.eu","description":"","potentialAction":[{"@type":"SearchAction","target":{"@type":"EntryPoint","urlTemplate":"https:\/\/dignitynews.eu\/pl\/?s={search_term_string}"},"query-input":"required name=search_term_string"}],"inLanguage":"pl-PL"},{"@type":"WebPage","@id":"https:\/\/dignitynews.eu\/pl\/uroczystosci-narodowego-dnia-pamieci-polakow-ratujacych-zydow-pod-okupacja-niemiecka\/","url":"https:\/\/dignitynews.eu\/pl\/uroczystosci-narodowego-dnia-pamieci-polakow-ratujacych-zydow-pod-okupacja-niemiecka\/","name":"Uroczysto\u015bci Narodowego Dnia Pami\u0119ci Polak\u00f3w ratuj\u0105cych \u017byd\u00f3w pod okupacj\u0105 niemieck\u0105 - Godno\u015b\u0107 - DignityNews.eu","isPartOf":{"@id":"https:\/\/dignitynews.eu\/pl\/#website"},"datePublished":"2024-03-25T14:51:55+00:00","dateModified":"2024-03-25T14:51:55+00:00","author":{"@id":"https:\/\/dignitynews.eu\/pl\/#\/schema\/person\/0b62b762b8174802fabc81a3ecb1bfcb"},"breadcrumb":{"@id":"https:\/\/dignitynews.eu\/pl\/uroczystosci-narodowego-dnia-pamieci-polakow-ratujacych-zydow-pod-okupacja-niemiecka\/#breadcrumb"},"inLanguage":"pl-PL","potentialAction":[{"@type":"ReadAction","target":["https:\/\/dignitynews.eu\/pl\/uroczystosci-narodowego-dnia-pamieci-polakow-ratujacych-zydow-pod-okupacja-niemiecka\/"]}]},{"@type":"BreadcrumbList","@id":"https:\/\/dignitynews.eu\/pl\/uroczystosci-narodowego-dnia-pamieci-polakow-ratujacych-zydow-pod-okupacja-niemiecka\/#breadcrumb","itemListElement":[{"@type":"ListItem","position":1,"name":"Strona g\u0142\u00f3wna","item":"https:\/\/dignitynews.eu\/pl\/"},{"@type":"ListItem","position":2,"name":"Uroczysto\u015bci Narodowego Dnia Pami\u0119ci Polak\u00f3w ratuj\u0105cych \u017byd\u00f3w pod okupacj\u0105 niemieck\u0105"}]},{"@type":"Person","@id":"https:\/\/dignitynews.eu\/pl\/#\/schema\/person\/0b62b762b8174802fabc81a3ecb1bfcb","name":"Dignity News","image":{"@type":"ImageObject","inLanguage":"pl-PL","@id":"https:\/\/dignitynews.eu\/pl\/#\/schema\/person\/image\/","url":"https:\/\/secure.gravatar.com\/avatar\/97963171a6d9108f8381bbefb1c6b150c445b6ddd9e3077b96c86cf5892c85dc?s=96&d=mm&r=g","contentUrl":"https:\/\/secure.gravatar.com\/avatar\/97963171a6d9108f8381bbefb1c6b150c445b6ddd9e3077b96c86cf5892c85dc?s=96&d=mm&r=g","caption":"Dignity News"},"url":"https:\/\/dignitynews.eu\/pl\/author\/mikolaj-palade\/"}]}},"_links":{"self":[{"href":"https:\/\/dignitynews.eu\/pl\/wp-json\/wp\/v2\/posts\/59185","targetHints":{"allow":["GET"]}}],"collection":[{"href":"https:\/\/dignitynews.eu\/pl\/wp-json\/wp\/v2\/posts"}],"about":[{"href":"https:\/\/dignitynews.eu\/pl\/wp-json\/wp\/v2\/types\/post"}],"author":[{"embeddable":true,"href":"https:\/\/dignitynews.eu\/pl\/wp-json\/wp\/v2\/users\/7"}],"replies":[{"embeddable":true,"href":"https:\/\/dignitynews.eu\/pl\/wp-json\/wp\/v2\/comments?post=59185"}],"version-history":[{"count":1,"href":"https:\/\/dignitynews.eu\/pl\/wp-json\/wp\/v2\/posts\/59185\/revisions"}],"predecessor-version":[{"id":59196,"href":"https:\/\/dignitynews.eu\/pl\/wp-json\/wp\/v2\/posts\/59185\/revisions\/59196"}],"wp:featuredmedia":[{"embeddable":true,"href":"https:\/\/dignitynews.eu\/pl\/wp-json\/wp\/v2\/media\/59191"}],"wp:attachment":[{"href":"https:\/\/dignitynews.eu\/pl\/wp-json\/wp\/v2\/media?parent=59185"}],"wp:term":[{"taxonomy":"category","embeddable":true,"href":"https:\/\/dignitynews.eu\/pl\/wp-json\/wp\/v2\/categories?post=59185"},{"taxonomy":"post_tag","embeddable":true,"href":"https:\/\/dignitynews.eu\/pl\/wp-json\/wp\/v2\/tags?post=59185"}],"curies":[{"name":"wp","href":"https:\/\/api.w.org\/{rel}","templated":true}]}}