{"id":58809,"date":"2024-03-19T15:02:16","date_gmt":"2024-03-19T14:02:16","guid":{"rendered":"https:\/\/dignitynews.eu\/?p=58809"},"modified":"2024-03-19T15:02:16","modified_gmt":"2024-03-19T14:02:16","slug":"w-2023-r-w-polsce-wiecej-energii-pochodzilo-z-odnawialnych-zrodel-niz-z-wegla-brunatnego-padl-rekord","status":"publish","type":"post","link":"https:\/\/dignitynews.eu\/pl\/w-2023-r-w-polsce-wiecej-energii-pochodzilo-z-odnawialnych-zrodel-niz-z-wegla-brunatnego-padl-rekord\/","title":{"rendered":"W 2023 r. w Polsce wi\u0119cej energii pochodzi\u0142o z odnawialnych \u017ar\u00f3de\u0142 ni\u017c z w\u0119gla brunatnego. Pad\u0142 rekord"},"content":{"rendered":"<h5>W 2023 r. polskie \u017ar\u00f3d\u0142a odnawialne &#8211; bez hydroenergetyki &#8211; wyprodukowa\u0142y wi\u0119cej energii elektrycznej, ni\u017c elektrownie na w\u0119giel brunatny &#8211; wynika z raportu nt. dzia\u0142ania Krajowego Systemu Elektroenergetycznego za ubieg\u0142y rok, opublikowanego przez Polskie Sieci Elektroenergetyczne (PSE).<\/h5>\n<p>Zgodnie z opublikowanymi przez operatora systemu przesy\u0142owego danymi, w zesz\u0142ym roku odnawialne \u017ar\u00f3d\u0142a energii (OZE) wyprodukowa\u0142y najwi\u0119cej w historii &#8211; 35 TWh i stanowi\u0142o to 21,5 proc. ca\u0142ej produkcji. Udzia\u0142 produkcji energii elektrycznej z w\u0119gla brunatnego wyni\u00f3s\u0142 21,1 proc. i po raz pierwszy by\u0142 ni\u017cszy ni\u017c ze \u017ar\u00f3de\u0142 odnawialnych. W 2022 r. udzia\u0142y te wynosi\u0142y: 15,8 proc. dla OZE i 26,8 proc. dla w\u0119gla brunatnego.<\/p>\n<p>Najwi\u0119cej pr\u0105du w 2023 r. wyprodukowa\u0142y elektrownie na w\u0119giel kamienny &#8211; 46,8 proc. W sumie z obu rodzaj\u00f3w w\u0119gla powsta\u0142o 68 proc. energii elektrycznej. Z elektrowni gazowych pochodzi\u0142o 8,3 proc. produkcji, a z wodnych &#8211; 2,2 proc. Krajowa produkcja energii elektrycznej wynios\u0142a 163,6 TWh, o 11,5 TWh mniej ni\u017c w historycznie rekordowym roku 2022.<\/p>\n<p>Moc zainstalowana w Krajowym Systemie Elektroenergetycznym (KSE) osi\u0105gn\u0119\u0142a 66,3 GW, w tym 40 proc. stanowi\u0105 OZE, 3,6 proc. hydroenergetyka, 37 proc. w\u0119giel kamienny, 12,2 proc. w\u0119giel brunatny, a niespe\u0142na 7 proc. elektrownie gazowe. Moc \u017ar\u00f3de\u0142 na w\u0119giel kamienny wzros\u0142a o 200 MW, gazowych &#8211; o 1,4 GW, a odnawialnych o ponad 5 GW.<\/p>\n<p>Najwy\u017csze krajowe zapotrzebowanie na moc wyst\u0105pi\u0142o 28 listopada 2023 r. ok. godz. 13 i wynosi\u0142o 27326 MW. Natomiast najni\u017csze zanotowano 11 czerwca 2023 r. o godz. 5.30 i wynosi\u0142o 11331 MW.<\/p>\n<p>Saldo wymiany mi\u0119dzynarodowej wynios\u0142o prawie 3,9 TWh w kierunku Polski. Najwy\u017csze saldo w kierunku Polski by\u0142o na po\u0142\u0105czeniach z Niemcami i Szwecj\u0105, a w kierunku z Polski &#8211; z Czechami i S\u0142owacji. Nie zanotowano ogranicze\u0144 w dostawach energii elektrycznej z powodu braku mocy w krajowym systemie i awarii sieci przesy\u0142owe \u2013 czytamy w raporcie PSE.<\/p>\n<p>Arkadiusz S\u0142omczy\u0144ski<\/p>\n","protected":false},"excerpt":{"rendered":"<p>W 2023 r. polskie \u017ar\u00f3d\u0142a odnawialne &#8211; bez hydroenergetyki &#8211; wyprodukowa\u0142y wi\u0119cej energii elektrycznej, ni\u017c elektrownie na w\u0119giel brunatny &#8211; wynika z raportu nt. dzia\u0142ania Krajowego Systemu Elektroenergetycznego za ubieg\u0142y&hellip;<\/p>\n","protected":false},"author":7,"featured_media":58810,"comment_status":"closed","ping_status":"open","sticky":false,"template":"","format":"standard","meta":{"_mi_skip_tracking":false,"footnotes":""},"categories":[48],"tags":[],"class_list":["post-58809","post","type-post","status-publish","format-standard","has-post-thumbnail","hentry","category-gospodarka"],"yoast_head":"<!-- This site is optimized with the Yoast SEO plugin v19.4 - https:\/\/yoast.com\/wordpress\/plugins\/seo\/ -->\n<title>W 2023 r. w Polsce wi\u0119cej energii pochodzi\u0142o z odnawialnych \u017ar\u00f3de\u0142 ni\u017c z w\u0119gla brunatnego. Pad\u0142 rekord - Godno\u015b\u0107 - DignityNews.eu<\/title>\n<meta name=\"robots\" content=\"index, follow, max-snippet:-1, max-image-preview:large, max-video-preview:-1\" \/>\n<link rel=\"canonical\" href=\"https:\/\/dignitynews.eu\/pl\/w-2023-r-w-polsce-wiecej-energii-pochodzilo-z-odnawialnych-zrodel-niz-z-wegla-brunatnego-padl-rekord\/\" \/>\n<meta property=\"og:locale\" content=\"pl_PL\" \/>\n<meta property=\"og:type\" content=\"article\" \/>\n<meta property=\"og:title\" content=\"W 2023 r. w Polsce wi\u0119cej energii pochodzi\u0142o z odnawialnych \u017ar\u00f3de\u0142 ni\u017c z w\u0119gla brunatnego. Pad\u0142 rekord - Godno\u015b\u0107 - DignityNews.eu\" \/>\n<meta property=\"og:description\" content=\"W 2023 r. polskie \u017ar\u00f3d\u0142a odnawialne &#8211; bez hydroenergetyki &#8211; wyprodukowa\u0142y wi\u0119cej energii elektrycznej, ni\u017c elektrownie na w\u0119giel brunatny &#8211; wynika z raportu nt. dzia\u0142ania Krajowego Systemu Elektroenergetycznego za ubieg\u0142y&hellip;\" \/>\n<meta property=\"og:url\" content=\"https:\/\/dignitynews.eu\/pl\/w-2023-r-w-polsce-wiecej-energii-pochodzilo-z-odnawialnych-zrodel-niz-z-wegla-brunatnego-padl-rekord\/\" \/>\n<meta property=\"og:site_name\" content=\"Godno\u015b\u0107 - DignityNews.eu\" \/>\n<meta property=\"article:published_time\" content=\"2024-03-19T14:02:16+00:00\" \/>\n<meta property=\"og:image\" content=\"https:\/\/dignitynews.eu\/wp-content\/uploads\/2024\/03\/w-2023-r.-w-Polsce-fot.-PIOTR-KAMIONKA-REPORTER.jpg\" \/>\n\t<meta property=\"og:image:width\" content=\"1500\" \/>\n\t<meta property=\"og:image:height\" content=\"996\" \/>\n\t<meta property=\"og:image:type\" content=\"image\/jpeg\" \/>\n<meta name=\"author\" content=\"Dignity News\" \/>\n<meta name=\"twitter:card\" content=\"summary_large_image\" \/>\n<meta name=\"twitter:label1\" content=\"Napisane przez\" \/>\n\t<meta name=\"twitter:data1\" content=\"Dignity News\" \/>\n\t<meta name=\"twitter:label2\" content=\"Szacowany czas czytania\" \/>\n\t<meta name=\"twitter:data2\" content=\"2 minuty\" \/>\n<script type=\"application\/ld+json\" class=\"yoast-schema-graph\">{\"@context\":\"https:\/\/schema.org\",\"@graph\":[{\"@type\":\"WebSite\",\"@id\":\"https:\/\/dignitynews.eu\/pl\/#website\",\"url\":\"https:\/\/dignitynews.eu\/pl\/\",\"name\":\"Godno\u015b\u0107 - DignityNews.eu\",\"description\":\"\",\"potentialAction\":[{\"@type\":\"SearchAction\",\"target\":{\"@type\":\"EntryPoint\",\"urlTemplate\":\"https:\/\/dignitynews.eu\/pl\/?s={search_term_string}\"},\"query-input\":\"required name=search_term_string\"}],\"inLanguage\":\"pl-PL\"},{\"@type\":\"WebPage\",\"@id\":\"https:\/\/dignitynews.eu\/pl\/w-2023-r-w-polsce-wiecej-energii-pochodzilo-z-odnawialnych-zrodel-niz-z-wegla-brunatnego-padl-rekord\/\",\"url\":\"https:\/\/dignitynews.eu\/pl\/w-2023-r-w-polsce-wiecej-energii-pochodzilo-z-odnawialnych-zrodel-niz-z-wegla-brunatnego-padl-rekord\/\",\"name\":\"W 2023 r. w Polsce wi\u0119cej energii pochodzi\u0142o z odnawialnych \u017ar\u00f3de\u0142 ni\u017c z w\u0119gla brunatnego. Pad\u0142 rekord - Godno\u015b\u0107 - DignityNews.eu\",\"isPartOf\":{\"@id\":\"https:\/\/dignitynews.eu\/pl\/#website\"},\"datePublished\":\"2024-03-19T14:02:16+00:00\",\"dateModified\":\"2024-03-19T14:02:16+00:00\",\"author\":{\"@id\":\"https:\/\/dignitynews.eu\/pl\/#\/schema\/person\/0b62b762b8174802fabc81a3ecb1bfcb\"},\"breadcrumb\":{\"@id\":\"https:\/\/dignitynews.eu\/pl\/w-2023-r-w-polsce-wiecej-energii-pochodzilo-z-odnawialnych-zrodel-niz-z-wegla-brunatnego-padl-rekord\/#breadcrumb\"},\"inLanguage\":\"pl-PL\",\"potentialAction\":[{\"@type\":\"ReadAction\",\"target\":[\"https:\/\/dignitynews.eu\/pl\/w-2023-r-w-polsce-wiecej-energii-pochodzilo-z-odnawialnych-zrodel-niz-z-wegla-brunatnego-padl-rekord\/\"]}]},{\"@type\":\"BreadcrumbList\",\"@id\":\"https:\/\/dignitynews.eu\/pl\/w-2023-r-w-polsce-wiecej-energii-pochodzilo-z-odnawialnych-zrodel-niz-z-wegla-brunatnego-padl-rekord\/#breadcrumb\",\"itemListElement\":[{\"@type\":\"ListItem\",\"position\":1,\"name\":\"Strona g\u0142\u00f3wna\",\"item\":\"https:\/\/dignitynews.eu\/pl\/\"},{\"@type\":\"ListItem\",\"position\":2,\"name\":\"W 2023 r. w Polsce wi\u0119cej energii pochodzi\u0142o z odnawialnych \u017ar\u00f3de\u0142 ni\u017c z w\u0119gla brunatnego. Pad\u0142 rekord\"}]},{\"@type\":\"Person\",\"@id\":\"https:\/\/dignitynews.eu\/pl\/#\/schema\/person\/0b62b762b8174802fabc81a3ecb1bfcb\",\"name\":\"Dignity News\",\"image\":{\"@type\":\"ImageObject\",\"inLanguage\":\"pl-PL\",\"@id\":\"https:\/\/dignitynews.eu\/pl\/#\/schema\/person\/image\/\",\"url\":\"https:\/\/secure.gravatar.com\/avatar\/97963171a6d9108f8381bbefb1c6b150c445b6ddd9e3077b96c86cf5892c85dc?s=96&d=mm&r=g\",\"contentUrl\":\"https:\/\/secure.gravatar.com\/avatar\/97963171a6d9108f8381bbefb1c6b150c445b6ddd9e3077b96c86cf5892c85dc?s=96&d=mm&r=g\",\"caption\":\"Dignity News\"},\"url\":\"https:\/\/dignitynews.eu\/pl\/author\/mikolaj-palade\/\"}]}<\/script>\n<!-- \/ Yoast SEO plugin. -->","yoast_head_json":{"title":"W 2023 r. w Polsce wi\u0119cej energii pochodzi\u0142o z odnawialnych \u017ar\u00f3de\u0142 ni\u017c z w\u0119gla brunatnego. Pad\u0142 rekord - Godno\u015b\u0107 - DignityNews.eu","robots":{"index":"index","follow":"follow","max-snippet":"max-snippet:-1","max-image-preview":"max-image-preview:large","max-video-preview":"max-video-preview:-1"},"canonical":"https:\/\/dignitynews.eu\/pl\/w-2023-r-w-polsce-wiecej-energii-pochodzilo-z-odnawialnych-zrodel-niz-z-wegla-brunatnego-padl-rekord\/","og_locale":"pl_PL","og_type":"article","og_title":"W 2023 r. w Polsce wi\u0119cej energii pochodzi\u0142o z odnawialnych \u017ar\u00f3de\u0142 ni\u017c z w\u0119gla brunatnego. Pad\u0142 rekord - Godno\u015b\u0107 - DignityNews.eu","og_description":"W 2023 r. polskie \u017ar\u00f3d\u0142a odnawialne &#8211; bez hydroenergetyki &#8211; wyprodukowa\u0142y wi\u0119cej energii elektrycznej, ni\u017c elektrownie na w\u0119giel brunatny &#8211; wynika z raportu nt. dzia\u0142ania Krajowego Systemu Elektroenergetycznego za ubieg\u0142y&hellip;","og_url":"https:\/\/dignitynews.eu\/pl\/w-2023-r-w-polsce-wiecej-energii-pochodzilo-z-odnawialnych-zrodel-niz-z-wegla-brunatnego-padl-rekord\/","og_site_name":"Godno\u015b\u0107 - DignityNews.eu","article_published_time":"2024-03-19T14:02:16+00:00","og_image":[{"width":1500,"height":996,"url":"https:\/\/dignitynews.eu\/wp-content\/uploads\/2024\/03\/w-2023-r.-w-Polsce-fot.-PIOTR-KAMIONKA-REPORTER.jpg","type":"image\/jpeg"}],"author":"Dignity News","twitter_card":"summary_large_image","twitter_misc":{"Napisane przez":"Dignity News","Szacowany czas czytania":"2 minuty"},"schema":{"@context":"https:\/\/schema.org","@graph":[{"@type":"WebSite","@id":"https:\/\/dignitynews.eu\/pl\/#website","url":"https:\/\/dignitynews.eu\/pl\/","name":"Godno\u015b\u0107 - DignityNews.eu","description":"","potentialAction":[{"@type":"SearchAction","target":{"@type":"EntryPoint","urlTemplate":"https:\/\/dignitynews.eu\/pl\/?s={search_term_string}"},"query-input":"required name=search_term_string"}],"inLanguage":"pl-PL"},{"@type":"WebPage","@id":"https:\/\/dignitynews.eu\/pl\/w-2023-r-w-polsce-wiecej-energii-pochodzilo-z-odnawialnych-zrodel-niz-z-wegla-brunatnego-padl-rekord\/","url":"https:\/\/dignitynews.eu\/pl\/w-2023-r-w-polsce-wiecej-energii-pochodzilo-z-odnawialnych-zrodel-niz-z-wegla-brunatnego-padl-rekord\/","name":"W 2023 r. w Polsce wi\u0119cej energii pochodzi\u0142o z odnawialnych \u017ar\u00f3de\u0142 ni\u017c z w\u0119gla brunatnego. Pad\u0142 rekord - Godno\u015b\u0107 - DignityNews.eu","isPartOf":{"@id":"https:\/\/dignitynews.eu\/pl\/#website"},"datePublished":"2024-03-19T14:02:16+00:00","dateModified":"2024-03-19T14:02:16+00:00","author":{"@id":"https:\/\/dignitynews.eu\/pl\/#\/schema\/person\/0b62b762b8174802fabc81a3ecb1bfcb"},"breadcrumb":{"@id":"https:\/\/dignitynews.eu\/pl\/w-2023-r-w-polsce-wiecej-energii-pochodzilo-z-odnawialnych-zrodel-niz-z-wegla-brunatnego-padl-rekord\/#breadcrumb"},"inLanguage":"pl-PL","potentialAction":[{"@type":"ReadAction","target":["https:\/\/dignitynews.eu\/pl\/w-2023-r-w-polsce-wiecej-energii-pochodzilo-z-odnawialnych-zrodel-niz-z-wegla-brunatnego-padl-rekord\/"]}]},{"@type":"BreadcrumbList","@id":"https:\/\/dignitynews.eu\/pl\/w-2023-r-w-polsce-wiecej-energii-pochodzilo-z-odnawialnych-zrodel-niz-z-wegla-brunatnego-padl-rekord\/#breadcrumb","itemListElement":[{"@type":"ListItem","position":1,"name":"Strona g\u0142\u00f3wna","item":"https:\/\/dignitynews.eu\/pl\/"},{"@type":"ListItem","position":2,"name":"W 2023 r. w Polsce wi\u0119cej energii pochodzi\u0142o z odnawialnych \u017ar\u00f3de\u0142 ni\u017c z w\u0119gla brunatnego. Pad\u0142 rekord"}]},{"@type":"Person","@id":"https:\/\/dignitynews.eu\/pl\/#\/schema\/person\/0b62b762b8174802fabc81a3ecb1bfcb","name":"Dignity News","image":{"@type":"ImageObject","inLanguage":"pl-PL","@id":"https:\/\/dignitynews.eu\/pl\/#\/schema\/person\/image\/","url":"https:\/\/secure.gravatar.com\/avatar\/97963171a6d9108f8381bbefb1c6b150c445b6ddd9e3077b96c86cf5892c85dc?s=96&d=mm&r=g","contentUrl":"https:\/\/secure.gravatar.com\/avatar\/97963171a6d9108f8381bbefb1c6b150c445b6ddd9e3077b96c86cf5892c85dc?s=96&d=mm&r=g","caption":"Dignity News"},"url":"https:\/\/dignitynews.eu\/pl\/author\/mikolaj-palade\/"}]}},"_links":{"self":[{"href":"https:\/\/dignitynews.eu\/pl\/wp-json\/wp\/v2\/posts\/58809","targetHints":{"allow":["GET"]}}],"collection":[{"href":"https:\/\/dignitynews.eu\/pl\/wp-json\/wp\/v2\/posts"}],"about":[{"href":"https:\/\/dignitynews.eu\/pl\/wp-json\/wp\/v2\/types\/post"}],"author":[{"embeddable":true,"href":"https:\/\/dignitynews.eu\/pl\/wp-json\/wp\/v2\/users\/7"}],"replies":[{"embeddable":true,"href":"https:\/\/dignitynews.eu\/pl\/wp-json\/wp\/v2\/comments?post=58809"}],"version-history":[{"count":1,"href":"https:\/\/dignitynews.eu\/pl\/wp-json\/wp\/v2\/posts\/58809\/revisions"}],"predecessor-version":[{"id":58815,"href":"https:\/\/dignitynews.eu\/pl\/wp-json\/wp\/v2\/posts\/58809\/revisions\/58815"}],"wp:featuredmedia":[{"embeddable":true,"href":"https:\/\/dignitynews.eu\/pl\/wp-json\/wp\/v2\/media\/58810"}],"wp:attachment":[{"href":"https:\/\/dignitynews.eu\/pl\/wp-json\/wp\/v2\/media?parent=58809"}],"wp:term":[{"taxonomy":"category","embeddable":true,"href":"https:\/\/dignitynews.eu\/pl\/wp-json\/wp\/v2\/categories?post=58809"},{"taxonomy":"post_tag","embeddable":true,"href":"https:\/\/dignitynews.eu\/pl\/wp-json\/wp\/v2\/tags?post=58809"}],"curies":[{"name":"wp","href":"https:\/\/api.w.org\/{rel}","templated":true}]}}