{"id":58501,"date":"2024-03-08T14:26:59","date_gmt":"2024-03-08T13:26:59","guid":{"rendered":"https:\/\/dignitynews.eu\/?p=58501"},"modified":"2024-03-08T14:26:59","modified_gmt":"2024-03-08T13:26:59","slug":"trzecia-edycja-jazz-around-festival-w-czerwcu-w-centrum-sztuki-wspolczesnej-zamek-ujazdowski","status":"publish","type":"post","link":"https:\/\/dignitynews.eu\/pl\/trzecia-edycja-jazz-around-festival-w-czerwcu-w-centrum-sztuki-wspolczesnej-zamek-ujazdowski\/","title":{"rendered":"Trzecia edycja Jazz Around Festival w czerwcu w Centrum Sztuki Wsp\u00f3\u0142czesnej Zamek Ujazdowski"},"content":{"rendered":"<h5><strong>W dniach 28 i\u00a029 czerwca 2024 r. w\u00a0Centrum Sztuki Wsp\u00f3\u0142czesnej Zamek Ujazdowski w Warszawie odb\u0119dzie si\u0119 tegoroczna edycja Jazz Around Festival.<\/strong><\/h5>\n<p>Po premierowej edycji Jazz Around Festival w\u00a0Zamku w\u00a0Mosznej i\u00a0zesz\u0142orocznej ods\u0142onie w\u00a0katowickim Mi\u0119dzynarodowym Centrum Kultury, przyszed\u0142 czas na\u00a0stolic\u0119. W\u00a0ci\u0105gu dw\u00f3ch dni festiwalu b\u0119dziemy mieli okazj\u0119 cieszy\u0107 si\u0119 koncertami, improwizacjami i spotkaniami z\u00a0artystami.<\/p>\n<p>Jazz Around Festival prezentuje r\u00f3\u017cnorodne odmiany muzyki oko\u0142ojazzowej, od\u00a0funku i\u00a0soulu po elektroniczne eksperymenty, od\u00a0world music po fusion.<\/p>\n<p>Od pocz\u0105tku organizatorom festiwalu towarzyszy idea\u00a0around, kt\u00f3ra wyra\u017ca otwarto\u015b\u0107, \u0142\u0105czenie r\u00f3\u017cnych perspektyw i\u00a0podr\u00f3\u017cowanie przez r\u00f3\u017cne \u015brodowiska, kultury czy gatunki.\u00a0Around\u00a0mo\u017ce te\u017c oznacza\u0107 eksploracj\u0119 r\u00f3\u017cnych brzmie\u0144, styl\u00f3w i\u00a0tradycji muzycznych oraz otwarcie si\u0119 na\u00a0r\u00f3\u017cnorodno\u015b\u0107 artystyczn\u0105 i\u00a0kulturow\u0105.<\/p>\n<p>Na scenach Jazz Around Festival wyst\u0105pili do\u00a0tej pory m.in. Jules Buckley z\u00a0AUKSO \u2013 Orkiestr\u0105 Kameraln\u0105 Miasta Tychy, Theo Katzman, Cody Fry, Dirty Loops, Jazzanova, Anomalie, Scary Pockets, Jacob Banks, Cory Wong, Incognito, The Comet is Coming, Benjamin Clementine, Poluzjanci, EABS, Marek Napi\u00f3rkowski, Kinga G\u0142yk, Adam Ba\u0142dych &amp; \u0141ukasz Ojdana, Cherise, David Ryan Harris. J, Stephen Day, Theo Croker, Brooklyn Funk Essentials, Dorota Mi\u015bkiewicz feat. Henryk Mi\u015bkiewicz, MaBaSo i\u00a0Kuba Badach, Mononeon, Ole B\u00f8rud, Kasia Pietrzko Trio z\u00a0Maciejem K\u0105dzielem i\u00a0Andrzejem Chyr\u0105.<\/p>\n<p>Szczeg\u00f3\u0142y dotycz\u0105ce tegorocznego harmonogramu wydarze\u0144 zostan\u0105 podane wkr\u00f3tce. Organizatorem wydarzenia jest pozna\u0144ska agencja koncertowa Good Taste Production.<\/p>\n<p>Adrian Andrzejewski<\/p>\n","protected":false},"excerpt":{"rendered":"<p>W dniach 28 i\u00a029 czerwca 2024 r. w\u00a0Centrum Sztuki Wsp\u00f3\u0142czesnej Zamek Ujazdowski w Warszawie odb\u0119dzie si\u0119 tegoroczna edycja Jazz Around Festival. Po premierowej edycji Jazz Around Festival w\u00a0Zamku w\u00a0Mosznej i\u00a0zesz\u0142orocznej&hellip;<\/p>\n","protected":false},"author":7,"featured_media":58502,"comment_status":"closed","ping_status":"open","sticky":false,"template":"","format":"standard","meta":{"_mi_skip_tracking":false,"footnotes":""},"categories":[50],"tags":[],"class_list":["post-58501","post","type-post","status-publish","format-standard","has-post-thumbnail","hentry","category-kultura"],"yoast_head":"<!-- This site is optimized with the Yoast SEO plugin v19.4 - https:\/\/yoast.com\/wordpress\/plugins\/seo\/ -->\n<title>Trzecia edycja Jazz Around Festival w czerwcu w Centrum Sztuki Wsp\u00f3\u0142czesnej Zamek Ujazdowski - Godno\u015b\u0107 - DignityNews.eu<\/title>\n<meta name=\"robots\" content=\"index, follow, max-snippet:-1, max-image-preview:large, max-video-preview:-1\" \/>\n<link rel=\"canonical\" href=\"https:\/\/dignitynews.eu\/pl\/trzecia-edycja-jazz-around-festival-w-czerwcu-w-centrum-sztuki-wspolczesnej-zamek-ujazdowski\/\" \/>\n<meta property=\"og:locale\" content=\"pl_PL\" \/>\n<meta property=\"og:type\" content=\"article\" \/>\n<meta property=\"og:title\" content=\"Trzecia edycja Jazz Around Festival w czerwcu w Centrum Sztuki Wsp\u00f3\u0142czesnej Zamek Ujazdowski - Godno\u015b\u0107 - DignityNews.eu\" \/>\n<meta property=\"og:description\" content=\"W dniach 28 i\u00a029 czerwca 2024 r. w\u00a0Centrum Sztuki Wsp\u00f3\u0142czesnej Zamek Ujazdowski w Warszawie odb\u0119dzie si\u0119 tegoroczna edycja Jazz Around Festival. Po premierowej edycji Jazz Around Festival w\u00a0Zamku w\u00a0Mosznej i\u00a0zesz\u0142orocznej&hellip;\" \/>\n<meta property=\"og:url\" content=\"https:\/\/dignitynews.eu\/pl\/trzecia-edycja-jazz-around-festival-w-czerwcu-w-centrum-sztuki-wspolczesnej-zamek-ujazdowski\/\" \/>\n<meta property=\"og:site_name\" content=\"Godno\u015b\u0107 - DignityNews.eu\" \/>\n<meta property=\"article:published_time\" content=\"2024-03-08T13:26:59+00:00\" \/>\n<meta property=\"og:image\" content=\"https:\/\/dignitynews.eu\/wp-content\/uploads\/2024\/03\/Jazz-Around-Festival-fot.-Jazz-Around-Festival.jpg\" \/>\n\t<meta property=\"og:image:width\" content=\"1750\" \/>\n\t<meta property=\"og:image:height\" content=\"911\" \/>\n\t<meta property=\"og:image:type\" content=\"image\/jpeg\" \/>\n<meta name=\"author\" content=\"Dignity News\" \/>\n<meta name=\"twitter:card\" content=\"summary_large_image\" \/>\n<meta name=\"twitter:label1\" content=\"Napisane przez\" \/>\n\t<meta name=\"twitter:data1\" content=\"Dignity News\" \/>\n\t<meta name=\"twitter:label2\" content=\"Szacowany czas czytania\" \/>\n\t<meta name=\"twitter:data2\" content=\"1 minuta\" \/>\n<script type=\"application\/ld+json\" class=\"yoast-schema-graph\">{\"@context\":\"https:\/\/schema.org\",\"@graph\":[{\"@type\":\"WebSite\",\"@id\":\"https:\/\/dignitynews.eu\/pl\/#website\",\"url\":\"https:\/\/dignitynews.eu\/pl\/\",\"name\":\"Godno\u015b\u0107 - DignityNews.eu\",\"description\":\"\",\"potentialAction\":[{\"@type\":\"SearchAction\",\"target\":{\"@type\":\"EntryPoint\",\"urlTemplate\":\"https:\/\/dignitynews.eu\/pl\/?s={search_term_string}\"},\"query-input\":\"required name=search_term_string\"}],\"inLanguage\":\"pl-PL\"},{\"@type\":\"WebPage\",\"@id\":\"https:\/\/dignitynews.eu\/pl\/trzecia-edycja-jazz-around-festival-w-czerwcu-w-centrum-sztuki-wspolczesnej-zamek-ujazdowski\/\",\"url\":\"https:\/\/dignitynews.eu\/pl\/trzecia-edycja-jazz-around-festival-w-czerwcu-w-centrum-sztuki-wspolczesnej-zamek-ujazdowski\/\",\"name\":\"Trzecia edycja Jazz Around Festival w czerwcu w Centrum Sztuki Wsp\u00f3\u0142czesnej Zamek Ujazdowski - Godno\u015b\u0107 - DignityNews.eu\",\"isPartOf\":{\"@id\":\"https:\/\/dignitynews.eu\/pl\/#website\"},\"datePublished\":\"2024-03-08T13:26:59+00:00\",\"dateModified\":\"2024-03-08T13:26:59+00:00\",\"author\":{\"@id\":\"https:\/\/dignitynews.eu\/pl\/#\/schema\/person\/0b62b762b8174802fabc81a3ecb1bfcb\"},\"breadcrumb\":{\"@id\":\"https:\/\/dignitynews.eu\/pl\/trzecia-edycja-jazz-around-festival-w-czerwcu-w-centrum-sztuki-wspolczesnej-zamek-ujazdowski\/#breadcrumb\"},\"inLanguage\":\"pl-PL\",\"potentialAction\":[{\"@type\":\"ReadAction\",\"target\":[\"https:\/\/dignitynews.eu\/pl\/trzecia-edycja-jazz-around-festival-w-czerwcu-w-centrum-sztuki-wspolczesnej-zamek-ujazdowski\/\"]}]},{\"@type\":\"BreadcrumbList\",\"@id\":\"https:\/\/dignitynews.eu\/pl\/trzecia-edycja-jazz-around-festival-w-czerwcu-w-centrum-sztuki-wspolczesnej-zamek-ujazdowski\/#breadcrumb\",\"itemListElement\":[{\"@type\":\"ListItem\",\"position\":1,\"name\":\"Strona g\u0142\u00f3wna\",\"item\":\"https:\/\/dignitynews.eu\/pl\/\"},{\"@type\":\"ListItem\",\"position\":2,\"name\":\"Trzecia edycja Jazz Around Festival w czerwcu w Centrum Sztuki Wsp\u00f3\u0142czesnej Zamek Ujazdowski\"}]},{\"@type\":\"Person\",\"@id\":\"https:\/\/dignitynews.eu\/pl\/#\/schema\/person\/0b62b762b8174802fabc81a3ecb1bfcb\",\"name\":\"Dignity News\",\"image\":{\"@type\":\"ImageObject\",\"inLanguage\":\"pl-PL\",\"@id\":\"https:\/\/dignitynews.eu\/pl\/#\/schema\/person\/image\/\",\"url\":\"https:\/\/secure.gravatar.com\/avatar\/97963171a6d9108f8381bbefb1c6b150c445b6ddd9e3077b96c86cf5892c85dc?s=96&d=mm&r=g\",\"contentUrl\":\"https:\/\/secure.gravatar.com\/avatar\/97963171a6d9108f8381bbefb1c6b150c445b6ddd9e3077b96c86cf5892c85dc?s=96&d=mm&r=g\",\"caption\":\"Dignity News\"},\"url\":\"https:\/\/dignitynews.eu\/pl\/author\/mikolaj-palade\/\"}]}<\/script>\n<!-- \/ Yoast SEO plugin. -->","yoast_head_json":{"title":"Trzecia edycja Jazz Around Festival w czerwcu w Centrum Sztuki Wsp\u00f3\u0142czesnej Zamek Ujazdowski - Godno\u015b\u0107 - DignityNews.eu","robots":{"index":"index","follow":"follow","max-snippet":"max-snippet:-1","max-image-preview":"max-image-preview:large","max-video-preview":"max-video-preview:-1"},"canonical":"https:\/\/dignitynews.eu\/pl\/trzecia-edycja-jazz-around-festival-w-czerwcu-w-centrum-sztuki-wspolczesnej-zamek-ujazdowski\/","og_locale":"pl_PL","og_type":"article","og_title":"Trzecia edycja Jazz Around Festival w czerwcu w Centrum Sztuki Wsp\u00f3\u0142czesnej Zamek Ujazdowski - Godno\u015b\u0107 - DignityNews.eu","og_description":"W dniach 28 i\u00a029 czerwca 2024 r. w\u00a0Centrum Sztuki Wsp\u00f3\u0142czesnej Zamek Ujazdowski w Warszawie odb\u0119dzie si\u0119 tegoroczna edycja Jazz Around Festival. Po premierowej edycji Jazz Around Festival w\u00a0Zamku w\u00a0Mosznej i\u00a0zesz\u0142orocznej&hellip;","og_url":"https:\/\/dignitynews.eu\/pl\/trzecia-edycja-jazz-around-festival-w-czerwcu-w-centrum-sztuki-wspolczesnej-zamek-ujazdowski\/","og_site_name":"Godno\u015b\u0107 - DignityNews.eu","article_published_time":"2024-03-08T13:26:59+00:00","og_image":[{"width":1750,"height":911,"url":"https:\/\/dignitynews.eu\/wp-content\/uploads\/2024\/03\/Jazz-Around-Festival-fot.-Jazz-Around-Festival.jpg","type":"image\/jpeg"}],"author":"Dignity News","twitter_card":"summary_large_image","twitter_misc":{"Napisane przez":"Dignity News","Szacowany czas czytania":"1 minuta"},"schema":{"@context":"https:\/\/schema.org","@graph":[{"@type":"WebSite","@id":"https:\/\/dignitynews.eu\/pl\/#website","url":"https:\/\/dignitynews.eu\/pl\/","name":"Godno\u015b\u0107 - DignityNews.eu","description":"","potentialAction":[{"@type":"SearchAction","target":{"@type":"EntryPoint","urlTemplate":"https:\/\/dignitynews.eu\/pl\/?s={search_term_string}"},"query-input":"required name=search_term_string"}],"inLanguage":"pl-PL"},{"@type":"WebPage","@id":"https:\/\/dignitynews.eu\/pl\/trzecia-edycja-jazz-around-festival-w-czerwcu-w-centrum-sztuki-wspolczesnej-zamek-ujazdowski\/","url":"https:\/\/dignitynews.eu\/pl\/trzecia-edycja-jazz-around-festival-w-czerwcu-w-centrum-sztuki-wspolczesnej-zamek-ujazdowski\/","name":"Trzecia edycja Jazz Around Festival w czerwcu w Centrum Sztuki Wsp\u00f3\u0142czesnej Zamek Ujazdowski - Godno\u015b\u0107 - DignityNews.eu","isPartOf":{"@id":"https:\/\/dignitynews.eu\/pl\/#website"},"datePublished":"2024-03-08T13:26:59+00:00","dateModified":"2024-03-08T13:26:59+00:00","author":{"@id":"https:\/\/dignitynews.eu\/pl\/#\/schema\/person\/0b62b762b8174802fabc81a3ecb1bfcb"},"breadcrumb":{"@id":"https:\/\/dignitynews.eu\/pl\/trzecia-edycja-jazz-around-festival-w-czerwcu-w-centrum-sztuki-wspolczesnej-zamek-ujazdowski\/#breadcrumb"},"inLanguage":"pl-PL","potentialAction":[{"@type":"ReadAction","target":["https:\/\/dignitynews.eu\/pl\/trzecia-edycja-jazz-around-festival-w-czerwcu-w-centrum-sztuki-wspolczesnej-zamek-ujazdowski\/"]}]},{"@type":"BreadcrumbList","@id":"https:\/\/dignitynews.eu\/pl\/trzecia-edycja-jazz-around-festival-w-czerwcu-w-centrum-sztuki-wspolczesnej-zamek-ujazdowski\/#breadcrumb","itemListElement":[{"@type":"ListItem","position":1,"name":"Strona g\u0142\u00f3wna","item":"https:\/\/dignitynews.eu\/pl\/"},{"@type":"ListItem","position":2,"name":"Trzecia edycja Jazz Around Festival w czerwcu w Centrum Sztuki Wsp\u00f3\u0142czesnej Zamek Ujazdowski"}]},{"@type":"Person","@id":"https:\/\/dignitynews.eu\/pl\/#\/schema\/person\/0b62b762b8174802fabc81a3ecb1bfcb","name":"Dignity News","image":{"@type":"ImageObject","inLanguage":"pl-PL","@id":"https:\/\/dignitynews.eu\/pl\/#\/schema\/person\/image\/","url":"https:\/\/secure.gravatar.com\/avatar\/97963171a6d9108f8381bbefb1c6b150c445b6ddd9e3077b96c86cf5892c85dc?s=96&d=mm&r=g","contentUrl":"https:\/\/secure.gravatar.com\/avatar\/97963171a6d9108f8381bbefb1c6b150c445b6ddd9e3077b96c86cf5892c85dc?s=96&d=mm&r=g","caption":"Dignity News"},"url":"https:\/\/dignitynews.eu\/pl\/author\/mikolaj-palade\/"}]}},"_links":{"self":[{"href":"https:\/\/dignitynews.eu\/pl\/wp-json\/wp\/v2\/posts\/58501","targetHints":{"allow":["GET"]}}],"collection":[{"href":"https:\/\/dignitynews.eu\/pl\/wp-json\/wp\/v2\/posts"}],"about":[{"href":"https:\/\/dignitynews.eu\/pl\/wp-json\/wp\/v2\/types\/post"}],"author":[{"embeddable":true,"href":"https:\/\/dignitynews.eu\/pl\/wp-json\/wp\/v2\/users\/7"}],"replies":[{"embeddable":true,"href":"https:\/\/dignitynews.eu\/pl\/wp-json\/wp\/v2\/comments?post=58501"}],"version-history":[{"count":2,"href":"https:\/\/dignitynews.eu\/pl\/wp-json\/wp\/v2\/posts\/58501\/revisions"}],"predecessor-version":[{"id":61201,"href":"https:\/\/dignitynews.eu\/pl\/wp-json\/wp\/v2\/posts\/58501\/revisions\/61201"}],"wp:featuredmedia":[{"embeddable":true,"href":"https:\/\/dignitynews.eu\/pl\/wp-json\/wp\/v2\/media\/58502"}],"wp:attachment":[{"href":"https:\/\/dignitynews.eu\/pl\/wp-json\/wp\/v2\/media?parent=58501"}],"wp:term":[{"taxonomy":"category","embeddable":true,"href":"https:\/\/dignitynews.eu\/pl\/wp-json\/wp\/v2\/categories?post=58501"},{"taxonomy":"post_tag","embeddable":true,"href":"https:\/\/dignitynews.eu\/pl\/wp-json\/wp\/v2\/tags?post=58501"}],"curies":[{"name":"wp","href":"https:\/\/api.w.org\/{rel}","templated":true}]}}