{"id":5835,"date":"2022-02-01T12:22:17","date_gmt":"2022-02-01T11:22:17","guid":{"rendered":"https:\/\/dignitynews.eu\/?p=5835"},"modified":"2022-02-01T12:29:16","modified_gmt":"2022-02-01T11:29:16","slug":"morawiecki-robimy-wszystko-by-zwalczyc-inflacyjna-hydre","status":"publish","type":"post","link":"https:\/\/dignitynews.eu\/pl\/morawiecki-robimy-wszystko-by-zwalczyc-inflacyjna-hydre\/","title":{"rendered":"Morawiecki: Robimy wszystko, by zwalczy\u0107 inflacyjn\u0105 hydr\u0119"},"content":{"rendered":"<p><strong>Od 1 lutego do 31 lipca obowi\u0105zuje ni\u017csza stawka VAT m.in. na \u017cywno\u015b\u0107, nawozy i gaz. Zgodnie z nowelizacj\u0105 ustawy o VAT do zera ma spa\u015b\u0107 podatek na \u017cywno\u015b\u0107 i napoje obj\u0119te obecnie stawk\u0105 5 proc.; do 8 proc. z 23 proc. na paliwa silnikowe; VAT na gaz zostanie obni\u017cony z 8 proc. do 0 proc. To efekt uchwalonej przez Sejm 13 stycznia noweli ustawy o podatku od towar\u00f3w i us\u0142ug, kt\u00f3ra przewiduje czasowe obni\u017cenie podatku VAT. Jest to element rz\u0105dowej tarczy antyinflacyjnej.<\/strong><\/p>\n<p>Zapowiadaj\u0105c\u00a0rozwi\u0105zania, kt\u00f3re od dzi\u015b obowi\u0105zuj\u0105, premier Mateusz Morawiecki\u00a0apelowa\u0142 do przedsi\u0119biorc\u00f3w o obni\u017cenie cen produkt\u00f3w\u00a0na p\u00f3\u0142kach sklepowych. Koszt tego rozwi\u0105zania wyniesie, zgodnie z zapowiedzi\u0105 premiera, od 6 do 7 miliard\u00f3w z\u0142otych.<\/p>\n<p>O ile w wielu krajach ceny paliwa rosn\u0105, u nas spad\u0142y, zgodnie z obietnicami \u2013 powiedzia\u0142 premier Mateusz Morawiecki podczas dzisiejszej konferencji prasowej. Podkre\u015bli\u0142, \u017ce obni\u017cka cen, w tym cen paliw s\u0105 &#8222;wa\u017cnym instrumentem walki nie tylko o portfele Polak\u00f3w, ale tak\u017ce\u00a0walki z inflacj\u0105&#8221;.<\/p>\n<p>Premier po raz kolejny przypomnia\u0142, \u017ce w ocenie rz\u0105du trzy g\u0142\u00f3wne przyczyny inflacji to:\u00a0pandemia, rosyjski szanta\u017c gazowy i &#8222;nieodpowiedzialna polityka klimatyczna Unii Europejskiej&#8221;.<\/p>\n<p>W czasie pandemii, ratuj\u0105c miejsca pracy, p\u0142acili\u015bmy za ZUS, p\u0142acili\u015bmy za tzw. postojowe i wprowadzili\u015bmy wiele innych instrument\u00f3w. To spowodowa\u0142o, \u017ce ta masa pieni\u0105dza dzisiaj wchodzi na rynek \u2013 wyja\u015bnia\u0142 premier.<\/p>\n<p>Polski rz\u0105d nie siedzi z za\u0142o\u017conymi r\u0119kami, robimy wszystko, co w naszej mocy, by ceny by\u0142y ni\u017csze, by zwalczy\u0107 t\u0119 inflacyjn\u0105 hydr\u0119 \u2013 powiedzia\u0142 Mateusz Morawiecki i przypomnia\u0142, \u017ce\u00a0 ju\u017c przed \u015bwi\u0119tami zosta\u0142a obni\u017cona akcyza i pad\u0142a \u2013 w\u0142a\u015bnie od dzisiaj realizowana \u2013 obietnica, \u017ce \u201ew nowym roku\u00a0obni\u017cymy VAT na paliwo z 23 do 8 procent\u201d.<\/p>\n<p>Adrian Andrzejewski<\/p>\n","protected":false},"excerpt":{"rendered":"<p>Od 1 lutego do 31 lipca obowi\u0105zuje ni\u017csza stawka VAT m.in. na \u017cywno\u015b\u0107, nawozy i gaz. Zgodnie z nowelizacj\u0105 ustawy o VAT do zera ma spa\u015b\u0107 podatek na \u017cywno\u015b\u0107 i&hellip;<\/p>\n","protected":false},"author":3,"featured_media":5836,"comment_status":"closed","ping_status":"open","sticky":false,"template":"","format":"standard","meta":{"_mi_skip_tracking":false,"footnotes":""},"categories":[48],"tags":[],"class_list":["post-5835","post","type-post","status-publish","format-standard","has-post-thumbnail","hentry","category-gospodarka"],"yoast_head":"<!-- This site is optimized with the Yoast SEO plugin v19.4 - https:\/\/yoast.com\/wordpress\/plugins\/seo\/ -->\n<title>Morawiecki: Robimy wszystko, by zwalczy\u0107 inflacyjn\u0105 hydr\u0119 - Godno\u015b\u0107 - DignityNews.eu<\/title>\n<meta name=\"robots\" content=\"index, follow, max-snippet:-1, max-image-preview:large, max-video-preview:-1\" \/>\n<link rel=\"canonical\" href=\"https:\/\/dignitynews.eu\/pl\/morawiecki-robimy-wszystko-by-zwalczyc-inflacyjna-hydre\/\" \/>\n<meta property=\"og:locale\" content=\"pl_PL\" \/>\n<meta property=\"og:type\" content=\"article\" \/>\n<meta property=\"og:title\" content=\"Morawiecki: Robimy wszystko, by zwalczy\u0107 inflacyjn\u0105 hydr\u0119 - Godno\u015b\u0107 - DignityNews.eu\" \/>\n<meta property=\"og:description\" content=\"Od 1 lutego do 31 lipca obowi\u0105zuje ni\u017csza stawka VAT m.in. na \u017cywno\u015b\u0107, nawozy i gaz. Zgodnie z nowelizacj\u0105 ustawy o VAT do zera ma spa\u015b\u0107 podatek na \u017cywno\u015b\u0107 i&hellip;\" \/>\n<meta property=\"og:url\" content=\"https:\/\/dignitynews.eu\/pl\/morawiecki-robimy-wszystko-by-zwalczyc-inflacyjna-hydre\/\" \/>\n<meta property=\"og:site_name\" content=\"Godno\u015b\u0107 - DignityNews.eu\" \/>\n<meta property=\"article:published_time\" content=\"2022-02-01T11:22:17+00:00\" \/>\n<meta property=\"article:modified_time\" content=\"2022-02-01T11:29:16+00:00\" \/>\n<meta property=\"og:image\" content=\"https:\/\/dignitynews.eu\/wp-content\/uploads\/2022\/02\/Morawiecki-Orlen.jpg\" \/>\n\t<meta property=\"og:image:width\" content=\"1500\" \/>\n\t<meta property=\"og:image:height\" content=\"1002\" \/>\n\t<meta property=\"og:image:type\" content=\"image\/jpeg\" \/>\n<meta name=\"author\" content=\"DignityNews.eu\" \/>\n<meta name=\"twitter:card\" content=\"summary_large_image\" \/>\n<meta name=\"twitter:label1\" content=\"Napisane przez\" \/>\n\t<meta name=\"twitter:data1\" content=\"DignityNews.eu\" \/>\n\t<meta name=\"twitter:label2\" content=\"Szacowany czas czytania\" \/>\n\t<meta name=\"twitter:data2\" content=\"2 minuty\" \/>\n<script type=\"application\/ld+json\" class=\"yoast-schema-graph\">{\"@context\":\"https:\/\/schema.org\",\"@graph\":[{\"@type\":\"WebSite\",\"@id\":\"https:\/\/dignitynews.eu\/pl\/#website\",\"url\":\"https:\/\/dignitynews.eu\/pl\/\",\"name\":\"Godno\u015b\u0107 - DignityNews.eu\",\"description\":\"\",\"potentialAction\":[{\"@type\":\"SearchAction\",\"target\":{\"@type\":\"EntryPoint\",\"urlTemplate\":\"https:\/\/dignitynews.eu\/pl\/?s={search_term_string}\"},\"query-input\":\"required name=search_term_string\"}],\"inLanguage\":\"pl-PL\"},{\"@type\":\"WebPage\",\"@id\":\"https:\/\/dignitynews.eu\/pl\/morawiecki-robimy-wszystko-by-zwalczyc-inflacyjna-hydre\/\",\"url\":\"https:\/\/dignitynews.eu\/pl\/morawiecki-robimy-wszystko-by-zwalczyc-inflacyjna-hydre\/\",\"name\":\"Morawiecki: Robimy wszystko, by zwalczy\u0107 inflacyjn\u0105 hydr\u0119 - Godno\u015b\u0107 - DignityNews.eu\",\"isPartOf\":{\"@id\":\"https:\/\/dignitynews.eu\/pl\/#website\"},\"datePublished\":\"2022-02-01T11:22:17+00:00\",\"dateModified\":\"2022-02-01T11:29:16+00:00\",\"author\":{\"@id\":\"https:\/\/dignitynews.eu\/pl\/#\/schema\/person\/4d8f570a0fd5c310685d78d9e520982c\"},\"breadcrumb\":{\"@id\":\"https:\/\/dignitynews.eu\/pl\/morawiecki-robimy-wszystko-by-zwalczyc-inflacyjna-hydre\/#breadcrumb\"},\"inLanguage\":\"pl-PL\",\"potentialAction\":[{\"@type\":\"ReadAction\",\"target\":[\"https:\/\/dignitynews.eu\/pl\/morawiecki-robimy-wszystko-by-zwalczyc-inflacyjna-hydre\/\"]}]},{\"@type\":\"BreadcrumbList\",\"@id\":\"https:\/\/dignitynews.eu\/pl\/morawiecki-robimy-wszystko-by-zwalczyc-inflacyjna-hydre\/#breadcrumb\",\"itemListElement\":[{\"@type\":\"ListItem\",\"position\":1,\"name\":\"Strona g\u0142\u00f3wna\",\"item\":\"https:\/\/dignitynews.eu\/pl\/\"},{\"@type\":\"ListItem\",\"position\":2,\"name\":\"Morawiecki: Robimy wszystko, by zwalczy\u0107 inflacyjn\u0105 hydr\u0119\"}]},{\"@type\":\"Person\",\"@id\":\"https:\/\/dignitynews.eu\/pl\/#\/schema\/person\/4d8f570a0fd5c310685d78d9e520982c\",\"name\":\"DignityNews.eu\",\"image\":{\"@type\":\"ImageObject\",\"inLanguage\":\"pl-PL\",\"@id\":\"https:\/\/dignitynews.eu\/pl\/#\/schema\/person\/image\/\",\"url\":\"https:\/\/secure.gravatar.com\/avatar\/b9fb3aa3cd2d5d3a6d24e67a6b58bc2980bf0c7f7bd3657a6322b8df227da3d9?s=96&d=mm&r=g\",\"contentUrl\":\"https:\/\/secure.gravatar.com\/avatar\/b9fb3aa3cd2d5d3a6d24e67a6b58bc2980bf0c7f7bd3657a6322b8df227da3d9?s=96&d=mm&r=g\",\"caption\":\"DignityNews.eu\"},\"sameAs\":[\"aleksandra\"],\"url\":\"https:\/\/dignitynews.eu\/pl\/author\/aleksandra\/\"}]}<\/script>\n<!-- \/ Yoast SEO plugin. -->","yoast_head_json":{"title":"Morawiecki: Robimy wszystko, by zwalczy\u0107 inflacyjn\u0105 hydr\u0119 - Godno\u015b\u0107 - DignityNews.eu","robots":{"index":"index","follow":"follow","max-snippet":"max-snippet:-1","max-image-preview":"max-image-preview:large","max-video-preview":"max-video-preview:-1"},"canonical":"https:\/\/dignitynews.eu\/pl\/morawiecki-robimy-wszystko-by-zwalczyc-inflacyjna-hydre\/","og_locale":"pl_PL","og_type":"article","og_title":"Morawiecki: Robimy wszystko, by zwalczy\u0107 inflacyjn\u0105 hydr\u0119 - Godno\u015b\u0107 - DignityNews.eu","og_description":"Od 1 lutego do 31 lipca obowi\u0105zuje ni\u017csza stawka VAT m.in. na \u017cywno\u015b\u0107, nawozy i gaz. Zgodnie z nowelizacj\u0105 ustawy o VAT do zera ma spa\u015b\u0107 podatek na \u017cywno\u015b\u0107 i&hellip;","og_url":"https:\/\/dignitynews.eu\/pl\/morawiecki-robimy-wszystko-by-zwalczyc-inflacyjna-hydre\/","og_site_name":"Godno\u015b\u0107 - DignityNews.eu","article_published_time":"2022-02-01T11:22:17+00:00","article_modified_time":"2022-02-01T11:29:16+00:00","og_image":[{"width":1500,"height":1002,"url":"https:\/\/dignitynews.eu\/wp-content\/uploads\/2022\/02\/Morawiecki-Orlen.jpg","type":"image\/jpeg"}],"author":"DignityNews.eu","twitter_card":"summary_large_image","twitter_misc":{"Napisane przez":"DignityNews.eu","Szacowany czas czytania":"2 minuty"},"schema":{"@context":"https:\/\/schema.org","@graph":[{"@type":"WebSite","@id":"https:\/\/dignitynews.eu\/pl\/#website","url":"https:\/\/dignitynews.eu\/pl\/","name":"Godno\u015b\u0107 - DignityNews.eu","description":"","potentialAction":[{"@type":"SearchAction","target":{"@type":"EntryPoint","urlTemplate":"https:\/\/dignitynews.eu\/pl\/?s={search_term_string}"},"query-input":"required name=search_term_string"}],"inLanguage":"pl-PL"},{"@type":"WebPage","@id":"https:\/\/dignitynews.eu\/pl\/morawiecki-robimy-wszystko-by-zwalczyc-inflacyjna-hydre\/","url":"https:\/\/dignitynews.eu\/pl\/morawiecki-robimy-wszystko-by-zwalczyc-inflacyjna-hydre\/","name":"Morawiecki: Robimy wszystko, by zwalczy\u0107 inflacyjn\u0105 hydr\u0119 - Godno\u015b\u0107 - DignityNews.eu","isPartOf":{"@id":"https:\/\/dignitynews.eu\/pl\/#website"},"datePublished":"2022-02-01T11:22:17+00:00","dateModified":"2022-02-01T11:29:16+00:00","author":{"@id":"https:\/\/dignitynews.eu\/pl\/#\/schema\/person\/4d8f570a0fd5c310685d78d9e520982c"},"breadcrumb":{"@id":"https:\/\/dignitynews.eu\/pl\/morawiecki-robimy-wszystko-by-zwalczyc-inflacyjna-hydre\/#breadcrumb"},"inLanguage":"pl-PL","potentialAction":[{"@type":"ReadAction","target":["https:\/\/dignitynews.eu\/pl\/morawiecki-robimy-wszystko-by-zwalczyc-inflacyjna-hydre\/"]}]},{"@type":"BreadcrumbList","@id":"https:\/\/dignitynews.eu\/pl\/morawiecki-robimy-wszystko-by-zwalczyc-inflacyjna-hydre\/#breadcrumb","itemListElement":[{"@type":"ListItem","position":1,"name":"Strona g\u0142\u00f3wna","item":"https:\/\/dignitynews.eu\/pl\/"},{"@type":"ListItem","position":2,"name":"Morawiecki: Robimy wszystko, by zwalczy\u0107 inflacyjn\u0105 hydr\u0119"}]},{"@type":"Person","@id":"https:\/\/dignitynews.eu\/pl\/#\/schema\/person\/4d8f570a0fd5c310685d78d9e520982c","name":"DignityNews.eu","image":{"@type":"ImageObject","inLanguage":"pl-PL","@id":"https:\/\/dignitynews.eu\/pl\/#\/schema\/person\/image\/","url":"https:\/\/secure.gravatar.com\/avatar\/b9fb3aa3cd2d5d3a6d24e67a6b58bc2980bf0c7f7bd3657a6322b8df227da3d9?s=96&d=mm&r=g","contentUrl":"https:\/\/secure.gravatar.com\/avatar\/b9fb3aa3cd2d5d3a6d24e67a6b58bc2980bf0c7f7bd3657a6322b8df227da3d9?s=96&d=mm&r=g","caption":"DignityNews.eu"},"sameAs":["aleksandra"],"url":"https:\/\/dignitynews.eu\/pl\/author\/aleksandra\/"}]}},"_links":{"self":[{"href":"https:\/\/dignitynews.eu\/pl\/wp-json\/wp\/v2\/posts\/5835","targetHints":{"allow":["GET"]}}],"collection":[{"href":"https:\/\/dignitynews.eu\/pl\/wp-json\/wp\/v2\/posts"}],"about":[{"href":"https:\/\/dignitynews.eu\/pl\/wp-json\/wp\/v2\/types\/post"}],"author":[{"embeddable":true,"href":"https:\/\/dignitynews.eu\/pl\/wp-json\/wp\/v2\/users\/3"}],"replies":[{"embeddable":true,"href":"https:\/\/dignitynews.eu\/pl\/wp-json\/wp\/v2\/comments?post=5835"}],"version-history":[{"count":2,"href":"https:\/\/dignitynews.eu\/pl\/wp-json\/wp\/v2\/posts\/5835\/revisions"}],"predecessor-version":[{"id":5851,"href":"https:\/\/dignitynews.eu\/pl\/wp-json\/wp\/v2\/posts\/5835\/revisions\/5851"}],"wp:featuredmedia":[{"embeddable":true,"href":"https:\/\/dignitynews.eu\/pl\/wp-json\/wp\/v2\/media\/5836"}],"wp:attachment":[{"href":"https:\/\/dignitynews.eu\/pl\/wp-json\/wp\/v2\/media?parent=5835"}],"wp:term":[{"taxonomy":"category","embeddable":true,"href":"https:\/\/dignitynews.eu\/pl\/wp-json\/wp\/v2\/categories?post=5835"},{"taxonomy":"post_tag","embeddable":true,"href":"https:\/\/dignitynews.eu\/pl\/wp-json\/wp\/v2\/tags?post=5835"}],"curies":[{"name":"wp","href":"https:\/\/api.w.org\/{rel}","templated":true}]}}