{"id":58260,"date":"2024-02-29T14:27:43","date_gmt":"2024-02-29T13:27:43","guid":{"rendered":"https:\/\/dignitynews.eu\/?p=58260"},"modified":"2024-02-29T14:27:43","modified_gmt":"2024-02-29T13:27:43","slug":"jeszcze-w-tym-roku-otwarcie-hali-lyzwiarskiej-w-zakopanem","status":"publish","type":"post","link":"https:\/\/dignitynews.eu\/pl\/jeszcze-w-tym-roku-otwarcie-hali-lyzwiarskiej-w-zakopanem\/","title":{"rendered":"Jeszcze w tym roku otwarcie hali \u0142y\u017cwiarskiej w Zakopanem"},"content":{"rendered":"<h5><strong>W pa\u017adzierniku tego roku zostanie oddana do u\u017cytku hala \u0142y\u017cwiarska w Zakopanem, a ju\u017c na prze\u0142omie listopada i grudnia odb\u0119d\u0105 si\u0119 tam zawody Pucharu \u015awiata junior\u00f3w. Hala, budowana w ramach ministerialnego Programu Inwestycji o Szczeg\u00f3lnym Znaczeniu dla Sportu i przeznaczona do uprawiania przede wszystkim \u0142y\u017cwiarstwa szybkiego, spe\u0142nia wszelkie mi\u0119dzynarodowe standardy.<\/strong><\/h5>\n<p>Budujemy najnowocze\u015bniejsz\u0105 w Europie wielk\u0105 hal\u0119, kt\u00f3ra b\u0119dzie s\u0142u\u017cy\u0142a naszym \u0142y\u017cwiarzom szybkim i specjalistom w short tracku. Koszt tego obiektu wyniesie niemal dwie\u015bcie milion\u00f3w z\u0142otych, ale warto by\u0142o wyda\u0107 te pieni\u0105dze, bo b\u0119dziemy mie\u0107 hal\u0119 nie tylko dla sportu wyczynowego sportowc\u00f3w, ale tak\u017ce dla powszechnego\u00a0\u2013 powiedzia\u0142 minister sportu i turystyki S\u0142awomir Nitras.<\/p>\n<p>Warto zwr\u00f3ci\u0107 uwag\u0119, \u017ce lokalizacja obiektu na wysoko\u015bci niemal 1000 m n.p.m. wp\u0142ynie na popraw\u0119 jako\u015bci warunk\u00f3w treningowych dla grup \u0142y\u017cwiarstwa szybkiego. Dzi\u0119ki zwi\u0119kszeniu finansowania tej inwestycji obiekt zostanie dostosowany r\u00f3wnie\u017c do potrzeb innych zwi\u0105zk\u00f3w sportowych, cho\u0107by Polskiego Zwi\u0105zku Alpinizmu, Polskiego Zwi\u0105zku Narciarskiego, Polskiego Zwi\u0105zku Biathlonu, czy Polskiego Zwi\u0105zku Podnoszenia Ci\u0119\u017car\u00f3w.<\/p>\n<p>Hala lodowa w Zakopanem powstaje w miejscu funkcjonuj\u0105cego od lat 60. minionego wieku odkrytego toru lodowego. W ramach inwestycji powstaje tak\u017ce m.in. nowoczesne zaplecze administracyjno-szatniowe, bie\u017cnia lekkoatletyczna wewn\u0119trzna 3-torowa z szeroko\u015bci\u0105 toru wynosz\u0105c\u0105 ok. 1,22 m oraz bie\u017cnia lekkoatletyczna zewn\u0119trzna 4-torowa wraz z bie\u017cni\u0105 prost\u0105 100-metrow\u0105 6-torow\u0105. Pojemno\u015b\u0107 trybun hali lodowej to dwa tysi\u0105ce miejsc.<\/p>\n<p>Obiekt b\u0119dzie spe\u0142nia\u0142 wymogi organizacji imprez masowych, w tym zawod\u00f3w rangi mi\u0119dzynarodowej zgodnych z wymaganiami Mi\u0119dzynarodowej Unii \u0141y\u017cwiarskiej i Polskiego Zwi\u0105zku \u0141y\u017cwiarstwa Szybkiego. Cho\u0107 hala jeszcze nie jest oddana do u\u017cytku, Zakopane ju\u017c otrzyma\u0142o prawo do organizacji du\u017cych imprez mi\u0119dzynarodowych \u2013 jeszcze w tym roku odb\u0119d\u0105 si\u0119 tam dwukrotnie zawody Pucharu \u015awiata junior\u00f3w.<\/p>\n<p>Adrian Andrzejewski<\/p>\n","protected":false},"excerpt":{"rendered":"<p>W pa\u017adzierniku tego roku zostanie oddana do u\u017cytku hala \u0142y\u017cwiarska w Zakopanem, a ju\u017c na prze\u0142omie listopada i grudnia odb\u0119d\u0105 si\u0119 tam zawody Pucharu \u015awiata junior\u00f3w. Hala, budowana w ramach&hellip;<\/p>\n","protected":false},"author":7,"featured_media":58261,"comment_status":"closed","ping_status":"open","sticky":false,"template":"","format":"standard","meta":{"_mi_skip_tracking":false,"footnotes":""},"categories":[47],"tags":[],"class_list":["post-58260","post","type-post","status-publish","format-standard","has-post-thumbnail","hentry","category-wydarzenia"],"yoast_head":"<!-- This site is optimized with the Yoast SEO plugin v19.4 - https:\/\/yoast.com\/wordpress\/plugins\/seo\/ -->\n<title>Jeszcze w tym roku otwarcie hali \u0142y\u017cwiarskiej w Zakopanem - Godno\u015b\u0107 - DignityNews.eu<\/title>\n<meta name=\"robots\" content=\"index, follow, max-snippet:-1, max-image-preview:large, max-video-preview:-1\" \/>\n<link rel=\"canonical\" href=\"https:\/\/dignitynews.eu\/pl\/jeszcze-w-tym-roku-otwarcie-hali-lyzwiarskiej-w-zakopanem\/\" \/>\n<meta property=\"og:locale\" content=\"pl_PL\" \/>\n<meta property=\"og:type\" content=\"article\" \/>\n<meta property=\"og:title\" content=\"Jeszcze w tym roku otwarcie hali \u0142y\u017cwiarskiej w Zakopanem - Godno\u015b\u0107 - DignityNews.eu\" \/>\n<meta property=\"og:description\" content=\"W pa\u017adzierniku tego roku zostanie oddana do u\u017cytku hala \u0142y\u017cwiarska w Zakopanem, a ju\u017c na prze\u0142omie listopada i grudnia odb\u0119d\u0105 si\u0119 tam zawody Pucharu \u015awiata junior\u00f3w. Hala, budowana w ramach&hellip;\" \/>\n<meta property=\"og:url\" content=\"https:\/\/dignitynews.eu\/pl\/jeszcze-w-tym-roku-otwarcie-hali-lyzwiarskiej-w-zakopanem\/\" \/>\n<meta property=\"og:site_name\" content=\"Godno\u015b\u0107 - DignityNews.eu\" \/>\n<meta property=\"article:published_time\" content=\"2024-02-29T13:27:43+00:00\" \/>\n<meta property=\"og:image\" content=\"https:\/\/dignitynews.eu\/wp-content\/uploads\/2024\/02\/Jeszcze-w-tym-roku-otwarcie-hali-lyzwiarskiej-w-Zakopanem-fot.-MSiT.jpg\" \/>\n\t<meta property=\"og:image:width\" content=\"2000\" \/>\n\t<meta property=\"og:image:height\" content=\"1333\" \/>\n\t<meta property=\"og:image:type\" content=\"image\/jpeg\" \/>\n<meta name=\"author\" content=\"Dignity News\" \/>\n<meta name=\"twitter:card\" content=\"summary_large_image\" \/>\n<meta name=\"twitter:label1\" content=\"Napisane przez\" \/>\n\t<meta name=\"twitter:data1\" content=\"Dignity News\" \/>\n\t<meta name=\"twitter:label2\" content=\"Szacowany czas czytania\" \/>\n\t<meta name=\"twitter:data2\" content=\"2 minuty\" \/>\n<script type=\"application\/ld+json\" class=\"yoast-schema-graph\">{\"@context\":\"https:\/\/schema.org\",\"@graph\":[{\"@type\":\"WebSite\",\"@id\":\"https:\/\/dignitynews.eu\/pl\/#website\",\"url\":\"https:\/\/dignitynews.eu\/pl\/\",\"name\":\"Godno\u015b\u0107 - DignityNews.eu\",\"description\":\"\",\"potentialAction\":[{\"@type\":\"SearchAction\",\"target\":{\"@type\":\"EntryPoint\",\"urlTemplate\":\"https:\/\/dignitynews.eu\/pl\/?s={search_term_string}\"},\"query-input\":\"required name=search_term_string\"}],\"inLanguage\":\"pl-PL\"},{\"@type\":\"WebPage\",\"@id\":\"https:\/\/dignitynews.eu\/pl\/jeszcze-w-tym-roku-otwarcie-hali-lyzwiarskiej-w-zakopanem\/\",\"url\":\"https:\/\/dignitynews.eu\/pl\/jeszcze-w-tym-roku-otwarcie-hali-lyzwiarskiej-w-zakopanem\/\",\"name\":\"Jeszcze w tym roku otwarcie hali \u0142y\u017cwiarskiej w Zakopanem - Godno\u015b\u0107 - DignityNews.eu\",\"isPartOf\":{\"@id\":\"https:\/\/dignitynews.eu\/pl\/#website\"},\"datePublished\":\"2024-02-29T13:27:43+00:00\",\"dateModified\":\"2024-02-29T13:27:43+00:00\",\"author\":{\"@id\":\"https:\/\/dignitynews.eu\/pl\/#\/schema\/person\/0b62b762b8174802fabc81a3ecb1bfcb\"},\"breadcrumb\":{\"@id\":\"https:\/\/dignitynews.eu\/pl\/jeszcze-w-tym-roku-otwarcie-hali-lyzwiarskiej-w-zakopanem\/#breadcrumb\"},\"inLanguage\":\"pl-PL\",\"potentialAction\":[{\"@type\":\"ReadAction\",\"target\":[\"https:\/\/dignitynews.eu\/pl\/jeszcze-w-tym-roku-otwarcie-hali-lyzwiarskiej-w-zakopanem\/\"]}]},{\"@type\":\"BreadcrumbList\",\"@id\":\"https:\/\/dignitynews.eu\/pl\/jeszcze-w-tym-roku-otwarcie-hali-lyzwiarskiej-w-zakopanem\/#breadcrumb\",\"itemListElement\":[{\"@type\":\"ListItem\",\"position\":1,\"name\":\"Strona g\u0142\u00f3wna\",\"item\":\"https:\/\/dignitynews.eu\/pl\/\"},{\"@type\":\"ListItem\",\"position\":2,\"name\":\"Jeszcze w tym roku otwarcie hali \u0142y\u017cwiarskiej w Zakopanem\"}]},{\"@type\":\"Person\",\"@id\":\"https:\/\/dignitynews.eu\/pl\/#\/schema\/person\/0b62b762b8174802fabc81a3ecb1bfcb\",\"name\":\"Dignity News\",\"image\":{\"@type\":\"ImageObject\",\"inLanguage\":\"pl-PL\",\"@id\":\"https:\/\/dignitynews.eu\/pl\/#\/schema\/person\/image\/\",\"url\":\"https:\/\/secure.gravatar.com\/avatar\/97963171a6d9108f8381bbefb1c6b150c445b6ddd9e3077b96c86cf5892c85dc?s=96&d=mm&r=g\",\"contentUrl\":\"https:\/\/secure.gravatar.com\/avatar\/97963171a6d9108f8381bbefb1c6b150c445b6ddd9e3077b96c86cf5892c85dc?s=96&d=mm&r=g\",\"caption\":\"Dignity News\"},\"url\":\"https:\/\/dignitynews.eu\/pl\/author\/mikolaj-palade\/\"}]}<\/script>\n<!-- \/ Yoast SEO plugin. -->","yoast_head_json":{"title":"Jeszcze w tym roku otwarcie hali \u0142y\u017cwiarskiej w Zakopanem - Godno\u015b\u0107 - DignityNews.eu","robots":{"index":"index","follow":"follow","max-snippet":"max-snippet:-1","max-image-preview":"max-image-preview:large","max-video-preview":"max-video-preview:-1"},"canonical":"https:\/\/dignitynews.eu\/pl\/jeszcze-w-tym-roku-otwarcie-hali-lyzwiarskiej-w-zakopanem\/","og_locale":"pl_PL","og_type":"article","og_title":"Jeszcze w tym roku otwarcie hali \u0142y\u017cwiarskiej w Zakopanem - Godno\u015b\u0107 - DignityNews.eu","og_description":"W pa\u017adzierniku tego roku zostanie oddana do u\u017cytku hala \u0142y\u017cwiarska w Zakopanem, a ju\u017c na prze\u0142omie listopada i grudnia odb\u0119d\u0105 si\u0119 tam zawody Pucharu \u015awiata junior\u00f3w. Hala, budowana w ramach&hellip;","og_url":"https:\/\/dignitynews.eu\/pl\/jeszcze-w-tym-roku-otwarcie-hali-lyzwiarskiej-w-zakopanem\/","og_site_name":"Godno\u015b\u0107 - DignityNews.eu","article_published_time":"2024-02-29T13:27:43+00:00","og_image":[{"width":2000,"height":1333,"url":"https:\/\/dignitynews.eu\/wp-content\/uploads\/2024\/02\/Jeszcze-w-tym-roku-otwarcie-hali-lyzwiarskiej-w-Zakopanem-fot.-MSiT.jpg","type":"image\/jpeg"}],"author":"Dignity News","twitter_card":"summary_large_image","twitter_misc":{"Napisane przez":"Dignity News","Szacowany czas czytania":"2 minuty"},"schema":{"@context":"https:\/\/schema.org","@graph":[{"@type":"WebSite","@id":"https:\/\/dignitynews.eu\/pl\/#website","url":"https:\/\/dignitynews.eu\/pl\/","name":"Godno\u015b\u0107 - DignityNews.eu","description":"","potentialAction":[{"@type":"SearchAction","target":{"@type":"EntryPoint","urlTemplate":"https:\/\/dignitynews.eu\/pl\/?s={search_term_string}"},"query-input":"required name=search_term_string"}],"inLanguage":"pl-PL"},{"@type":"WebPage","@id":"https:\/\/dignitynews.eu\/pl\/jeszcze-w-tym-roku-otwarcie-hali-lyzwiarskiej-w-zakopanem\/","url":"https:\/\/dignitynews.eu\/pl\/jeszcze-w-tym-roku-otwarcie-hali-lyzwiarskiej-w-zakopanem\/","name":"Jeszcze w tym roku otwarcie hali \u0142y\u017cwiarskiej w Zakopanem - Godno\u015b\u0107 - DignityNews.eu","isPartOf":{"@id":"https:\/\/dignitynews.eu\/pl\/#website"},"datePublished":"2024-02-29T13:27:43+00:00","dateModified":"2024-02-29T13:27:43+00:00","author":{"@id":"https:\/\/dignitynews.eu\/pl\/#\/schema\/person\/0b62b762b8174802fabc81a3ecb1bfcb"},"breadcrumb":{"@id":"https:\/\/dignitynews.eu\/pl\/jeszcze-w-tym-roku-otwarcie-hali-lyzwiarskiej-w-zakopanem\/#breadcrumb"},"inLanguage":"pl-PL","potentialAction":[{"@type":"ReadAction","target":["https:\/\/dignitynews.eu\/pl\/jeszcze-w-tym-roku-otwarcie-hali-lyzwiarskiej-w-zakopanem\/"]}]},{"@type":"BreadcrumbList","@id":"https:\/\/dignitynews.eu\/pl\/jeszcze-w-tym-roku-otwarcie-hali-lyzwiarskiej-w-zakopanem\/#breadcrumb","itemListElement":[{"@type":"ListItem","position":1,"name":"Strona g\u0142\u00f3wna","item":"https:\/\/dignitynews.eu\/pl\/"},{"@type":"ListItem","position":2,"name":"Jeszcze w tym roku otwarcie hali \u0142y\u017cwiarskiej w Zakopanem"}]},{"@type":"Person","@id":"https:\/\/dignitynews.eu\/pl\/#\/schema\/person\/0b62b762b8174802fabc81a3ecb1bfcb","name":"Dignity News","image":{"@type":"ImageObject","inLanguage":"pl-PL","@id":"https:\/\/dignitynews.eu\/pl\/#\/schema\/person\/image\/","url":"https:\/\/secure.gravatar.com\/avatar\/97963171a6d9108f8381bbefb1c6b150c445b6ddd9e3077b96c86cf5892c85dc?s=96&d=mm&r=g","contentUrl":"https:\/\/secure.gravatar.com\/avatar\/97963171a6d9108f8381bbefb1c6b150c445b6ddd9e3077b96c86cf5892c85dc?s=96&d=mm&r=g","caption":"Dignity News"},"url":"https:\/\/dignitynews.eu\/pl\/author\/mikolaj-palade\/"}]}},"_links":{"self":[{"href":"https:\/\/dignitynews.eu\/pl\/wp-json\/wp\/v2\/posts\/58260","targetHints":{"allow":["GET"]}}],"collection":[{"href":"https:\/\/dignitynews.eu\/pl\/wp-json\/wp\/v2\/posts"}],"about":[{"href":"https:\/\/dignitynews.eu\/pl\/wp-json\/wp\/v2\/types\/post"}],"author":[{"embeddable":true,"href":"https:\/\/dignitynews.eu\/pl\/wp-json\/wp\/v2\/users\/7"}],"replies":[{"embeddable":true,"href":"https:\/\/dignitynews.eu\/pl\/wp-json\/wp\/v2\/comments?post=58260"}],"version-history":[{"count":1,"href":"https:\/\/dignitynews.eu\/pl\/wp-json\/wp\/v2\/posts\/58260\/revisions"}],"predecessor-version":[{"id":58266,"href":"https:\/\/dignitynews.eu\/pl\/wp-json\/wp\/v2\/posts\/58260\/revisions\/58266"}],"wp:featuredmedia":[{"embeddable":true,"href":"https:\/\/dignitynews.eu\/pl\/wp-json\/wp\/v2\/media\/58261"}],"wp:attachment":[{"href":"https:\/\/dignitynews.eu\/pl\/wp-json\/wp\/v2\/media?parent=58260"}],"wp:term":[{"taxonomy":"category","embeddable":true,"href":"https:\/\/dignitynews.eu\/pl\/wp-json\/wp\/v2\/categories?post=58260"},{"taxonomy":"post_tag","embeddable":true,"href":"https:\/\/dignitynews.eu\/pl\/wp-json\/wp\/v2\/tags?post=58260"}],"curies":[{"name":"wp","href":"https:\/\/api.w.org\/{rel}","templated":true}]}}