{"id":58245,"date":"2024-02-29T14:26:20","date_gmt":"2024-02-29T13:26:20","guid":{"rendered":"https:\/\/dignitynews.eu\/?p=58245"},"modified":"2024-02-29T14:26:20","modified_gmt":"2024-02-29T13:26:20","slug":"3-milionowy-zwiedzajacy-w-muzeum-ii-wojny-swiatowej-w-gdansku","status":"publish","type":"post","link":"https:\/\/dignitynews.eu\/pl\/3-milionowy-zwiedzajacy-w-muzeum-ii-wojny-swiatowej-w-gdansku\/","title":{"rendered":"3-milionowy zwiedzaj\u0105cy w Muzeum II Wojny \u015awiatowej w Gda\u0144sku"},"content":{"rendered":"<h5><strong>Po blisko 7 latach od otwarcia Muzeum II Wojny \u015awiatowej (MIIW\u015a) w Gda\u0144sku, w tym po prawie 3 latach panuj\u0105cej pandemii, w minionym tygodniu plac\u00f3wk\u0119 odwiedzi\u0142 3-milionowy zwiedzaj\u0105cy. Wyj\u0105tkowymi go\u015b\u0107mi okazali si\u0119 Pa\u0144stwo Ma\u0142gorzata i Micha\u0142 Wawrzy\u0144czak wraz z dw\u00f3jk\u0105 dzieci, kt\u00f3rzy przyjechali do Gda\u0144ska z Kalisza. <\/strong><\/h5>\n<p>Do Muzeum wybrali si\u0119 ze wzgl\u0119du na ciekawo\u015b\u0107 historii najtragiczniejszego konfliktu w dziejach naszej cywilizacji oraz by zobaczy\u0107\u00a0jedn\u0105 z najwi\u0119kszych powierzchni wystawienniczych w Europie \u2013 informuje MIIW\u015a.<\/p>\n<p>Na zaskoczonych go\u015bci tu\u017c przy wej\u015bciu na wystaw\u0119 czekali m.in. dyrektor Muzeum II Wojny \u015awiatowej Grzegorz Berendt oraz Andrzej Ka\u0142wa, Dyrektor ds. Rozwoju Biznesu w Polferries, kt\u00f3re jest partnerem muzeum. Wr\u0119czyli oni go\u015bciom okoliczno\u015bciowe podarunki, w tym voucher na rejs promem Polferries na trasie Gda\u0144sk \u2013 Nynashamn i z powrotem.<\/p>\n<p>Cieszymy si\u0119, \u017ce\u00a0Polferries\u00a0b\u0119dzie m\u00f3g\u0142 go\u015bci\u0107 na pok\u0142adzie swojego promu 3-milionowego go\u015bcia Muzeum II Wojny \u015awiatowej. Nasza wsp\u00f3\u0142praca trwa ju\u017c od o\u015bmiu miesi\u0119cy i jeste\u015bmy bardzo z niej zadowoleni. Realizujemy z muzeum wiele wsp\u00f3lnych projekt\u00f3w \u2013 m\u00f3wi\u0142 Micha\u0142 Arciszewski, rzecznik prasowy Polferries.<\/p>\n<p>Jak doda\u0142, wsp\u00f3\u0142praca mi\u0119dzy obiema instytucjami odbywa si\u0119 zar\u00f3wno na poziomie komercyjnym, jak i edukacyjnym.<\/p>\n<p>Realizujemy liczne projekty edukacyjne, w tym mi\u0119dzy innymi projekt \u201eRejs z histori\u0105\u201d, podczas kt\u00f3rego edukatorzy muzeum zach\u0119caj\u0105 i zapraszaj\u0105 pasa\u017cer\u00f3w odbywaj\u0105cych rejsy z nami do poznania historii II Wojny \u015awiatowej, do poznania trud\u00f3w tamtych czas\u00f3w \u2013 opowiada\u0142 Arciszewski.<\/p>\n<p>Nie przez przypadek podj\u0119li\u015bmy decyzj\u0119 o takiej w\u0142a\u015bnie wsp\u00f3\u0142pracy, bowiem nasze promy dobijaj\u0105 do P\u00f3\u0142wyspu Westerplatte, gdzie w\u0142a\u015bnie tragizm tamtych czas\u00f3w si\u0119 zacz\u0105\u0142. Muzeum jest teraz w trakcie realizacji du\u017cego projektu zwi\u0105zanego z budow\u0105 Punktu Obs\u0142ugi Ruchu Turystycznego w\u0142a\u015bnie na Westerplatte, kt\u00f3ry b\u0119dzie tak naprawd\u0119 pierwszym punktem, kt\u00f3ry nasi pasa\u017cerowie b\u0119d\u0105 mogli odwiedzi\u0107, schodz\u0105c bezpo\u015brednio z promu i witaj\u0105c polskie wybrze\u017ce \u2013 doda\u0142.<\/p>\n<p>Adrian Andrzejewski<\/p>\n","protected":false},"excerpt":{"rendered":"<p>Po blisko 7 latach od otwarcia Muzeum II Wojny \u015awiatowej (MIIW\u015a) w Gda\u0144sku, w tym po prawie 3 latach panuj\u0105cej pandemii, w minionym tygodniu plac\u00f3wk\u0119 odwiedzi\u0142 3-milionowy zwiedzaj\u0105cy. Wyj\u0105tkowymi go\u015b\u0107mi&hellip;<\/p>\n","protected":false},"author":7,"featured_media":58246,"comment_status":"closed","ping_status":"open","sticky":false,"template":"","format":"standard","meta":{"_mi_skip_tracking":false,"footnotes":""},"categories":[50],"tags":[],"class_list":["post-58245","post","type-post","status-publish","format-standard","has-post-thumbnail","hentry","category-kultura"],"yoast_head":"<!-- This site is optimized with the Yoast SEO plugin v19.4 - https:\/\/yoast.com\/wordpress\/plugins\/seo\/ -->\n<title>3-milionowy zwiedzaj\u0105cy w Muzeum II Wojny \u015awiatowej w Gda\u0144sku - Godno\u015b\u0107 - DignityNews.eu<\/title>\n<meta name=\"robots\" content=\"index, follow, max-snippet:-1, max-image-preview:large, max-video-preview:-1\" \/>\n<link rel=\"canonical\" href=\"https:\/\/dignitynews.eu\/pl\/3-milionowy-zwiedzajacy-w-muzeum-ii-wojny-swiatowej-w-gdansku\/\" \/>\n<meta property=\"og:locale\" content=\"pl_PL\" \/>\n<meta property=\"og:type\" content=\"article\" \/>\n<meta property=\"og:title\" content=\"3-milionowy zwiedzaj\u0105cy w Muzeum II Wojny \u015awiatowej w Gda\u0144sku - Godno\u015b\u0107 - DignityNews.eu\" \/>\n<meta property=\"og:description\" content=\"Po blisko 7 latach od otwarcia Muzeum II Wojny \u015awiatowej (MIIW\u015a) w Gda\u0144sku, w tym po prawie 3 latach panuj\u0105cej pandemii, w minionym tygodniu plac\u00f3wk\u0119 odwiedzi\u0142 3-milionowy zwiedzaj\u0105cy. Wyj\u0105tkowymi go\u015b\u0107mi&hellip;\" \/>\n<meta property=\"og:url\" content=\"https:\/\/dignitynews.eu\/pl\/3-milionowy-zwiedzajacy-w-muzeum-ii-wojny-swiatowej-w-gdansku\/\" \/>\n<meta property=\"og:site_name\" content=\"Godno\u015b\u0107 - DignityNews.eu\" \/>\n<meta property=\"article:published_time\" content=\"2024-02-29T13:26:20+00:00\" \/>\n<meta property=\"og:image\" content=\"https:\/\/dignitynews.eu\/wp-content\/uploads\/2024\/02\/3-milionowy-zwiedzajacy-w-Muzeum-II-Wojny-Swiatowej-w-Gdansku-fot.-Muzeum-II-Wojny-Swiatowej.jpg\" \/>\n\t<meta property=\"og:image:width\" content=\"870\" \/>\n\t<meta property=\"og:image:height\" content=\"580\" \/>\n\t<meta property=\"og:image:type\" content=\"image\/jpeg\" \/>\n<meta name=\"author\" content=\"Dignity News\" \/>\n<meta name=\"twitter:card\" content=\"summary_large_image\" \/>\n<meta name=\"twitter:label1\" content=\"Napisane przez\" \/>\n\t<meta name=\"twitter:data1\" content=\"Dignity News\" \/>\n\t<meta name=\"twitter:label2\" content=\"Szacowany czas czytania\" \/>\n\t<meta name=\"twitter:data2\" content=\"2 minuty\" \/>\n<script type=\"application\/ld+json\" class=\"yoast-schema-graph\">{\"@context\":\"https:\/\/schema.org\",\"@graph\":[{\"@type\":\"WebSite\",\"@id\":\"https:\/\/dignitynews.eu\/pl\/#website\",\"url\":\"https:\/\/dignitynews.eu\/pl\/\",\"name\":\"Godno\u015b\u0107 - DignityNews.eu\",\"description\":\"\",\"potentialAction\":[{\"@type\":\"SearchAction\",\"target\":{\"@type\":\"EntryPoint\",\"urlTemplate\":\"https:\/\/dignitynews.eu\/pl\/?s={search_term_string}\"},\"query-input\":\"required name=search_term_string\"}],\"inLanguage\":\"pl-PL\"},{\"@type\":\"WebPage\",\"@id\":\"https:\/\/dignitynews.eu\/pl\/3-milionowy-zwiedzajacy-w-muzeum-ii-wojny-swiatowej-w-gdansku\/\",\"url\":\"https:\/\/dignitynews.eu\/pl\/3-milionowy-zwiedzajacy-w-muzeum-ii-wojny-swiatowej-w-gdansku\/\",\"name\":\"3-milionowy zwiedzaj\u0105cy w Muzeum II Wojny \u015awiatowej w Gda\u0144sku - Godno\u015b\u0107 - DignityNews.eu\",\"isPartOf\":{\"@id\":\"https:\/\/dignitynews.eu\/pl\/#website\"},\"datePublished\":\"2024-02-29T13:26:20+00:00\",\"dateModified\":\"2024-02-29T13:26:20+00:00\",\"author\":{\"@id\":\"https:\/\/dignitynews.eu\/pl\/#\/schema\/person\/0b62b762b8174802fabc81a3ecb1bfcb\"},\"breadcrumb\":{\"@id\":\"https:\/\/dignitynews.eu\/pl\/3-milionowy-zwiedzajacy-w-muzeum-ii-wojny-swiatowej-w-gdansku\/#breadcrumb\"},\"inLanguage\":\"pl-PL\",\"potentialAction\":[{\"@type\":\"ReadAction\",\"target\":[\"https:\/\/dignitynews.eu\/pl\/3-milionowy-zwiedzajacy-w-muzeum-ii-wojny-swiatowej-w-gdansku\/\"]}]},{\"@type\":\"BreadcrumbList\",\"@id\":\"https:\/\/dignitynews.eu\/pl\/3-milionowy-zwiedzajacy-w-muzeum-ii-wojny-swiatowej-w-gdansku\/#breadcrumb\",\"itemListElement\":[{\"@type\":\"ListItem\",\"position\":1,\"name\":\"Strona g\u0142\u00f3wna\",\"item\":\"https:\/\/dignitynews.eu\/pl\/\"},{\"@type\":\"ListItem\",\"position\":2,\"name\":\"3-milionowy zwiedzaj\u0105cy w Muzeum II Wojny \u015awiatowej w Gda\u0144sku\"}]},{\"@type\":\"Person\",\"@id\":\"https:\/\/dignitynews.eu\/pl\/#\/schema\/person\/0b62b762b8174802fabc81a3ecb1bfcb\",\"name\":\"Dignity News\",\"image\":{\"@type\":\"ImageObject\",\"inLanguage\":\"pl-PL\",\"@id\":\"https:\/\/dignitynews.eu\/pl\/#\/schema\/person\/image\/\",\"url\":\"https:\/\/secure.gravatar.com\/avatar\/97963171a6d9108f8381bbefb1c6b150c445b6ddd9e3077b96c86cf5892c85dc?s=96&d=mm&r=g\",\"contentUrl\":\"https:\/\/secure.gravatar.com\/avatar\/97963171a6d9108f8381bbefb1c6b150c445b6ddd9e3077b96c86cf5892c85dc?s=96&d=mm&r=g\",\"caption\":\"Dignity News\"},\"url\":\"https:\/\/dignitynews.eu\/pl\/author\/mikolaj-palade\/\"}]}<\/script>\n<!-- \/ Yoast SEO plugin. -->","yoast_head_json":{"title":"3-milionowy zwiedzaj\u0105cy w Muzeum II Wojny \u015awiatowej w Gda\u0144sku - Godno\u015b\u0107 - DignityNews.eu","robots":{"index":"index","follow":"follow","max-snippet":"max-snippet:-1","max-image-preview":"max-image-preview:large","max-video-preview":"max-video-preview:-1"},"canonical":"https:\/\/dignitynews.eu\/pl\/3-milionowy-zwiedzajacy-w-muzeum-ii-wojny-swiatowej-w-gdansku\/","og_locale":"pl_PL","og_type":"article","og_title":"3-milionowy zwiedzaj\u0105cy w Muzeum II Wojny \u015awiatowej w Gda\u0144sku - Godno\u015b\u0107 - DignityNews.eu","og_description":"Po blisko 7 latach od otwarcia Muzeum II Wojny \u015awiatowej (MIIW\u015a) w Gda\u0144sku, w tym po prawie 3 latach panuj\u0105cej pandemii, w minionym tygodniu plac\u00f3wk\u0119 odwiedzi\u0142 3-milionowy zwiedzaj\u0105cy. Wyj\u0105tkowymi go\u015b\u0107mi&hellip;","og_url":"https:\/\/dignitynews.eu\/pl\/3-milionowy-zwiedzajacy-w-muzeum-ii-wojny-swiatowej-w-gdansku\/","og_site_name":"Godno\u015b\u0107 - DignityNews.eu","article_published_time":"2024-02-29T13:26:20+00:00","og_image":[{"width":870,"height":580,"url":"https:\/\/dignitynews.eu\/wp-content\/uploads\/2024\/02\/3-milionowy-zwiedzajacy-w-Muzeum-II-Wojny-Swiatowej-w-Gdansku-fot.-Muzeum-II-Wojny-Swiatowej.jpg","type":"image\/jpeg"}],"author":"Dignity News","twitter_card":"summary_large_image","twitter_misc":{"Napisane przez":"Dignity News","Szacowany czas czytania":"2 minuty"},"schema":{"@context":"https:\/\/schema.org","@graph":[{"@type":"WebSite","@id":"https:\/\/dignitynews.eu\/pl\/#website","url":"https:\/\/dignitynews.eu\/pl\/","name":"Godno\u015b\u0107 - DignityNews.eu","description":"","potentialAction":[{"@type":"SearchAction","target":{"@type":"EntryPoint","urlTemplate":"https:\/\/dignitynews.eu\/pl\/?s={search_term_string}"},"query-input":"required name=search_term_string"}],"inLanguage":"pl-PL"},{"@type":"WebPage","@id":"https:\/\/dignitynews.eu\/pl\/3-milionowy-zwiedzajacy-w-muzeum-ii-wojny-swiatowej-w-gdansku\/","url":"https:\/\/dignitynews.eu\/pl\/3-milionowy-zwiedzajacy-w-muzeum-ii-wojny-swiatowej-w-gdansku\/","name":"3-milionowy zwiedzaj\u0105cy w Muzeum II Wojny \u015awiatowej w Gda\u0144sku - Godno\u015b\u0107 - DignityNews.eu","isPartOf":{"@id":"https:\/\/dignitynews.eu\/pl\/#website"},"datePublished":"2024-02-29T13:26:20+00:00","dateModified":"2024-02-29T13:26:20+00:00","author":{"@id":"https:\/\/dignitynews.eu\/pl\/#\/schema\/person\/0b62b762b8174802fabc81a3ecb1bfcb"},"breadcrumb":{"@id":"https:\/\/dignitynews.eu\/pl\/3-milionowy-zwiedzajacy-w-muzeum-ii-wojny-swiatowej-w-gdansku\/#breadcrumb"},"inLanguage":"pl-PL","potentialAction":[{"@type":"ReadAction","target":["https:\/\/dignitynews.eu\/pl\/3-milionowy-zwiedzajacy-w-muzeum-ii-wojny-swiatowej-w-gdansku\/"]}]},{"@type":"BreadcrumbList","@id":"https:\/\/dignitynews.eu\/pl\/3-milionowy-zwiedzajacy-w-muzeum-ii-wojny-swiatowej-w-gdansku\/#breadcrumb","itemListElement":[{"@type":"ListItem","position":1,"name":"Strona g\u0142\u00f3wna","item":"https:\/\/dignitynews.eu\/pl\/"},{"@type":"ListItem","position":2,"name":"3-milionowy zwiedzaj\u0105cy w Muzeum II Wojny \u015awiatowej w Gda\u0144sku"}]},{"@type":"Person","@id":"https:\/\/dignitynews.eu\/pl\/#\/schema\/person\/0b62b762b8174802fabc81a3ecb1bfcb","name":"Dignity News","image":{"@type":"ImageObject","inLanguage":"pl-PL","@id":"https:\/\/dignitynews.eu\/pl\/#\/schema\/person\/image\/","url":"https:\/\/secure.gravatar.com\/avatar\/97963171a6d9108f8381bbefb1c6b150c445b6ddd9e3077b96c86cf5892c85dc?s=96&d=mm&r=g","contentUrl":"https:\/\/secure.gravatar.com\/avatar\/97963171a6d9108f8381bbefb1c6b150c445b6ddd9e3077b96c86cf5892c85dc?s=96&d=mm&r=g","caption":"Dignity News"},"url":"https:\/\/dignitynews.eu\/pl\/author\/mikolaj-palade\/"}]}},"_links":{"self":[{"href":"https:\/\/dignitynews.eu\/pl\/wp-json\/wp\/v2\/posts\/58245","targetHints":{"allow":["GET"]}}],"collection":[{"href":"https:\/\/dignitynews.eu\/pl\/wp-json\/wp\/v2\/posts"}],"about":[{"href":"https:\/\/dignitynews.eu\/pl\/wp-json\/wp\/v2\/types\/post"}],"author":[{"embeddable":true,"href":"https:\/\/dignitynews.eu\/pl\/wp-json\/wp\/v2\/users\/7"}],"replies":[{"embeddable":true,"href":"https:\/\/dignitynews.eu\/pl\/wp-json\/wp\/v2\/comments?post=58245"}],"version-history":[{"count":1,"href":"https:\/\/dignitynews.eu\/pl\/wp-json\/wp\/v2\/posts\/58245\/revisions"}],"predecessor-version":[{"id":58251,"href":"https:\/\/dignitynews.eu\/pl\/wp-json\/wp\/v2\/posts\/58245\/revisions\/58251"}],"wp:featuredmedia":[{"embeddable":true,"href":"https:\/\/dignitynews.eu\/pl\/wp-json\/wp\/v2\/media\/58246"}],"wp:attachment":[{"href":"https:\/\/dignitynews.eu\/pl\/wp-json\/wp\/v2\/media?parent=58245"}],"wp:term":[{"taxonomy":"category","embeddable":true,"href":"https:\/\/dignitynews.eu\/pl\/wp-json\/wp\/v2\/categories?post=58245"},{"taxonomy":"post_tag","embeddable":true,"href":"https:\/\/dignitynews.eu\/pl\/wp-json\/wp\/v2\/tags?post=58245"}],"curies":[{"name":"wp","href":"https:\/\/api.w.org\/{rel}","templated":true}]}}