{"id":58175,"date":"2024-02-27T14:33:55","date_gmt":"2024-02-27T13:33:55","guid":{"rendered":"https:\/\/dignitynews.eu\/?p=58175"},"modified":"2024-02-27T14:33:55","modified_gmt":"2024-02-27T13:33:55","slug":"minister-rolnictwa-apeluje-w-brukseli-o-wycofanie-nieracjonalnych-wymogow-zielonego-ladu","status":"publish","type":"post","link":"https:\/\/dignitynews.eu\/pl\/minister-rolnictwa-apeluje-w-brukseli-o-wycofanie-nieracjonalnych-wymogow-zielonego-ladu\/","title":{"rendered":"Minister rolnictwa apeluje w Brukseli o wycofanie \u201enieracjonalnych wymog\u00f3w Zielonego \u0141adu\u201d"},"content":{"rendered":"<h5><strong>R\u00f3\u017cne, nieracjonalne wymogi Zielonego \u0141adu musz\u0105 zosta\u0107 wycofane. Komisja Europejska musi zrozumie\u0107 protestuj\u0105cych rolnik\u00f3w \u2013 powiedzia\u0142 minister rolnictwa Czes\u0142aw Siekierski podczas posiedzenia unijnej Rady ds. Rolnictwa i Rybo\u0142\u00f3wstwa (AGRIFISH).<\/strong><\/h5>\n<p>Minister Czes\u0142aw Siekierski poinformowa\u0142, \u017ce s\u0105 prowadzone rozmowy z rolnikami. Powiedzia\u0142, \u017ce rolnicy domagaj\u0105 si\u0119 zasadniczych zmian, a nawet odej\u015bcia od nieracjonalnego wed\u0142ug nich Zielonego \u0141adu. Uwa\u017caj\u0105, \u017ce nadmierny nap\u0142yw towar\u00f3w spoza Unii, w tym z Ukrainy, na rynek europejski narusza ich konkurencyjno\u015b\u0107.<\/p>\n<p>Zaapelowa\u0142 do ministr\u00f3w rolnictwa pa\u0144stw Unii Europejskiej o natychmiastowe dzia\u0142ania. Sytuacja rolnik\u00f3w jest trudna i musimy da\u0107 jasny sygna\u0142, \u017ce wprowadzone zostan\u0105 uproszczenia istotne, konkretne, na kt\u00f3re czekaj\u0105 rolnicy \u2013 podkre\u015bli\u0142 minister Czes\u0142aw Siekierski.<\/p>\n<p>Problemem, o kt\u00f3rym si\u0119 nie m\u00f3wi, jest nadmiar zbo\u017ca w Unii Europejskiej. Komisja Europejska musi podj\u0105\u0107 dzia\u0142ania, aby zmniejszy\u0107 stan zapas\u00f3w zbo\u017ca. My\u015bl\u0119, \u017ce jest to mo\u017cliwe. Wystarczy\u0142oby wesprze\u0107 eksport \u2013 pomoc humanitarn\u0105 dla tych region\u00f3w \u015bwiata, gdzie wesz\u0142a Rosja. To pos\u0142u\u017cy\u0142oby tak\u017ce odzyskaniu rynk\u00f3w, kt\u00f3re zaj\u0119\u0142a Rosja, Europie i Ukrainie \u2013 doda\u0142 na zako\u0144czenie wyst\u0105pienia szef polskiego resortu rolnictwa.<\/p>\n<p>Kwesti\u0119 nadmiaru zbo\u017ca w UE minister Czes\u0142aw Siekierski poruszy\u0142 tak\u017ce podczas konferencji prasowej po zako\u0144czeniu posiedzenia AGRIFISH.<\/p>\n<p>Pod koniec czerwca zapasy zbo\u017ca w Europie wynios\u0105 oko\u0142o 28 milion\u00f3w ton. Z czego w Polsce 9 milion\u00f3w ton. My produkujemy oko\u0142o 35-36 milion\u00f3w ton zbo\u017ca, a wi\u0119c b\u0119dziemy mie\u0107 25 procent zbo\u017ca w zapasie. To zbo\u017ce trzeba w jaki\u015b spos\u00f3b up\u0142ynni\u0107, aby by\u0142y wolne magazyny, wolne spichlerze. Pytanie: w jaki spos\u00f3b? UE powinna podj\u0105\u0107 dzia\u0142ania na rzecz wsparcia sprzeda\u017cy zbo\u017ca europejskiego, a tak\u017ce cz\u0119\u015bciowo ukrai\u0144skiego &#8211; powiedzia\u0142 Siekierski.<\/p>\n<p>Adrian Andrzejewski<\/p>\n","protected":false},"excerpt":{"rendered":"<p>R\u00f3\u017cne, nieracjonalne wymogi Zielonego \u0141adu musz\u0105 zosta\u0107 wycofane. Komisja Europejska musi zrozumie\u0107 protestuj\u0105cych rolnik\u00f3w \u2013 powiedzia\u0142 minister rolnictwa Czes\u0142aw Siekierski podczas posiedzenia unijnej Rady ds. Rolnictwa i Rybo\u0142\u00f3wstwa (AGRIFISH). Minister&hellip;<\/p>\n","protected":false},"author":7,"featured_media":58176,"comment_status":"closed","ping_status":"open","sticky":false,"template":"","format":"standard","meta":{"_mi_skip_tracking":false,"footnotes":""},"categories":[47],"tags":[],"class_list":["post-58175","post","type-post","status-publish","format-standard","has-post-thumbnail","hentry","category-wydarzenia"],"yoast_head":"<!-- This site is optimized with the Yoast SEO plugin v19.4 - https:\/\/yoast.com\/wordpress\/plugins\/seo\/ -->\n<title>Minister rolnictwa apeluje w Brukseli o wycofanie \u201enieracjonalnych wymog\u00f3w Zielonego \u0141adu\u201d - Godno\u015b\u0107 - DignityNews.eu<\/title>\n<meta name=\"robots\" content=\"index, follow, max-snippet:-1, max-image-preview:large, max-video-preview:-1\" \/>\n<link rel=\"canonical\" href=\"https:\/\/dignitynews.eu\/pl\/minister-rolnictwa-apeluje-w-brukseli-o-wycofanie-nieracjonalnych-wymogow-zielonego-ladu\/\" \/>\n<meta property=\"og:locale\" content=\"pl_PL\" \/>\n<meta property=\"og:type\" content=\"article\" \/>\n<meta property=\"og:title\" content=\"Minister rolnictwa apeluje w Brukseli o wycofanie \u201enieracjonalnych wymog\u00f3w Zielonego \u0141adu\u201d - Godno\u015b\u0107 - DignityNews.eu\" \/>\n<meta property=\"og:description\" content=\"R\u00f3\u017cne, nieracjonalne wymogi Zielonego \u0141adu musz\u0105 zosta\u0107 wycofane. Komisja Europejska musi zrozumie\u0107 protestuj\u0105cych rolnik\u00f3w \u2013 powiedzia\u0142 minister rolnictwa Czes\u0142aw Siekierski podczas posiedzenia unijnej Rady ds. Rolnictwa i Rybo\u0142\u00f3wstwa (AGRIFISH). Minister&hellip;\" \/>\n<meta property=\"og:url\" content=\"https:\/\/dignitynews.eu\/pl\/minister-rolnictwa-apeluje-w-brukseli-o-wycofanie-nieracjonalnych-wymogow-zielonego-ladu\/\" \/>\n<meta property=\"og:site_name\" content=\"Godno\u015b\u0107 - DignityNews.eu\" \/>\n<meta property=\"article:published_time\" content=\"2024-02-27T13:33:55+00:00\" \/>\n<meta property=\"og:image\" content=\"https:\/\/dignitynews.eu\/wp-content\/uploads\/2024\/02\/Minister-rolnictwa-apeluje-w-Brukseli-o-wycofanie-\u201enieracjonalnych-wymogow-Zielonego-Ladu-fot.-MRiRW.jpg\" \/>\n\t<meta property=\"og:image:width\" content=\"1206\" \/>\n\t<meta property=\"og:image:height\" content=\"756\" \/>\n\t<meta property=\"og:image:type\" content=\"image\/jpeg\" \/>\n<meta name=\"author\" content=\"Dignity News\" \/>\n<meta name=\"twitter:card\" content=\"summary_large_image\" \/>\n<meta name=\"twitter:label1\" content=\"Napisane przez\" \/>\n\t<meta name=\"twitter:data1\" content=\"Dignity News\" \/>\n\t<meta name=\"twitter:label2\" content=\"Szacowany czas czytania\" \/>\n\t<meta name=\"twitter:data2\" content=\"2 minuty\" \/>\n<script type=\"application\/ld+json\" class=\"yoast-schema-graph\">{\"@context\":\"https:\/\/schema.org\",\"@graph\":[{\"@type\":\"WebSite\",\"@id\":\"https:\/\/dignitynews.eu\/pl\/#website\",\"url\":\"https:\/\/dignitynews.eu\/pl\/\",\"name\":\"Godno\u015b\u0107 - DignityNews.eu\",\"description\":\"\",\"potentialAction\":[{\"@type\":\"SearchAction\",\"target\":{\"@type\":\"EntryPoint\",\"urlTemplate\":\"https:\/\/dignitynews.eu\/pl\/?s={search_term_string}\"},\"query-input\":\"required name=search_term_string\"}],\"inLanguage\":\"pl-PL\"},{\"@type\":\"WebPage\",\"@id\":\"https:\/\/dignitynews.eu\/pl\/minister-rolnictwa-apeluje-w-brukseli-o-wycofanie-nieracjonalnych-wymogow-zielonego-ladu\/\",\"url\":\"https:\/\/dignitynews.eu\/pl\/minister-rolnictwa-apeluje-w-brukseli-o-wycofanie-nieracjonalnych-wymogow-zielonego-ladu\/\",\"name\":\"Minister rolnictwa apeluje w Brukseli o wycofanie \u201enieracjonalnych wymog\u00f3w Zielonego \u0141adu\u201d - Godno\u015b\u0107 - DignityNews.eu\",\"isPartOf\":{\"@id\":\"https:\/\/dignitynews.eu\/pl\/#website\"},\"datePublished\":\"2024-02-27T13:33:55+00:00\",\"dateModified\":\"2024-02-27T13:33:55+00:00\",\"author\":{\"@id\":\"https:\/\/dignitynews.eu\/pl\/#\/schema\/person\/0b62b762b8174802fabc81a3ecb1bfcb\"},\"breadcrumb\":{\"@id\":\"https:\/\/dignitynews.eu\/pl\/minister-rolnictwa-apeluje-w-brukseli-o-wycofanie-nieracjonalnych-wymogow-zielonego-ladu\/#breadcrumb\"},\"inLanguage\":\"pl-PL\",\"potentialAction\":[{\"@type\":\"ReadAction\",\"target\":[\"https:\/\/dignitynews.eu\/pl\/minister-rolnictwa-apeluje-w-brukseli-o-wycofanie-nieracjonalnych-wymogow-zielonego-ladu\/\"]}]},{\"@type\":\"BreadcrumbList\",\"@id\":\"https:\/\/dignitynews.eu\/pl\/minister-rolnictwa-apeluje-w-brukseli-o-wycofanie-nieracjonalnych-wymogow-zielonego-ladu\/#breadcrumb\",\"itemListElement\":[{\"@type\":\"ListItem\",\"position\":1,\"name\":\"Strona g\u0142\u00f3wna\",\"item\":\"https:\/\/dignitynews.eu\/pl\/\"},{\"@type\":\"ListItem\",\"position\":2,\"name\":\"Minister rolnictwa apeluje w Brukseli o wycofanie \u201enieracjonalnych wymog\u00f3w Zielonego \u0141adu\u201d\"}]},{\"@type\":\"Person\",\"@id\":\"https:\/\/dignitynews.eu\/pl\/#\/schema\/person\/0b62b762b8174802fabc81a3ecb1bfcb\",\"name\":\"Dignity News\",\"image\":{\"@type\":\"ImageObject\",\"inLanguage\":\"pl-PL\",\"@id\":\"https:\/\/dignitynews.eu\/pl\/#\/schema\/person\/image\/\",\"url\":\"https:\/\/secure.gravatar.com\/avatar\/97963171a6d9108f8381bbefb1c6b150c445b6ddd9e3077b96c86cf5892c85dc?s=96&d=mm&r=g\",\"contentUrl\":\"https:\/\/secure.gravatar.com\/avatar\/97963171a6d9108f8381bbefb1c6b150c445b6ddd9e3077b96c86cf5892c85dc?s=96&d=mm&r=g\",\"caption\":\"Dignity News\"},\"url\":\"https:\/\/dignitynews.eu\/pl\/author\/mikolaj-palade\/\"}]}<\/script>\n<!-- \/ Yoast SEO plugin. -->","yoast_head_json":{"title":"Minister rolnictwa apeluje w Brukseli o wycofanie \u201enieracjonalnych wymog\u00f3w Zielonego \u0141adu\u201d - Godno\u015b\u0107 - DignityNews.eu","robots":{"index":"index","follow":"follow","max-snippet":"max-snippet:-1","max-image-preview":"max-image-preview:large","max-video-preview":"max-video-preview:-1"},"canonical":"https:\/\/dignitynews.eu\/pl\/minister-rolnictwa-apeluje-w-brukseli-o-wycofanie-nieracjonalnych-wymogow-zielonego-ladu\/","og_locale":"pl_PL","og_type":"article","og_title":"Minister rolnictwa apeluje w Brukseli o wycofanie \u201enieracjonalnych wymog\u00f3w Zielonego \u0141adu\u201d - Godno\u015b\u0107 - DignityNews.eu","og_description":"R\u00f3\u017cne, nieracjonalne wymogi Zielonego \u0141adu musz\u0105 zosta\u0107 wycofane. Komisja Europejska musi zrozumie\u0107 protestuj\u0105cych rolnik\u00f3w \u2013 powiedzia\u0142 minister rolnictwa Czes\u0142aw Siekierski podczas posiedzenia unijnej Rady ds. Rolnictwa i Rybo\u0142\u00f3wstwa (AGRIFISH). Minister&hellip;","og_url":"https:\/\/dignitynews.eu\/pl\/minister-rolnictwa-apeluje-w-brukseli-o-wycofanie-nieracjonalnych-wymogow-zielonego-ladu\/","og_site_name":"Godno\u015b\u0107 - DignityNews.eu","article_published_time":"2024-02-27T13:33:55+00:00","og_image":[{"width":1206,"height":756,"url":"https:\/\/dignitynews.eu\/wp-content\/uploads\/2024\/02\/Minister-rolnictwa-apeluje-w-Brukseli-o-wycofanie-\u201enieracjonalnych-wymogow-Zielonego-Ladu-fot.-MRiRW.jpg","type":"image\/jpeg"}],"author":"Dignity News","twitter_card":"summary_large_image","twitter_misc":{"Napisane przez":"Dignity News","Szacowany czas czytania":"2 minuty"},"schema":{"@context":"https:\/\/schema.org","@graph":[{"@type":"WebSite","@id":"https:\/\/dignitynews.eu\/pl\/#website","url":"https:\/\/dignitynews.eu\/pl\/","name":"Godno\u015b\u0107 - DignityNews.eu","description":"","potentialAction":[{"@type":"SearchAction","target":{"@type":"EntryPoint","urlTemplate":"https:\/\/dignitynews.eu\/pl\/?s={search_term_string}"},"query-input":"required name=search_term_string"}],"inLanguage":"pl-PL"},{"@type":"WebPage","@id":"https:\/\/dignitynews.eu\/pl\/minister-rolnictwa-apeluje-w-brukseli-o-wycofanie-nieracjonalnych-wymogow-zielonego-ladu\/","url":"https:\/\/dignitynews.eu\/pl\/minister-rolnictwa-apeluje-w-brukseli-o-wycofanie-nieracjonalnych-wymogow-zielonego-ladu\/","name":"Minister rolnictwa apeluje w Brukseli o wycofanie \u201enieracjonalnych wymog\u00f3w Zielonego \u0141adu\u201d - Godno\u015b\u0107 - DignityNews.eu","isPartOf":{"@id":"https:\/\/dignitynews.eu\/pl\/#website"},"datePublished":"2024-02-27T13:33:55+00:00","dateModified":"2024-02-27T13:33:55+00:00","author":{"@id":"https:\/\/dignitynews.eu\/pl\/#\/schema\/person\/0b62b762b8174802fabc81a3ecb1bfcb"},"breadcrumb":{"@id":"https:\/\/dignitynews.eu\/pl\/minister-rolnictwa-apeluje-w-brukseli-o-wycofanie-nieracjonalnych-wymogow-zielonego-ladu\/#breadcrumb"},"inLanguage":"pl-PL","potentialAction":[{"@type":"ReadAction","target":["https:\/\/dignitynews.eu\/pl\/minister-rolnictwa-apeluje-w-brukseli-o-wycofanie-nieracjonalnych-wymogow-zielonego-ladu\/"]}]},{"@type":"BreadcrumbList","@id":"https:\/\/dignitynews.eu\/pl\/minister-rolnictwa-apeluje-w-brukseli-o-wycofanie-nieracjonalnych-wymogow-zielonego-ladu\/#breadcrumb","itemListElement":[{"@type":"ListItem","position":1,"name":"Strona g\u0142\u00f3wna","item":"https:\/\/dignitynews.eu\/pl\/"},{"@type":"ListItem","position":2,"name":"Minister rolnictwa apeluje w Brukseli o wycofanie \u201enieracjonalnych wymog\u00f3w Zielonego \u0141adu\u201d"}]},{"@type":"Person","@id":"https:\/\/dignitynews.eu\/pl\/#\/schema\/person\/0b62b762b8174802fabc81a3ecb1bfcb","name":"Dignity News","image":{"@type":"ImageObject","inLanguage":"pl-PL","@id":"https:\/\/dignitynews.eu\/pl\/#\/schema\/person\/image\/","url":"https:\/\/secure.gravatar.com\/avatar\/97963171a6d9108f8381bbefb1c6b150c445b6ddd9e3077b96c86cf5892c85dc?s=96&d=mm&r=g","contentUrl":"https:\/\/secure.gravatar.com\/avatar\/97963171a6d9108f8381bbefb1c6b150c445b6ddd9e3077b96c86cf5892c85dc?s=96&d=mm&r=g","caption":"Dignity News"},"url":"https:\/\/dignitynews.eu\/pl\/author\/mikolaj-palade\/"}]}},"_links":{"self":[{"href":"https:\/\/dignitynews.eu\/pl\/wp-json\/wp\/v2\/posts\/58175","targetHints":{"allow":["GET"]}}],"collection":[{"href":"https:\/\/dignitynews.eu\/pl\/wp-json\/wp\/v2\/posts"}],"about":[{"href":"https:\/\/dignitynews.eu\/pl\/wp-json\/wp\/v2\/types\/post"}],"author":[{"embeddable":true,"href":"https:\/\/dignitynews.eu\/pl\/wp-json\/wp\/v2\/users\/7"}],"replies":[{"embeddable":true,"href":"https:\/\/dignitynews.eu\/pl\/wp-json\/wp\/v2\/comments?post=58175"}],"version-history":[{"count":1,"href":"https:\/\/dignitynews.eu\/pl\/wp-json\/wp\/v2\/posts\/58175\/revisions"}],"predecessor-version":[{"id":58181,"href":"https:\/\/dignitynews.eu\/pl\/wp-json\/wp\/v2\/posts\/58175\/revisions\/58181"}],"wp:featuredmedia":[{"embeddable":true,"href":"https:\/\/dignitynews.eu\/pl\/wp-json\/wp\/v2\/media\/58176"}],"wp:attachment":[{"href":"https:\/\/dignitynews.eu\/pl\/wp-json\/wp\/v2\/media?parent=58175"}],"wp:term":[{"taxonomy":"category","embeddable":true,"href":"https:\/\/dignitynews.eu\/pl\/wp-json\/wp\/v2\/categories?post=58175"},{"taxonomy":"post_tag","embeddable":true,"href":"https:\/\/dignitynews.eu\/pl\/wp-json\/wp\/v2\/tags?post=58175"}],"curies":[{"name":"wp","href":"https:\/\/api.w.org\/{rel}","templated":true}]}}