{"id":58105,"date":"2024-02-26T12:45:41","date_gmt":"2024-02-26T11:45:41","guid":{"rendered":"https:\/\/dignitynews.eu\/?p=58105"},"modified":"2024-02-26T12:45:41","modified_gmt":"2024-02-26T11:45:41","slug":"lapidarium-na-wawelu-historia-architektury-oraz-rekonstrukcje-3d","status":"publish","type":"post","link":"https:\/\/dignitynews.eu\/pl\/lapidarium-na-wawelu-historia-architektury-oraz-rekonstrukcje-3d\/","title":{"rendered":"Lapidarium na Wawelu. Historia architektury oraz rekonstrukcje 3D"},"content":{"rendered":"<h5>Na Zamku Kr\u00f3lewskim w Krakowie mo\u017cna ogl\u0105da\u0107 wystaw\u0119 &#8222;Wawel podziemny. Lapidarium&#8221;. Nowa trasa sta\u0142a pod wschodnim skrzyd\u0142em Zamku Kr\u00f3lewskiego to z\u0142o\u017cony i innowacyjny projekt wystawienniczy, archeologiczny i architektoniczno-budowlany, kt\u00f3ry zyska miano jednego z najwa\u017cniejszych wydarze\u0144 muzealniczych \u2013 informuj\u0105 tw\u00f3rcy ekspozycji.<\/h5>\n<p>Ekspozycja nowo\u017cytnych detali architektonicznych mie\u015bci si\u0119 we wschodnim skrzydle pa\u0142acu kr\u00f3lewskiego. Wype\u0142nia historyczne przestrzenie renesansowych piwnic i jest integralnie powi\u0105zana z cz\u0119\u015bci\u0105 eskpozycji Wawel Zaginiony. Podziemny rezerwat architektoniczny stanowi ci\u0105g historycznych pomieszcze\u0144 powsta\u0142ych w pierwszej \u0107wierci XVI wieku. Biegn\u0105ce w amfiladzie, przykryte ceglanymi sklepieniami kolebkowymi pomieszczenia wzniesiono przy u\u017cyciu wielu element\u00f3w kamiennych pochodz\u0105cych z rozbi\u00f3rki pa\u0142acu gotyckiego.<\/p>\n<p>Zwiedzaj\u0105cy po raz pierwszy zobacz\u0105, jak wzniesiono renesansow\u0105 rezydencj\u0119, do\u015bwiadcz\u0105 ukrytej przez wieki \u2013 z przyczyn naturalnych, a teraz ods\u0142oni\u0119tej \u2013 historii. Za pomoc\u0105 gry \u015bwiat\u0142a i nowoczesnej technologii (ekspozytory s\u0142u\u017c\u0105ce do samodzielnego zg\u0142\u0119biania wiedzy, projekcje multimedialne, rekonstrukcje 3D) wida\u0107 czytelne \u015blady tak\u017ce wcze\u015bniejszych budowli i urz\u0105dze\u0144 gotyckiego zamku \u2013 doln\u0105 cz\u0119\u015b\u0107 wie\u017cy Jordanki i \u015bredniowieczn\u0105 studni\u0119.<\/p>\n<p>Profile detali architektonicznych u\u017cytych wt\u00f3rnie jako budulec najni\u017cszej kondygnacji nowego gmachu widoczne s\u0105 w \u015bcianach pomieszcze\u0144, co daje niezwyk\u0142y efekt estetyczny i ekspozycyjny. S\u0105 to lapides viventes \u2013 \u017cywe kamienie. Ponadto w pomieszczeniach piwnicznych przetrwa\u0142y czytelne \u015blady wcze\u015bniejszych budowli i urz\u0105dze\u0144 gotyckiego zamku \u2013 dolna cz\u0119\u015b\u0107 wie\u017cy Jordanka czy studnia pa\u0142acowa. Elementy te stanowi\u0105 cz\u0119\u015b\u0107 narracji ekspozycyjnej odnosz\u0105cej do \u015bredniowiecznej zabudowy zamku g\u00f3rnego i jako \u015bwiadkowie przesz\u0142o\u015bci przemawiaj\u0105 do nas mow\u0105 kamieni \u2013 czytamy na stronie Zamku Kr\u00f3lewskiego na Wawelu.<\/p>\n<p>Arkadiusz S\u0142omczy\u0144ski<\/p>\n","protected":false},"excerpt":{"rendered":"<p>Na Zamku Kr\u00f3lewskim w Krakowie mo\u017cna ogl\u0105da\u0107 wystaw\u0119 &#8222;Wawel podziemny. Lapidarium&#8221;. Nowa trasa sta\u0142a pod wschodnim skrzyd\u0142em Zamku Kr\u00f3lewskiego to z\u0142o\u017cony i innowacyjny projekt wystawienniczy, archeologiczny i architektoniczno-budowlany, kt\u00f3ry zyska&hellip;<\/p>\n","protected":false},"author":7,"featured_media":58106,"comment_status":"closed","ping_status":"open","sticky":false,"template":"","format":"standard","meta":{"_mi_skip_tracking":false,"footnotes":""},"categories":[50],"tags":[],"class_list":["post-58105","post","type-post","status-publish","format-standard","has-post-thumbnail","hentry","category-kultura"],"yoast_head":"<!-- This site is optimized with the Yoast SEO plugin v19.4 - https:\/\/yoast.com\/wordpress\/plugins\/seo\/ -->\n<title>Lapidarium na Wawelu. Historia architektury oraz rekonstrukcje 3D - Godno\u015b\u0107 - DignityNews.eu<\/title>\n<meta name=\"robots\" content=\"index, follow, max-snippet:-1, max-image-preview:large, max-video-preview:-1\" \/>\n<link rel=\"canonical\" href=\"https:\/\/dignitynews.eu\/pl\/lapidarium-na-wawelu-historia-architektury-oraz-rekonstrukcje-3d\/\" \/>\n<meta property=\"og:locale\" content=\"pl_PL\" \/>\n<meta property=\"og:type\" content=\"article\" \/>\n<meta property=\"og:title\" content=\"Lapidarium na Wawelu. Historia architektury oraz rekonstrukcje 3D - Godno\u015b\u0107 - DignityNews.eu\" \/>\n<meta property=\"og:description\" content=\"Na Zamku Kr\u00f3lewskim w Krakowie mo\u017cna ogl\u0105da\u0107 wystaw\u0119 &#8222;Wawel podziemny. Lapidarium&#8221;. Nowa trasa sta\u0142a pod wschodnim skrzyd\u0142em Zamku Kr\u00f3lewskiego to z\u0142o\u017cony i innowacyjny projekt wystawienniczy, archeologiczny i architektoniczno-budowlany, kt\u00f3ry zyska&hellip;\" \/>\n<meta property=\"og:url\" content=\"https:\/\/dignitynews.eu\/pl\/lapidarium-na-wawelu-historia-architektury-oraz-rekonstrukcje-3d\/\" \/>\n<meta property=\"og:site_name\" content=\"Godno\u015b\u0107 - DignityNews.eu\" \/>\n<meta property=\"article:published_time\" content=\"2024-02-26T11:45:41+00:00\" \/>\n<meta property=\"og:image\" content=\"https:\/\/dignitynews.eu\/wp-content\/uploads\/2024\/02\/lapidarium-fot.-Muzeum-Zamek-Krolewski-na-Wawelu.jpg\" \/>\n\t<meta property=\"og:image:width\" content=\"1014\" \/>\n\t<meta property=\"og:image:height\" content=\"530\" \/>\n\t<meta property=\"og:image:type\" content=\"image\/jpeg\" \/>\n<meta name=\"author\" content=\"Dignity News\" \/>\n<meta name=\"twitter:card\" content=\"summary_large_image\" \/>\n<meta name=\"twitter:label1\" content=\"Napisane przez\" \/>\n\t<meta name=\"twitter:data1\" content=\"Dignity News\" \/>\n\t<meta name=\"twitter:label2\" content=\"Szacowany czas czytania\" \/>\n\t<meta name=\"twitter:data2\" content=\"1 minuta\" \/>\n<script type=\"application\/ld+json\" class=\"yoast-schema-graph\">{\"@context\":\"https:\/\/schema.org\",\"@graph\":[{\"@type\":\"WebSite\",\"@id\":\"https:\/\/dignitynews.eu\/pl\/#website\",\"url\":\"https:\/\/dignitynews.eu\/pl\/\",\"name\":\"Godno\u015b\u0107 - DignityNews.eu\",\"description\":\"\",\"potentialAction\":[{\"@type\":\"SearchAction\",\"target\":{\"@type\":\"EntryPoint\",\"urlTemplate\":\"https:\/\/dignitynews.eu\/pl\/?s={search_term_string}\"},\"query-input\":\"required name=search_term_string\"}],\"inLanguage\":\"pl-PL\"},{\"@type\":\"WebPage\",\"@id\":\"https:\/\/dignitynews.eu\/pl\/lapidarium-na-wawelu-historia-architektury-oraz-rekonstrukcje-3d\/\",\"url\":\"https:\/\/dignitynews.eu\/pl\/lapidarium-na-wawelu-historia-architektury-oraz-rekonstrukcje-3d\/\",\"name\":\"Lapidarium na Wawelu. Historia architektury oraz rekonstrukcje 3D - Godno\u015b\u0107 - DignityNews.eu\",\"isPartOf\":{\"@id\":\"https:\/\/dignitynews.eu\/pl\/#website\"},\"datePublished\":\"2024-02-26T11:45:41+00:00\",\"dateModified\":\"2024-02-26T11:45:41+00:00\",\"author\":{\"@id\":\"https:\/\/dignitynews.eu\/pl\/#\/schema\/person\/0b62b762b8174802fabc81a3ecb1bfcb\"},\"breadcrumb\":{\"@id\":\"https:\/\/dignitynews.eu\/pl\/lapidarium-na-wawelu-historia-architektury-oraz-rekonstrukcje-3d\/#breadcrumb\"},\"inLanguage\":\"pl-PL\",\"potentialAction\":[{\"@type\":\"ReadAction\",\"target\":[\"https:\/\/dignitynews.eu\/pl\/lapidarium-na-wawelu-historia-architektury-oraz-rekonstrukcje-3d\/\"]}]},{\"@type\":\"BreadcrumbList\",\"@id\":\"https:\/\/dignitynews.eu\/pl\/lapidarium-na-wawelu-historia-architektury-oraz-rekonstrukcje-3d\/#breadcrumb\",\"itemListElement\":[{\"@type\":\"ListItem\",\"position\":1,\"name\":\"Strona g\u0142\u00f3wna\",\"item\":\"https:\/\/dignitynews.eu\/pl\/\"},{\"@type\":\"ListItem\",\"position\":2,\"name\":\"Lapidarium na Wawelu. Historia architektury oraz rekonstrukcje 3D\"}]},{\"@type\":\"Person\",\"@id\":\"https:\/\/dignitynews.eu\/pl\/#\/schema\/person\/0b62b762b8174802fabc81a3ecb1bfcb\",\"name\":\"Dignity News\",\"image\":{\"@type\":\"ImageObject\",\"inLanguage\":\"pl-PL\",\"@id\":\"https:\/\/dignitynews.eu\/pl\/#\/schema\/person\/image\/\",\"url\":\"https:\/\/secure.gravatar.com\/avatar\/97963171a6d9108f8381bbefb1c6b150c445b6ddd9e3077b96c86cf5892c85dc?s=96&d=mm&r=g\",\"contentUrl\":\"https:\/\/secure.gravatar.com\/avatar\/97963171a6d9108f8381bbefb1c6b150c445b6ddd9e3077b96c86cf5892c85dc?s=96&d=mm&r=g\",\"caption\":\"Dignity News\"},\"url\":\"https:\/\/dignitynews.eu\/pl\/author\/mikolaj-palade\/\"}]}<\/script>\n<!-- \/ Yoast SEO plugin. -->","yoast_head_json":{"title":"Lapidarium na Wawelu. Historia architektury oraz rekonstrukcje 3D - Godno\u015b\u0107 - DignityNews.eu","robots":{"index":"index","follow":"follow","max-snippet":"max-snippet:-1","max-image-preview":"max-image-preview:large","max-video-preview":"max-video-preview:-1"},"canonical":"https:\/\/dignitynews.eu\/pl\/lapidarium-na-wawelu-historia-architektury-oraz-rekonstrukcje-3d\/","og_locale":"pl_PL","og_type":"article","og_title":"Lapidarium na Wawelu. Historia architektury oraz rekonstrukcje 3D - Godno\u015b\u0107 - DignityNews.eu","og_description":"Na Zamku Kr\u00f3lewskim w Krakowie mo\u017cna ogl\u0105da\u0107 wystaw\u0119 &#8222;Wawel podziemny. Lapidarium&#8221;. Nowa trasa sta\u0142a pod wschodnim skrzyd\u0142em Zamku Kr\u00f3lewskiego to z\u0142o\u017cony i innowacyjny projekt wystawienniczy, archeologiczny i architektoniczno-budowlany, kt\u00f3ry zyska&hellip;","og_url":"https:\/\/dignitynews.eu\/pl\/lapidarium-na-wawelu-historia-architektury-oraz-rekonstrukcje-3d\/","og_site_name":"Godno\u015b\u0107 - DignityNews.eu","article_published_time":"2024-02-26T11:45:41+00:00","og_image":[{"width":1014,"height":530,"url":"https:\/\/dignitynews.eu\/wp-content\/uploads\/2024\/02\/lapidarium-fot.-Muzeum-Zamek-Krolewski-na-Wawelu.jpg","type":"image\/jpeg"}],"author":"Dignity News","twitter_card":"summary_large_image","twitter_misc":{"Napisane przez":"Dignity News","Szacowany czas czytania":"1 minuta"},"schema":{"@context":"https:\/\/schema.org","@graph":[{"@type":"WebSite","@id":"https:\/\/dignitynews.eu\/pl\/#website","url":"https:\/\/dignitynews.eu\/pl\/","name":"Godno\u015b\u0107 - DignityNews.eu","description":"","potentialAction":[{"@type":"SearchAction","target":{"@type":"EntryPoint","urlTemplate":"https:\/\/dignitynews.eu\/pl\/?s={search_term_string}"},"query-input":"required name=search_term_string"}],"inLanguage":"pl-PL"},{"@type":"WebPage","@id":"https:\/\/dignitynews.eu\/pl\/lapidarium-na-wawelu-historia-architektury-oraz-rekonstrukcje-3d\/","url":"https:\/\/dignitynews.eu\/pl\/lapidarium-na-wawelu-historia-architektury-oraz-rekonstrukcje-3d\/","name":"Lapidarium na Wawelu. Historia architektury oraz rekonstrukcje 3D - Godno\u015b\u0107 - DignityNews.eu","isPartOf":{"@id":"https:\/\/dignitynews.eu\/pl\/#website"},"datePublished":"2024-02-26T11:45:41+00:00","dateModified":"2024-02-26T11:45:41+00:00","author":{"@id":"https:\/\/dignitynews.eu\/pl\/#\/schema\/person\/0b62b762b8174802fabc81a3ecb1bfcb"},"breadcrumb":{"@id":"https:\/\/dignitynews.eu\/pl\/lapidarium-na-wawelu-historia-architektury-oraz-rekonstrukcje-3d\/#breadcrumb"},"inLanguage":"pl-PL","potentialAction":[{"@type":"ReadAction","target":["https:\/\/dignitynews.eu\/pl\/lapidarium-na-wawelu-historia-architektury-oraz-rekonstrukcje-3d\/"]}]},{"@type":"BreadcrumbList","@id":"https:\/\/dignitynews.eu\/pl\/lapidarium-na-wawelu-historia-architektury-oraz-rekonstrukcje-3d\/#breadcrumb","itemListElement":[{"@type":"ListItem","position":1,"name":"Strona g\u0142\u00f3wna","item":"https:\/\/dignitynews.eu\/pl\/"},{"@type":"ListItem","position":2,"name":"Lapidarium na Wawelu. Historia architektury oraz rekonstrukcje 3D"}]},{"@type":"Person","@id":"https:\/\/dignitynews.eu\/pl\/#\/schema\/person\/0b62b762b8174802fabc81a3ecb1bfcb","name":"Dignity News","image":{"@type":"ImageObject","inLanguage":"pl-PL","@id":"https:\/\/dignitynews.eu\/pl\/#\/schema\/person\/image\/","url":"https:\/\/secure.gravatar.com\/avatar\/97963171a6d9108f8381bbefb1c6b150c445b6ddd9e3077b96c86cf5892c85dc?s=96&d=mm&r=g","contentUrl":"https:\/\/secure.gravatar.com\/avatar\/97963171a6d9108f8381bbefb1c6b150c445b6ddd9e3077b96c86cf5892c85dc?s=96&d=mm&r=g","caption":"Dignity News"},"url":"https:\/\/dignitynews.eu\/pl\/author\/mikolaj-palade\/"}]}},"_links":{"self":[{"href":"https:\/\/dignitynews.eu\/pl\/wp-json\/wp\/v2\/posts\/58105","targetHints":{"allow":["GET"]}}],"collection":[{"href":"https:\/\/dignitynews.eu\/pl\/wp-json\/wp\/v2\/posts"}],"about":[{"href":"https:\/\/dignitynews.eu\/pl\/wp-json\/wp\/v2\/types\/post"}],"author":[{"embeddable":true,"href":"https:\/\/dignitynews.eu\/pl\/wp-json\/wp\/v2\/users\/7"}],"replies":[{"embeddable":true,"href":"https:\/\/dignitynews.eu\/pl\/wp-json\/wp\/v2\/comments?post=58105"}],"version-history":[{"count":1,"href":"https:\/\/dignitynews.eu\/pl\/wp-json\/wp\/v2\/posts\/58105\/revisions"}],"predecessor-version":[{"id":58111,"href":"https:\/\/dignitynews.eu\/pl\/wp-json\/wp\/v2\/posts\/58105\/revisions\/58111"}],"wp:featuredmedia":[{"embeddable":true,"href":"https:\/\/dignitynews.eu\/pl\/wp-json\/wp\/v2\/media\/58106"}],"wp:attachment":[{"href":"https:\/\/dignitynews.eu\/pl\/wp-json\/wp\/v2\/media?parent=58105"}],"wp:term":[{"taxonomy":"category","embeddable":true,"href":"https:\/\/dignitynews.eu\/pl\/wp-json\/wp\/v2\/categories?post=58105"},{"taxonomy":"post_tag","embeddable":true,"href":"https:\/\/dignitynews.eu\/pl\/wp-json\/wp\/v2\/tags?post=58105"}],"curies":[{"name":"wp","href":"https:\/\/api.w.org\/{rel}","templated":true}]}}