{"id":57943,"date":"2024-02-21T10:52:07","date_gmt":"2024-02-21T09:52:07","guid":{"rendered":"https:\/\/dignitynews.eu\/?p=57943"},"modified":"2024-02-21T10:52:07","modified_gmt":"2024-02-21T09:52:07","slug":"doroczne-posiedzenie-polaczonych-komisji-zgromadzenia-parlamentarnego-nato","status":"publish","type":"post","link":"https:\/\/dignitynews.eu\/pl\/doroczne-posiedzenie-polaczonych-komisji-zgromadzenia-parlamentarnego-nato\/","title":{"rendered":"Doroczne posiedzenie po\u0142\u0105czonych komisji Zgromadzenia Parlamentarnego NATO"},"content":{"rendered":"<h5><strong>Agenda polityczna NATO w perspektywie lipcowego szczytu Sojuszu w Waszyngtonie, zwi\u0119kszenie wydatk\u00f3w na obron\u0119 i rozw\u00f3j przemys\u0142u obronnego w pa\u0144stwach cz\u0142onkowskich, wsparcie dla Ukrainy, sytuacja bezpiecze\u0144stwa i strategia NATO w rejonie Indo-Pacyfiku oraz Bliskiego Wschodu i Afryki P\u00f3\u0142nocnej \u2013 to g\u0142\u00f3wne tematy dorocznego posiedzenia po\u0142\u0105czonych komisji Zgromadzenia Parlamentarnego (ZP) NATO w Brukseli. Obrady poprowadzili przewodnicz\u0105cy ZP NATO polski pose\u0142 Micha\u0142 Szczerba oraz sekretarz generalny Sojuszu Jens Stoltenberg. <\/strong><\/h5>\n<p>Odbywaj\u0105ce si\u0119 w dniach 19-21 lutego w Kwaterze G\u0142\u00f3wnej NATO spotkanie Komisji Politycznej, Komisji Obrony i Bezpiecze\u0144stwa oraz Komisji Ekonomicznej i Bezpiecze\u0144stwa z udzia\u0142em prezydi\u00f3w Komisji Demokracji i Bezpiecze\u0144stwa oraz Komisji Nauki i Technologii ZP NATO stanowi okazj\u0119 do zademonstrowania, w przededniu drugiej rocznicy rosyjskiej agresji na Ukrain\u0119, solidarno\u015bci sojusznik\u00f3w we wsparciu zaatakowanego przez Rosj\u0119 kraju oraz wezwania agresora do natychmiastowego zako\u0144czenia wojny \u2013 poinformowano w komunikacie.<\/p>\n<p>W ramach wsp\u00f3lnego posiedzenia komisji ZP NATO w Brukseli mia\u0142o r\u00f3wnie\u017c miejsce spotkanie szef\u00f3w delegacji parlamentarnych pa\u0144stw cz\u0142onkowskich z Rad\u0105 P\u00f3\u0142nocnoatlantyck\u0105.<\/p>\n<p>Jednym z g\u0142\u00f3wnych temat\u00f3w spotkania z Rad\u0105 P\u00f3\u0142nocnoatlantyck\u0105 by\u0142y wydatki cz\u0142onk\u00f3w NATO na obronno\u015b\u0107, w kt\u00f3rych Polska jest liderem, jako \u017ce przeznacza na ten cel ok. 4 proc. PKB.<\/p>\n<p>Prosz\u0119 na\u015bladujcie Polsk\u0119 \u2013 tymi s\u0142owami przewodnicz\u0105cy ZP NATO otworzy\u0142 obrady w Kwaterze G\u0142\u00f3wnej Sojuszu. Pose\u0142 Micha\u0142 Szczerba apelowa\u0142 do cz\u0142onk\u00f3w NATO o zwi\u0119kszenie inwestycji w bezpiecze\u0144stwo i rozbudowywanie przemys\u0142\u00f3w obronnych.<\/p>\n<p>Powinno to r\u00f3wnie\u017c przynie\u015b\u0107 korzy\u015bci naszym gospodarkom \u2013 powiedzia\u0142 szef ZP NATO. \u2013 Musimy przygotowa\u0107 NATO dla nast\u0119pnych pokole\u0144. Musimy przygotowa\u0107 Sojusz, by by\u0142 silniejszy ni\u017c kiedykolwiek \u2013 przekonywa\u0142 Szczerba. Przewodnicz\u0105cy podkre\u015bli\u0142, \u017ce artyku\u0142 5 jest i pozostanie fundamentem naszego wsp\u00f3lnego bezpiecze\u0144stwa.<\/p>\n<p>Adrian Andrzejewski<\/p>\n","protected":false},"excerpt":{"rendered":"<p>Agenda polityczna NATO w perspektywie lipcowego szczytu Sojuszu w Waszyngtonie, zwi\u0119kszenie wydatk\u00f3w na obron\u0119 i rozw\u00f3j przemys\u0142u obronnego w pa\u0144stwach cz\u0142onkowskich, wsparcie dla Ukrainy, sytuacja bezpiecze\u0144stwa i strategia NATO w&hellip;<\/p>\n","protected":false},"author":7,"featured_media":57944,"comment_status":"closed","ping_status":"open","sticky":false,"template":"","format":"standard","meta":{"_mi_skip_tracking":false,"footnotes":""},"categories":[47],"tags":[],"class_list":["post-57943","post","type-post","status-publish","format-standard","has-post-thumbnail","hentry","category-wydarzenia"],"yoast_head":"<!-- This site is optimized with the Yoast SEO plugin v19.4 - https:\/\/yoast.com\/wordpress\/plugins\/seo\/ -->\n<title>Doroczne posiedzenie po\u0142\u0105czonych komisji Zgromadzenia Parlamentarnego NATO - Godno\u015b\u0107 - DignityNews.eu<\/title>\n<meta name=\"robots\" content=\"index, follow, max-snippet:-1, max-image-preview:large, max-video-preview:-1\" \/>\n<link rel=\"canonical\" href=\"https:\/\/dignitynews.eu\/pl\/doroczne-posiedzenie-polaczonych-komisji-zgromadzenia-parlamentarnego-nato\/\" \/>\n<meta property=\"og:locale\" content=\"pl_PL\" \/>\n<meta property=\"og:type\" content=\"article\" \/>\n<meta property=\"og:title\" content=\"Doroczne posiedzenie po\u0142\u0105czonych komisji Zgromadzenia Parlamentarnego NATO - Godno\u015b\u0107 - DignityNews.eu\" \/>\n<meta property=\"og:description\" content=\"Agenda polityczna NATO w perspektywie lipcowego szczytu Sojuszu w Waszyngtonie, zwi\u0119kszenie wydatk\u00f3w na obron\u0119 i rozw\u00f3j przemys\u0142u obronnego w pa\u0144stwach cz\u0142onkowskich, wsparcie dla Ukrainy, sytuacja bezpiecze\u0144stwa i strategia NATO w&hellip;\" \/>\n<meta property=\"og:url\" content=\"https:\/\/dignitynews.eu\/pl\/doroczne-posiedzenie-polaczonych-komisji-zgromadzenia-parlamentarnego-nato\/\" \/>\n<meta property=\"og:site_name\" content=\"Godno\u015b\u0107 - DignityNews.eu\" \/>\n<meta property=\"article:published_time\" content=\"2024-02-21T09:52:07+00:00\" \/>\n<meta property=\"og:image\" content=\"https:\/\/dignitynews.eu\/wp-content\/uploads\/2024\/02\/Doroczne-posiedzenie-polaczonych-komisji-Zgromadzenia-Parlamentarnego-NATO-fot.-NATO.jpg\" \/>\n\t<meta property=\"og:image:width\" content=\"1800\" \/>\n\t<meta property=\"og:image:height\" content=\"1201\" \/>\n\t<meta property=\"og:image:type\" content=\"image\/jpeg\" \/>\n<meta name=\"author\" content=\"Dignity News\" \/>\n<meta name=\"twitter:card\" content=\"summary_large_image\" \/>\n<meta name=\"twitter:label1\" content=\"Napisane przez\" \/>\n\t<meta name=\"twitter:data1\" content=\"Dignity News\" \/>\n\t<meta name=\"twitter:label2\" content=\"Szacowany czas czytania\" \/>\n\t<meta name=\"twitter:data2\" content=\"2 minuty\" \/>\n<script type=\"application\/ld+json\" class=\"yoast-schema-graph\">{\"@context\":\"https:\/\/schema.org\",\"@graph\":[{\"@type\":\"WebSite\",\"@id\":\"https:\/\/dignitynews.eu\/pl\/#website\",\"url\":\"https:\/\/dignitynews.eu\/pl\/\",\"name\":\"Godno\u015b\u0107 - DignityNews.eu\",\"description\":\"\",\"potentialAction\":[{\"@type\":\"SearchAction\",\"target\":{\"@type\":\"EntryPoint\",\"urlTemplate\":\"https:\/\/dignitynews.eu\/pl\/?s={search_term_string}\"},\"query-input\":\"required name=search_term_string\"}],\"inLanguage\":\"pl-PL\"},{\"@type\":\"WebPage\",\"@id\":\"https:\/\/dignitynews.eu\/pl\/doroczne-posiedzenie-polaczonych-komisji-zgromadzenia-parlamentarnego-nato\/\",\"url\":\"https:\/\/dignitynews.eu\/pl\/doroczne-posiedzenie-polaczonych-komisji-zgromadzenia-parlamentarnego-nato\/\",\"name\":\"Doroczne posiedzenie po\u0142\u0105czonych komisji Zgromadzenia Parlamentarnego NATO - Godno\u015b\u0107 - DignityNews.eu\",\"isPartOf\":{\"@id\":\"https:\/\/dignitynews.eu\/pl\/#website\"},\"datePublished\":\"2024-02-21T09:52:07+00:00\",\"dateModified\":\"2024-02-21T09:52:07+00:00\",\"author\":{\"@id\":\"https:\/\/dignitynews.eu\/pl\/#\/schema\/person\/0b62b762b8174802fabc81a3ecb1bfcb\"},\"breadcrumb\":{\"@id\":\"https:\/\/dignitynews.eu\/pl\/doroczne-posiedzenie-polaczonych-komisji-zgromadzenia-parlamentarnego-nato\/#breadcrumb\"},\"inLanguage\":\"pl-PL\",\"potentialAction\":[{\"@type\":\"ReadAction\",\"target\":[\"https:\/\/dignitynews.eu\/pl\/doroczne-posiedzenie-polaczonych-komisji-zgromadzenia-parlamentarnego-nato\/\"]}]},{\"@type\":\"BreadcrumbList\",\"@id\":\"https:\/\/dignitynews.eu\/pl\/doroczne-posiedzenie-polaczonych-komisji-zgromadzenia-parlamentarnego-nato\/#breadcrumb\",\"itemListElement\":[{\"@type\":\"ListItem\",\"position\":1,\"name\":\"Strona g\u0142\u00f3wna\",\"item\":\"https:\/\/dignitynews.eu\/pl\/\"},{\"@type\":\"ListItem\",\"position\":2,\"name\":\"Doroczne posiedzenie po\u0142\u0105czonych komisji Zgromadzenia Parlamentarnego NATO\"}]},{\"@type\":\"Person\",\"@id\":\"https:\/\/dignitynews.eu\/pl\/#\/schema\/person\/0b62b762b8174802fabc81a3ecb1bfcb\",\"name\":\"Dignity News\",\"image\":{\"@type\":\"ImageObject\",\"inLanguage\":\"pl-PL\",\"@id\":\"https:\/\/dignitynews.eu\/pl\/#\/schema\/person\/image\/\",\"url\":\"https:\/\/secure.gravatar.com\/avatar\/97963171a6d9108f8381bbefb1c6b150c445b6ddd9e3077b96c86cf5892c85dc?s=96&d=mm&r=g\",\"contentUrl\":\"https:\/\/secure.gravatar.com\/avatar\/97963171a6d9108f8381bbefb1c6b150c445b6ddd9e3077b96c86cf5892c85dc?s=96&d=mm&r=g\",\"caption\":\"Dignity News\"},\"url\":\"https:\/\/dignitynews.eu\/pl\/author\/mikolaj-palade\/\"}]}<\/script>\n<!-- \/ Yoast SEO plugin. -->","yoast_head_json":{"title":"Doroczne posiedzenie po\u0142\u0105czonych komisji Zgromadzenia Parlamentarnego NATO - Godno\u015b\u0107 - DignityNews.eu","robots":{"index":"index","follow":"follow","max-snippet":"max-snippet:-1","max-image-preview":"max-image-preview:large","max-video-preview":"max-video-preview:-1"},"canonical":"https:\/\/dignitynews.eu\/pl\/doroczne-posiedzenie-polaczonych-komisji-zgromadzenia-parlamentarnego-nato\/","og_locale":"pl_PL","og_type":"article","og_title":"Doroczne posiedzenie po\u0142\u0105czonych komisji Zgromadzenia Parlamentarnego NATO - Godno\u015b\u0107 - DignityNews.eu","og_description":"Agenda polityczna NATO w perspektywie lipcowego szczytu Sojuszu w Waszyngtonie, zwi\u0119kszenie wydatk\u00f3w na obron\u0119 i rozw\u00f3j przemys\u0142u obronnego w pa\u0144stwach cz\u0142onkowskich, wsparcie dla Ukrainy, sytuacja bezpiecze\u0144stwa i strategia NATO w&hellip;","og_url":"https:\/\/dignitynews.eu\/pl\/doroczne-posiedzenie-polaczonych-komisji-zgromadzenia-parlamentarnego-nato\/","og_site_name":"Godno\u015b\u0107 - DignityNews.eu","article_published_time":"2024-02-21T09:52:07+00:00","og_image":[{"width":1800,"height":1201,"url":"https:\/\/dignitynews.eu\/wp-content\/uploads\/2024\/02\/Doroczne-posiedzenie-polaczonych-komisji-Zgromadzenia-Parlamentarnego-NATO-fot.-NATO.jpg","type":"image\/jpeg"}],"author":"Dignity News","twitter_card":"summary_large_image","twitter_misc":{"Napisane przez":"Dignity News","Szacowany czas czytania":"2 minuty"},"schema":{"@context":"https:\/\/schema.org","@graph":[{"@type":"WebSite","@id":"https:\/\/dignitynews.eu\/pl\/#website","url":"https:\/\/dignitynews.eu\/pl\/","name":"Godno\u015b\u0107 - DignityNews.eu","description":"","potentialAction":[{"@type":"SearchAction","target":{"@type":"EntryPoint","urlTemplate":"https:\/\/dignitynews.eu\/pl\/?s={search_term_string}"},"query-input":"required name=search_term_string"}],"inLanguage":"pl-PL"},{"@type":"WebPage","@id":"https:\/\/dignitynews.eu\/pl\/doroczne-posiedzenie-polaczonych-komisji-zgromadzenia-parlamentarnego-nato\/","url":"https:\/\/dignitynews.eu\/pl\/doroczne-posiedzenie-polaczonych-komisji-zgromadzenia-parlamentarnego-nato\/","name":"Doroczne posiedzenie po\u0142\u0105czonych komisji Zgromadzenia Parlamentarnego NATO - Godno\u015b\u0107 - DignityNews.eu","isPartOf":{"@id":"https:\/\/dignitynews.eu\/pl\/#website"},"datePublished":"2024-02-21T09:52:07+00:00","dateModified":"2024-02-21T09:52:07+00:00","author":{"@id":"https:\/\/dignitynews.eu\/pl\/#\/schema\/person\/0b62b762b8174802fabc81a3ecb1bfcb"},"breadcrumb":{"@id":"https:\/\/dignitynews.eu\/pl\/doroczne-posiedzenie-polaczonych-komisji-zgromadzenia-parlamentarnego-nato\/#breadcrumb"},"inLanguage":"pl-PL","potentialAction":[{"@type":"ReadAction","target":["https:\/\/dignitynews.eu\/pl\/doroczne-posiedzenie-polaczonych-komisji-zgromadzenia-parlamentarnego-nato\/"]}]},{"@type":"BreadcrumbList","@id":"https:\/\/dignitynews.eu\/pl\/doroczne-posiedzenie-polaczonych-komisji-zgromadzenia-parlamentarnego-nato\/#breadcrumb","itemListElement":[{"@type":"ListItem","position":1,"name":"Strona g\u0142\u00f3wna","item":"https:\/\/dignitynews.eu\/pl\/"},{"@type":"ListItem","position":2,"name":"Doroczne posiedzenie po\u0142\u0105czonych komisji Zgromadzenia Parlamentarnego NATO"}]},{"@type":"Person","@id":"https:\/\/dignitynews.eu\/pl\/#\/schema\/person\/0b62b762b8174802fabc81a3ecb1bfcb","name":"Dignity News","image":{"@type":"ImageObject","inLanguage":"pl-PL","@id":"https:\/\/dignitynews.eu\/pl\/#\/schema\/person\/image\/","url":"https:\/\/secure.gravatar.com\/avatar\/97963171a6d9108f8381bbefb1c6b150c445b6ddd9e3077b96c86cf5892c85dc?s=96&d=mm&r=g","contentUrl":"https:\/\/secure.gravatar.com\/avatar\/97963171a6d9108f8381bbefb1c6b150c445b6ddd9e3077b96c86cf5892c85dc?s=96&d=mm&r=g","caption":"Dignity News"},"url":"https:\/\/dignitynews.eu\/pl\/author\/mikolaj-palade\/"}]}},"_links":{"self":[{"href":"https:\/\/dignitynews.eu\/pl\/wp-json\/wp\/v2\/posts\/57943","targetHints":{"allow":["GET"]}}],"collection":[{"href":"https:\/\/dignitynews.eu\/pl\/wp-json\/wp\/v2\/posts"}],"about":[{"href":"https:\/\/dignitynews.eu\/pl\/wp-json\/wp\/v2\/types\/post"}],"author":[{"embeddable":true,"href":"https:\/\/dignitynews.eu\/pl\/wp-json\/wp\/v2\/users\/7"}],"replies":[{"embeddable":true,"href":"https:\/\/dignitynews.eu\/pl\/wp-json\/wp\/v2\/comments?post=57943"}],"version-history":[{"count":1,"href":"https:\/\/dignitynews.eu\/pl\/wp-json\/wp\/v2\/posts\/57943\/revisions"}],"predecessor-version":[{"id":57949,"href":"https:\/\/dignitynews.eu\/pl\/wp-json\/wp\/v2\/posts\/57943\/revisions\/57949"}],"wp:featuredmedia":[{"embeddable":true,"href":"https:\/\/dignitynews.eu\/pl\/wp-json\/wp\/v2\/media\/57944"}],"wp:attachment":[{"href":"https:\/\/dignitynews.eu\/pl\/wp-json\/wp\/v2\/media?parent=57943"}],"wp:term":[{"taxonomy":"category","embeddable":true,"href":"https:\/\/dignitynews.eu\/pl\/wp-json\/wp\/v2\/categories?post=57943"},{"taxonomy":"post_tag","embeddable":true,"href":"https:\/\/dignitynews.eu\/pl\/wp-json\/wp\/v2\/tags?post=57943"}],"curies":[{"name":"wp","href":"https:\/\/api.w.org\/{rel}","templated":true}]}}