{"id":57502,"date":"2024-02-15T12:23:17","date_gmt":"2024-02-15T11:23:17","guid":{"rendered":"https:\/\/dignitynews.eu\/?p=57502"},"modified":"2024-02-15T12:23:17","modified_gmt":"2024-02-15T11:23:17","slug":"comarch-otrzymal-zezwolenie-na-wykorzystanie-pasma-4-4-1-ghz-w-sieciach-prywatnych-5g","status":"publish","type":"post","link":"https:\/\/dignitynews.eu\/pl\/comarch-otrzymal-zezwolenie-na-wykorzystanie-pasma-4-4-1-ghz-w-sieciach-prywatnych-5g\/","title":{"rendered":"Comarch otrzyma\u0142 zezwolenie na wykorzystanie pasma 4-4.1 GHz w sieciach prywatnych 5G"},"content":{"rendered":"<h5><strong>Comarch zosta\u0142 jedn\u0105 z\u00a0pierwszych firm w\u00a0Polsce, kt\u00f3re otrzyma\u0142y zezwolenie na\u00a0wykorzystanie dedykowanego pasma cz\u0119stotliwo\u015bci radiowych od\u00a04\u00a0do\u00a04,1\u00a0GHz na\u00a0potrzeby prywatnych sieci 5G. Firma uruchomi pe\u0142noprawn\u0105 sie\u0107 5G, w\u00a0celu udoskonalenia swoich produkt\u00f3w.<\/strong><\/h5>\n<p>Prezes Urz\u0119du Komunikacji Elektronicznej (UKE) udzieli\u0142 Comarch pozwolenia na\u00a0wykorzystanie dedykowanego zakresu cz\u0119stotliwo\u015bci radiowych przez prywatn\u0105 sie\u0107 5G na\u00a0okres jednego roku. Uzyskanie tej licencji pozwala firmie zbudowa\u0107 szybk\u0105 i\u00a0wydajn\u0105 sie\u0107 w\u00a05G LAB z\u00a0wykorzystaniem technologii muMIMO w\u00a0ramach bada\u0144 oraz test\u00f3w produkt\u00f3w \u2013 informuje sp\u00f3\u0142ka w komunikacie.<\/p>\n<p>Mo\u017cliwo\u015b\u0107 korzystania z\u00a0wy\u017cszych cz\u0119stotliwo\u015bci odblokowuje pe\u0142en potencja\u0142 sieci 5G, oferuj\u0105c lepsz\u0105 pr\u0119dko\u015b\u0107 transmisji, mniejsze op\u00f3\u017anienia i\u00a0zwi\u0119kszon\u0105 niezawodno\u015b\u0107 sieci. W\u00a0praktyce oznacza to, \u017ce\u00a0rozwi\u0105zania Comarch b\u0119d\u0105 opracowywane, testowane i\u00a0demonstrowane w\u00a0rzeczywistym, w\u00a0pe\u0142ni operacyjnym \u015brodowisku sieci 5G. Prze\u0142o\u017cy si\u0119 to\u00a0na\u00a0zwi\u0119kszon\u0105 zdolno\u015b\u0107 adaptacji produkt\u00f3w do\u00a0wymog\u00f3w operacyjnych takich \u015brodowisk.<\/p>\n<p>Comarch 5G LAB b\u0119dzie m\u00f3g\u0142 symulowa\u0107 r\u00f3\u017cne z\u0142o\u017cone warunki dzia\u0142ania sieci, takie jak zmiana parametr\u00f3w us\u0142ug do\u00a0aktualnych potrzeb klient\u00f3w w\u00a0czasie rzeczywistym w\u00a0zale\u017cno\u015bci od\u00a0pod\u0142\u0105czonych do\u00a0sieci urz\u0105dze\u0144, a\u00a0tak\u017ce zapewnia\u0107 nieprzerwany monitoring sieci. Dodatkowo mo\u017cliwe stanie si\u0119 testowanie rozwi\u0105za\u0144 s\u0142u\u017c\u0105cych do\u00a0samozarz\u0105dzania oraz optymalizacji sieci wspomaganych przez sztuczn\u0105 inteligencj\u0119 (MIRA) pod k\u0105tem obs\u0142ugi infrastruktury operuj\u0105cej na\u00a0wy\u017cszych cz\u0119stotliwo\u015bciach fal radiowych.<\/p>\n<p>Pocz\u0105tkowo wy\u017csze cz\u0119stotliwo\u015bci wykorzystywa\u0107 b\u0119dziemy do\u00a0przeprowadzenia szeroko zakrojonych test\u00f3w naszych rozwi\u0105za\u0144 przeznaczonych do\u00a0zarz\u0105dzania i\u00a0monitorowania sieci z\u00a0wykorzystaniem 5G LAB. Kolejnym wa\u017cnym krokiem b\u0119dzie zapewnienie mo\u017cliwo\u015bci prezentacji naszych rozwi\u0105za\u0144 i\u00a0us\u0142ug na\u00a0\u017c\u0105danie w\u00a0pe\u0142ni funkcjonalnej sieci 5G zlokalizowanej na\u00a0kampusie Comarch w\u00a0Krakowie \u2013 powiedzia\u0142 Micha\u0142 M\u0119drala, dyrektor dzia\u0142u zarz\u0105dzania produktem oraz konsultingu OSS w\u00a0Comarch.<\/p>\n<p>Adrian Andrzejewski<\/p>\n","protected":false},"excerpt":{"rendered":"<p>Comarch zosta\u0142 jedn\u0105 z\u00a0pierwszych firm w\u00a0Polsce, kt\u00f3re otrzyma\u0142y zezwolenie na\u00a0wykorzystanie dedykowanego pasma cz\u0119stotliwo\u015bci radiowych od\u00a04\u00a0do\u00a04,1\u00a0GHz na\u00a0potrzeby prywatnych sieci 5G. Firma uruchomi pe\u0142noprawn\u0105 sie\u0107 5G, w\u00a0celu udoskonalenia swoich produkt\u00f3w. Prezes Urz\u0119du&hellip;<\/p>\n","protected":false},"author":7,"featured_media":57503,"comment_status":"closed","ping_status":"open","sticky":false,"template":"","format":"standard","meta":{"_mi_skip_tracking":false,"footnotes":""},"categories":[48],"tags":[],"class_list":["post-57502","post","type-post","status-publish","format-standard","has-post-thumbnail","hentry","category-gospodarka"],"yoast_head":"<!-- This site is optimized with the Yoast SEO plugin v19.4 - https:\/\/yoast.com\/wordpress\/plugins\/seo\/ -->\n<title>Comarch otrzyma\u0142 zezwolenie na wykorzystanie pasma 4-4.1 GHz w sieciach prywatnych 5G - Godno\u015b\u0107 - DignityNews.eu<\/title>\n<meta name=\"robots\" content=\"index, follow, max-snippet:-1, max-image-preview:large, max-video-preview:-1\" \/>\n<link rel=\"canonical\" href=\"https:\/\/dignitynews.eu\/pl\/comarch-otrzymal-zezwolenie-na-wykorzystanie-pasma-4-4-1-ghz-w-sieciach-prywatnych-5g\/\" \/>\n<meta property=\"og:locale\" content=\"pl_PL\" \/>\n<meta property=\"og:type\" content=\"article\" \/>\n<meta property=\"og:title\" content=\"Comarch otrzyma\u0142 zezwolenie na wykorzystanie pasma 4-4.1 GHz w sieciach prywatnych 5G - Godno\u015b\u0107 - DignityNews.eu\" \/>\n<meta property=\"og:description\" content=\"Comarch zosta\u0142 jedn\u0105 z\u00a0pierwszych firm w\u00a0Polsce, kt\u00f3re otrzyma\u0142y zezwolenie na\u00a0wykorzystanie dedykowanego pasma cz\u0119stotliwo\u015bci radiowych od\u00a04\u00a0do\u00a04,1\u00a0GHz na\u00a0potrzeby prywatnych sieci 5G. Firma uruchomi pe\u0142noprawn\u0105 sie\u0107 5G, w\u00a0celu udoskonalenia swoich produkt\u00f3w. Prezes Urz\u0119du&hellip;\" \/>\n<meta property=\"og:url\" content=\"https:\/\/dignitynews.eu\/pl\/comarch-otrzymal-zezwolenie-na-wykorzystanie-pasma-4-4-1-ghz-w-sieciach-prywatnych-5g\/\" \/>\n<meta property=\"og:site_name\" content=\"Godno\u015b\u0107 - DignityNews.eu\" \/>\n<meta property=\"article:published_time\" content=\"2024-02-15T11:23:17+00:00\" \/>\n<meta property=\"og:image\" content=\"https:\/\/dignitynews.eu\/wp-content\/uploads\/2024\/02\/Comarch-otrzymal-zezwolenie-na-wykorzystanie-pasma-4-4.1-GHz-w-sieciach-prywatnych-5G-fot.-JOSEP-LAGO-AFP-East-News.jpg\" \/>\n\t<meta property=\"og:image:width\" content=\"1500\" \/>\n\t<meta property=\"og:image:height\" content=\"998\" \/>\n\t<meta property=\"og:image:type\" content=\"image\/jpeg\" \/>\n<meta name=\"author\" content=\"Dignity News\" \/>\n<meta name=\"twitter:card\" content=\"summary_large_image\" \/>\n<meta name=\"twitter:label1\" content=\"Napisane przez\" \/>\n\t<meta name=\"twitter:data1\" content=\"Dignity News\" \/>\n\t<meta name=\"twitter:label2\" content=\"Szacowany czas czytania\" \/>\n\t<meta name=\"twitter:data2\" content=\"2 minuty\" \/>\n<script type=\"application\/ld+json\" class=\"yoast-schema-graph\">{\"@context\":\"https:\/\/schema.org\",\"@graph\":[{\"@type\":\"WebSite\",\"@id\":\"https:\/\/dignitynews.eu\/pl\/#website\",\"url\":\"https:\/\/dignitynews.eu\/pl\/\",\"name\":\"Godno\u015b\u0107 - DignityNews.eu\",\"description\":\"\",\"potentialAction\":[{\"@type\":\"SearchAction\",\"target\":{\"@type\":\"EntryPoint\",\"urlTemplate\":\"https:\/\/dignitynews.eu\/pl\/?s={search_term_string}\"},\"query-input\":\"required name=search_term_string\"}],\"inLanguage\":\"pl-PL\"},{\"@type\":\"WebPage\",\"@id\":\"https:\/\/dignitynews.eu\/pl\/comarch-otrzymal-zezwolenie-na-wykorzystanie-pasma-4-4-1-ghz-w-sieciach-prywatnych-5g\/\",\"url\":\"https:\/\/dignitynews.eu\/pl\/comarch-otrzymal-zezwolenie-na-wykorzystanie-pasma-4-4-1-ghz-w-sieciach-prywatnych-5g\/\",\"name\":\"Comarch otrzyma\u0142 zezwolenie na wykorzystanie pasma 4-4.1 GHz w sieciach prywatnych 5G - Godno\u015b\u0107 - DignityNews.eu\",\"isPartOf\":{\"@id\":\"https:\/\/dignitynews.eu\/pl\/#website\"},\"datePublished\":\"2024-02-15T11:23:17+00:00\",\"dateModified\":\"2024-02-15T11:23:17+00:00\",\"author\":{\"@id\":\"https:\/\/dignitynews.eu\/pl\/#\/schema\/person\/0b62b762b8174802fabc81a3ecb1bfcb\"},\"breadcrumb\":{\"@id\":\"https:\/\/dignitynews.eu\/pl\/comarch-otrzymal-zezwolenie-na-wykorzystanie-pasma-4-4-1-ghz-w-sieciach-prywatnych-5g\/#breadcrumb\"},\"inLanguage\":\"pl-PL\",\"potentialAction\":[{\"@type\":\"ReadAction\",\"target\":[\"https:\/\/dignitynews.eu\/pl\/comarch-otrzymal-zezwolenie-na-wykorzystanie-pasma-4-4-1-ghz-w-sieciach-prywatnych-5g\/\"]}]},{\"@type\":\"BreadcrumbList\",\"@id\":\"https:\/\/dignitynews.eu\/pl\/comarch-otrzymal-zezwolenie-na-wykorzystanie-pasma-4-4-1-ghz-w-sieciach-prywatnych-5g\/#breadcrumb\",\"itemListElement\":[{\"@type\":\"ListItem\",\"position\":1,\"name\":\"Strona g\u0142\u00f3wna\",\"item\":\"https:\/\/dignitynews.eu\/pl\/\"},{\"@type\":\"ListItem\",\"position\":2,\"name\":\"Comarch otrzyma\u0142 zezwolenie na wykorzystanie pasma 4-4.1 GHz w sieciach prywatnych 5G\"}]},{\"@type\":\"Person\",\"@id\":\"https:\/\/dignitynews.eu\/pl\/#\/schema\/person\/0b62b762b8174802fabc81a3ecb1bfcb\",\"name\":\"Dignity News\",\"image\":{\"@type\":\"ImageObject\",\"inLanguage\":\"pl-PL\",\"@id\":\"https:\/\/dignitynews.eu\/pl\/#\/schema\/person\/image\/\",\"url\":\"https:\/\/secure.gravatar.com\/avatar\/97963171a6d9108f8381bbefb1c6b150c445b6ddd9e3077b96c86cf5892c85dc?s=96&d=mm&r=g\",\"contentUrl\":\"https:\/\/secure.gravatar.com\/avatar\/97963171a6d9108f8381bbefb1c6b150c445b6ddd9e3077b96c86cf5892c85dc?s=96&d=mm&r=g\",\"caption\":\"Dignity News\"},\"url\":\"https:\/\/dignitynews.eu\/pl\/author\/mikolaj-palade\/\"}]}<\/script>\n<!-- \/ Yoast SEO plugin. -->","yoast_head_json":{"title":"Comarch otrzyma\u0142 zezwolenie na wykorzystanie pasma 4-4.1 GHz w sieciach prywatnych 5G - Godno\u015b\u0107 - DignityNews.eu","robots":{"index":"index","follow":"follow","max-snippet":"max-snippet:-1","max-image-preview":"max-image-preview:large","max-video-preview":"max-video-preview:-1"},"canonical":"https:\/\/dignitynews.eu\/pl\/comarch-otrzymal-zezwolenie-na-wykorzystanie-pasma-4-4-1-ghz-w-sieciach-prywatnych-5g\/","og_locale":"pl_PL","og_type":"article","og_title":"Comarch otrzyma\u0142 zezwolenie na wykorzystanie pasma 4-4.1 GHz w sieciach prywatnych 5G - Godno\u015b\u0107 - DignityNews.eu","og_description":"Comarch zosta\u0142 jedn\u0105 z\u00a0pierwszych firm w\u00a0Polsce, kt\u00f3re otrzyma\u0142y zezwolenie na\u00a0wykorzystanie dedykowanego pasma cz\u0119stotliwo\u015bci radiowych od\u00a04\u00a0do\u00a04,1\u00a0GHz na\u00a0potrzeby prywatnych sieci 5G. Firma uruchomi pe\u0142noprawn\u0105 sie\u0107 5G, w\u00a0celu udoskonalenia swoich produkt\u00f3w. Prezes Urz\u0119du&hellip;","og_url":"https:\/\/dignitynews.eu\/pl\/comarch-otrzymal-zezwolenie-na-wykorzystanie-pasma-4-4-1-ghz-w-sieciach-prywatnych-5g\/","og_site_name":"Godno\u015b\u0107 - DignityNews.eu","article_published_time":"2024-02-15T11:23:17+00:00","og_image":[{"width":1500,"height":998,"url":"https:\/\/dignitynews.eu\/wp-content\/uploads\/2024\/02\/Comarch-otrzymal-zezwolenie-na-wykorzystanie-pasma-4-4.1-GHz-w-sieciach-prywatnych-5G-fot.-JOSEP-LAGO-AFP-East-News.jpg","type":"image\/jpeg"}],"author":"Dignity News","twitter_card":"summary_large_image","twitter_misc":{"Napisane przez":"Dignity News","Szacowany czas czytania":"2 minuty"},"schema":{"@context":"https:\/\/schema.org","@graph":[{"@type":"WebSite","@id":"https:\/\/dignitynews.eu\/pl\/#website","url":"https:\/\/dignitynews.eu\/pl\/","name":"Godno\u015b\u0107 - DignityNews.eu","description":"","potentialAction":[{"@type":"SearchAction","target":{"@type":"EntryPoint","urlTemplate":"https:\/\/dignitynews.eu\/pl\/?s={search_term_string}"},"query-input":"required name=search_term_string"}],"inLanguage":"pl-PL"},{"@type":"WebPage","@id":"https:\/\/dignitynews.eu\/pl\/comarch-otrzymal-zezwolenie-na-wykorzystanie-pasma-4-4-1-ghz-w-sieciach-prywatnych-5g\/","url":"https:\/\/dignitynews.eu\/pl\/comarch-otrzymal-zezwolenie-na-wykorzystanie-pasma-4-4-1-ghz-w-sieciach-prywatnych-5g\/","name":"Comarch otrzyma\u0142 zezwolenie na wykorzystanie pasma 4-4.1 GHz w sieciach prywatnych 5G - Godno\u015b\u0107 - DignityNews.eu","isPartOf":{"@id":"https:\/\/dignitynews.eu\/pl\/#website"},"datePublished":"2024-02-15T11:23:17+00:00","dateModified":"2024-02-15T11:23:17+00:00","author":{"@id":"https:\/\/dignitynews.eu\/pl\/#\/schema\/person\/0b62b762b8174802fabc81a3ecb1bfcb"},"breadcrumb":{"@id":"https:\/\/dignitynews.eu\/pl\/comarch-otrzymal-zezwolenie-na-wykorzystanie-pasma-4-4-1-ghz-w-sieciach-prywatnych-5g\/#breadcrumb"},"inLanguage":"pl-PL","potentialAction":[{"@type":"ReadAction","target":["https:\/\/dignitynews.eu\/pl\/comarch-otrzymal-zezwolenie-na-wykorzystanie-pasma-4-4-1-ghz-w-sieciach-prywatnych-5g\/"]}]},{"@type":"BreadcrumbList","@id":"https:\/\/dignitynews.eu\/pl\/comarch-otrzymal-zezwolenie-na-wykorzystanie-pasma-4-4-1-ghz-w-sieciach-prywatnych-5g\/#breadcrumb","itemListElement":[{"@type":"ListItem","position":1,"name":"Strona g\u0142\u00f3wna","item":"https:\/\/dignitynews.eu\/pl\/"},{"@type":"ListItem","position":2,"name":"Comarch otrzyma\u0142 zezwolenie na wykorzystanie pasma 4-4.1 GHz w sieciach prywatnych 5G"}]},{"@type":"Person","@id":"https:\/\/dignitynews.eu\/pl\/#\/schema\/person\/0b62b762b8174802fabc81a3ecb1bfcb","name":"Dignity News","image":{"@type":"ImageObject","inLanguage":"pl-PL","@id":"https:\/\/dignitynews.eu\/pl\/#\/schema\/person\/image\/","url":"https:\/\/secure.gravatar.com\/avatar\/97963171a6d9108f8381bbefb1c6b150c445b6ddd9e3077b96c86cf5892c85dc?s=96&d=mm&r=g","contentUrl":"https:\/\/secure.gravatar.com\/avatar\/97963171a6d9108f8381bbefb1c6b150c445b6ddd9e3077b96c86cf5892c85dc?s=96&d=mm&r=g","caption":"Dignity News"},"url":"https:\/\/dignitynews.eu\/pl\/author\/mikolaj-palade\/"}]}},"_links":{"self":[{"href":"https:\/\/dignitynews.eu\/pl\/wp-json\/wp\/v2\/posts\/57502","targetHints":{"allow":["GET"]}}],"collection":[{"href":"https:\/\/dignitynews.eu\/pl\/wp-json\/wp\/v2\/posts"}],"about":[{"href":"https:\/\/dignitynews.eu\/pl\/wp-json\/wp\/v2\/types\/post"}],"author":[{"embeddable":true,"href":"https:\/\/dignitynews.eu\/pl\/wp-json\/wp\/v2\/users\/7"}],"replies":[{"embeddable":true,"href":"https:\/\/dignitynews.eu\/pl\/wp-json\/wp\/v2\/comments?post=57502"}],"version-history":[{"count":1,"href":"https:\/\/dignitynews.eu\/pl\/wp-json\/wp\/v2\/posts\/57502\/revisions"}],"predecessor-version":[{"id":57508,"href":"https:\/\/dignitynews.eu\/pl\/wp-json\/wp\/v2\/posts\/57502\/revisions\/57508"}],"wp:featuredmedia":[{"embeddable":true,"href":"https:\/\/dignitynews.eu\/pl\/wp-json\/wp\/v2\/media\/57503"}],"wp:attachment":[{"href":"https:\/\/dignitynews.eu\/pl\/wp-json\/wp\/v2\/media?parent=57502"}],"wp:term":[{"taxonomy":"category","embeddable":true,"href":"https:\/\/dignitynews.eu\/pl\/wp-json\/wp\/v2\/categories?post=57502"},{"taxonomy":"post_tag","embeddable":true,"href":"https:\/\/dignitynews.eu\/pl\/wp-json\/wp\/v2\/tags?post=57502"}],"curies":[{"name":"wp","href":"https:\/\/api.w.org\/{rel}","templated":true}]}}