{"id":57464,"date":"2024-02-14T11:19:28","date_gmt":"2024-02-14T10:19:28","guid":{"rendered":"https:\/\/dignitynews.eu\/?p=57464"},"modified":"2024-02-14T16:15:51","modified_gmt":"2024-02-14T15:15:51","slug":"restauratorzy-i-hotelarze-licza-na-wieksza-liczbe-gosci-spodziewaja-sie-odbicia-po-pandemii","status":"publish","type":"post","link":"https:\/\/dignitynews.eu\/pl\/restauratorzy-i-hotelarze-licza-na-wieksza-liczbe-gosci-spodziewaja-sie-odbicia-po-pandemii\/","title":{"rendered":"Restauratorzy i hotelarze licz\u0105 na wi\u0119ksz\u0105 liczb\u0119 go\u015bci. Spodziewaj\u0105 si\u0119 odbicia po pandemii"},"content":{"rendered":"<h5>Wzrost zam\u00f3wie\u0144 w swoich lokalach w najbli\u017cszych miesi\u0105cach roku przewiduje 20 proc. hoteli, restauracji i firm cateringowych (HoReCa) &#8211; wynika z badania EFL. Kwarta\u0142 wcze\u015bniej tylko 5 proc. przedsi\u0119biorc\u00f3w z optymizmem spogl\u0105da\u0142o w przysz\u0142o\u015b\u0107, a 34 proc. obawia\u0142o si\u0119 spadku zam\u00f3wie\u0144.<\/h5>\n<p>Co pi\u0105ty hotelarz lub restaurator spodziewa si\u0119 wi\u0119kszej liczby go\u015bci. A co dziesi\u0105ty planuje wi\u0119cej inwestowa\u0107 w sw\u00f3j biznes. Eksperci EFL zwracaj\u0105 uwag\u0119, \u017ce HoReCa po raz pierwszy od wybuchu pandemii odnotowa\u0142a wynik powy\u017cej 50 punkt\u00f3w poza sezonem wakacyjnym, co oznacza, \u017ce przedsi\u0119biorcy widz\u0105 wi\u0119ksze szanse na odbicie biznesu hotelowo \u2013 restauracyjnego w 2024 roku.<\/p>\n<p>Subindeks Barometru EFL dla sektora HoReCa na I kwarta\u0142 br. wyni\u00f3s\u0142 50,1 pkt, czyli o 4,8 pkt wi\u0119cej ni\u017c kwarta\u0142 wcze\u015bniej. Jak podkre\u015bla EFL, jest to najlepsze \u201eotwarcie\u201d roku od czterech lat.<\/p>\n<p>\u2013 Od wybuchu pandemii HoReCa odnotowywa\u0142a wynik powy\u017cej 50 punkt\u00f3w, czyli powy\u017cej progu ograniczonego rozwoju, tylko w \u201ekwartale wakacyjnym\u201d, licz\u0105c na wi\u0119cej go\u015bci i wi\u0119ksze zam\u00f3wienia. Tym razem ten pr\u00f3g zosta\u0142 przekroczony w pierwszym rocznym odczycie, co mo\u017ce by\u0107 dobrym prognostykiem na ca\u0142y rok. Liczna grupa hotelarzy i restaurator\u00f3w nie tylko liczy na wi\u0119ksze przychody, ale my\u015bli r\u00f3wnie\u017c o wi\u0119kszych nak\u0142adach inwestycyjnych. Takich prognoz ju\u017c dawno nie mieli\u015bmy. Optymistyczne opinie przedstawicieli sektora to w du\u017cej mierze pochodna o\u017cywienia w hotelach \u2013 powiedzia\u0142 prezes EFL Rados\u0142aw Wo\u017aniak, cytowany w komunikacie.<\/p>\n<p>20 proc. hoteli, restauracji i firm cateringowych prognozuje wzrost zam\u00f3wie\u0144. Ponad po\u0142owa nie spodziewa si\u0119 jednak wi\u0119kszych zmian w por\u00f3wnaniu do ostatnich miesi\u0119cy ubieg\u0142ego roku, a pesymistycznie na pierwsze miesi\u0105ce tego roku patrzy 25 proc. zapytanych.<\/p>\n<p>Barometr EFL jest syntetycznym wska\u017anikiem informuj\u0105cym o sk\u0142onno\u015bci firm z sektora ma\u0142ych i \u015brednich przedsi\u0119biorstw do wzrostu. EFL powsta\u0142 w 1991 roku, jako jedna z pierwszych firm leasingowych w Polsce. Od 2001 roku jest cz\u0119\u015bci\u0105 Grupy Cr\u00e9dit Agricole.<\/p>\n<p>Arkadiusz S\u0142omczy\u0144ski<\/p>\n","protected":false},"excerpt":{"rendered":"<p>Wzrost zam\u00f3wie\u0144 w swoich lokalach w najbli\u017cszych miesi\u0105cach roku przewiduje 20 proc. hoteli, restauracji i firm cateringowych (HoReCa) &#8211; wynika z badania EFL. Kwarta\u0142 wcze\u015bniej tylko 5 proc. przedsi\u0119biorc\u00f3w z&hellip;<\/p>\n","protected":false},"author":7,"featured_media":57486,"comment_status":"closed","ping_status":"open","sticky":false,"template":"","format":"standard","meta":{"_mi_skip_tracking":false,"footnotes":""},"categories":[47],"tags":[],"class_list":["post-57464","post","type-post","status-publish","format-standard","has-post-thumbnail","hentry","category-wydarzenia"],"yoast_head":"<!-- This site is optimized with the Yoast SEO plugin v19.4 - https:\/\/yoast.com\/wordpress\/plugins\/seo\/ -->\n<title>Restauratorzy i hotelarze licz\u0105 na wi\u0119ksz\u0105 liczb\u0119 go\u015bci. Spodziewaj\u0105 si\u0119 odbicia po pandemii - Godno\u015b\u0107 - DignityNews.eu<\/title>\n<meta name=\"robots\" content=\"index, follow, max-snippet:-1, max-image-preview:large, max-video-preview:-1\" \/>\n<link rel=\"canonical\" href=\"https:\/\/dignitynews.eu\/pl\/restauratorzy-i-hotelarze-licza-na-wieksza-liczbe-gosci-spodziewaja-sie-odbicia-po-pandemii\/\" \/>\n<meta property=\"og:locale\" content=\"pl_PL\" \/>\n<meta property=\"og:type\" content=\"article\" \/>\n<meta property=\"og:title\" content=\"Restauratorzy i hotelarze licz\u0105 na wi\u0119ksz\u0105 liczb\u0119 go\u015bci. Spodziewaj\u0105 si\u0119 odbicia po pandemii - Godno\u015b\u0107 - DignityNews.eu\" \/>\n<meta property=\"og:description\" content=\"Wzrost zam\u00f3wie\u0144 w swoich lokalach w najbli\u017cszych miesi\u0105cach roku przewiduje 20 proc. hoteli, restauracji i firm cateringowych (HoReCa) &#8211; wynika z badania EFL. Kwarta\u0142 wcze\u015bniej tylko 5 proc. przedsi\u0119biorc\u00f3w z&hellip;\" \/>\n<meta property=\"og:url\" content=\"https:\/\/dignitynews.eu\/pl\/restauratorzy-i-hotelarze-licza-na-wieksza-liczbe-gosci-spodziewaja-sie-odbicia-po-pandemii\/\" \/>\n<meta property=\"og:site_name\" content=\"Godno\u015b\u0107 - DignityNews.eu\" \/>\n<meta property=\"article:published_time\" content=\"2024-02-14T10:19:28+00:00\" \/>\n<meta property=\"article:modified_time\" content=\"2024-02-14T15:15:51+00:00\" \/>\n<meta property=\"og:image\" content=\"https:\/\/dignitynews.eu\/wp-content\/uploads\/2024\/02\/restauratorzy-i-hotelarze-fot.-WOJCIECH-STROZYK-REPORTER.jpg\" \/>\n\t<meta property=\"og:image:width\" content=\"1500\" \/>\n\t<meta property=\"og:image:height\" content=\"1000\" \/>\n\t<meta property=\"og:image:type\" content=\"image\/jpeg\" \/>\n<meta name=\"author\" content=\"Dignity News\" \/>\n<meta name=\"twitter:card\" content=\"summary_large_image\" \/>\n<meta name=\"twitter:label1\" content=\"Napisane przez\" \/>\n\t<meta name=\"twitter:data1\" content=\"Dignity News\" \/>\n\t<meta name=\"twitter:label2\" content=\"Szacowany czas czytania\" \/>\n\t<meta name=\"twitter:data2\" content=\"2 minuty\" \/>\n<script type=\"application\/ld+json\" class=\"yoast-schema-graph\">{\"@context\":\"https:\/\/schema.org\",\"@graph\":[{\"@type\":\"WebSite\",\"@id\":\"https:\/\/dignitynews.eu\/pl\/#website\",\"url\":\"https:\/\/dignitynews.eu\/pl\/\",\"name\":\"Godno\u015b\u0107 - DignityNews.eu\",\"description\":\"\",\"potentialAction\":[{\"@type\":\"SearchAction\",\"target\":{\"@type\":\"EntryPoint\",\"urlTemplate\":\"https:\/\/dignitynews.eu\/pl\/?s={search_term_string}\"},\"query-input\":\"required name=search_term_string\"}],\"inLanguage\":\"pl-PL\"},{\"@type\":\"WebPage\",\"@id\":\"https:\/\/dignitynews.eu\/pl\/restauratorzy-i-hotelarze-licza-na-wieksza-liczbe-gosci-spodziewaja-sie-odbicia-po-pandemii\/\",\"url\":\"https:\/\/dignitynews.eu\/pl\/restauratorzy-i-hotelarze-licza-na-wieksza-liczbe-gosci-spodziewaja-sie-odbicia-po-pandemii\/\",\"name\":\"Restauratorzy i hotelarze licz\u0105 na wi\u0119ksz\u0105 liczb\u0119 go\u015bci. Spodziewaj\u0105 si\u0119 odbicia po pandemii - Godno\u015b\u0107 - DignityNews.eu\",\"isPartOf\":{\"@id\":\"https:\/\/dignitynews.eu\/pl\/#website\"},\"datePublished\":\"2024-02-14T10:19:28+00:00\",\"dateModified\":\"2024-02-14T15:15:51+00:00\",\"author\":{\"@id\":\"https:\/\/dignitynews.eu\/pl\/#\/schema\/person\/0b62b762b8174802fabc81a3ecb1bfcb\"},\"breadcrumb\":{\"@id\":\"https:\/\/dignitynews.eu\/pl\/restauratorzy-i-hotelarze-licza-na-wieksza-liczbe-gosci-spodziewaja-sie-odbicia-po-pandemii\/#breadcrumb\"},\"inLanguage\":\"pl-PL\",\"potentialAction\":[{\"@type\":\"ReadAction\",\"target\":[\"https:\/\/dignitynews.eu\/pl\/restauratorzy-i-hotelarze-licza-na-wieksza-liczbe-gosci-spodziewaja-sie-odbicia-po-pandemii\/\"]}]},{\"@type\":\"BreadcrumbList\",\"@id\":\"https:\/\/dignitynews.eu\/pl\/restauratorzy-i-hotelarze-licza-na-wieksza-liczbe-gosci-spodziewaja-sie-odbicia-po-pandemii\/#breadcrumb\",\"itemListElement\":[{\"@type\":\"ListItem\",\"position\":1,\"name\":\"Strona g\u0142\u00f3wna\",\"item\":\"https:\/\/dignitynews.eu\/pl\/\"},{\"@type\":\"ListItem\",\"position\":2,\"name\":\"Restauratorzy i hotelarze licz\u0105 na wi\u0119ksz\u0105 liczb\u0119 go\u015bci. Spodziewaj\u0105 si\u0119 odbicia po pandemii\"}]},{\"@type\":\"Person\",\"@id\":\"https:\/\/dignitynews.eu\/pl\/#\/schema\/person\/0b62b762b8174802fabc81a3ecb1bfcb\",\"name\":\"Dignity News\",\"image\":{\"@type\":\"ImageObject\",\"inLanguage\":\"pl-PL\",\"@id\":\"https:\/\/dignitynews.eu\/pl\/#\/schema\/person\/image\/\",\"url\":\"https:\/\/secure.gravatar.com\/avatar\/97963171a6d9108f8381bbefb1c6b150c445b6ddd9e3077b96c86cf5892c85dc?s=96&d=mm&r=g\",\"contentUrl\":\"https:\/\/secure.gravatar.com\/avatar\/97963171a6d9108f8381bbefb1c6b150c445b6ddd9e3077b96c86cf5892c85dc?s=96&d=mm&r=g\",\"caption\":\"Dignity News\"},\"url\":\"https:\/\/dignitynews.eu\/pl\/author\/mikolaj-palade\/\"}]}<\/script>\n<!-- \/ Yoast SEO plugin. -->","yoast_head_json":{"title":"Restauratorzy i hotelarze licz\u0105 na wi\u0119ksz\u0105 liczb\u0119 go\u015bci. Spodziewaj\u0105 si\u0119 odbicia po pandemii - Godno\u015b\u0107 - DignityNews.eu","robots":{"index":"index","follow":"follow","max-snippet":"max-snippet:-1","max-image-preview":"max-image-preview:large","max-video-preview":"max-video-preview:-1"},"canonical":"https:\/\/dignitynews.eu\/pl\/restauratorzy-i-hotelarze-licza-na-wieksza-liczbe-gosci-spodziewaja-sie-odbicia-po-pandemii\/","og_locale":"pl_PL","og_type":"article","og_title":"Restauratorzy i hotelarze licz\u0105 na wi\u0119ksz\u0105 liczb\u0119 go\u015bci. Spodziewaj\u0105 si\u0119 odbicia po pandemii - Godno\u015b\u0107 - DignityNews.eu","og_description":"Wzrost zam\u00f3wie\u0144 w swoich lokalach w najbli\u017cszych miesi\u0105cach roku przewiduje 20 proc. hoteli, restauracji i firm cateringowych (HoReCa) &#8211; wynika z badania EFL. Kwarta\u0142 wcze\u015bniej tylko 5 proc. przedsi\u0119biorc\u00f3w z&hellip;","og_url":"https:\/\/dignitynews.eu\/pl\/restauratorzy-i-hotelarze-licza-na-wieksza-liczbe-gosci-spodziewaja-sie-odbicia-po-pandemii\/","og_site_name":"Godno\u015b\u0107 - DignityNews.eu","article_published_time":"2024-02-14T10:19:28+00:00","article_modified_time":"2024-02-14T15:15:51+00:00","og_image":[{"width":1500,"height":1000,"url":"https:\/\/dignitynews.eu\/wp-content\/uploads\/2024\/02\/restauratorzy-i-hotelarze-fot.-WOJCIECH-STROZYK-REPORTER.jpg","type":"image\/jpeg"}],"author":"Dignity News","twitter_card":"summary_large_image","twitter_misc":{"Napisane przez":"Dignity News","Szacowany czas czytania":"2 minuty"},"schema":{"@context":"https:\/\/schema.org","@graph":[{"@type":"WebSite","@id":"https:\/\/dignitynews.eu\/pl\/#website","url":"https:\/\/dignitynews.eu\/pl\/","name":"Godno\u015b\u0107 - DignityNews.eu","description":"","potentialAction":[{"@type":"SearchAction","target":{"@type":"EntryPoint","urlTemplate":"https:\/\/dignitynews.eu\/pl\/?s={search_term_string}"},"query-input":"required name=search_term_string"}],"inLanguage":"pl-PL"},{"@type":"WebPage","@id":"https:\/\/dignitynews.eu\/pl\/restauratorzy-i-hotelarze-licza-na-wieksza-liczbe-gosci-spodziewaja-sie-odbicia-po-pandemii\/","url":"https:\/\/dignitynews.eu\/pl\/restauratorzy-i-hotelarze-licza-na-wieksza-liczbe-gosci-spodziewaja-sie-odbicia-po-pandemii\/","name":"Restauratorzy i hotelarze licz\u0105 na wi\u0119ksz\u0105 liczb\u0119 go\u015bci. Spodziewaj\u0105 si\u0119 odbicia po pandemii - Godno\u015b\u0107 - DignityNews.eu","isPartOf":{"@id":"https:\/\/dignitynews.eu\/pl\/#website"},"datePublished":"2024-02-14T10:19:28+00:00","dateModified":"2024-02-14T15:15:51+00:00","author":{"@id":"https:\/\/dignitynews.eu\/pl\/#\/schema\/person\/0b62b762b8174802fabc81a3ecb1bfcb"},"breadcrumb":{"@id":"https:\/\/dignitynews.eu\/pl\/restauratorzy-i-hotelarze-licza-na-wieksza-liczbe-gosci-spodziewaja-sie-odbicia-po-pandemii\/#breadcrumb"},"inLanguage":"pl-PL","potentialAction":[{"@type":"ReadAction","target":["https:\/\/dignitynews.eu\/pl\/restauratorzy-i-hotelarze-licza-na-wieksza-liczbe-gosci-spodziewaja-sie-odbicia-po-pandemii\/"]}]},{"@type":"BreadcrumbList","@id":"https:\/\/dignitynews.eu\/pl\/restauratorzy-i-hotelarze-licza-na-wieksza-liczbe-gosci-spodziewaja-sie-odbicia-po-pandemii\/#breadcrumb","itemListElement":[{"@type":"ListItem","position":1,"name":"Strona g\u0142\u00f3wna","item":"https:\/\/dignitynews.eu\/pl\/"},{"@type":"ListItem","position":2,"name":"Restauratorzy i hotelarze licz\u0105 na wi\u0119ksz\u0105 liczb\u0119 go\u015bci. Spodziewaj\u0105 si\u0119 odbicia po pandemii"}]},{"@type":"Person","@id":"https:\/\/dignitynews.eu\/pl\/#\/schema\/person\/0b62b762b8174802fabc81a3ecb1bfcb","name":"Dignity News","image":{"@type":"ImageObject","inLanguage":"pl-PL","@id":"https:\/\/dignitynews.eu\/pl\/#\/schema\/person\/image\/","url":"https:\/\/secure.gravatar.com\/avatar\/97963171a6d9108f8381bbefb1c6b150c445b6ddd9e3077b96c86cf5892c85dc?s=96&d=mm&r=g","contentUrl":"https:\/\/secure.gravatar.com\/avatar\/97963171a6d9108f8381bbefb1c6b150c445b6ddd9e3077b96c86cf5892c85dc?s=96&d=mm&r=g","caption":"Dignity News"},"url":"https:\/\/dignitynews.eu\/pl\/author\/mikolaj-palade\/"}]}},"_links":{"self":[{"href":"https:\/\/dignitynews.eu\/pl\/wp-json\/wp\/v2\/posts\/57464","targetHints":{"allow":["GET"]}}],"collection":[{"href":"https:\/\/dignitynews.eu\/pl\/wp-json\/wp\/v2\/posts"}],"about":[{"href":"https:\/\/dignitynews.eu\/pl\/wp-json\/wp\/v2\/types\/post"}],"author":[{"embeddable":true,"href":"https:\/\/dignitynews.eu\/pl\/wp-json\/wp\/v2\/users\/7"}],"replies":[{"embeddable":true,"href":"https:\/\/dignitynews.eu\/pl\/wp-json\/wp\/v2\/comments?post=57464"}],"version-history":[{"count":1,"href":"https:\/\/dignitynews.eu\/pl\/wp-json\/wp\/v2\/posts\/57464\/revisions"}],"predecessor-version":[{"id":57500,"href":"https:\/\/dignitynews.eu\/pl\/wp-json\/wp\/v2\/posts\/57464\/revisions\/57500"}],"wp:featuredmedia":[{"embeddable":true,"href":"https:\/\/dignitynews.eu\/pl\/wp-json\/wp\/v2\/media\/57486"}],"wp:attachment":[{"href":"https:\/\/dignitynews.eu\/pl\/wp-json\/wp\/v2\/media?parent=57464"}],"wp:term":[{"taxonomy":"category","embeddable":true,"href":"https:\/\/dignitynews.eu\/pl\/wp-json\/wp\/v2\/categories?post=57464"},{"taxonomy":"post_tag","embeddable":true,"href":"https:\/\/dignitynews.eu\/pl\/wp-json\/wp\/v2\/tags?post=57464"}],"curies":[{"name":"wp","href":"https:\/\/api.w.org\/{rel}","templated":true}]}}