{"id":5718,"date":"2022-01-31T12:15:35","date_gmt":"2022-01-31T11:15:35","guid":{"rendered":"https:\/\/dignitynews.eu\/?p=5718"},"modified":"2022-01-31T12:15:35","modified_gmt":"2022-01-31T11:15:35","slug":"polska-przygotowuje-sie-na-przyjecie-nawet-miliona-ukraincow-uciekajacych-przed-wojna","status":"publish","type":"post","link":"https:\/\/dignitynews.eu\/pl\/polska-przygotowuje-sie-na-przyjecie-nawet-miliona-ukraincow-uciekajacych-przed-wojna\/","title":{"rendered":"Polska przygotowuje si\u0119 na przyj\u0119cie nawet miliona Ukrai\u0144c\u00f3w uciekaj\u0105cych przed wojn\u0105"},"content":{"rendered":"<p>Polska przygotowuje si\u0119 na przyj\u0119cie nawet miliona Ukrai\u0144c\u00f3w uciekaj\u0105cych przed rosyjsk\u0105 agresj\u0105 militarn\u0105. &#8211; Je\u017celi dosz\u0142oby na Ukrainie do wojny, to musimy liczy\u0107 si\u0119 z nap\u0142ywem rzeczywistych uchod\u017ac\u00f3w. Ludzi, kt\u00f3rzy uciekaj\u0105 przed po\u017cog\u0105; ludzi, kt\u00f3rzy uciekaj\u0105 przed \u015bmierci\u0105, kt\u00f3rzy uciekaj\u0105 przed okrucie\u0144stwami wojny \u2013 m\u00f3wi\u0142 w TV Republika wiceszef Ministerstwa Spraw Wewn\u0119trznych i Administracji (MSWiA) Maciej W\u0105sik.<\/p>\n<p>Podkre\u015bli\u0142, \u017ce chodzi o przygotowanie przej\u015b\u0107, s\u0142u\u017cb medycznych, nocleg\u00f3w i wy\u017cywienia. &#8211; Ci ludzie zgodnie z Konwencj\u0105 Genewsk\u0105 b\u0119d\u0105 obj\u0119ci polsk\u0105 opiek\u0105 i my od tego absolutnie si\u0119 nie od\u017cegnujemy. Tam, gdzie rzeczywi\u015bcie s\u0105 uchod\u017acy, musimy im udzieli\u0107 pomocy, takie jest prawo mi\u0119dzynarodowe, ale takie s\u0105 r\u00f3wnie\u017c zasady wsp\u00f3\u0142\u017cycia ludzi cywilizowanych, zasady kultury europejskiej i chrze\u015bcija\u0144skiej. Od tego nie uciekniemy i przed tym si\u0119 nie bronimy \u2013 powiedzia\u0142 wiceszef MSWiA.<\/p>\n<p>Wiceminister doda\u0142, \u017ce Polska powinna by\u0107 przygotowana na najbardziej czarny scenariusz. &#8211; Od jakiego\u015b czasu Ministerstwo Spraw Wewn\u0119trznych i Administracji podejmuje dzia\u0142ania, kt\u00f3re maj\u0105 doprowadzi\u0107 do sytuacji, \u017ce b\u0119dziemy przygotowani na przyj\u015bcie tej fali rz\u0119du nawet miliona os\u00f3b, kt\u00f3ra przy tym najbardziej drastycznym elemencie mo\u017ce pojawi\u0107 si\u0119 na naszej wschodniej granicy \u2013 zaznaczy\u0142.<\/p>\n<p>W ocenie W\u0105sika nie powinni\u015bmy ulega\u0107 histerii i panice, m.in. dlatego, \u017ce Wladimirowi Putinowi zale\u017cy na dobrych relacjach z Chinami i z tego powodu rosyjski prezydent nie podejmie \u017cadnych zdecydowanych ruch\u00f3w, bo mog\u0142oby to postawi\u0107 stron\u0119 chi\u0144sk\u0105 przeciwko niemu.<\/p>\n<p>W pi\u0105tek zebra\u0142a si\u0119 Rada Bezpiecze\u0144stwa Narodowego, kt\u00f3ra om\u00f3wi\u0142a bie\u017c\u0105c\u0105 sytuacj\u0119 zwi\u0105zan\u0105 z gro\u017ab\u0105 inwazji rosyjskiej na Ukrain\u0119. Na wst\u0119pie posiedzenia prezydent Andrzej Duda powiedzia\u0142, \u017ce w tej chwili nie wyst\u0119puje bezpo\u015brednie, militarne zagro\u017cenie dla Polski. Doda\u0142 jednak, \u017ce takiej sytuacji jak obecnie nie by\u0142o od 1989 roku.<\/p>\n<p>Arkadiusz S\u0142omczy\u0144ski<\/p>\n<p>&nbsp;<\/p>\n","protected":false},"excerpt":{"rendered":"<p>Polska przygotowuje si\u0119 na przyj\u0119cie nawet miliona Ukrai\u0144c\u00f3w uciekaj\u0105cych przed rosyjsk\u0105 agresj\u0105 militarn\u0105. &#8211; Je\u017celi dosz\u0142oby na Ukrainie do wojny, to musimy liczy\u0107 si\u0119 z nap\u0142ywem rzeczywistych uchod\u017ac\u00f3w. Ludzi, kt\u00f3rzy&hellip;<\/p>\n","protected":false},"author":3,"featured_media":5704,"comment_status":"closed","ping_status":"open","sticky":false,"template":"","format":"standard","meta":{"_mi_skip_tracking":false,"footnotes":""},"categories":[47],"tags":[],"class_list":["post-5718","post","type-post","status-publish","format-standard","has-post-thumbnail","hentry","category-wydarzenia"],"yoast_head":"<!-- This site is optimized with the Yoast SEO plugin v19.4 - https:\/\/yoast.com\/wordpress\/plugins\/seo\/ -->\n<title>Polska przygotowuje si\u0119 na przyj\u0119cie nawet miliona Ukrai\u0144c\u00f3w uciekaj\u0105cych przed wojn\u0105 - Godno\u015b\u0107 - DignityNews.eu<\/title>\n<meta name=\"robots\" content=\"index, follow, max-snippet:-1, max-image-preview:large, max-video-preview:-1\" \/>\n<link rel=\"canonical\" href=\"https:\/\/dignitynews.eu\/pl\/polska-przygotowuje-sie-na-przyjecie-nawet-miliona-ukraincow-uciekajacych-przed-wojna\/\" \/>\n<meta property=\"og:locale\" content=\"pl_PL\" \/>\n<meta property=\"og:type\" content=\"article\" \/>\n<meta property=\"og:title\" content=\"Polska przygotowuje si\u0119 na przyj\u0119cie nawet miliona Ukrai\u0144c\u00f3w uciekaj\u0105cych przed wojn\u0105 - Godno\u015b\u0107 - DignityNews.eu\" \/>\n<meta property=\"og:description\" content=\"Polska przygotowuje si\u0119 na przyj\u0119cie nawet miliona Ukrai\u0144c\u00f3w uciekaj\u0105cych przed rosyjsk\u0105 agresj\u0105 militarn\u0105. &#8211; Je\u017celi dosz\u0142oby na Ukrainie do wojny, to musimy liczy\u0107 si\u0119 z nap\u0142ywem rzeczywistych uchod\u017ac\u00f3w. Ludzi, kt\u00f3rzy&hellip;\" \/>\n<meta property=\"og:url\" content=\"https:\/\/dignitynews.eu\/pl\/polska-przygotowuje-sie-na-przyjecie-nawet-miliona-ukraincow-uciekajacych-przed-wojna\/\" \/>\n<meta property=\"og:site_name\" content=\"Godno\u015b\u0107 - DignityNews.eu\" \/>\n<meta property=\"article:published_time\" content=\"2022-01-31T11:15:35+00:00\" \/>\n<meta property=\"og:image\" content=\"https:\/\/dignitynews.eu\/wp-content\/uploads\/2022\/01\/Ukrainscy-uchodzcy-min.-Wasik-Fot.-Jakub-Kaminski-East-News.jpg\" \/>\n\t<meta property=\"og:image:width\" content=\"1500\" \/>\n\t<meta property=\"og:image:height\" content=\"1110\" \/>\n\t<meta property=\"og:image:type\" content=\"image\/jpeg\" \/>\n<meta name=\"author\" content=\"DignityNews.eu\" \/>\n<meta name=\"twitter:card\" content=\"summary_large_image\" \/>\n<meta name=\"twitter:label1\" content=\"Napisane przez\" \/>\n\t<meta name=\"twitter:data1\" content=\"DignityNews.eu\" \/>\n\t<meta name=\"twitter:label2\" content=\"Szacowany czas czytania\" \/>\n\t<meta name=\"twitter:data2\" content=\"2 minuty\" \/>\n<script type=\"application\/ld+json\" class=\"yoast-schema-graph\">{\"@context\":\"https:\/\/schema.org\",\"@graph\":[{\"@type\":\"WebSite\",\"@id\":\"https:\/\/dignitynews.eu\/pl\/#website\",\"url\":\"https:\/\/dignitynews.eu\/pl\/\",\"name\":\"Godno\u015b\u0107 - DignityNews.eu\",\"description\":\"\",\"potentialAction\":[{\"@type\":\"SearchAction\",\"target\":{\"@type\":\"EntryPoint\",\"urlTemplate\":\"https:\/\/dignitynews.eu\/pl\/?s={search_term_string}\"},\"query-input\":\"required name=search_term_string\"}],\"inLanguage\":\"pl-PL\"},{\"@type\":\"WebPage\",\"@id\":\"https:\/\/dignitynews.eu\/pl\/polska-przygotowuje-sie-na-przyjecie-nawet-miliona-ukraincow-uciekajacych-przed-wojna\/\",\"url\":\"https:\/\/dignitynews.eu\/pl\/polska-przygotowuje-sie-na-przyjecie-nawet-miliona-ukraincow-uciekajacych-przed-wojna\/\",\"name\":\"Polska przygotowuje si\u0119 na przyj\u0119cie nawet miliona Ukrai\u0144c\u00f3w uciekaj\u0105cych przed wojn\u0105 - Godno\u015b\u0107 - DignityNews.eu\",\"isPartOf\":{\"@id\":\"https:\/\/dignitynews.eu\/pl\/#website\"},\"datePublished\":\"2022-01-31T11:15:35+00:00\",\"dateModified\":\"2022-01-31T11:15:35+00:00\",\"author\":{\"@id\":\"https:\/\/dignitynews.eu\/pl\/#\/schema\/person\/4d8f570a0fd5c310685d78d9e520982c\"},\"breadcrumb\":{\"@id\":\"https:\/\/dignitynews.eu\/pl\/polska-przygotowuje-sie-na-przyjecie-nawet-miliona-ukraincow-uciekajacych-przed-wojna\/#breadcrumb\"},\"inLanguage\":\"pl-PL\",\"potentialAction\":[{\"@type\":\"ReadAction\",\"target\":[\"https:\/\/dignitynews.eu\/pl\/polska-przygotowuje-sie-na-przyjecie-nawet-miliona-ukraincow-uciekajacych-przed-wojna\/\"]}]},{\"@type\":\"BreadcrumbList\",\"@id\":\"https:\/\/dignitynews.eu\/pl\/polska-przygotowuje-sie-na-przyjecie-nawet-miliona-ukraincow-uciekajacych-przed-wojna\/#breadcrumb\",\"itemListElement\":[{\"@type\":\"ListItem\",\"position\":1,\"name\":\"Strona g\u0142\u00f3wna\",\"item\":\"https:\/\/dignitynews.eu\/pl\/\"},{\"@type\":\"ListItem\",\"position\":2,\"name\":\"Polska przygotowuje si\u0119 na przyj\u0119cie nawet miliona Ukrai\u0144c\u00f3w uciekaj\u0105cych przed wojn\u0105\"}]},{\"@type\":\"Person\",\"@id\":\"https:\/\/dignitynews.eu\/pl\/#\/schema\/person\/4d8f570a0fd5c310685d78d9e520982c\",\"name\":\"DignityNews.eu\",\"image\":{\"@type\":\"ImageObject\",\"inLanguage\":\"pl-PL\",\"@id\":\"https:\/\/dignitynews.eu\/pl\/#\/schema\/person\/image\/\",\"url\":\"https:\/\/secure.gravatar.com\/avatar\/b9fb3aa3cd2d5d3a6d24e67a6b58bc2980bf0c7f7bd3657a6322b8df227da3d9?s=96&d=mm&r=g\",\"contentUrl\":\"https:\/\/secure.gravatar.com\/avatar\/b9fb3aa3cd2d5d3a6d24e67a6b58bc2980bf0c7f7bd3657a6322b8df227da3d9?s=96&d=mm&r=g\",\"caption\":\"DignityNews.eu\"},\"sameAs\":[\"aleksandra\"],\"url\":\"https:\/\/dignitynews.eu\/pl\/author\/aleksandra\/\"}]}<\/script>\n<!-- \/ Yoast SEO plugin. -->","yoast_head_json":{"title":"Polska przygotowuje si\u0119 na przyj\u0119cie nawet miliona Ukrai\u0144c\u00f3w uciekaj\u0105cych przed wojn\u0105 - Godno\u015b\u0107 - DignityNews.eu","robots":{"index":"index","follow":"follow","max-snippet":"max-snippet:-1","max-image-preview":"max-image-preview:large","max-video-preview":"max-video-preview:-1"},"canonical":"https:\/\/dignitynews.eu\/pl\/polska-przygotowuje-sie-na-przyjecie-nawet-miliona-ukraincow-uciekajacych-przed-wojna\/","og_locale":"pl_PL","og_type":"article","og_title":"Polska przygotowuje si\u0119 na przyj\u0119cie nawet miliona Ukrai\u0144c\u00f3w uciekaj\u0105cych przed wojn\u0105 - Godno\u015b\u0107 - DignityNews.eu","og_description":"Polska przygotowuje si\u0119 na przyj\u0119cie nawet miliona Ukrai\u0144c\u00f3w uciekaj\u0105cych przed rosyjsk\u0105 agresj\u0105 militarn\u0105. &#8211; Je\u017celi dosz\u0142oby na Ukrainie do wojny, to musimy liczy\u0107 si\u0119 z nap\u0142ywem rzeczywistych uchod\u017ac\u00f3w. Ludzi, kt\u00f3rzy&hellip;","og_url":"https:\/\/dignitynews.eu\/pl\/polska-przygotowuje-sie-na-przyjecie-nawet-miliona-ukraincow-uciekajacych-przed-wojna\/","og_site_name":"Godno\u015b\u0107 - DignityNews.eu","article_published_time":"2022-01-31T11:15:35+00:00","og_image":[{"width":1500,"height":1110,"url":"https:\/\/dignitynews.eu\/wp-content\/uploads\/2022\/01\/Ukrainscy-uchodzcy-min.-Wasik-Fot.-Jakub-Kaminski-East-News.jpg","type":"image\/jpeg"}],"author":"DignityNews.eu","twitter_card":"summary_large_image","twitter_misc":{"Napisane przez":"DignityNews.eu","Szacowany czas czytania":"2 minuty"},"schema":{"@context":"https:\/\/schema.org","@graph":[{"@type":"WebSite","@id":"https:\/\/dignitynews.eu\/pl\/#website","url":"https:\/\/dignitynews.eu\/pl\/","name":"Godno\u015b\u0107 - DignityNews.eu","description":"","potentialAction":[{"@type":"SearchAction","target":{"@type":"EntryPoint","urlTemplate":"https:\/\/dignitynews.eu\/pl\/?s={search_term_string}"},"query-input":"required name=search_term_string"}],"inLanguage":"pl-PL"},{"@type":"WebPage","@id":"https:\/\/dignitynews.eu\/pl\/polska-przygotowuje-sie-na-przyjecie-nawet-miliona-ukraincow-uciekajacych-przed-wojna\/","url":"https:\/\/dignitynews.eu\/pl\/polska-przygotowuje-sie-na-przyjecie-nawet-miliona-ukraincow-uciekajacych-przed-wojna\/","name":"Polska przygotowuje si\u0119 na przyj\u0119cie nawet miliona Ukrai\u0144c\u00f3w uciekaj\u0105cych przed wojn\u0105 - Godno\u015b\u0107 - DignityNews.eu","isPartOf":{"@id":"https:\/\/dignitynews.eu\/pl\/#website"},"datePublished":"2022-01-31T11:15:35+00:00","dateModified":"2022-01-31T11:15:35+00:00","author":{"@id":"https:\/\/dignitynews.eu\/pl\/#\/schema\/person\/4d8f570a0fd5c310685d78d9e520982c"},"breadcrumb":{"@id":"https:\/\/dignitynews.eu\/pl\/polska-przygotowuje-sie-na-przyjecie-nawet-miliona-ukraincow-uciekajacych-przed-wojna\/#breadcrumb"},"inLanguage":"pl-PL","potentialAction":[{"@type":"ReadAction","target":["https:\/\/dignitynews.eu\/pl\/polska-przygotowuje-sie-na-przyjecie-nawet-miliona-ukraincow-uciekajacych-przed-wojna\/"]}]},{"@type":"BreadcrumbList","@id":"https:\/\/dignitynews.eu\/pl\/polska-przygotowuje-sie-na-przyjecie-nawet-miliona-ukraincow-uciekajacych-przed-wojna\/#breadcrumb","itemListElement":[{"@type":"ListItem","position":1,"name":"Strona g\u0142\u00f3wna","item":"https:\/\/dignitynews.eu\/pl\/"},{"@type":"ListItem","position":2,"name":"Polska przygotowuje si\u0119 na przyj\u0119cie nawet miliona Ukrai\u0144c\u00f3w uciekaj\u0105cych przed wojn\u0105"}]},{"@type":"Person","@id":"https:\/\/dignitynews.eu\/pl\/#\/schema\/person\/4d8f570a0fd5c310685d78d9e520982c","name":"DignityNews.eu","image":{"@type":"ImageObject","inLanguage":"pl-PL","@id":"https:\/\/dignitynews.eu\/pl\/#\/schema\/person\/image\/","url":"https:\/\/secure.gravatar.com\/avatar\/b9fb3aa3cd2d5d3a6d24e67a6b58bc2980bf0c7f7bd3657a6322b8df227da3d9?s=96&d=mm&r=g","contentUrl":"https:\/\/secure.gravatar.com\/avatar\/b9fb3aa3cd2d5d3a6d24e67a6b58bc2980bf0c7f7bd3657a6322b8df227da3d9?s=96&d=mm&r=g","caption":"DignityNews.eu"},"sameAs":["aleksandra"],"url":"https:\/\/dignitynews.eu\/pl\/author\/aleksandra\/"}]}},"_links":{"self":[{"href":"https:\/\/dignitynews.eu\/pl\/wp-json\/wp\/v2\/posts\/5718","targetHints":{"allow":["GET"]}}],"collection":[{"href":"https:\/\/dignitynews.eu\/pl\/wp-json\/wp\/v2\/posts"}],"about":[{"href":"https:\/\/dignitynews.eu\/pl\/wp-json\/wp\/v2\/types\/post"}],"author":[{"embeddable":true,"href":"https:\/\/dignitynews.eu\/pl\/wp-json\/wp\/v2\/users\/3"}],"replies":[{"embeddable":true,"href":"https:\/\/dignitynews.eu\/pl\/wp-json\/wp\/v2\/comments?post=5718"}],"version-history":[{"count":2,"href":"https:\/\/dignitynews.eu\/pl\/wp-json\/wp\/v2\/posts\/5718\/revisions"}],"predecessor-version":[{"id":5720,"href":"https:\/\/dignitynews.eu\/pl\/wp-json\/wp\/v2\/posts\/5718\/revisions\/5720"}],"wp:featuredmedia":[{"embeddable":true,"href":"https:\/\/dignitynews.eu\/pl\/wp-json\/wp\/v2\/media\/5704"}],"wp:attachment":[{"href":"https:\/\/dignitynews.eu\/pl\/wp-json\/wp\/v2\/media?parent=5718"}],"wp:term":[{"taxonomy":"category","embeddable":true,"href":"https:\/\/dignitynews.eu\/pl\/wp-json\/wp\/v2\/categories?post=5718"},{"taxonomy":"post_tag","embeddable":true,"href":"https:\/\/dignitynews.eu\/pl\/wp-json\/wp\/v2\/tags?post=5718"}],"curies":[{"name":"wp","href":"https:\/\/api.w.org\/{rel}","templated":true}]}}