{"id":56744,"date":"2024-02-06T13:15:31","date_gmt":"2024-02-06T12:15:31","guid":{"rendered":"https:\/\/dignitynews.eu\/?p=56744"},"modified":"2024-02-06T13:15:31","modified_gmt":"2024-02-06T12:15:31","slug":"zydowski-instytut-historyczny-bedzie-wspoltworzyl-nowa-wystawe-stala-muzeum-treblinka","status":"publish","type":"post","link":"https:\/\/dignitynews.eu\/pl\/zydowski-instytut-historyczny-bedzie-wspoltworzyl-nowa-wystawe-stala-muzeum-treblinka\/","title":{"rendered":"\u017bydowski Instytut Historyczny b\u0119dzie wsp\u00f3\u0142tworzy\u0142 now\u0105 wystaw\u0119 sta\u0142\u0105 Muzeum Treblinka"},"content":{"rendered":"<h5>\u017bydowski Instytut Historyczny (\u017bIH) b\u0119dzie wsp\u00f3\u0142tworzy\u0142 now\u0105 wystaw\u0119 sta\u0142\u0105 Muzeum Treblinka. Umow\u0119 o wsp\u00f3\u0142pracy w tworzeniu ekspozycji w nowym budynku dawnego niemieckiego nazistowskiego obozu zag\u0142ady i obozu pracy (1941-1944) podpisali dyrektorka \u017bIH Monika Krawczyk i dyrektor muzeum Edward Kop\u00f3wka.<\/h5>\n<p>W \u017bydowskim Instytucie Historycznym przechowywany jest zas\u00f3b, kt\u00f3ry zapocz\u0105tkowa\u0142a \u017bydowska Komisja Historyczna, zbieraj\u0105c i dokumentuj\u0105c zdarzenia zwi\u0105zane z okresem okupacji niemieckiej w czasie II wojny \u015bwiatowej, aby zbrodnie niemieckie zosta\u0142y udokumentowane zeznaniami i relacjami bezpo\u015brednich \u015bwiadk\u00f3w zag\u0142ady. \u017bIH jest te\u017c miejscem, w kt\u00f3rym przechowywane jest Archiwum Getta Warszawskiego.<\/p>\n<p>&#8211; Dzia\u0142alno\u015b\u0107 naszych naukowc\u00f3w gwarantuje najwy\u017cszy poziom historyczno\u015bci, adekwatno\u015bci, wykorzystania zbior\u00f3w. Ob\u00f3z zag\u0142ady w Treblince zosta\u0142 przez Niemc\u00f3w ca\u0142kowicie zniszczony, ale dzi\u0119ki relacjom grupy Oneg Szabat uda\u0142o si\u0119 pozyska\u0107 autentyczne dokumenty. Na uwag\u0119 zas\u0142uguje m.in. prezentowana w naszym gmachu na wystawie sta\u0142ej relacja Jakuba Krzepickiego, kt\u00f3ry uciek\u0142 z Treblinki, a tak\u017ce plan obozu zag\u0142ady w Treblince pochodz\u0105cy z 1942 roku opracowany z pami\u0119ci przez jednego z uciekinier\u00f3w \u2013 m\u00f3wi\u0142a po podpisaniu umowy Monika Krawczyk.<\/p>\n<p>Na czele zespo\u0142u przygotowuj\u0105cego now\u0105 wystaw\u0119 stanie prof. Andrzej \u017bbikowski, kt\u00f3ry w \u017bIH kieruje badaniami nad najnowszymi dziejami polskich \u017byd\u00f3w. Naukowiec zapowiedzia\u0142, \u017ce chce \u017ceby nowa wystawa by\u0142a jednocze\u015bnie tradycyjna i upami\u0119tnia\u0142a ludzi, a tak\u017ce na sw\u00f3j spos\u00f3b nowoczesna.<\/p>\n<p>\u2013 W Warszawie mamy kilka \u015brodowisk badaczy dziej\u00f3w \u017byd\u00f3w polskich, szczeg\u00f3lnie warszawskich. Moim marzeniem jest, \u017ceby ka\u017cde z tych \u015brodowisk mia\u0142o co\u015b do powiedzenia w tym zespole, pokaza\u0142o swoj\u0105 wizj\u0119, wskaza\u0142o na aspekty koniecznej wra\u017cliwo\u015bci i na oczekiwania spo\u0142eczne. Zdajemy sobie spraw\u0119, \u017ce min\u0119\u0142o ponad osiemdziesi\u0105t lat, w pami\u0119ci wsp\u00f3\u0142czesnych warszawiak\u00f3w inaczej to wygl\u0105da. Musimy zapyta\u0107, czego oni oczekuj\u0105 \u2013 powiedzia\u0142 prof. \u017bbikowski.<\/p>\n<p>Arkadiusz S\u0142omczy\u0144ski<\/p>\n","protected":false},"excerpt":{"rendered":"<p>\u017bydowski Instytut Historyczny (\u017bIH) b\u0119dzie wsp\u00f3\u0142tworzy\u0142 now\u0105 wystaw\u0119 sta\u0142\u0105 Muzeum Treblinka. Umow\u0119 o wsp\u00f3\u0142pracy w tworzeniu ekspozycji w nowym budynku dawnego niemieckiego nazistowskiego obozu zag\u0142ady i obozu pracy (1941-1944) podpisali&hellip;<\/p>\n","protected":false},"author":7,"featured_media":56745,"comment_status":"closed","ping_status":"open","sticky":false,"template":"","format":"standard","meta":{"_mi_skip_tracking":false,"footnotes":""},"categories":[50],"tags":[],"class_list":["post-56744","post","type-post","status-publish","format-standard","has-post-thumbnail","hentry","category-kultura"],"yoast_head":"<!-- This site is optimized with the Yoast SEO plugin v19.4 - https:\/\/yoast.com\/wordpress\/plugins\/seo\/ -->\n<title>\u017bydowski Instytut Historyczny b\u0119dzie wsp\u00f3\u0142tworzy\u0142 now\u0105 wystaw\u0119 sta\u0142\u0105 Muzeum Treblinka - Godno\u015b\u0107 - DignityNews.eu<\/title>\n<meta name=\"robots\" content=\"index, follow, max-snippet:-1, max-image-preview:large, max-video-preview:-1\" \/>\n<link rel=\"canonical\" href=\"https:\/\/dignitynews.eu\/pl\/zydowski-instytut-historyczny-bedzie-wspoltworzyl-nowa-wystawe-stala-muzeum-treblinka\/\" \/>\n<meta property=\"og:locale\" content=\"pl_PL\" \/>\n<meta property=\"og:type\" content=\"article\" \/>\n<meta property=\"og:title\" content=\"\u017bydowski Instytut Historyczny b\u0119dzie wsp\u00f3\u0142tworzy\u0142 now\u0105 wystaw\u0119 sta\u0142\u0105 Muzeum Treblinka - Godno\u015b\u0107 - DignityNews.eu\" \/>\n<meta property=\"og:description\" content=\"\u017bydowski Instytut Historyczny (\u017bIH) b\u0119dzie wsp\u00f3\u0142tworzy\u0142 now\u0105 wystaw\u0119 sta\u0142\u0105 Muzeum Treblinka. Umow\u0119 o wsp\u00f3\u0142pracy w tworzeniu ekspozycji w nowym budynku dawnego niemieckiego nazistowskiego obozu zag\u0142ady i obozu pracy (1941-1944) podpisali&hellip;\" \/>\n<meta property=\"og:url\" content=\"https:\/\/dignitynews.eu\/pl\/zydowski-instytut-historyczny-bedzie-wspoltworzyl-nowa-wystawe-stala-muzeum-treblinka\/\" \/>\n<meta property=\"og:site_name\" content=\"Godno\u015b\u0107 - DignityNews.eu\" \/>\n<meta property=\"article:published_time\" content=\"2024-02-06T12:15:31+00:00\" \/>\n<meta property=\"og:image\" content=\"https:\/\/dignitynews.eu\/wp-content\/uploads\/2024\/02\/zydowski-instytut-historyczny-bedzie-fot.-PRZEMYSLAW-WIERZCHOWSKI-REPORTER.jpg\" \/>\n\t<meta property=\"og:image:width\" content=\"1500\" \/>\n\t<meta property=\"og:image:height\" content=\"1000\" \/>\n\t<meta property=\"og:image:type\" content=\"image\/jpeg\" \/>\n<meta name=\"author\" content=\"Dignity News\" \/>\n<meta name=\"twitter:card\" content=\"summary_large_image\" \/>\n<meta name=\"twitter:label1\" content=\"Napisane przez\" \/>\n\t<meta name=\"twitter:data1\" content=\"Dignity News\" \/>\n\t<meta name=\"twitter:label2\" content=\"Szacowany czas czytania\" \/>\n\t<meta name=\"twitter:data2\" content=\"2 minuty\" \/>\n<script type=\"application\/ld+json\" class=\"yoast-schema-graph\">{\"@context\":\"https:\/\/schema.org\",\"@graph\":[{\"@type\":\"WebSite\",\"@id\":\"https:\/\/dignitynews.eu\/pl\/#website\",\"url\":\"https:\/\/dignitynews.eu\/pl\/\",\"name\":\"Godno\u015b\u0107 - DignityNews.eu\",\"description\":\"\",\"potentialAction\":[{\"@type\":\"SearchAction\",\"target\":{\"@type\":\"EntryPoint\",\"urlTemplate\":\"https:\/\/dignitynews.eu\/pl\/?s={search_term_string}\"},\"query-input\":\"required name=search_term_string\"}],\"inLanguage\":\"pl-PL\"},{\"@type\":\"WebPage\",\"@id\":\"https:\/\/dignitynews.eu\/pl\/zydowski-instytut-historyczny-bedzie-wspoltworzyl-nowa-wystawe-stala-muzeum-treblinka\/\",\"url\":\"https:\/\/dignitynews.eu\/pl\/zydowski-instytut-historyczny-bedzie-wspoltworzyl-nowa-wystawe-stala-muzeum-treblinka\/\",\"name\":\"\u017bydowski Instytut Historyczny b\u0119dzie wsp\u00f3\u0142tworzy\u0142 now\u0105 wystaw\u0119 sta\u0142\u0105 Muzeum Treblinka - Godno\u015b\u0107 - DignityNews.eu\",\"isPartOf\":{\"@id\":\"https:\/\/dignitynews.eu\/pl\/#website\"},\"datePublished\":\"2024-02-06T12:15:31+00:00\",\"dateModified\":\"2024-02-06T12:15:31+00:00\",\"author\":{\"@id\":\"https:\/\/dignitynews.eu\/pl\/#\/schema\/person\/0b62b762b8174802fabc81a3ecb1bfcb\"},\"breadcrumb\":{\"@id\":\"https:\/\/dignitynews.eu\/pl\/zydowski-instytut-historyczny-bedzie-wspoltworzyl-nowa-wystawe-stala-muzeum-treblinka\/#breadcrumb\"},\"inLanguage\":\"pl-PL\",\"potentialAction\":[{\"@type\":\"ReadAction\",\"target\":[\"https:\/\/dignitynews.eu\/pl\/zydowski-instytut-historyczny-bedzie-wspoltworzyl-nowa-wystawe-stala-muzeum-treblinka\/\"]}]},{\"@type\":\"BreadcrumbList\",\"@id\":\"https:\/\/dignitynews.eu\/pl\/zydowski-instytut-historyczny-bedzie-wspoltworzyl-nowa-wystawe-stala-muzeum-treblinka\/#breadcrumb\",\"itemListElement\":[{\"@type\":\"ListItem\",\"position\":1,\"name\":\"Strona g\u0142\u00f3wna\",\"item\":\"https:\/\/dignitynews.eu\/pl\/\"},{\"@type\":\"ListItem\",\"position\":2,\"name\":\"\u017bydowski Instytut Historyczny b\u0119dzie wsp\u00f3\u0142tworzy\u0142 now\u0105 wystaw\u0119 sta\u0142\u0105 Muzeum Treblinka\"}]},{\"@type\":\"Person\",\"@id\":\"https:\/\/dignitynews.eu\/pl\/#\/schema\/person\/0b62b762b8174802fabc81a3ecb1bfcb\",\"name\":\"Dignity News\",\"image\":{\"@type\":\"ImageObject\",\"inLanguage\":\"pl-PL\",\"@id\":\"https:\/\/dignitynews.eu\/pl\/#\/schema\/person\/image\/\",\"url\":\"https:\/\/secure.gravatar.com\/avatar\/97963171a6d9108f8381bbefb1c6b150c445b6ddd9e3077b96c86cf5892c85dc?s=96&d=mm&r=g\",\"contentUrl\":\"https:\/\/secure.gravatar.com\/avatar\/97963171a6d9108f8381bbefb1c6b150c445b6ddd9e3077b96c86cf5892c85dc?s=96&d=mm&r=g\",\"caption\":\"Dignity News\"},\"url\":\"https:\/\/dignitynews.eu\/pl\/author\/mikolaj-palade\/\"}]}<\/script>\n<!-- \/ Yoast SEO plugin. -->","yoast_head_json":{"title":"\u017bydowski Instytut Historyczny b\u0119dzie wsp\u00f3\u0142tworzy\u0142 now\u0105 wystaw\u0119 sta\u0142\u0105 Muzeum Treblinka - Godno\u015b\u0107 - DignityNews.eu","robots":{"index":"index","follow":"follow","max-snippet":"max-snippet:-1","max-image-preview":"max-image-preview:large","max-video-preview":"max-video-preview:-1"},"canonical":"https:\/\/dignitynews.eu\/pl\/zydowski-instytut-historyczny-bedzie-wspoltworzyl-nowa-wystawe-stala-muzeum-treblinka\/","og_locale":"pl_PL","og_type":"article","og_title":"\u017bydowski Instytut Historyczny b\u0119dzie wsp\u00f3\u0142tworzy\u0142 now\u0105 wystaw\u0119 sta\u0142\u0105 Muzeum Treblinka - Godno\u015b\u0107 - DignityNews.eu","og_description":"\u017bydowski Instytut Historyczny (\u017bIH) b\u0119dzie wsp\u00f3\u0142tworzy\u0142 now\u0105 wystaw\u0119 sta\u0142\u0105 Muzeum Treblinka. Umow\u0119 o wsp\u00f3\u0142pracy w tworzeniu ekspozycji w nowym budynku dawnego niemieckiego nazistowskiego obozu zag\u0142ady i obozu pracy (1941-1944) podpisali&hellip;","og_url":"https:\/\/dignitynews.eu\/pl\/zydowski-instytut-historyczny-bedzie-wspoltworzyl-nowa-wystawe-stala-muzeum-treblinka\/","og_site_name":"Godno\u015b\u0107 - DignityNews.eu","article_published_time":"2024-02-06T12:15:31+00:00","og_image":[{"width":1500,"height":1000,"url":"https:\/\/dignitynews.eu\/wp-content\/uploads\/2024\/02\/zydowski-instytut-historyczny-bedzie-fot.-PRZEMYSLAW-WIERZCHOWSKI-REPORTER.jpg","type":"image\/jpeg"}],"author":"Dignity News","twitter_card":"summary_large_image","twitter_misc":{"Napisane przez":"Dignity News","Szacowany czas czytania":"2 minuty"},"schema":{"@context":"https:\/\/schema.org","@graph":[{"@type":"WebSite","@id":"https:\/\/dignitynews.eu\/pl\/#website","url":"https:\/\/dignitynews.eu\/pl\/","name":"Godno\u015b\u0107 - DignityNews.eu","description":"","potentialAction":[{"@type":"SearchAction","target":{"@type":"EntryPoint","urlTemplate":"https:\/\/dignitynews.eu\/pl\/?s={search_term_string}"},"query-input":"required name=search_term_string"}],"inLanguage":"pl-PL"},{"@type":"WebPage","@id":"https:\/\/dignitynews.eu\/pl\/zydowski-instytut-historyczny-bedzie-wspoltworzyl-nowa-wystawe-stala-muzeum-treblinka\/","url":"https:\/\/dignitynews.eu\/pl\/zydowski-instytut-historyczny-bedzie-wspoltworzyl-nowa-wystawe-stala-muzeum-treblinka\/","name":"\u017bydowski Instytut Historyczny b\u0119dzie wsp\u00f3\u0142tworzy\u0142 now\u0105 wystaw\u0119 sta\u0142\u0105 Muzeum Treblinka - Godno\u015b\u0107 - DignityNews.eu","isPartOf":{"@id":"https:\/\/dignitynews.eu\/pl\/#website"},"datePublished":"2024-02-06T12:15:31+00:00","dateModified":"2024-02-06T12:15:31+00:00","author":{"@id":"https:\/\/dignitynews.eu\/pl\/#\/schema\/person\/0b62b762b8174802fabc81a3ecb1bfcb"},"breadcrumb":{"@id":"https:\/\/dignitynews.eu\/pl\/zydowski-instytut-historyczny-bedzie-wspoltworzyl-nowa-wystawe-stala-muzeum-treblinka\/#breadcrumb"},"inLanguage":"pl-PL","potentialAction":[{"@type":"ReadAction","target":["https:\/\/dignitynews.eu\/pl\/zydowski-instytut-historyczny-bedzie-wspoltworzyl-nowa-wystawe-stala-muzeum-treblinka\/"]}]},{"@type":"BreadcrumbList","@id":"https:\/\/dignitynews.eu\/pl\/zydowski-instytut-historyczny-bedzie-wspoltworzyl-nowa-wystawe-stala-muzeum-treblinka\/#breadcrumb","itemListElement":[{"@type":"ListItem","position":1,"name":"Strona g\u0142\u00f3wna","item":"https:\/\/dignitynews.eu\/pl\/"},{"@type":"ListItem","position":2,"name":"\u017bydowski Instytut Historyczny b\u0119dzie wsp\u00f3\u0142tworzy\u0142 now\u0105 wystaw\u0119 sta\u0142\u0105 Muzeum Treblinka"}]},{"@type":"Person","@id":"https:\/\/dignitynews.eu\/pl\/#\/schema\/person\/0b62b762b8174802fabc81a3ecb1bfcb","name":"Dignity News","image":{"@type":"ImageObject","inLanguage":"pl-PL","@id":"https:\/\/dignitynews.eu\/pl\/#\/schema\/person\/image\/","url":"https:\/\/secure.gravatar.com\/avatar\/97963171a6d9108f8381bbefb1c6b150c445b6ddd9e3077b96c86cf5892c85dc?s=96&d=mm&r=g","contentUrl":"https:\/\/secure.gravatar.com\/avatar\/97963171a6d9108f8381bbefb1c6b150c445b6ddd9e3077b96c86cf5892c85dc?s=96&d=mm&r=g","caption":"Dignity News"},"url":"https:\/\/dignitynews.eu\/pl\/author\/mikolaj-palade\/"}]}},"_links":{"self":[{"href":"https:\/\/dignitynews.eu\/pl\/wp-json\/wp\/v2\/posts\/56744","targetHints":{"allow":["GET"]}}],"collection":[{"href":"https:\/\/dignitynews.eu\/pl\/wp-json\/wp\/v2\/posts"}],"about":[{"href":"https:\/\/dignitynews.eu\/pl\/wp-json\/wp\/v2\/types\/post"}],"author":[{"embeddable":true,"href":"https:\/\/dignitynews.eu\/pl\/wp-json\/wp\/v2\/users\/7"}],"replies":[{"embeddable":true,"href":"https:\/\/dignitynews.eu\/pl\/wp-json\/wp\/v2\/comments?post=56744"}],"version-history":[{"count":1,"href":"https:\/\/dignitynews.eu\/pl\/wp-json\/wp\/v2\/posts\/56744\/revisions"}],"predecessor-version":[{"id":56750,"href":"https:\/\/dignitynews.eu\/pl\/wp-json\/wp\/v2\/posts\/56744\/revisions\/56750"}],"wp:featuredmedia":[{"embeddable":true,"href":"https:\/\/dignitynews.eu\/pl\/wp-json\/wp\/v2\/media\/56745"}],"wp:attachment":[{"href":"https:\/\/dignitynews.eu\/pl\/wp-json\/wp\/v2\/media?parent=56744"}],"wp:term":[{"taxonomy":"category","embeddable":true,"href":"https:\/\/dignitynews.eu\/pl\/wp-json\/wp\/v2\/categories?post=56744"},{"taxonomy":"post_tag","embeddable":true,"href":"https:\/\/dignitynews.eu\/pl\/wp-json\/wp\/v2\/tags?post=56744"}],"curies":[{"name":"wp","href":"https:\/\/api.w.org\/{rel}","templated":true}]}}