{"id":56688,"date":"2024-02-05T12:38:09","date_gmt":"2024-02-05T11:38:09","guid":{"rendered":"https:\/\/dignitynews.eu\/?p=56688"},"modified":"2024-02-05T12:38:09","modified_gmt":"2024-02-05T11:38:09","slug":"w-tvp-nauka-seria-polacy-w-kosmosie","status":"publish","type":"post","link":"https:\/\/dignitynews.eu\/pl\/w-tvp-nauka-seria-polacy-w-kosmosie\/","title":{"rendered":"W TVP Nauka seria \u201ePolacy w kosmosie\u201d"},"content":{"rendered":"<h5><strong>Kana\u0142 TVP Nauka przygotowa\u0142 cykl dokumentalny opowiadaj\u0105cy o wk\u0142adzie polskich naukowc\u00f3w w badania przestrzeni kosmicznej. Seria \u201ePolacy w Kosmosie\u201d sk\u0142ada si\u0119 z 8 odcink\u00f3w. Pierwszy odcinek zosta\u0142 wyemitowany w sobot\u0119 3 lutego, a drugi w niedziel\u0119 4 lutego. Nast\u0119pne b\u0119dzie mo\u017cna obejrze\u0107 na antenie TVP Nauka w kolejne weekendy lutego.<\/strong><\/h5>\n<p>Naukowcy z Polski lub polskiego pochodzenia od samego pocz\u0105tku misji kosmicznych mieli du\u017cy udzia\u0142 w tworzeniu technologii i naukowych podstaw pozwalaj\u0105cych odbywa\u0107 kosmiczne podr\u00f3\u017ce. To polscy naukowcy przygotowywali pierwszy \u201eksi\u0119\u017cycowy samoch\u00f3d\u201d, odpowiadali za system komunikacji czy sk\u0142ad mieszanki do oddychania w programie Apollo \u2013 przypomina TVP Nauka.<\/p>\n<p>W serii film\u00f3w zobaczymy nie tylko historyczne dokonania naszych rodak\u00f3w, lecz tak\u017ce zajrzymy za kulisy wsp\u00f3\u0142czesnych projekt\u00f3w badawczych. Jeden z odcink\u00f3w opowiada histori\u0119 polskiego programu rakietowego, zawieszonego w latach 70. XX wieku, ale obecnie reaktywowanego i kontynuowanego przez kolejne pokolenie in\u017cynier\u00f3w. Tak\u017ce Mi\u0119dzynarodowa Stacja Kosmiczna kryje owoce pracy naszych naukowc\u00f3w. Ka\u017cdy odcinek cyklu dedykowany jest jednej historii i jednemu zagadnieniu.<\/p>\n<p>Cykl przypomina sylwetki i dokonania polskich naukowc\u00f3w m.in.: Stanis\u0142awa Rogalskiego, in\u017cyniera firmy Grumman Aerospace, kt\u00f3ra zbudowa\u0142a l\u0105downik ksi\u0119\u017cycowy, Kazimierza Piwo\u0144skiego, kt\u00f3ry zaprojektowa\u0142 Randezvous Radar do komunikacji mi\u0119dzy l\u0105downikiem ksi\u0119\u017cycowym a modu\u0142em serwisowym, umo\u017cliwiaj\u0105cym namierzenie si\u0119 pojazd\u00f3w na orbicie i bezpieczne dokowanie podczas powrotu astronaut\u00f3w z powierzchni Ksi\u0119\u017cyca, czy Wernera Ryszarda Kirchnera, kt\u00f3ry opracowa\u0142 formu\u0142\u0119 specjalnego paliwa dla l\u0105downika Eagle.<\/p>\n<p>,,Polacy w kosmosie&#8221; &#8211; odcinki<\/p>\n<p>3.02 \u201ePolacy w kosmosie \u2013 Ma\u0142y krok dla cz\u0142owieka\u201d<\/p>\n<p>4.02 \u201ePolacy w kosmosie \u2013 Epoka Wahad\u0142owc\u00f3w\u201d<\/p>\n<p>10.02 \u201ePolacy w kosmosie &#8211; Program Apollo\u201d<\/p>\n<p>11.02 \u201ePolacy w kosmosie \u2013 ksi\u0119\u017cycowy samoch\u00f3d\u201d<\/p>\n<p>17.02 \u201ePolacy w kosmosie \u2013 Uk\u0142ad s\u0142oneczny\u201d<\/p>\n<p>18.02 \u201ePolacy w kosmosie \u2013 Polskie rakiety\u201d<\/p>\n<p>24.02. \u201ePolacy w kosmosie \u2013 Dom na orbicie\u201d<\/p>\n<p>25.02 \u201ePolacy w kosmosie \u2013 Polski kosmonauta\u201d<\/p>\n<p>Adrian Andrzejewski<\/p>\n","protected":false},"excerpt":{"rendered":"<p>Kana\u0142 TVP Nauka przygotowa\u0142 cykl dokumentalny opowiadaj\u0105cy o wk\u0142adzie polskich naukowc\u00f3w w badania przestrzeni kosmicznej. Seria \u201ePolacy w Kosmosie\u201d sk\u0142ada si\u0119 z 8 odcink\u00f3w. Pierwszy odcinek zosta\u0142 wyemitowany w sobot\u0119&hellip;<\/p>\n","protected":false},"author":7,"featured_media":56689,"comment_status":"closed","ping_status":"open","sticky":false,"template":"","format":"standard","meta":{"_mi_skip_tracking":false,"footnotes":""},"categories":[49],"tags":[],"class_list":["post-56688","post","type-post","status-publish","format-standard","has-post-thumbnail","hentry","category-nauka"],"yoast_head":"<!-- This site is optimized with the Yoast SEO plugin v19.4 - https:\/\/yoast.com\/wordpress\/plugins\/seo\/ -->\n<title>W TVP Nauka seria \u201ePolacy w kosmosie\u201d - Godno\u015b\u0107 - DignityNews.eu<\/title>\n<meta name=\"robots\" content=\"index, follow, max-snippet:-1, max-image-preview:large, max-video-preview:-1\" \/>\n<link rel=\"canonical\" href=\"https:\/\/dignitynews.eu\/pl\/w-tvp-nauka-seria-polacy-w-kosmosie\/\" \/>\n<meta property=\"og:locale\" content=\"pl_PL\" \/>\n<meta property=\"og:type\" content=\"article\" \/>\n<meta property=\"og:title\" content=\"W TVP Nauka seria \u201ePolacy w kosmosie\u201d - Godno\u015b\u0107 - DignityNews.eu\" \/>\n<meta property=\"og:description\" content=\"Kana\u0142 TVP Nauka przygotowa\u0142 cykl dokumentalny opowiadaj\u0105cy o wk\u0142adzie polskich naukowc\u00f3w w badania przestrzeni kosmicznej. Seria \u201ePolacy w Kosmosie\u201d sk\u0142ada si\u0119 z 8 odcink\u00f3w. Pierwszy odcinek zosta\u0142 wyemitowany w sobot\u0119&hellip;\" \/>\n<meta property=\"og:url\" content=\"https:\/\/dignitynews.eu\/pl\/w-tvp-nauka-seria-polacy-w-kosmosie\/\" \/>\n<meta property=\"og:site_name\" content=\"Godno\u015b\u0107 - DignityNews.eu\" \/>\n<meta property=\"article:published_time\" content=\"2024-02-05T11:38:09+00:00\" \/>\n<meta property=\"og:image\" content=\"https:\/\/dignitynews.eu\/wp-content\/uploads\/2024\/02\/TVP-Nauka-Polacy-w-kosmosie-fot.-TVP-Nauka.jpg\" \/>\n\t<meta property=\"og:image:width\" content=\"1138\" \/>\n\t<meta property=\"og:image:height\" content=\"695\" \/>\n\t<meta property=\"og:image:type\" content=\"image\/jpeg\" \/>\n<meta name=\"author\" content=\"Dignity News\" \/>\n<meta name=\"twitter:card\" content=\"summary_large_image\" \/>\n<meta name=\"twitter:label1\" content=\"Napisane przez\" \/>\n\t<meta name=\"twitter:data1\" content=\"Dignity News\" \/>\n\t<meta name=\"twitter:label2\" content=\"Szacowany czas czytania\" \/>\n\t<meta name=\"twitter:data2\" content=\"2 minuty\" \/>\n<script type=\"application\/ld+json\" class=\"yoast-schema-graph\">{\"@context\":\"https:\/\/schema.org\",\"@graph\":[{\"@type\":\"WebSite\",\"@id\":\"https:\/\/dignitynews.eu\/pl\/#website\",\"url\":\"https:\/\/dignitynews.eu\/pl\/\",\"name\":\"Godno\u015b\u0107 - DignityNews.eu\",\"description\":\"\",\"potentialAction\":[{\"@type\":\"SearchAction\",\"target\":{\"@type\":\"EntryPoint\",\"urlTemplate\":\"https:\/\/dignitynews.eu\/pl\/?s={search_term_string}\"},\"query-input\":\"required name=search_term_string\"}],\"inLanguage\":\"pl-PL\"},{\"@type\":\"WebPage\",\"@id\":\"https:\/\/dignitynews.eu\/pl\/w-tvp-nauka-seria-polacy-w-kosmosie\/\",\"url\":\"https:\/\/dignitynews.eu\/pl\/w-tvp-nauka-seria-polacy-w-kosmosie\/\",\"name\":\"W TVP Nauka seria \u201ePolacy w kosmosie\u201d - Godno\u015b\u0107 - DignityNews.eu\",\"isPartOf\":{\"@id\":\"https:\/\/dignitynews.eu\/pl\/#website\"},\"datePublished\":\"2024-02-05T11:38:09+00:00\",\"dateModified\":\"2024-02-05T11:38:09+00:00\",\"author\":{\"@id\":\"https:\/\/dignitynews.eu\/pl\/#\/schema\/person\/0b62b762b8174802fabc81a3ecb1bfcb\"},\"breadcrumb\":{\"@id\":\"https:\/\/dignitynews.eu\/pl\/w-tvp-nauka-seria-polacy-w-kosmosie\/#breadcrumb\"},\"inLanguage\":\"pl-PL\",\"potentialAction\":[{\"@type\":\"ReadAction\",\"target\":[\"https:\/\/dignitynews.eu\/pl\/w-tvp-nauka-seria-polacy-w-kosmosie\/\"]}]},{\"@type\":\"BreadcrumbList\",\"@id\":\"https:\/\/dignitynews.eu\/pl\/w-tvp-nauka-seria-polacy-w-kosmosie\/#breadcrumb\",\"itemListElement\":[{\"@type\":\"ListItem\",\"position\":1,\"name\":\"Strona g\u0142\u00f3wna\",\"item\":\"https:\/\/dignitynews.eu\/pl\/\"},{\"@type\":\"ListItem\",\"position\":2,\"name\":\"W TVP Nauka seria \u201ePolacy w kosmosie\u201d\"}]},{\"@type\":\"Person\",\"@id\":\"https:\/\/dignitynews.eu\/pl\/#\/schema\/person\/0b62b762b8174802fabc81a3ecb1bfcb\",\"name\":\"Dignity News\",\"image\":{\"@type\":\"ImageObject\",\"inLanguage\":\"pl-PL\",\"@id\":\"https:\/\/dignitynews.eu\/pl\/#\/schema\/person\/image\/\",\"url\":\"https:\/\/secure.gravatar.com\/avatar\/97963171a6d9108f8381bbefb1c6b150c445b6ddd9e3077b96c86cf5892c85dc?s=96&d=mm&r=g\",\"contentUrl\":\"https:\/\/secure.gravatar.com\/avatar\/97963171a6d9108f8381bbefb1c6b150c445b6ddd9e3077b96c86cf5892c85dc?s=96&d=mm&r=g\",\"caption\":\"Dignity News\"},\"url\":\"https:\/\/dignitynews.eu\/pl\/author\/mikolaj-palade\/\"}]}<\/script>\n<!-- \/ Yoast SEO plugin. -->","yoast_head_json":{"title":"W TVP Nauka seria \u201ePolacy w kosmosie\u201d - Godno\u015b\u0107 - DignityNews.eu","robots":{"index":"index","follow":"follow","max-snippet":"max-snippet:-1","max-image-preview":"max-image-preview:large","max-video-preview":"max-video-preview:-1"},"canonical":"https:\/\/dignitynews.eu\/pl\/w-tvp-nauka-seria-polacy-w-kosmosie\/","og_locale":"pl_PL","og_type":"article","og_title":"W TVP Nauka seria \u201ePolacy w kosmosie\u201d - Godno\u015b\u0107 - DignityNews.eu","og_description":"Kana\u0142 TVP Nauka przygotowa\u0142 cykl dokumentalny opowiadaj\u0105cy o wk\u0142adzie polskich naukowc\u00f3w w badania przestrzeni kosmicznej. Seria \u201ePolacy w Kosmosie\u201d sk\u0142ada si\u0119 z 8 odcink\u00f3w. Pierwszy odcinek zosta\u0142 wyemitowany w sobot\u0119&hellip;","og_url":"https:\/\/dignitynews.eu\/pl\/w-tvp-nauka-seria-polacy-w-kosmosie\/","og_site_name":"Godno\u015b\u0107 - DignityNews.eu","article_published_time":"2024-02-05T11:38:09+00:00","og_image":[{"width":1138,"height":695,"url":"https:\/\/dignitynews.eu\/wp-content\/uploads\/2024\/02\/TVP-Nauka-Polacy-w-kosmosie-fot.-TVP-Nauka.jpg","type":"image\/jpeg"}],"author":"Dignity News","twitter_card":"summary_large_image","twitter_misc":{"Napisane przez":"Dignity News","Szacowany czas czytania":"2 minuty"},"schema":{"@context":"https:\/\/schema.org","@graph":[{"@type":"WebSite","@id":"https:\/\/dignitynews.eu\/pl\/#website","url":"https:\/\/dignitynews.eu\/pl\/","name":"Godno\u015b\u0107 - DignityNews.eu","description":"","potentialAction":[{"@type":"SearchAction","target":{"@type":"EntryPoint","urlTemplate":"https:\/\/dignitynews.eu\/pl\/?s={search_term_string}"},"query-input":"required name=search_term_string"}],"inLanguage":"pl-PL"},{"@type":"WebPage","@id":"https:\/\/dignitynews.eu\/pl\/w-tvp-nauka-seria-polacy-w-kosmosie\/","url":"https:\/\/dignitynews.eu\/pl\/w-tvp-nauka-seria-polacy-w-kosmosie\/","name":"W TVP Nauka seria \u201ePolacy w kosmosie\u201d - Godno\u015b\u0107 - DignityNews.eu","isPartOf":{"@id":"https:\/\/dignitynews.eu\/pl\/#website"},"datePublished":"2024-02-05T11:38:09+00:00","dateModified":"2024-02-05T11:38:09+00:00","author":{"@id":"https:\/\/dignitynews.eu\/pl\/#\/schema\/person\/0b62b762b8174802fabc81a3ecb1bfcb"},"breadcrumb":{"@id":"https:\/\/dignitynews.eu\/pl\/w-tvp-nauka-seria-polacy-w-kosmosie\/#breadcrumb"},"inLanguage":"pl-PL","potentialAction":[{"@type":"ReadAction","target":["https:\/\/dignitynews.eu\/pl\/w-tvp-nauka-seria-polacy-w-kosmosie\/"]}]},{"@type":"BreadcrumbList","@id":"https:\/\/dignitynews.eu\/pl\/w-tvp-nauka-seria-polacy-w-kosmosie\/#breadcrumb","itemListElement":[{"@type":"ListItem","position":1,"name":"Strona g\u0142\u00f3wna","item":"https:\/\/dignitynews.eu\/pl\/"},{"@type":"ListItem","position":2,"name":"W TVP Nauka seria \u201ePolacy w kosmosie\u201d"}]},{"@type":"Person","@id":"https:\/\/dignitynews.eu\/pl\/#\/schema\/person\/0b62b762b8174802fabc81a3ecb1bfcb","name":"Dignity News","image":{"@type":"ImageObject","inLanguage":"pl-PL","@id":"https:\/\/dignitynews.eu\/pl\/#\/schema\/person\/image\/","url":"https:\/\/secure.gravatar.com\/avatar\/97963171a6d9108f8381bbefb1c6b150c445b6ddd9e3077b96c86cf5892c85dc?s=96&d=mm&r=g","contentUrl":"https:\/\/secure.gravatar.com\/avatar\/97963171a6d9108f8381bbefb1c6b150c445b6ddd9e3077b96c86cf5892c85dc?s=96&d=mm&r=g","caption":"Dignity News"},"url":"https:\/\/dignitynews.eu\/pl\/author\/mikolaj-palade\/"}]}},"_links":{"self":[{"href":"https:\/\/dignitynews.eu\/pl\/wp-json\/wp\/v2\/posts\/56688","targetHints":{"allow":["GET"]}}],"collection":[{"href":"https:\/\/dignitynews.eu\/pl\/wp-json\/wp\/v2\/posts"}],"about":[{"href":"https:\/\/dignitynews.eu\/pl\/wp-json\/wp\/v2\/types\/post"}],"author":[{"embeddable":true,"href":"https:\/\/dignitynews.eu\/pl\/wp-json\/wp\/v2\/users\/7"}],"replies":[{"embeddable":true,"href":"https:\/\/dignitynews.eu\/pl\/wp-json\/wp\/v2\/comments?post=56688"}],"version-history":[{"count":1,"href":"https:\/\/dignitynews.eu\/pl\/wp-json\/wp\/v2\/posts\/56688\/revisions"}],"predecessor-version":[{"id":56694,"href":"https:\/\/dignitynews.eu\/pl\/wp-json\/wp\/v2\/posts\/56688\/revisions\/56694"}],"wp:featuredmedia":[{"embeddable":true,"href":"https:\/\/dignitynews.eu\/pl\/wp-json\/wp\/v2\/media\/56689"}],"wp:attachment":[{"href":"https:\/\/dignitynews.eu\/pl\/wp-json\/wp\/v2\/media?parent=56688"}],"wp:term":[{"taxonomy":"category","embeddable":true,"href":"https:\/\/dignitynews.eu\/pl\/wp-json\/wp\/v2\/categories?post=56688"},{"taxonomy":"post_tag","embeddable":true,"href":"https:\/\/dignitynews.eu\/pl\/wp-json\/wp\/v2\/tags?post=56688"}],"curies":[{"name":"wp","href":"https:\/\/api.w.org\/{rel}","templated":true}]}}