{"id":56559,"date":"2024-01-30T13:05:41","date_gmt":"2024-01-30T12:05:41","guid":{"rendered":"https:\/\/dignitynews.eu\/?p=56559"},"modified":"2024-02-04T22:12:00","modified_gmt":"2024-02-04T21:12:00","slug":"cichociemny-fotograf-losy-stefana-baluka","status":"publish","type":"post","link":"https:\/\/dignitynews.eu\/pl\/cichociemny-fotograf-losy-stefana-baluka\/","title":{"rendered":"Cichociemny fotograf \u2013 losy Stefana Ba\u0142uka"},"content":{"rendered":"<h5><strong>Cichociemny, fotograf, pracownik kom\u00f3rki legalizuj\u0105cej dokumenty konspiracyjne, uczestnik powstania warszawskiego. Profesjonalnie dokumentowa\u0142 wysi\u0142ek wojenny stolicy i upami\u0119tnia\u0142 powsta\u0144c\u00f3w.<\/strong><\/h5>\n<p>Stefan Ba\u0142uk urodzi\u0142 si\u0119 15 stycznia 1914 roku w Warszawie. W roku 1933 dosta\u0142 si\u0119 do Szko\u0142y Podchor\u0105\u017cych Rezerwy Kawalerii w Grudzi\u0105dzu, jednak jego udzia\u0142 w szkoleniach zako\u0144czy\u0142 si\u0119 przedwcze\u015bnie ze wzgl\u0119d\u00f3w zdrowotnych. Pomimo tego kontynuowa\u0142 nauk\u0119 najpierw w Szkole Nauk Politycznych w Warszawie, a nast\u0119pnie na Uniwersytecie Warszawskim studiuj\u0105c prawo. Atak Niemiec na Polsk\u0119 w 1939 roku ponownie obudzi\u0142 w Ba\u0142uku ch\u0119\u0107 s\u0142u\u017cby wojskowej. Zg\u0142osi\u0142 si\u0119 do 9. batalionu pancernego w Lublinie, jednostka jednak nie wzi\u0119\u0142a udzia\u0142u w walkach. Po wzi\u0119ciu do niewoli przez Rosjan i wielu perypetiach obejmuj\u0105cych m.in. ucieczki z niewoli Ba\u0142uk przedosta\u0142 si\u0119 przez po\u0142udniow\u0105 Europ\u0119 i Bejrut na Zach\u00f3d. We Francji do\u0142\u0105czy\u0142 do Wojska Polskiego, s\u0142u\u017c\u0105c w 10. Brygadzie Kawalerii Pancernej gen. Maczka.<\/p>\n<p>Jako cichociemny rozpocz\u0105\u0142 karier\u0119 w 1942 roku. Uczestniczy\u0142 od maja do listopada w szkoleniach wywiadu obejmuj\u0105cych m.in. legalizacj\u0119 dokument\u00f3w, nast\u0119pnie otrzyma\u0142 stopie\u0144 podporucznika. W nocy z 9 na 10 kwietnia 1944 r. zosta\u0142 zrzucony na teren okupowanej Polski. Przedosta\u0142 si\u0119 do Warszawy, rozpoczynaj\u0105c prac\u0119 w Wydziale Legalizacji i Techniki Oddzia\u0142u II Komendy G\u0142\u00f3wnej AK. Skupia\u0142 si\u0119 tam na mikrofotografii, przy okazji utrwalaj\u0105c obrazy okupowanej Warszawy i fotografuj\u0105c pozycje niemieckie. Wkr\u00f3tce wybuch\u0142o powstanie warszawskie, w kt\u00f3rym walczy\u0142 w zgrupowaniu \u201cRados\u0142aw\u201d. Podczas powstania bra\u0142 udzia\u0142 w kilku brawurowych akcjach, za co zosta\u0142 odznaczony orderem Virtuti Militari i dwukrotnie Krzy\u017cem Walecznych.<\/p>\n<p>Po upadku powstania fotograf uciek\u0142 z obozu jenieckiego, wkr\u00f3tce anga\u017cuj\u0105c si\u0119 w dzia\u0142alno\u015b\u0107 konspiracyjn\u0105. Trafi\u0142 za to do komunistycznego wi\u0119zienia. W p\u00f3\u017aniejszym okresie Ba\u0142uk pracowa\u0142 jako fotograf i fotografik, upami\u0119tniaj\u0105c czas powstania. Dzia\u0142a\u0142 r\u00f3wnie\u017c w organizacjach kombatanckich, m.in. inicjuj\u0105c budow\u0119 kilku pomnik\u00f3w.<\/p>\n<p>Zmar\u0142 30 stycznia 2014 r. w stopniu genera\u0142a brygady w wieku ponad 100 lat.<\/p>\n","protected":false},"excerpt":{"rendered":"<p>Cichociemny, fotograf, pracownik kom\u00f3rki legalizuj\u0105cej dokumenty konspiracyjne, uczestnik powstania warszawskiego. Profesjonalnie dokumentowa\u0142 wysi\u0142ek wojenny stolicy i upami\u0119tnia\u0142 powsta\u0144c\u00f3w. Stefan Ba\u0142uk urodzi\u0142 si\u0119 15 stycznia 1914 roku w Warszawie. W roku&hellip;<\/p>\n","protected":false},"author":7,"featured_media":56560,"comment_status":"closed","ping_status":"open","sticky":false,"template":"","format":"standard","meta":{"_mi_skip_tracking":false,"footnotes":""},"categories":[46],"tags":[],"class_list":["post-56559","post","type-post","status-publish","format-standard","has-post-thumbnail","hentry","category-historia"],"yoast_head":"<!-- This site is optimized with the Yoast SEO plugin v19.4 - https:\/\/yoast.com\/wordpress\/plugins\/seo\/ -->\n<title>Cichociemny fotograf \u2013 losy Stefana Ba\u0142uka - Godno\u015b\u0107 - DignityNews.eu<\/title>\n<meta name=\"robots\" content=\"index, follow, max-snippet:-1, max-image-preview:large, max-video-preview:-1\" \/>\n<link rel=\"canonical\" href=\"https:\/\/dignitynews.eu\/pl\/cichociemny-fotograf-losy-stefana-baluka\/\" \/>\n<meta property=\"og:locale\" content=\"pl_PL\" \/>\n<meta property=\"og:type\" content=\"article\" \/>\n<meta property=\"og:title\" content=\"Cichociemny fotograf \u2013 losy Stefana Ba\u0142uka - Godno\u015b\u0107 - DignityNews.eu\" \/>\n<meta property=\"og:description\" content=\"Cichociemny, fotograf, pracownik kom\u00f3rki legalizuj\u0105cej dokumenty konspiracyjne, uczestnik powstania warszawskiego. Profesjonalnie dokumentowa\u0142 wysi\u0142ek wojenny stolicy i upami\u0119tnia\u0142 powsta\u0144c\u00f3w. Stefan Ba\u0142uk urodzi\u0142 si\u0119 15 stycznia 1914 roku w Warszawie. W roku&hellip;\" \/>\n<meta property=\"og:url\" content=\"https:\/\/dignitynews.eu\/pl\/cichociemny-fotograf-losy-stefana-baluka\/\" \/>\n<meta property=\"og:site_name\" content=\"Godno\u015b\u0107 - DignityNews.eu\" \/>\n<meta property=\"article:published_time\" content=\"2024-01-30T12:05:41+00:00\" \/>\n<meta property=\"article:modified_time\" content=\"2024-02-04T21:12:00+00:00\" \/>\n<meta property=\"og:image\" content=\"https:\/\/dignitynews.eu\/wp-content\/uploads\/2024\/02\/Stefan_Baluk_-__Kubus_.jpg\" \/>\n\t<meta property=\"og:image:width\" content=\"553\" \/>\n\t<meta property=\"og:image:height\" content=\"709\" \/>\n\t<meta property=\"og:image:type\" content=\"image\/jpeg\" \/>\n<meta name=\"author\" content=\"Dignity News\" \/>\n<meta name=\"twitter:card\" content=\"summary_large_image\" \/>\n<meta name=\"twitter:label1\" content=\"Napisane przez\" \/>\n\t<meta name=\"twitter:data1\" content=\"Dignity News\" \/>\n\t<meta name=\"twitter:label2\" content=\"Szacowany czas czytania\" \/>\n\t<meta name=\"twitter:data2\" content=\"2 minuty\" \/>\n<script type=\"application\/ld+json\" class=\"yoast-schema-graph\">{\"@context\":\"https:\/\/schema.org\",\"@graph\":[{\"@type\":\"WebSite\",\"@id\":\"https:\/\/dignitynews.eu\/pl\/#website\",\"url\":\"https:\/\/dignitynews.eu\/pl\/\",\"name\":\"Godno\u015b\u0107 - DignityNews.eu\",\"description\":\"\",\"potentialAction\":[{\"@type\":\"SearchAction\",\"target\":{\"@type\":\"EntryPoint\",\"urlTemplate\":\"https:\/\/dignitynews.eu\/pl\/?s={search_term_string}\"},\"query-input\":\"required name=search_term_string\"}],\"inLanguage\":\"pl-PL\"},{\"@type\":\"WebPage\",\"@id\":\"https:\/\/dignitynews.eu\/pl\/cichociemny-fotograf-losy-stefana-baluka\/\",\"url\":\"https:\/\/dignitynews.eu\/pl\/cichociemny-fotograf-losy-stefana-baluka\/\",\"name\":\"Cichociemny fotograf \u2013 losy Stefana Ba\u0142uka - Godno\u015b\u0107 - DignityNews.eu\",\"isPartOf\":{\"@id\":\"https:\/\/dignitynews.eu\/pl\/#website\"},\"datePublished\":\"2024-01-30T12:05:41+00:00\",\"dateModified\":\"2024-02-04T21:12:00+00:00\",\"author\":{\"@id\":\"https:\/\/dignitynews.eu\/pl\/#\/schema\/person\/0b62b762b8174802fabc81a3ecb1bfcb\"},\"breadcrumb\":{\"@id\":\"https:\/\/dignitynews.eu\/pl\/cichociemny-fotograf-losy-stefana-baluka\/#breadcrumb\"},\"inLanguage\":\"pl-PL\",\"potentialAction\":[{\"@type\":\"ReadAction\",\"target\":[\"https:\/\/dignitynews.eu\/pl\/cichociemny-fotograf-losy-stefana-baluka\/\"]}]},{\"@type\":\"BreadcrumbList\",\"@id\":\"https:\/\/dignitynews.eu\/pl\/cichociemny-fotograf-losy-stefana-baluka\/#breadcrumb\",\"itemListElement\":[{\"@type\":\"ListItem\",\"position\":1,\"name\":\"Strona g\u0142\u00f3wna\",\"item\":\"https:\/\/dignitynews.eu\/pl\/\"},{\"@type\":\"ListItem\",\"position\":2,\"name\":\"Cichociemny fotograf \u2013 losy Stefana Ba\u0142uka\"}]},{\"@type\":\"Person\",\"@id\":\"https:\/\/dignitynews.eu\/pl\/#\/schema\/person\/0b62b762b8174802fabc81a3ecb1bfcb\",\"name\":\"Dignity News\",\"image\":{\"@type\":\"ImageObject\",\"inLanguage\":\"pl-PL\",\"@id\":\"https:\/\/dignitynews.eu\/pl\/#\/schema\/person\/image\/\",\"url\":\"https:\/\/secure.gravatar.com\/avatar\/97963171a6d9108f8381bbefb1c6b150c445b6ddd9e3077b96c86cf5892c85dc?s=96&d=mm&r=g\",\"contentUrl\":\"https:\/\/secure.gravatar.com\/avatar\/97963171a6d9108f8381bbefb1c6b150c445b6ddd9e3077b96c86cf5892c85dc?s=96&d=mm&r=g\",\"caption\":\"Dignity News\"},\"url\":\"https:\/\/dignitynews.eu\/pl\/author\/mikolaj-palade\/\"}]}<\/script>\n<!-- \/ Yoast SEO plugin. -->","yoast_head_json":{"title":"Cichociemny fotograf \u2013 losy Stefana Ba\u0142uka - Godno\u015b\u0107 - DignityNews.eu","robots":{"index":"index","follow":"follow","max-snippet":"max-snippet:-1","max-image-preview":"max-image-preview:large","max-video-preview":"max-video-preview:-1"},"canonical":"https:\/\/dignitynews.eu\/pl\/cichociemny-fotograf-losy-stefana-baluka\/","og_locale":"pl_PL","og_type":"article","og_title":"Cichociemny fotograf \u2013 losy Stefana Ba\u0142uka - Godno\u015b\u0107 - DignityNews.eu","og_description":"Cichociemny, fotograf, pracownik kom\u00f3rki legalizuj\u0105cej dokumenty konspiracyjne, uczestnik powstania warszawskiego. Profesjonalnie dokumentowa\u0142 wysi\u0142ek wojenny stolicy i upami\u0119tnia\u0142 powsta\u0144c\u00f3w. Stefan Ba\u0142uk urodzi\u0142 si\u0119 15 stycznia 1914 roku w Warszawie. W roku&hellip;","og_url":"https:\/\/dignitynews.eu\/pl\/cichociemny-fotograf-losy-stefana-baluka\/","og_site_name":"Godno\u015b\u0107 - DignityNews.eu","article_published_time":"2024-01-30T12:05:41+00:00","article_modified_time":"2024-02-04T21:12:00+00:00","og_image":[{"width":553,"height":709,"url":"https:\/\/dignitynews.eu\/wp-content\/uploads\/2024\/02\/Stefan_Baluk_-__Kubus_.jpg","type":"image\/jpeg"}],"author":"Dignity News","twitter_card":"summary_large_image","twitter_misc":{"Napisane przez":"Dignity News","Szacowany czas czytania":"2 minuty"},"schema":{"@context":"https:\/\/schema.org","@graph":[{"@type":"WebSite","@id":"https:\/\/dignitynews.eu\/pl\/#website","url":"https:\/\/dignitynews.eu\/pl\/","name":"Godno\u015b\u0107 - DignityNews.eu","description":"","potentialAction":[{"@type":"SearchAction","target":{"@type":"EntryPoint","urlTemplate":"https:\/\/dignitynews.eu\/pl\/?s={search_term_string}"},"query-input":"required name=search_term_string"}],"inLanguage":"pl-PL"},{"@type":"WebPage","@id":"https:\/\/dignitynews.eu\/pl\/cichociemny-fotograf-losy-stefana-baluka\/","url":"https:\/\/dignitynews.eu\/pl\/cichociemny-fotograf-losy-stefana-baluka\/","name":"Cichociemny fotograf \u2013 losy Stefana Ba\u0142uka - Godno\u015b\u0107 - DignityNews.eu","isPartOf":{"@id":"https:\/\/dignitynews.eu\/pl\/#website"},"datePublished":"2024-01-30T12:05:41+00:00","dateModified":"2024-02-04T21:12:00+00:00","author":{"@id":"https:\/\/dignitynews.eu\/pl\/#\/schema\/person\/0b62b762b8174802fabc81a3ecb1bfcb"},"breadcrumb":{"@id":"https:\/\/dignitynews.eu\/pl\/cichociemny-fotograf-losy-stefana-baluka\/#breadcrumb"},"inLanguage":"pl-PL","potentialAction":[{"@type":"ReadAction","target":["https:\/\/dignitynews.eu\/pl\/cichociemny-fotograf-losy-stefana-baluka\/"]}]},{"@type":"BreadcrumbList","@id":"https:\/\/dignitynews.eu\/pl\/cichociemny-fotograf-losy-stefana-baluka\/#breadcrumb","itemListElement":[{"@type":"ListItem","position":1,"name":"Strona g\u0142\u00f3wna","item":"https:\/\/dignitynews.eu\/pl\/"},{"@type":"ListItem","position":2,"name":"Cichociemny fotograf \u2013 losy Stefana Ba\u0142uka"}]},{"@type":"Person","@id":"https:\/\/dignitynews.eu\/pl\/#\/schema\/person\/0b62b762b8174802fabc81a3ecb1bfcb","name":"Dignity News","image":{"@type":"ImageObject","inLanguage":"pl-PL","@id":"https:\/\/dignitynews.eu\/pl\/#\/schema\/person\/image\/","url":"https:\/\/secure.gravatar.com\/avatar\/97963171a6d9108f8381bbefb1c6b150c445b6ddd9e3077b96c86cf5892c85dc?s=96&d=mm&r=g","contentUrl":"https:\/\/secure.gravatar.com\/avatar\/97963171a6d9108f8381bbefb1c6b150c445b6ddd9e3077b96c86cf5892c85dc?s=96&d=mm&r=g","caption":"Dignity News"},"url":"https:\/\/dignitynews.eu\/pl\/author\/mikolaj-palade\/"}]}},"_links":{"self":[{"href":"https:\/\/dignitynews.eu\/pl\/wp-json\/wp\/v2\/posts\/56559","targetHints":{"allow":["GET"]}}],"collection":[{"href":"https:\/\/dignitynews.eu\/pl\/wp-json\/wp\/v2\/posts"}],"about":[{"href":"https:\/\/dignitynews.eu\/pl\/wp-json\/wp\/v2\/types\/post"}],"author":[{"embeddable":true,"href":"https:\/\/dignitynews.eu\/pl\/wp-json\/wp\/v2\/users\/7"}],"replies":[{"embeddable":true,"href":"https:\/\/dignitynews.eu\/pl\/wp-json\/wp\/v2\/comments?post=56559"}],"version-history":[{"count":1,"href":"https:\/\/dignitynews.eu\/pl\/wp-json\/wp\/v2\/posts\/56559\/revisions"}],"predecessor-version":[{"id":56565,"href":"https:\/\/dignitynews.eu\/pl\/wp-json\/wp\/v2\/posts\/56559\/revisions\/56565"}],"wp:featuredmedia":[{"embeddable":true,"href":"https:\/\/dignitynews.eu\/pl\/wp-json\/wp\/v2\/media\/56560"}],"wp:attachment":[{"href":"https:\/\/dignitynews.eu\/pl\/wp-json\/wp\/v2\/media?parent=56559"}],"wp:term":[{"taxonomy":"category","embeddable":true,"href":"https:\/\/dignitynews.eu\/pl\/wp-json\/wp\/v2\/categories?post=56559"},{"taxonomy":"post_tag","embeddable":true,"href":"https:\/\/dignitynews.eu\/pl\/wp-json\/wp\/v2\/tags?post=56559"}],"curies":[{"name":"wp","href":"https:\/\/api.w.org\/{rel}","templated":true}]}}