{"id":56338,"date":"2024-01-27T09:15:35","date_gmt":"2024-01-27T08:15:35","guid":{"rendered":"https:\/\/dignitynews.eu\/?p=56338"},"modified":"2024-01-31T08:41:26","modified_gmt":"2024-01-31T07:41:26","slug":"henryk-wohl-minister-skarbu-rzadu-narodowego-podczas-powstania-styczniowego","status":"publish","type":"post","link":"https:\/\/dignitynews.eu\/pl\/henryk-wohl-minister-skarbu-rzadu-narodowego-podczas-powstania-styczniowego\/","title":{"rendered":"Henryk Wohl \u2013 \u201eminister\u201d skarbu Rz\u0105du Narodowego podczas powstania styczniowego"},"content":{"rendered":"<h5><strong>Henryk Wohl w czasie powstania styczniowego pe\u0142ni\u0142 funkcj\u0119 kierownika Wydzia\u0142u Skarbu Rz\u0105du Narodowego. Za udzia\u0142 w powstaniu Rosjanie skazali go na d\u0142ugoletnie zes\u0142anie. Sw\u00f3j maj\u0105tek w testamencie zapisa\u0142 na dzia\u0142alno\u015b\u0107 organizacji patriotycznych wspieraj\u0105cych zar\u00f3wno Polak\u00f3w jak i \u017byd\u00f3w. <\/strong><\/h5>\n<p>Wohl urodzi\u0142 si\u0119 w 1836 r. prawdopodobnie w Warszawie. Pochodzi\u0142 z rodziny \u017cydowskiej. Wywodzi\u0142 si\u0119 ze \u015brodowiska Warszawskiej Szko\u0142y Rabin\u00f3w. W plac\u00f3wce przygotowywano kandydat\u00f3w na stanowisko rabina lub nauczyciela w szko\u0142ach \u017cydowskich, ale w praktyce wielu jej absolwent\u00f3w pracowa\u0142o w innych zawodach lub podejmowa\u0142o studia uniwersyteckie. Szko\u0142a by\u0142a skierowana do \u017byd\u00f3w zasymilowanych lub asymiluj\u0105cych si\u0119. Wyk\u0142adano w niej w j\u0119zyku polskim, a nauczycielami byli, obok \u017byd\u00f3w, tak\u017ce chrze\u015bcijanie.<\/p>\n<p>Po jej uko\u0144czeniu Wohl rozpocz\u0105\u0142 prac\u0119 na stanowisku ksi\u0119gowego w warszawskim banku, kt\u00f3ry nale\u017ca\u0142 do Samuela Antoniego Frenkla. W tym czasie, jako dwudziestoparolatek, nawi\u0105za\u0142 konspiracyjne kontakty. W 1859 r. nale\u017ca\u0142 do k\u00f3\u0142ka m\u0142odzie\u017cowego, uczestnicz\u0105c w zebraniach patriotycznych. Prowadzi\u0142 je ziemianin Narcyz Jankowski, kt\u00f3ry w 1858 r. przyby\u0142 do Warszawy, uprzednio sprzedaj\u0105c sw\u00f3j maj\u0105tek na Kijowszczy\u017anie. Posiadane fundusze ziemianin przeznacza\u0142 na aktywizowanie m\u0142odzie\u017cy, szczeg\u00f3lnie akademickiej, w dzia\u0142ania patriotyczne. Jego zamiary by\u0142y bardzo powa\u017cne i prowadzi\u0142y do zorganizowania walki powsta\u0144czej. W tym celu w ramach k\u00f3\u0142ka powsta\u0142 komitet, do kt\u00f3rego wszed\u0142 Wohl.<\/p>\n<p>Do\u015bwiadczenia wyniesione ze wsp\u00f3\u0142pracy z Jankowskim spowodowa\u0142y, \u017ce Wohl zdecydowa\u0142 o rezygnacji z koncepcji walki czynnej, przyst\u0119puj\u0105c do tzw. grupy J\u00fcrgensa (millenerzy), kt\u00f3ra propagowa\u0142a ide\u0119 pracy organicznej, a nie zbrojnego powstania. Podobnie jak Wohl, Edward J\u00fcrgens by\u0142 \u017bydem. Nazywano go przyw\u00f3dc\u0105 warszawskiej bur\u017cuazji liberalnej. Ostatecznie przysz\u0142y \u201eminister\u201d skarbu Rz\u0105du Narodowego przyst\u0105pi\u0142 do \u201ebia\u0142ych\u201d. Tym potocznym mianem okre\u015blano umiarkowan\u0105 (konserwatywno-liberaln\u0105) frakcj\u0119 w \u0142onie polskiego ruchu narodowego, powsta\u0142\u0105 przed powstaniem styczniowym i funkcjonuj\u0105c\u0105 podczas jego trwania. Ob\u00f3z ten grupowa\u0142 ziemian, bur\u017cuazj\u0119 i inteligencj\u0119 warszawsk\u0105. Jego lewe skrzyd\u0142o tworzyli millenerzy, do kt\u00f3rych nale\u017ca\u0142 Wohl. \u201eBiali\u201d nie popierali otwartej, zbrojnej walki z zaborc\u0105, stoj\u0105c na stanowisku, \u017ce mo\u017ce j\u0105 zast\u0105pi\u0107 praca organiczna, negocjacje z caratem czy udzia\u0142 w pokojowych manifestacjach.<\/p>\n<p>Niestety dot\u0105d \u017caden badacz nie odkry\u0142, dlaczego Wohl ostatecznie zdecydowa\u0142 o przyst\u0105pieniu do powstania. Wiemy tylko, \u017ce nie uczyni\u0142 tego tu\u017c po jego wybuchu. Prawdopodobnie na wiosn\u0119 lub latem 1863 r. wszed\u0142 w sk\u0142ad Wydzia\u0142u Skarbu Rz\u0105du Narodowego powstania styczniowego.<\/p>\n<p>Kiedy znalaz\u0142 si\u0119 Wydziale, wpad\u0142 na pomys\u0142 wystosowania apelu do ludno\u015bci Warszawy, zwracaj\u0105c si\u0119 w nim z pro\u015bb\u0105 o to, by ta udzieli\u0142a wsparcia finansowego dla Rz\u0105du. Akcja przynios\u0142a niespodziewany sukces \u2013 zebrano sze\u015b\u0107 milion\u00f3w rubli, z czego p\u00f3\u0142 miliona przekaza\u0142 warszawski bankier Leopold Kronenberg (1812-1879). Finansista osobi\u015bcie nie by\u0142 przekonany do walki czynnej, wszem i wobec g\u0142osz\u0105c, \u017ce po jej kl\u0119sce pieni\u0105dze b\u0119d\u0105 mog\u0142y by\u0107 przeznaczone na ratowanie ludzi.<\/p>\n<p>W sierpniu 1863 r. Wohl obj\u0105\u0142 kierownictwo Wydzia\u0142u, kt\u00f3re sprawowa\u0142 przy Romualdzie Traugutcie (1826-1864). Niestety ju\u017c w listopadzie zosta\u0142 aresztowany przez w\u0142adze zaborcze. \u201eMinistrowi\u201d nie udowodniono jednak przynale\u017cno\u015bci ani do organizacji zbrojnej, ani konspiracyjnej i po miesi\u0105cu przetrzymywania w Cytadeli zes\u0142ano na Syberi\u0119. Wohl trafi\u0142 do Solikamska w guberni permskiej. Tam jednak dotar\u0142a wiadomo\u015b\u0107 o jego rzeczywistej roli w powstaniu, wi\u0119c wszcz\u0119to ponownie \u015bledztwo w jego sprawie, kt\u00f3re toczy\u0142o si\u0119 we W\u0142odzimierzu. Jak podaje historyk Marek Ga\u0142\u0119zowski, doprowadzi\u0142o ono do skazania Wohla, lecz nie zas\u0105dzono mu kary \u015bmierci, jak przeczytamy w r\u00f3\u017cnych opracowaniach, lecz otrzyma\u0142 wyrok dziesi\u0119ciu lat ci\u0119\u017ckich rob\u00f3t w Usolu.<\/p>\n<p>W 1866 r. zamieszka\u0142 w domu zes\u0142a\u0144ca z Wo\u0142ynia, z zawodu lekarza Wac\u0142awa Lasockiego. W\u015br\u00f3d towarzyszy niedoli Wohl mia\u0142 bardzo dobr\u0105 opini\u0119. Uchodzi\u0142 tak\u017ce za cz\u0142owieka niezwykle oddanego sprawom krajowym. Gdy powsta\u0142o towarzystwo samopomocowe w Usolu, zosta\u0142 wybrany do jego w\u0142adz, pe\u0142ni\u0105c funkcj\u0119 skarbnika tej organizacji.<\/p>\n<p>Gdy og\u0142oszono pierwsz\u0105 amnesti\u0119 popowstaniow\u0105, Wohl w 1868 r. uda\u0142 si\u0119 do Irkucka. Szybko odnalaz\u0142 si\u0119 w \u015brodowisku Polak\u00f3w tam mieszkaj\u0105cych. W 1872 r. otrzyma\u0142 za\u015b zatrudnienie w filii Banku Handlowego Syberyjskiego w Irkucku. W tym czasie nadal interesowa\u0142 si\u0119 sprawami polskimi.<\/p>\n<p>Pracowito\u015b\u0107 i sumienno\u015b\u0107 Wohla zosta\u0142a nagrodzona \u2013 zaoferowano mu posad\u0119 dyrektora tego banku. W tym okresie zmar\u0142 jednak car Aleksander II, a wraz z jego \u015bmierci\u0105 pojawi\u0142a si\u0119 szansa na powr\u00f3t do Warszawy, wi\u0119c Wohl musia\u0142 rozwa\u017cy\u0107, czy przyj\u0105\u0107 posad\u0119, czy j\u0105 odrzuci\u0107 i wr\u00f3ci\u0107 na ziemie polskie. Wybra\u0142 drug\u0105 opcj\u0119.<\/p>\n<p>Po powrocie otrzyma\u0142 stanowisko buchaltera w Zarz\u0105dzie Drogi \u017belaznej Fabryczno-\u0141\u00f3dzkiej, anga\u017cuj\u0105c si\u0119 w dzia\u0142ania dobroczynne, kt\u00f3re mia\u0142y charakter patriotyczny. W testamencie ca\u0142y sw\u00f3j maj\u0105tek zapisa\u0142 na cele polskich organizacji. Finansowano z niego m.in. stypendia dla student\u00f3w \u017byd\u00f3w lub ch\u0142op\u00f3w, kt\u00f3rzy pisali w j\u0119zyku polskim o Polsce.<\/p>\n<p>Wohl zmar\u0142 w 1907 r. Na jego pogrzebie Szymon Aszkenazy, chc\u0105c podkre\u015bli\u0107, jego zas\u0142ugi dla sprawy polskiej, stwierdzi\u0142, \u017ce: \u201ePatrz\u0105c na to zgromadzenie, nie wiadomo, czy Polacy chowaj\u0105 \u017byda, czy te\u017c odwrotnie\u201d.<\/p>\n","protected":false},"excerpt":{"rendered":"<p>Henryk Wohl w czasie powstania styczniowego pe\u0142ni\u0142 funkcj\u0119 kierownika Wydzia\u0142u Skarbu Rz\u0105du Narodowego. Za udzia\u0142 w powstaniu Rosjanie skazali go na d\u0142ugoletnie zes\u0142anie. Sw\u00f3j maj\u0105tek w testamencie zapisa\u0142 na dzia\u0142alno\u015b\u0107&hellip;<\/p>\n","protected":false},"author":7,"featured_media":56339,"comment_status":"closed","ping_status":"open","sticky":false,"template":"","format":"standard","meta":{"_mi_skip_tracking":false,"footnotes":""},"categories":[46],"tags":[],"class_list":["post-56338","post","type-post","status-publish","format-standard","has-post-thumbnail","hentry","category-historia"],"yoast_head":"<!-- This site is optimized with the Yoast SEO plugin v19.4 - https:\/\/yoast.com\/wordpress\/plugins\/seo\/ -->\n<title>Henryk Wohl \u2013 \u201eminister\u201d skarbu Rz\u0105du Narodowego podczas powstania styczniowego - Godno\u015b\u0107 - DignityNews.eu<\/title>\n<meta name=\"robots\" content=\"index, follow, max-snippet:-1, max-image-preview:large, max-video-preview:-1\" \/>\n<link rel=\"canonical\" href=\"https:\/\/dignitynews.eu\/pl\/henryk-wohl-minister-skarbu-rzadu-narodowego-podczas-powstania-styczniowego\/\" \/>\n<meta property=\"og:locale\" content=\"pl_PL\" \/>\n<meta property=\"og:type\" content=\"article\" \/>\n<meta property=\"og:title\" content=\"Henryk Wohl \u2013 \u201eminister\u201d skarbu Rz\u0105du Narodowego podczas powstania styczniowego - Godno\u015b\u0107 - DignityNews.eu\" \/>\n<meta property=\"og:description\" content=\"Henryk Wohl w czasie powstania styczniowego pe\u0142ni\u0142 funkcj\u0119 kierownika Wydzia\u0142u Skarbu Rz\u0105du Narodowego. Za udzia\u0142 w powstaniu Rosjanie skazali go na d\u0142ugoletnie zes\u0142anie. Sw\u00f3j maj\u0105tek w testamencie zapisa\u0142 na dzia\u0142alno\u015b\u0107&hellip;\" \/>\n<meta property=\"og:url\" content=\"https:\/\/dignitynews.eu\/pl\/henryk-wohl-minister-skarbu-rzadu-narodowego-podczas-powstania-styczniowego\/\" \/>\n<meta property=\"og:site_name\" content=\"Godno\u015b\u0107 - DignityNews.eu\" \/>\n<meta property=\"article:published_time\" content=\"2024-01-27T08:15:35+00:00\" \/>\n<meta property=\"article:modified_time\" content=\"2024-01-31T07:41:26+00:00\" \/>\n<meta property=\"og:image\" content=\"https:\/\/dignitynews.eu\/wp-content\/uploads\/2024\/01\/Henryk_Wohl.jpg\" \/>\n\t<meta property=\"og:image:width\" content=\"449\" \/>\n\t<meta property=\"og:image:height\" content=\"640\" \/>\n\t<meta property=\"og:image:type\" content=\"image\/jpeg\" \/>\n<meta name=\"author\" content=\"Dignity News\" \/>\n<meta name=\"twitter:card\" content=\"summary_large_image\" \/>\n<meta name=\"twitter:label1\" content=\"Napisane przez\" \/>\n\t<meta name=\"twitter:data1\" content=\"Dignity News\" \/>\n\t<meta name=\"twitter:label2\" content=\"Szacowany czas czytania\" \/>\n\t<meta name=\"twitter:data2\" content=\"4 minuty\" \/>\n<script type=\"application\/ld+json\" class=\"yoast-schema-graph\">{\"@context\":\"https:\/\/schema.org\",\"@graph\":[{\"@type\":\"WebSite\",\"@id\":\"https:\/\/dignitynews.eu\/pl\/#website\",\"url\":\"https:\/\/dignitynews.eu\/pl\/\",\"name\":\"Godno\u015b\u0107 - DignityNews.eu\",\"description\":\"\",\"potentialAction\":[{\"@type\":\"SearchAction\",\"target\":{\"@type\":\"EntryPoint\",\"urlTemplate\":\"https:\/\/dignitynews.eu\/pl\/?s={search_term_string}\"},\"query-input\":\"required name=search_term_string\"}],\"inLanguage\":\"pl-PL\"},{\"@type\":\"WebPage\",\"@id\":\"https:\/\/dignitynews.eu\/pl\/henryk-wohl-minister-skarbu-rzadu-narodowego-podczas-powstania-styczniowego\/\",\"url\":\"https:\/\/dignitynews.eu\/pl\/henryk-wohl-minister-skarbu-rzadu-narodowego-podczas-powstania-styczniowego\/\",\"name\":\"Henryk Wohl \u2013 \u201eminister\u201d skarbu Rz\u0105du Narodowego podczas powstania styczniowego - Godno\u015b\u0107 - DignityNews.eu\",\"isPartOf\":{\"@id\":\"https:\/\/dignitynews.eu\/pl\/#website\"},\"datePublished\":\"2024-01-27T08:15:35+00:00\",\"dateModified\":\"2024-01-31T07:41:26+00:00\",\"author\":{\"@id\":\"https:\/\/dignitynews.eu\/pl\/#\/schema\/person\/0b62b762b8174802fabc81a3ecb1bfcb\"},\"breadcrumb\":{\"@id\":\"https:\/\/dignitynews.eu\/pl\/henryk-wohl-minister-skarbu-rzadu-narodowego-podczas-powstania-styczniowego\/#breadcrumb\"},\"inLanguage\":\"pl-PL\",\"potentialAction\":[{\"@type\":\"ReadAction\",\"target\":[\"https:\/\/dignitynews.eu\/pl\/henryk-wohl-minister-skarbu-rzadu-narodowego-podczas-powstania-styczniowego\/\"]}]},{\"@type\":\"BreadcrumbList\",\"@id\":\"https:\/\/dignitynews.eu\/pl\/henryk-wohl-minister-skarbu-rzadu-narodowego-podczas-powstania-styczniowego\/#breadcrumb\",\"itemListElement\":[{\"@type\":\"ListItem\",\"position\":1,\"name\":\"Strona g\u0142\u00f3wna\",\"item\":\"https:\/\/dignitynews.eu\/pl\/\"},{\"@type\":\"ListItem\",\"position\":2,\"name\":\"Henryk Wohl \u2013 \u201eminister\u201d skarbu Rz\u0105du Narodowego podczas powstania styczniowego\"}]},{\"@type\":\"Person\",\"@id\":\"https:\/\/dignitynews.eu\/pl\/#\/schema\/person\/0b62b762b8174802fabc81a3ecb1bfcb\",\"name\":\"Dignity News\",\"image\":{\"@type\":\"ImageObject\",\"inLanguage\":\"pl-PL\",\"@id\":\"https:\/\/dignitynews.eu\/pl\/#\/schema\/person\/image\/\",\"url\":\"https:\/\/secure.gravatar.com\/avatar\/97963171a6d9108f8381bbefb1c6b150c445b6ddd9e3077b96c86cf5892c85dc?s=96&d=mm&r=g\",\"contentUrl\":\"https:\/\/secure.gravatar.com\/avatar\/97963171a6d9108f8381bbefb1c6b150c445b6ddd9e3077b96c86cf5892c85dc?s=96&d=mm&r=g\",\"caption\":\"Dignity News\"},\"url\":\"https:\/\/dignitynews.eu\/pl\/author\/mikolaj-palade\/\"}]}<\/script>\n<!-- \/ Yoast SEO plugin. -->","yoast_head_json":{"title":"Henryk Wohl \u2013 \u201eminister\u201d skarbu Rz\u0105du Narodowego podczas powstania styczniowego - Godno\u015b\u0107 - DignityNews.eu","robots":{"index":"index","follow":"follow","max-snippet":"max-snippet:-1","max-image-preview":"max-image-preview:large","max-video-preview":"max-video-preview:-1"},"canonical":"https:\/\/dignitynews.eu\/pl\/henryk-wohl-minister-skarbu-rzadu-narodowego-podczas-powstania-styczniowego\/","og_locale":"pl_PL","og_type":"article","og_title":"Henryk Wohl \u2013 \u201eminister\u201d skarbu Rz\u0105du Narodowego podczas powstania styczniowego - Godno\u015b\u0107 - DignityNews.eu","og_description":"Henryk Wohl w czasie powstania styczniowego pe\u0142ni\u0142 funkcj\u0119 kierownika Wydzia\u0142u Skarbu Rz\u0105du Narodowego. Za udzia\u0142 w powstaniu Rosjanie skazali go na d\u0142ugoletnie zes\u0142anie. Sw\u00f3j maj\u0105tek w testamencie zapisa\u0142 na dzia\u0142alno\u015b\u0107&hellip;","og_url":"https:\/\/dignitynews.eu\/pl\/henryk-wohl-minister-skarbu-rzadu-narodowego-podczas-powstania-styczniowego\/","og_site_name":"Godno\u015b\u0107 - DignityNews.eu","article_published_time":"2024-01-27T08:15:35+00:00","article_modified_time":"2024-01-31T07:41:26+00:00","og_image":[{"width":449,"height":640,"url":"https:\/\/dignitynews.eu\/wp-content\/uploads\/2024\/01\/Henryk_Wohl.jpg","type":"image\/jpeg"}],"author":"Dignity News","twitter_card":"summary_large_image","twitter_misc":{"Napisane przez":"Dignity News","Szacowany czas czytania":"4 minuty"},"schema":{"@context":"https:\/\/schema.org","@graph":[{"@type":"WebSite","@id":"https:\/\/dignitynews.eu\/pl\/#website","url":"https:\/\/dignitynews.eu\/pl\/","name":"Godno\u015b\u0107 - DignityNews.eu","description":"","potentialAction":[{"@type":"SearchAction","target":{"@type":"EntryPoint","urlTemplate":"https:\/\/dignitynews.eu\/pl\/?s={search_term_string}"},"query-input":"required name=search_term_string"}],"inLanguage":"pl-PL"},{"@type":"WebPage","@id":"https:\/\/dignitynews.eu\/pl\/henryk-wohl-minister-skarbu-rzadu-narodowego-podczas-powstania-styczniowego\/","url":"https:\/\/dignitynews.eu\/pl\/henryk-wohl-minister-skarbu-rzadu-narodowego-podczas-powstania-styczniowego\/","name":"Henryk Wohl \u2013 \u201eminister\u201d skarbu Rz\u0105du Narodowego podczas powstania styczniowego - Godno\u015b\u0107 - DignityNews.eu","isPartOf":{"@id":"https:\/\/dignitynews.eu\/pl\/#website"},"datePublished":"2024-01-27T08:15:35+00:00","dateModified":"2024-01-31T07:41:26+00:00","author":{"@id":"https:\/\/dignitynews.eu\/pl\/#\/schema\/person\/0b62b762b8174802fabc81a3ecb1bfcb"},"breadcrumb":{"@id":"https:\/\/dignitynews.eu\/pl\/henryk-wohl-minister-skarbu-rzadu-narodowego-podczas-powstania-styczniowego\/#breadcrumb"},"inLanguage":"pl-PL","potentialAction":[{"@type":"ReadAction","target":["https:\/\/dignitynews.eu\/pl\/henryk-wohl-minister-skarbu-rzadu-narodowego-podczas-powstania-styczniowego\/"]}]},{"@type":"BreadcrumbList","@id":"https:\/\/dignitynews.eu\/pl\/henryk-wohl-minister-skarbu-rzadu-narodowego-podczas-powstania-styczniowego\/#breadcrumb","itemListElement":[{"@type":"ListItem","position":1,"name":"Strona g\u0142\u00f3wna","item":"https:\/\/dignitynews.eu\/pl\/"},{"@type":"ListItem","position":2,"name":"Henryk Wohl \u2013 \u201eminister\u201d skarbu Rz\u0105du Narodowego podczas powstania styczniowego"}]},{"@type":"Person","@id":"https:\/\/dignitynews.eu\/pl\/#\/schema\/person\/0b62b762b8174802fabc81a3ecb1bfcb","name":"Dignity News","image":{"@type":"ImageObject","inLanguage":"pl-PL","@id":"https:\/\/dignitynews.eu\/pl\/#\/schema\/person\/image\/","url":"https:\/\/secure.gravatar.com\/avatar\/97963171a6d9108f8381bbefb1c6b150c445b6ddd9e3077b96c86cf5892c85dc?s=96&d=mm&r=g","contentUrl":"https:\/\/secure.gravatar.com\/avatar\/97963171a6d9108f8381bbefb1c6b150c445b6ddd9e3077b96c86cf5892c85dc?s=96&d=mm&r=g","caption":"Dignity News"},"url":"https:\/\/dignitynews.eu\/pl\/author\/mikolaj-palade\/"}]}},"_links":{"self":[{"href":"https:\/\/dignitynews.eu\/pl\/wp-json\/wp\/v2\/posts\/56338","targetHints":{"allow":["GET"]}}],"collection":[{"href":"https:\/\/dignitynews.eu\/pl\/wp-json\/wp\/v2\/posts"}],"about":[{"href":"https:\/\/dignitynews.eu\/pl\/wp-json\/wp\/v2\/types\/post"}],"author":[{"embeddable":true,"href":"https:\/\/dignitynews.eu\/pl\/wp-json\/wp\/v2\/users\/7"}],"replies":[{"embeddable":true,"href":"https:\/\/dignitynews.eu\/pl\/wp-json\/wp\/v2\/comments?post=56338"}],"version-history":[{"count":1,"href":"https:\/\/dignitynews.eu\/pl\/wp-json\/wp\/v2\/posts\/56338\/revisions"}],"predecessor-version":[{"id":56344,"href":"https:\/\/dignitynews.eu\/pl\/wp-json\/wp\/v2\/posts\/56338\/revisions\/56344"}],"wp:featuredmedia":[{"embeddable":true,"href":"https:\/\/dignitynews.eu\/pl\/wp-json\/wp\/v2\/media\/56339"}],"wp:attachment":[{"href":"https:\/\/dignitynews.eu\/pl\/wp-json\/wp\/v2\/media?parent=56338"}],"wp:term":[{"taxonomy":"category","embeddable":true,"href":"https:\/\/dignitynews.eu\/pl\/wp-json\/wp\/v2\/categories?post=56338"},{"taxonomy":"post_tag","embeddable":true,"href":"https:\/\/dignitynews.eu\/pl\/wp-json\/wp\/v2\/tags?post=56338"}],"curies":[{"name":"wp","href":"https:\/\/api.w.org\/{rel}","templated":true}]}}