{"id":55302,"date":"2024-01-16T11:58:13","date_gmt":"2024-01-16T10:58:13","guid":{"rendered":"https:\/\/dignitynews.eu\/?p=55302"},"modified":"2024-01-17T10:29:45","modified_gmt":"2024-01-17T09:29:45","slug":"komunistyczne-mordy-na-dzialaczach-psl-w-latach-1944-1947","status":"publish","type":"post","link":"https:\/\/dignitynews.eu\/pl\/komunistyczne-mordy-na-dzialaczach-psl-w-latach-1944-1947\/","title":{"rendered":"Komunistyczne mordy na dzia\u0142aczach PSL w latach 1944-1947"},"content":{"rendered":"<h5><strong>Zaj\u0119ta przez Armi\u0119 Czerwon\u0105 i politycznie podporz\u0105dkowana Sowietom Rzeczpospolita nie mog\u0142a odrodzi\u0107 si\u0119 jako niepodleg\u0142e pa\u0144stwo w granicach sprzed 1939 r. Mi\u0119dzy Bugiem a Odr\u0105 powo\u0142ano \u201eludow\u0105\u201d Polsk\u0119, kt\u00f3ra trafi\u0142a w r\u0119ce wykonuj\u0105cych sowieckie polecenia komunist\u00f3w, brutalnie zwalczaj\u0105cych wszelki op\u00f3r i opozycj\u0119 polityczn\u0105. Jedn\u0105 z g\u0142\u00f3wnych metod rozprawy z przeciwnikami politycznymi by\u0142y ich zab\u00f3jstwa dokonywane przez \u201enieznanych sprawc\u00f3w\u201d. <\/strong><\/h5>\n<p>Komuni\u015bci, stopniowo zdobywaj\u0105c totaln\u0105 w\u0142adz\u0119 w Polsce,\u00a0 poza przejmowaniem nazw partii przedwojennych, \u00a0wprowadzali do niezale\u017cnych ugrupowa\u0144 prokomunistycznych dzia\u0142aczy, kt\u00f3rzy mieli je rozsadza\u0107\u00a0 od \u015brodka i utrudnia\u0107 im dzia\u0142anie. W Polskim Stronnictwie Ludowym tego rodzaju rol\u0119 odegra\u0142 W\u0142adys\u0142aw Kiernik, przedwojenny ludowiec, kt\u00f3ry postawi\u0142 na sojusz z Polsk\u0105 Parti\u0105 Robotnicz\u0105. Mimo stara\u0144 komunist\u00f3w, po zako\u0144czeniu II wojny \u015bwiatowej PSL sta\u0142o si\u0119 najwi\u0119ksz\u0105 parti\u0105 polityczn\u0105, co wynika\u0142o nie tyle z entuzjastycznego poparcia spo\u0142ecze\u0144stwa polskiego dla ludowc\u00f3w, ile z faktu, \u017ce stronnictwo Miko\u0142ajczyka, premiera emigracyjnego rz\u0105du polskiego, by\u0142o jedyn\u0105 legaln\u0105 niepodleg\u0142o\u015bciow\u0105 si\u0142\u0105 polityczn\u0105, kt\u00f3ra \u2013 jak si\u0119 wydawa\u0142o \u2013 mog\u0142a zagrozi\u0107 monopolowi komunist\u00f3w.<\/p>\n<p>O przysz\u0142o\u015bci Polski mia\u0142y zdecydowa\u0107 wybory parlamentarne. Dzia\u0142acze niepodleg\u0142o\u015bciowi wyra\u017cali nadziej\u0119, \u017ce mocarstwa zachodnie zgodnie z obietnicami dopilnuj\u0105 zachowania w czasie wybor\u00f3w procedur demokratycznych. Komuni\u015bci celowo op\u00f3\u017aniali ich przeprowadzenie , chc\u0105c umocni\u0107 swoj\u0105 w\u0142adz\u0119 i zlikwidowa\u0107 op\u00f3r spo\u0142eczny, czemu s\u0142u\u017cy\u0142a rozbudowa aparatu represji. Tysi\u0105ce ludzi osadzono w wi\u0119zieniach i skazano na \u015bmier\u0107. Starano si\u0119 ograniczy\u0107 mo\u017cliwo\u015bci dzia\u0142ania PSL, nasilono tak\u017ce cenzur\u0119. Dzia\u0142aczy PSL, podobnie jak innych cz\u0142onk\u00f3w niepodleg\u0142o\u015bciowych organizacji,\u00a0 aresztowano, utrudniano funkcjonowanie struktur partii, dochodzi\u0142o do zastraszania, pobi\u0107, a tak\u017ce zab\u00f3jstw polityk\u00f3w ludowych.<\/p>\n<p>Ludowcy gin\u0119li z r\u0105k boj\u00f3wkarzy z PPR, funkcjonariuszy Urz\u0119du Bezpiecze\u0144stwa i Milicji Obywatelskiej oraz cz\u0142onk\u00f3w ORMO. Na przyk\u0142ad Andrzej Starzy\u0144ski pochodz\u0105cy z Borek w wojew\u00f3dztwie lubelskim zosta\u0142 zamordowany 15 listopada 1946 r. przez funkcjonariuszy MO w czasie rozklejania ulotek wyborczych. Na fotografii, kt\u00f3ra trafi\u0142a do prasy emigracyjnej, udokumentowano zab\u00f3jstwo J\u00f3zefa Hachlicy, kt\u00f3ry kilka dni wcze\u015bniej wyg\u0142osi\u0142 przem\u00f3wienie na pogrzebie dw\u00f3ch dzia\u0142aczy zamordowanych przez boj\u00f3wk\u0119 PPR. W okresie kampanii przedwyborczej skrytob\u00f3jczo zamordowano oko\u0142o 140 dzia\u0142aczy PSL, aresztowano oko\u0142o 10 tys., zakazywano dzia\u0142alno\u015bci cz\u0142onkom wielu powiatowych struktur, w 10 okr\u0119gach wyborczych uniewa\u017cniono listy kandydat\u00f3w PSL. Prawie wsz\u0119dzie uniemo\u017cliwiono m\u0119\u017com zaufania z PSL kontrolowania g\u0142osowania, co u\u0142atwi\u0142o komunistom sfa\u0142szowanie wybor\u00f3w do Sejmu Ustawodawczego 19 stycznia 1947 roku.<\/p>\n","protected":false},"excerpt":{"rendered":"<p>Zaj\u0119ta przez Armi\u0119 Czerwon\u0105 i politycznie podporz\u0105dkowana Sowietom Rzeczpospolita nie mog\u0142a odrodzi\u0107 si\u0119 jako niepodleg\u0142e pa\u0144stwo w granicach sprzed 1939 r. Mi\u0119dzy Bugiem a Odr\u0105 powo\u0142ano \u201eludow\u0105\u201d Polsk\u0119, kt\u00f3ra trafi\u0142a&hellip;<\/p>\n","protected":false},"author":7,"featured_media":55303,"comment_status":"closed","ping_status":"open","sticky":false,"template":"","format":"standard","meta":{"_mi_skip_tracking":false,"footnotes":""},"categories":[46],"tags":[],"class_list":["post-55302","post","type-post","status-publish","format-standard","has-post-thumbnail","hentry","category-historia"],"yoast_head":"<!-- This site is optimized with the Yoast SEO plugin v19.4 - https:\/\/yoast.com\/wordpress\/plugins\/seo\/ -->\n<title>Komunistyczne mordy na dzia\u0142aczach PSL w latach 1944-1947 - Godno\u015b\u0107 - DignityNews.eu<\/title>\n<meta name=\"robots\" content=\"index, follow, max-snippet:-1, max-image-preview:large, max-video-preview:-1\" \/>\n<link rel=\"canonical\" href=\"https:\/\/dignitynews.eu\/pl\/komunistyczne-mordy-na-dzialaczach-psl-w-latach-1944-1947\/\" \/>\n<meta property=\"og:locale\" content=\"pl_PL\" \/>\n<meta property=\"og:type\" content=\"article\" \/>\n<meta property=\"og:title\" content=\"Komunistyczne mordy na dzia\u0142aczach PSL w latach 1944-1947 - Godno\u015b\u0107 - DignityNews.eu\" \/>\n<meta property=\"og:description\" content=\"Zaj\u0119ta przez Armi\u0119 Czerwon\u0105 i politycznie podporz\u0105dkowana Sowietom Rzeczpospolita nie mog\u0142a odrodzi\u0107 si\u0119 jako niepodleg\u0142e pa\u0144stwo w granicach sprzed 1939 r. Mi\u0119dzy Bugiem a Odr\u0105 powo\u0142ano \u201eludow\u0105\u201d Polsk\u0119, kt\u00f3ra trafi\u0142a&hellip;\" \/>\n<meta property=\"og:url\" content=\"https:\/\/dignitynews.eu\/pl\/komunistyczne-mordy-na-dzialaczach-psl-w-latach-1944-1947\/\" \/>\n<meta property=\"og:site_name\" content=\"Godno\u015b\u0107 - DignityNews.eu\" \/>\n<meta property=\"article:published_time\" content=\"2024-01-16T10:58:13+00:00\" \/>\n<meta property=\"article:modified_time\" content=\"2024-01-17T09:29:45+00:00\" \/>\n<meta property=\"og:image\" content=\"https:\/\/dignitynews.eu\/wp-content\/uploads\/2024\/01\/598px-Odezwa_wyborcza_PSL_1946.jpg\" \/>\n\t<meta property=\"og:image:width\" content=\"598\" \/>\n\t<meta property=\"og:image:height\" content=\"898\" \/>\n\t<meta property=\"og:image:type\" content=\"image\/jpeg\" \/>\n<meta name=\"author\" content=\"Dignity News\" \/>\n<meta name=\"twitter:card\" content=\"summary_large_image\" \/>\n<meta name=\"twitter:label1\" content=\"Napisane przez\" \/>\n\t<meta name=\"twitter:data1\" content=\"Dignity News\" \/>\n\t<meta name=\"twitter:label2\" content=\"Szacowany czas czytania\" \/>\n\t<meta name=\"twitter:data2\" content=\"2 minuty\" \/>\n<script type=\"application\/ld+json\" class=\"yoast-schema-graph\">{\"@context\":\"https:\/\/schema.org\",\"@graph\":[{\"@type\":\"WebSite\",\"@id\":\"https:\/\/dignitynews.eu\/pl\/#website\",\"url\":\"https:\/\/dignitynews.eu\/pl\/\",\"name\":\"Godno\u015b\u0107 - DignityNews.eu\",\"description\":\"\",\"potentialAction\":[{\"@type\":\"SearchAction\",\"target\":{\"@type\":\"EntryPoint\",\"urlTemplate\":\"https:\/\/dignitynews.eu\/pl\/?s={search_term_string}\"},\"query-input\":\"required name=search_term_string\"}],\"inLanguage\":\"pl-PL\"},{\"@type\":\"WebPage\",\"@id\":\"https:\/\/dignitynews.eu\/pl\/komunistyczne-mordy-na-dzialaczach-psl-w-latach-1944-1947\/\",\"url\":\"https:\/\/dignitynews.eu\/pl\/komunistyczne-mordy-na-dzialaczach-psl-w-latach-1944-1947\/\",\"name\":\"Komunistyczne mordy na dzia\u0142aczach PSL w latach 1944-1947 - Godno\u015b\u0107 - DignityNews.eu\",\"isPartOf\":{\"@id\":\"https:\/\/dignitynews.eu\/pl\/#website\"},\"datePublished\":\"2024-01-16T10:58:13+00:00\",\"dateModified\":\"2024-01-17T09:29:45+00:00\",\"author\":{\"@id\":\"https:\/\/dignitynews.eu\/pl\/#\/schema\/person\/0b62b762b8174802fabc81a3ecb1bfcb\"},\"breadcrumb\":{\"@id\":\"https:\/\/dignitynews.eu\/pl\/komunistyczne-mordy-na-dzialaczach-psl-w-latach-1944-1947\/#breadcrumb\"},\"inLanguage\":\"pl-PL\",\"potentialAction\":[{\"@type\":\"ReadAction\",\"target\":[\"https:\/\/dignitynews.eu\/pl\/komunistyczne-mordy-na-dzialaczach-psl-w-latach-1944-1947\/\"]}]},{\"@type\":\"BreadcrumbList\",\"@id\":\"https:\/\/dignitynews.eu\/pl\/komunistyczne-mordy-na-dzialaczach-psl-w-latach-1944-1947\/#breadcrumb\",\"itemListElement\":[{\"@type\":\"ListItem\",\"position\":1,\"name\":\"Strona g\u0142\u00f3wna\",\"item\":\"https:\/\/dignitynews.eu\/pl\/\"},{\"@type\":\"ListItem\",\"position\":2,\"name\":\"Komunistyczne mordy na dzia\u0142aczach PSL w latach 1944-1947\"}]},{\"@type\":\"Person\",\"@id\":\"https:\/\/dignitynews.eu\/pl\/#\/schema\/person\/0b62b762b8174802fabc81a3ecb1bfcb\",\"name\":\"Dignity News\",\"image\":{\"@type\":\"ImageObject\",\"inLanguage\":\"pl-PL\",\"@id\":\"https:\/\/dignitynews.eu\/pl\/#\/schema\/person\/image\/\",\"url\":\"https:\/\/secure.gravatar.com\/avatar\/97963171a6d9108f8381bbefb1c6b150c445b6ddd9e3077b96c86cf5892c85dc?s=96&d=mm&r=g\",\"contentUrl\":\"https:\/\/secure.gravatar.com\/avatar\/97963171a6d9108f8381bbefb1c6b150c445b6ddd9e3077b96c86cf5892c85dc?s=96&d=mm&r=g\",\"caption\":\"Dignity News\"},\"url\":\"https:\/\/dignitynews.eu\/pl\/author\/mikolaj-palade\/\"}]}<\/script>\n<!-- \/ Yoast SEO plugin. -->","yoast_head_json":{"title":"Komunistyczne mordy na dzia\u0142aczach PSL w latach 1944-1947 - Godno\u015b\u0107 - DignityNews.eu","robots":{"index":"index","follow":"follow","max-snippet":"max-snippet:-1","max-image-preview":"max-image-preview:large","max-video-preview":"max-video-preview:-1"},"canonical":"https:\/\/dignitynews.eu\/pl\/komunistyczne-mordy-na-dzialaczach-psl-w-latach-1944-1947\/","og_locale":"pl_PL","og_type":"article","og_title":"Komunistyczne mordy na dzia\u0142aczach PSL w latach 1944-1947 - Godno\u015b\u0107 - DignityNews.eu","og_description":"Zaj\u0119ta przez Armi\u0119 Czerwon\u0105 i politycznie podporz\u0105dkowana Sowietom Rzeczpospolita nie mog\u0142a odrodzi\u0107 si\u0119 jako niepodleg\u0142e pa\u0144stwo w granicach sprzed 1939 r. Mi\u0119dzy Bugiem a Odr\u0105 powo\u0142ano \u201eludow\u0105\u201d Polsk\u0119, kt\u00f3ra trafi\u0142a&hellip;","og_url":"https:\/\/dignitynews.eu\/pl\/komunistyczne-mordy-na-dzialaczach-psl-w-latach-1944-1947\/","og_site_name":"Godno\u015b\u0107 - DignityNews.eu","article_published_time":"2024-01-16T10:58:13+00:00","article_modified_time":"2024-01-17T09:29:45+00:00","og_image":[{"width":598,"height":898,"url":"https:\/\/dignitynews.eu\/wp-content\/uploads\/2024\/01\/598px-Odezwa_wyborcza_PSL_1946.jpg","type":"image\/jpeg"}],"author":"Dignity News","twitter_card":"summary_large_image","twitter_misc":{"Napisane przez":"Dignity News","Szacowany czas czytania":"2 minuty"},"schema":{"@context":"https:\/\/schema.org","@graph":[{"@type":"WebSite","@id":"https:\/\/dignitynews.eu\/pl\/#website","url":"https:\/\/dignitynews.eu\/pl\/","name":"Godno\u015b\u0107 - DignityNews.eu","description":"","potentialAction":[{"@type":"SearchAction","target":{"@type":"EntryPoint","urlTemplate":"https:\/\/dignitynews.eu\/pl\/?s={search_term_string}"},"query-input":"required name=search_term_string"}],"inLanguage":"pl-PL"},{"@type":"WebPage","@id":"https:\/\/dignitynews.eu\/pl\/komunistyczne-mordy-na-dzialaczach-psl-w-latach-1944-1947\/","url":"https:\/\/dignitynews.eu\/pl\/komunistyczne-mordy-na-dzialaczach-psl-w-latach-1944-1947\/","name":"Komunistyczne mordy na dzia\u0142aczach PSL w latach 1944-1947 - Godno\u015b\u0107 - DignityNews.eu","isPartOf":{"@id":"https:\/\/dignitynews.eu\/pl\/#website"},"datePublished":"2024-01-16T10:58:13+00:00","dateModified":"2024-01-17T09:29:45+00:00","author":{"@id":"https:\/\/dignitynews.eu\/pl\/#\/schema\/person\/0b62b762b8174802fabc81a3ecb1bfcb"},"breadcrumb":{"@id":"https:\/\/dignitynews.eu\/pl\/komunistyczne-mordy-na-dzialaczach-psl-w-latach-1944-1947\/#breadcrumb"},"inLanguage":"pl-PL","potentialAction":[{"@type":"ReadAction","target":["https:\/\/dignitynews.eu\/pl\/komunistyczne-mordy-na-dzialaczach-psl-w-latach-1944-1947\/"]}]},{"@type":"BreadcrumbList","@id":"https:\/\/dignitynews.eu\/pl\/komunistyczne-mordy-na-dzialaczach-psl-w-latach-1944-1947\/#breadcrumb","itemListElement":[{"@type":"ListItem","position":1,"name":"Strona g\u0142\u00f3wna","item":"https:\/\/dignitynews.eu\/pl\/"},{"@type":"ListItem","position":2,"name":"Komunistyczne mordy na dzia\u0142aczach PSL w latach 1944-1947"}]},{"@type":"Person","@id":"https:\/\/dignitynews.eu\/pl\/#\/schema\/person\/0b62b762b8174802fabc81a3ecb1bfcb","name":"Dignity News","image":{"@type":"ImageObject","inLanguage":"pl-PL","@id":"https:\/\/dignitynews.eu\/pl\/#\/schema\/person\/image\/","url":"https:\/\/secure.gravatar.com\/avatar\/97963171a6d9108f8381bbefb1c6b150c445b6ddd9e3077b96c86cf5892c85dc?s=96&d=mm&r=g","contentUrl":"https:\/\/secure.gravatar.com\/avatar\/97963171a6d9108f8381bbefb1c6b150c445b6ddd9e3077b96c86cf5892c85dc?s=96&d=mm&r=g","caption":"Dignity News"},"url":"https:\/\/dignitynews.eu\/pl\/author\/mikolaj-palade\/"}]}},"_links":{"self":[{"href":"https:\/\/dignitynews.eu\/pl\/wp-json\/wp\/v2\/posts\/55302","targetHints":{"allow":["GET"]}}],"collection":[{"href":"https:\/\/dignitynews.eu\/pl\/wp-json\/wp\/v2\/posts"}],"about":[{"href":"https:\/\/dignitynews.eu\/pl\/wp-json\/wp\/v2\/types\/post"}],"author":[{"embeddable":true,"href":"https:\/\/dignitynews.eu\/pl\/wp-json\/wp\/v2\/users\/7"}],"replies":[{"embeddable":true,"href":"https:\/\/dignitynews.eu\/pl\/wp-json\/wp\/v2\/comments?post=55302"}],"version-history":[{"count":1,"href":"https:\/\/dignitynews.eu\/pl\/wp-json\/wp\/v2\/posts\/55302\/revisions"}],"predecessor-version":[{"id":55308,"href":"https:\/\/dignitynews.eu\/pl\/wp-json\/wp\/v2\/posts\/55302\/revisions\/55308"}],"wp:featuredmedia":[{"embeddable":true,"href":"https:\/\/dignitynews.eu\/pl\/wp-json\/wp\/v2\/media\/55303"}],"wp:attachment":[{"href":"https:\/\/dignitynews.eu\/pl\/wp-json\/wp\/v2\/media?parent=55302"}],"wp:term":[{"taxonomy":"category","embeddable":true,"href":"https:\/\/dignitynews.eu\/pl\/wp-json\/wp\/v2\/categories?post=55302"},{"taxonomy":"post_tag","embeddable":true,"href":"https:\/\/dignitynews.eu\/pl\/wp-json\/wp\/v2\/tags?post=55302"}],"curies":[{"name":"wp","href":"https:\/\/api.w.org\/{rel}","templated":true}]}}