{"id":55136,"date":"2024-01-13T11:10:35","date_gmt":"2024-01-13T10:10:35","guid":{"rendered":"https:\/\/dignitynews.eu\/?p=55136"},"modified":"2024-01-15T11:12:28","modified_gmt":"2024-01-15T10:12:28","slug":"katynski-mord-nad-jeziorem-narocz-na-wilenszczyznie","status":"publish","type":"post","link":"https:\/\/dignitynews.eu\/pl\/katynski-mord-nad-jeziorem-narocz-na-wilenszczyznie\/","title":{"rendered":"Katy\u0144ski mord nad jeziorem Narocz na Wile\u0144szczy\u017anie"},"content":{"rendered":"<h5><strong>W II Rzeczypospolitej jezioro Narocz by\u0142o najwi\u0119kszym tego typu akwenem, zwanym \u201ekresowym morzem\u201d, gdzie znajdowa\u0142o si\u0119 wielkie centrum \u017ceglarsko-kajakowe. W czasie II wojny \u015bwiatowej sta\u0142o si\u0119 ono \u015bwiadkiem mordu dokonanego przez Sowiet\u00f3w i NKWD na polskim oddziale partyzanckim.\u00a0 <\/strong><\/h5>\n<p>Jednym z pierwszych partyzanckich oddzia\u0142\u00f3w Armii Krajowej, kt\u00f3ry zacz\u0105\u0142 odnosi\u0107 sukcesy na Wile\u0144szczy\u017anie i zyska\u0142 popularno\u015b\u0107 w\u015br\u00f3d mieszka\u0144c\u00f3w, by\u0142 oddzia\u0142 por. Antoniego Burzy\u0144skiego \u201eNurmo\u201d, \u201eKmicica\u201d. Zosta\u0142 utworzony w 1943 r. pocz\u0105tkowo sk\u0142adaj\u0105cy si\u0119 z ochotnik\u00f3w i cz\u0142onk\u00f3w siatek konspiracyjnych powiat\u00f3w Postawy i Wiszniew. Rozr\u00f3s\u0142 si\u0119 do oko\u0142o 300 os\u00f3b.<\/p>\n<p>Kim przed wojn\u0105 by\u0142 Burzy\u0144ski? W latach 30. uko\u0144czy\u0142 Dywizyjny Kurs Podchor\u0105\u017cych rezerwy Piechoty 5. Pu\u0142ku piechoty Legion\u00f3w, uzyskuj\u0105c stopie\u0144 podchor\u0105\u017cego rezerwy i plutonowego z cenzusem. Nast\u0119pnie zapisa\u0142 si\u0119 na zaj\u0119cia do Wy\u017cszej Szko\u0142y Nauk Politycznych przy Instytucie Badawczym Europy Wschodniej w Wilnie, kt\u00f3r\u0105 uko\u0144czy\u0142 w 1939 r. By\u0142 bardzo inteligentn\u0105 osob\u0105 \u2013 zna\u0142 wiele j\u0119zyk\u00f3w, w tym turecki. Na studiach otrzyma\u0142 awans na podporucznika. Do wybuchu wojny pracowa\u0142 w kom\u00f3rce wojskowej Dyrekcji Okr\u0119gowej Kolei Pa\u0144stwowych w Wilnie. Marzy\u0142 o pracy w dyplomacji.<\/p>\n<p>\u201eKmicicowcy\u201d podczas drugiej wojny \u015bwiatowej stacjonowali w sta\u0142ej bazie. By\u0142 ni\u0105 lesisty teren, poprzecinany pasami trz\u0119sawisk, kt\u00f3re rozpo\u015bciera\u0142y si\u0119 mi\u0119dzy jeziorami Narocz i Blado. Baza sk\u0142ada\u0142a si\u0119 ona z dw\u00f3ch cz\u0119\u015bci (\u201eA\u201d i \u201eB\u201d) odleg\u0142ych od siebie o kilometr. Pierwsza by\u0142a zaprojektowana na letni ob\u00f3z, druga na zimowy. Zim\u0105 partyzanci przeprowadzali si\u0119 z sza\u0142as\u00f3w do ziemianek. Lokalizacja bazy zosta\u0142a uzgodniona z dow\u00f3dztwem sowieckiego oddzia\u0142u partyzanckiego, kt\u00f3ry stacjonowa\u0142 w odleg\u0142o\u015bci ok. 3 km.<\/p>\n<p>Od 1943 r. kontakty ze stron\u0105 sowieck\u0105 uleg\u0142y intensyfikacji \u2013 do polskiego obozowiska zawitali Sowieci, m.in. p\u0142k Fiodor Makarow. W czasie biesiady powsta\u0142 pomys\u0142 wsp\u00f3lnej sowiecko-polskiej akcji na Niemc\u00f3w. Celem by\u0142 znajduj\u0105cy si\u0119 w odleg\u0142o\u015bci 10 km niemiecki garnizon w Nowym Miadziole. W ramach przygotowania do wsp\u00f3lnej akcji zadanie \u201eKmicica\u201d polega\u0142o na stawieniu si\u0119 ze sztabem w sowieckiej bazie, by wsp\u00f3lnie opracowa\u0107 szczeg\u00f3\u0142owy plan natarcia.<\/p>\n<p>Rankiem 26 sierpnia 1943 r. grupa polska zgodnie z umow\u0105 przysz\u0142a do Sowiet\u00f3w. Przywitali j\u0105 cz\u0142onkowie Brygady im. Woroszy\u0142owa. Szybko pochylono si\u0119 nad planami., jednak po chwili Burzy\u0144ski i jego ludzie us\u0142yszeli szcz\u0119k prze\u0142adowywanej broni i okrzyk \u2013 \u201eRuki w wierch!\u201d.<\/p>\n<p>Po skrepowaniu aresztowanych zamkni\u0119to w ziemiance. Stamt\u0105d prowadzono ich na przes\u0142uchania, kt\u00f3re prowadzili do\u015bwiadczenie funkcjonariusze NKWD. Jednocze\u015bnie rozpocz\u0105\u0142 si\u0119 atak na baz\u0119 AK. Uda\u0142o si\u0119 szybko rozbroi\u0107 zaskoczonych \u201ekmicicowc\u00f3w\u201d. Wzi\u0119to do niewoli ok. 200 os\u00f3b. Nast\u0119pnie uaktywni\u0142a si\u0119 grupa specjalna NKWD lejtnanta bezpiecze\u0144stwa pa\u0144stwowego Wiktora Bera. Zacz\u0119\u0142a ona przes\u0142uchiwa\u0107 pojedynczo Polak\u00f3w, morduj\u0105c wybranych strza\u0142em w ty\u0142 g\u0142owy poza obr\u0119bem obozu. Taki los spotyka\u0142 oficer\u00f3w, kt\u00f3rych rozpoznawano po domniemanych cechach przyw\u00f3dczych. W ten spos\u00f3b zgin\u0119\u0142o oko\u0142o 80 partyzant\u00f3w. Funkcjonariusze NKDW wywodzili si\u0119 z Mi\u0144ska. Mieli na sumieniu tysi\u0105ce istnie\u0144 \u2013 tak Polak\u00f3w, jak te\u017c Rosjan, Bia\u0142orusin\u00f3w i Litwin\u00f3w. Z akcji tej zachowa\u0142 si\u0119 dokument po\u015bwiadczaj\u0105cy mord. Napisa\u0142 go Makarow. W latach 90. do dokument\u00f3w w tej sprawie dotarli bia\u0142oruscy historycy, kt\u00f3rzy odnale\u017ali uchwa\u0142\u0119 KC WKP(b) Republiki Bia\u0142orusi z 22 czerwca 1943 r., do kt\u00f3rej do\u0142\u0105czono rozkaz zwalczania wszelkimi metodami niesowieckich oddzia\u0142\u00f3w partyzanckich i \u201egrup nacjonalistycznych\u201d .<\/p>\n<p>Szczeg\u00f3lnie tragiczny los spotka\u0142 \u201eKmicica\u201d, kt\u00f3rego poddano wielogodzinnym torturom, by wydoby\u0107 z niego informacje o siatce konspiracyjnej AK. Polski bohater po wielu godzinach tortur zmar\u0142. Cia\u0142o oprawcy zakopali pod sosn\u0105, uprzednio powiesiwszy jego zw\u0142oki g\u0142ow\u0105 w d\u00f3\u0142.<\/p>\n<p>Komuni\u015bci utworzyli z ocala\u0142ych ludzi \u201eKmicica\u201d oddzia\u0142 im. Bartosza G\u0142owackiego propagandowo podleg\u0142y Zwi\u0105zkowi Patriot\u00f3w Polskich w Moskwie. Dow\u00f3dztwo powierzono Wincentemu Mroczkowskiemu, podoficerowi 19. pu\u0142ku artylerii lekkiej z Nowej Wilejki, kt\u00f3rego przed wojn\u0105 relegowano z wojska za propagand\u0119 komunistyczn\u0105. Przybra\u0142 pseudonim konspiracyjny \u201eZapora\u201d, paraduj\u0105c w mundurze oficerskim z or\u0142em bez korony na czapce.<\/p>\n<p>Gdy oddzia\u0142 Mroczkowskiego wyszed\u0142 w teren, rozpocz\u0119\u0142a si\u0119 akcja odwetowa na nim cz\u0142onk\u00f3w tego oddzia\u0142u, kt\u00f3rzy nie podarowali mu zdrady. Zgin\u0105\u0142 zastrzelony w po\u015bcigu. Od tego czasu \u201ekmicicowcy\u201d rozpocz\u0119li szersz\u0105 akcj\u0119 odwetow\u0105. Sowieci pr\u00f3bowali zbieg\u00f3w pojma\u0107, lecz przeszkodzi\u0142a im niemiecka ob\u0142awa. W swoich analizach przyznali oni, \u017ce z oddzia\u0142em G\u0142owackiego pope\u0142nili b\u0142\u0105d, zak\u0142adaj\u0105c, \u017ce Polacy ulegli szybkiej sowietyzacji. Pisa\u0142 o tym szef centralnego Sztabu Ruchu Partyzanckiego Pantalejmon Ponomarenko: \u201ePrzekazanie 70 ludzi do oddzia\u0142u Mroczkowskiego by\u0142o b\u0142\u0119dem. Nie zdecydowano si\u0119 ich rozstrzela\u0107, by Niemcy i Polacy nie wykorzystali tego w prasie jako drugiego Katynia\u201d.<\/p>\n<p>Jak napisa\u0142 Leszek Kania, osieroceni partyzanci b\u0142\u0105kaj\u0105c si\u0119 po bezdro\u017cach Wile\u0144szczyzny, \u201epewnej gwia\u017adzistej nocy na szlaku spotkali d\u0142ugi cie\u0144 cz\u0142owieka w rogatywce\u201d. By\u0142 to podporucznik Zygmunt Szendzielarz \u201e\u0141upaszka\u201d \u2013 dow\u00f3dca 5. Wile\u0144skiej Brygady \u201e\u015amierci\u201d.<\/p>\n<p>Fiodor Makarow w nagrod\u0119 za sw\u00f3j \u201ewyczyn\u201d otrzyma\u0142 tytu\u0142 \u201eBohatera ZSRR\u201d. Zosta\u0142 wysoko umocowanym w hierarchii partyjnej dzia\u0142aczem komunistycznym, a nawet deputowanym do rady najwy\u017cszej Bia\u0142oruskiej SRR. Po jego \u015bmierci w Mo\u0142odecznie stan\u0105\u0142 pomnik z jego popiersiem, a ulice w kilku miejscowo\u015bciach znajduj\u0105cych si\u0119 wok\u00f3\u0142 jeziora Narocz zacz\u0119\u0142y nosi\u0107 jego imi\u0119&#8230;<\/p>\n","protected":false},"excerpt":{"rendered":"<p>W II Rzeczypospolitej jezioro Narocz by\u0142o najwi\u0119kszym tego typu akwenem, zwanym \u201ekresowym morzem\u201d, gdzie znajdowa\u0142o si\u0119 wielkie centrum \u017ceglarsko-kajakowe. W czasie II wojny \u015bwiatowej sta\u0142o si\u0119 ono \u015bwiadkiem mordu dokonanego&hellip;<\/p>\n","protected":false},"author":7,"featured_media":55137,"comment_status":"closed","ping_status":"open","sticky":false,"template":"","format":"standard","meta":{"_mi_skip_tracking":false,"footnotes":""},"categories":[46],"tags":[],"class_list":["post-55136","post","type-post","status-publish","format-standard","has-post-thumbnail","hentry","category-historia"],"yoast_head":"<!-- This site is optimized with the Yoast SEO plugin v19.4 - https:\/\/yoast.com\/wordpress\/plugins\/seo\/ -->\n<title>Katy\u0144ski mord nad jeziorem Narocz na Wile\u0144szczy\u017anie - Godno\u015b\u0107 - DignityNews.eu<\/title>\n<meta name=\"robots\" content=\"index, follow, max-snippet:-1, max-image-preview:large, max-video-preview:-1\" \/>\n<link rel=\"canonical\" href=\"https:\/\/dignitynews.eu\/pl\/katynski-mord-nad-jeziorem-narocz-na-wilenszczyznie\/\" \/>\n<meta property=\"og:locale\" content=\"pl_PL\" \/>\n<meta property=\"og:type\" content=\"article\" \/>\n<meta property=\"og:title\" content=\"Katy\u0144ski mord nad jeziorem Narocz na Wile\u0144szczy\u017anie - Godno\u015b\u0107 - DignityNews.eu\" \/>\n<meta property=\"og:description\" content=\"W II Rzeczypospolitej jezioro Narocz by\u0142o najwi\u0119kszym tego typu akwenem, zwanym \u201ekresowym morzem\u201d, gdzie znajdowa\u0142o si\u0119 wielkie centrum \u017ceglarsko-kajakowe. W czasie II wojny \u015bwiatowej sta\u0142o si\u0119 ono \u015bwiadkiem mordu dokonanego&hellip;\" \/>\n<meta property=\"og:url\" content=\"https:\/\/dignitynews.eu\/pl\/katynski-mord-nad-jeziorem-narocz-na-wilenszczyznie\/\" \/>\n<meta property=\"og:site_name\" content=\"Godno\u015b\u0107 - DignityNews.eu\" \/>\n<meta property=\"article:published_time\" content=\"2024-01-13T10:10:35+00:00\" \/>\n<meta property=\"article:modified_time\" content=\"2024-01-15T10:12:28+00:00\" \/>\n<meta property=\"og:image\" content=\"https:\/\/dignitynews.eu\/wp-content\/uploads\/2024\/01\/5_Brygada_Wilenska_AK-1.jpg\" \/>\n\t<meta property=\"og:image:width\" content=\"1280\" \/>\n\t<meta property=\"og:image:height\" content=\"960\" \/>\n\t<meta property=\"og:image:type\" content=\"image\/jpeg\" \/>\n<meta name=\"author\" content=\"Dignity News\" \/>\n<meta name=\"twitter:card\" content=\"summary_large_image\" \/>\n<meta name=\"twitter:label1\" content=\"Napisane przez\" \/>\n\t<meta name=\"twitter:data1\" content=\"Dignity News\" \/>\n\t<meta name=\"twitter:label2\" content=\"Szacowany czas czytania\" \/>\n\t<meta name=\"twitter:data2\" content=\"5 minut\" \/>\n<script type=\"application\/ld+json\" class=\"yoast-schema-graph\">{\"@context\":\"https:\/\/schema.org\",\"@graph\":[{\"@type\":\"WebSite\",\"@id\":\"https:\/\/dignitynews.eu\/pl\/#website\",\"url\":\"https:\/\/dignitynews.eu\/pl\/\",\"name\":\"Godno\u015b\u0107 - DignityNews.eu\",\"description\":\"\",\"potentialAction\":[{\"@type\":\"SearchAction\",\"target\":{\"@type\":\"EntryPoint\",\"urlTemplate\":\"https:\/\/dignitynews.eu\/pl\/?s={search_term_string}\"},\"query-input\":\"required name=search_term_string\"}],\"inLanguage\":\"pl-PL\"},{\"@type\":\"WebPage\",\"@id\":\"https:\/\/dignitynews.eu\/pl\/katynski-mord-nad-jeziorem-narocz-na-wilenszczyznie\/\",\"url\":\"https:\/\/dignitynews.eu\/pl\/katynski-mord-nad-jeziorem-narocz-na-wilenszczyznie\/\",\"name\":\"Katy\u0144ski mord nad jeziorem Narocz na Wile\u0144szczy\u017anie - Godno\u015b\u0107 - DignityNews.eu\",\"isPartOf\":{\"@id\":\"https:\/\/dignitynews.eu\/pl\/#website\"},\"datePublished\":\"2024-01-13T10:10:35+00:00\",\"dateModified\":\"2024-01-15T10:12:28+00:00\",\"author\":{\"@id\":\"https:\/\/dignitynews.eu\/pl\/#\/schema\/person\/0b62b762b8174802fabc81a3ecb1bfcb\"},\"breadcrumb\":{\"@id\":\"https:\/\/dignitynews.eu\/pl\/katynski-mord-nad-jeziorem-narocz-na-wilenszczyznie\/#breadcrumb\"},\"inLanguage\":\"pl-PL\",\"potentialAction\":[{\"@type\":\"ReadAction\",\"target\":[\"https:\/\/dignitynews.eu\/pl\/katynski-mord-nad-jeziorem-narocz-na-wilenszczyznie\/\"]}]},{\"@type\":\"BreadcrumbList\",\"@id\":\"https:\/\/dignitynews.eu\/pl\/katynski-mord-nad-jeziorem-narocz-na-wilenszczyznie\/#breadcrumb\",\"itemListElement\":[{\"@type\":\"ListItem\",\"position\":1,\"name\":\"Strona g\u0142\u00f3wna\",\"item\":\"https:\/\/dignitynews.eu\/pl\/\"},{\"@type\":\"ListItem\",\"position\":2,\"name\":\"Katy\u0144ski mord nad jeziorem Narocz na Wile\u0144szczy\u017anie\"}]},{\"@type\":\"Person\",\"@id\":\"https:\/\/dignitynews.eu\/pl\/#\/schema\/person\/0b62b762b8174802fabc81a3ecb1bfcb\",\"name\":\"Dignity News\",\"image\":{\"@type\":\"ImageObject\",\"inLanguage\":\"pl-PL\",\"@id\":\"https:\/\/dignitynews.eu\/pl\/#\/schema\/person\/image\/\",\"url\":\"https:\/\/secure.gravatar.com\/avatar\/97963171a6d9108f8381bbefb1c6b150c445b6ddd9e3077b96c86cf5892c85dc?s=96&d=mm&r=g\",\"contentUrl\":\"https:\/\/secure.gravatar.com\/avatar\/97963171a6d9108f8381bbefb1c6b150c445b6ddd9e3077b96c86cf5892c85dc?s=96&d=mm&r=g\",\"caption\":\"Dignity News\"},\"url\":\"https:\/\/dignitynews.eu\/pl\/author\/mikolaj-palade\/\"}]}<\/script>\n<!-- \/ Yoast SEO plugin. -->","yoast_head_json":{"title":"Katy\u0144ski mord nad jeziorem Narocz na Wile\u0144szczy\u017anie - Godno\u015b\u0107 - DignityNews.eu","robots":{"index":"index","follow":"follow","max-snippet":"max-snippet:-1","max-image-preview":"max-image-preview:large","max-video-preview":"max-video-preview:-1"},"canonical":"https:\/\/dignitynews.eu\/pl\/katynski-mord-nad-jeziorem-narocz-na-wilenszczyznie\/","og_locale":"pl_PL","og_type":"article","og_title":"Katy\u0144ski mord nad jeziorem Narocz na Wile\u0144szczy\u017anie - Godno\u015b\u0107 - DignityNews.eu","og_description":"W II Rzeczypospolitej jezioro Narocz by\u0142o najwi\u0119kszym tego typu akwenem, zwanym \u201ekresowym morzem\u201d, gdzie znajdowa\u0142o si\u0119 wielkie centrum \u017ceglarsko-kajakowe. W czasie II wojny \u015bwiatowej sta\u0142o si\u0119 ono \u015bwiadkiem mordu dokonanego&hellip;","og_url":"https:\/\/dignitynews.eu\/pl\/katynski-mord-nad-jeziorem-narocz-na-wilenszczyznie\/","og_site_name":"Godno\u015b\u0107 - DignityNews.eu","article_published_time":"2024-01-13T10:10:35+00:00","article_modified_time":"2024-01-15T10:12:28+00:00","og_image":[{"width":1280,"height":960,"url":"https:\/\/dignitynews.eu\/wp-content\/uploads\/2024\/01\/5_Brygada_Wilenska_AK-1.jpg","type":"image\/jpeg"}],"author":"Dignity News","twitter_card":"summary_large_image","twitter_misc":{"Napisane przez":"Dignity News","Szacowany czas czytania":"5 minut"},"schema":{"@context":"https:\/\/schema.org","@graph":[{"@type":"WebSite","@id":"https:\/\/dignitynews.eu\/pl\/#website","url":"https:\/\/dignitynews.eu\/pl\/","name":"Godno\u015b\u0107 - DignityNews.eu","description":"","potentialAction":[{"@type":"SearchAction","target":{"@type":"EntryPoint","urlTemplate":"https:\/\/dignitynews.eu\/pl\/?s={search_term_string}"},"query-input":"required name=search_term_string"}],"inLanguage":"pl-PL"},{"@type":"WebPage","@id":"https:\/\/dignitynews.eu\/pl\/katynski-mord-nad-jeziorem-narocz-na-wilenszczyznie\/","url":"https:\/\/dignitynews.eu\/pl\/katynski-mord-nad-jeziorem-narocz-na-wilenszczyznie\/","name":"Katy\u0144ski mord nad jeziorem Narocz na Wile\u0144szczy\u017anie - Godno\u015b\u0107 - DignityNews.eu","isPartOf":{"@id":"https:\/\/dignitynews.eu\/pl\/#website"},"datePublished":"2024-01-13T10:10:35+00:00","dateModified":"2024-01-15T10:12:28+00:00","author":{"@id":"https:\/\/dignitynews.eu\/pl\/#\/schema\/person\/0b62b762b8174802fabc81a3ecb1bfcb"},"breadcrumb":{"@id":"https:\/\/dignitynews.eu\/pl\/katynski-mord-nad-jeziorem-narocz-na-wilenszczyznie\/#breadcrumb"},"inLanguage":"pl-PL","potentialAction":[{"@type":"ReadAction","target":["https:\/\/dignitynews.eu\/pl\/katynski-mord-nad-jeziorem-narocz-na-wilenszczyznie\/"]}]},{"@type":"BreadcrumbList","@id":"https:\/\/dignitynews.eu\/pl\/katynski-mord-nad-jeziorem-narocz-na-wilenszczyznie\/#breadcrumb","itemListElement":[{"@type":"ListItem","position":1,"name":"Strona g\u0142\u00f3wna","item":"https:\/\/dignitynews.eu\/pl\/"},{"@type":"ListItem","position":2,"name":"Katy\u0144ski mord nad jeziorem Narocz na Wile\u0144szczy\u017anie"}]},{"@type":"Person","@id":"https:\/\/dignitynews.eu\/pl\/#\/schema\/person\/0b62b762b8174802fabc81a3ecb1bfcb","name":"Dignity News","image":{"@type":"ImageObject","inLanguage":"pl-PL","@id":"https:\/\/dignitynews.eu\/pl\/#\/schema\/person\/image\/","url":"https:\/\/secure.gravatar.com\/avatar\/97963171a6d9108f8381bbefb1c6b150c445b6ddd9e3077b96c86cf5892c85dc?s=96&d=mm&r=g","contentUrl":"https:\/\/secure.gravatar.com\/avatar\/97963171a6d9108f8381bbefb1c6b150c445b6ddd9e3077b96c86cf5892c85dc?s=96&d=mm&r=g","caption":"Dignity News"},"url":"https:\/\/dignitynews.eu\/pl\/author\/mikolaj-palade\/"}]}},"_links":{"self":[{"href":"https:\/\/dignitynews.eu\/pl\/wp-json\/wp\/v2\/posts\/55136","targetHints":{"allow":["GET"]}}],"collection":[{"href":"https:\/\/dignitynews.eu\/pl\/wp-json\/wp\/v2\/posts"}],"about":[{"href":"https:\/\/dignitynews.eu\/pl\/wp-json\/wp\/v2\/types\/post"}],"author":[{"embeddable":true,"href":"https:\/\/dignitynews.eu\/pl\/wp-json\/wp\/v2\/users\/7"}],"replies":[{"embeddable":true,"href":"https:\/\/dignitynews.eu\/pl\/wp-json\/wp\/v2\/comments?post=55136"}],"version-history":[{"count":1,"href":"https:\/\/dignitynews.eu\/pl\/wp-json\/wp\/v2\/posts\/55136\/revisions"}],"predecessor-version":[{"id":55142,"href":"https:\/\/dignitynews.eu\/pl\/wp-json\/wp\/v2\/posts\/55136\/revisions\/55142"}],"wp:featuredmedia":[{"embeddable":true,"href":"https:\/\/dignitynews.eu\/pl\/wp-json\/wp\/v2\/media\/55137"}],"wp:attachment":[{"href":"https:\/\/dignitynews.eu\/pl\/wp-json\/wp\/v2\/media?parent=55136"}],"wp:term":[{"taxonomy":"category","embeddable":true,"href":"https:\/\/dignitynews.eu\/pl\/wp-json\/wp\/v2\/categories?post=55136"},{"taxonomy":"post_tag","embeddable":true,"href":"https:\/\/dignitynews.eu\/pl\/wp-json\/wp\/v2\/tags?post=55136"}],"curies":[{"name":"wp","href":"https:\/\/api.w.org\/{rel}","templated":true}]}}