{"id":54849,"date":"2024-01-11T11:02:53","date_gmt":"2024-01-11T10:02:53","guid":{"rendered":"https:\/\/dignitynews.eu\/?p=54849"},"modified":"2024-01-11T16:30:38","modified_gmt":"2024-01-11T15:30:38","slug":"muzeum-narodowe-we-wroclawiu-finisaz-wystawy-szalenstwo-rokoka","status":"publish","type":"post","link":"https:\/\/dignitynews.eu\/pl\/muzeum-narodowe-we-wroclawiu-finisaz-wystawy-szalenstwo-rokoka\/","title":{"rendered":"Muzeum Narodowe we Wroc\u0142awiu: finisa\u017c wystawy \u201eSzale\u0144stwo rokoka!\u201d"},"content":{"rendered":"<h5>Od 12 do 14 stycznia, w finisa\u017cowy weekend wystawy \u201eSzale\u0144stwo rokoka! Fascynacja rokokiem na \u015al\u0105sku (XVIII\u2013XXI w.)\u201d, w Pawilonie Czterech Kopu\u0142 Muzeum Sztuki Wsp\u00f3\u0142czesnej Oddziale Muzeum Narodowego we Wroc\u0142awiu zaplanowano wydarzenia dla dzieci, doros\u0142ych i os\u00f3b z niepe\u0142nosprawno\u015bciami. Dodatkowo w ostatni tydzie\u0144 wystawy wyd\u0142u\u017cono godziny otwarcia.<\/h5>\n<p>W\u015br\u00f3d atrakcji znalaz\u0142y si\u0119 rokokowy seans filmowy, zwiedzanie wystawy tras\u0105 mody, oprowadzanie w stroju z epoki, warsztaty ta\u0144ca historycznego, performans Anny Kr\u00f3likiewicz czy spektakl Teatru Czterech<\/p>\n<p>Przygotowan\u0105 z okazji jubileuszu 75-lecia Muzeum Narodowego we Wroc\u0142awiu wystaw\u0119 od momentu otwarcia obejrza\u0142o ju\u017c prawie 30 tysi\u0119cy os\u00f3b. Pokazano na niej ponad 500 dzie\u0142 sztuki \u2013 od malarstwa, rze\u017aby i grafiki, poprzez z\u0142otnictwo, meble, porcelan\u0119, ubiory i akcesoria mody a\u017c po fotografie i instalacje wideo. Ekspozycj\u0119 uzupe\u0142niaj\u0105 prace wsp\u00f3\u0142czesnych artyst\u00f3w, dla kt\u00f3rych rokoko jest \u017ar\u00f3d\u0142em inspiracji.<\/p>\n<p>Pokazywane dzie\u0142a wypo\u017cyczono z ponad 30 muze\u00f3w (m.in. z Muzeum Narodowego w Warszawie i Krakowie, Zamku Kr\u00f3lewskiego na Wawelu, Muzeum Pa\u0142acu Kr\u00f3la Jana II w Wilanowie, Muzeum Zamkowego w Pszczynie), instytucji ko\u015bcielnych i kolekcji prywatnych.<\/p>\n<p>&#8211; O wyj\u0105tkowo\u015bci tej ekspozycji \u015bwiadczy nie tylko fakt, \u017ce powsta\u0142a w ramach zbiorowego wysi\u0142ku 17 kurator\u00f3w, \u017ce przygotowywali\u015bmy j\u0105 prawie przez dwa lata i \u017ce zaprezentowali\u015bmy na niej blisko 500 zabytk\u00f3w pochodz\u0105cych z kilkudziesi\u0119ciu kolekcji. Znacznie wa\u017cniejsze by\u0142o dla nas to, i\u017c rozpocz\u0119li\u015bmy przygotowania do niej w momencie, kiedy sko\u0144czy\u0142a si\u0119 pandemia, kiedy czynili\u015bmy starania o powr\u00f3t do pe\u0142nego funkcjonowania muzeum. Ta wystawa nas zjednoczy\u0142a, uczyni\u0142a prawdziwym zespo\u0142em. I przynios\u0142a spektakularny efekt \u2013 sta\u0142a si\u0119 jak najbardziej aktualna i stawiaj\u0105ca pytania o nasz\u0105 wsp\u00f3\u0142czesn\u0105 kondycj\u0119, o stan zmieniaj\u0105cego si\u0119 dzisiaj \u015bwiata i o wyzwania, jakie przed nami s\u0105 stawiane \u2013 m\u00f3wi dr hab. Piotr Oszczanowski, dyrektor Muzeum Narodowego we Wroc\u0142awiu.<\/p>\n<p>Arkadiusz S\u0142omczy\u0144ski<\/p>\n","protected":false},"excerpt":{"rendered":"<p>Od 12 do 14 stycznia, w finisa\u017cowy weekend wystawy \u201eSzale\u0144stwo rokoka! Fascynacja rokokiem na \u015al\u0105sku (XVIII\u2013XXI w.)\u201d, w Pawilonie Czterech Kopu\u0142 Muzeum Sztuki Wsp\u00f3\u0142czesnej Oddziale Muzeum Narodowego we Wroc\u0142awiu zaplanowano&hellip;<\/p>\n","protected":false},"author":7,"featured_media":54850,"comment_status":"closed","ping_status":"open","sticky":false,"template":"","format":"standard","meta":{"_mi_skip_tracking":false,"footnotes":""},"categories":[50],"tags":[],"class_list":["post-54849","post","type-post","status-publish","format-standard","has-post-thumbnail","hentry","category-kultura"],"yoast_head":"<!-- This site is optimized with the Yoast SEO plugin v19.4 - https:\/\/yoast.com\/wordpress\/plugins\/seo\/ -->\n<title>Muzeum Narodowe we Wroc\u0142awiu: finisa\u017c wystawy \u201eSzale\u0144stwo rokoka!\u201d - Godno\u015b\u0107 - DignityNews.eu<\/title>\n<meta name=\"robots\" content=\"index, follow, max-snippet:-1, max-image-preview:large, max-video-preview:-1\" \/>\n<link rel=\"canonical\" href=\"https:\/\/dignitynews.eu\/pl\/muzeum-narodowe-we-wroclawiu-finisaz-wystawy-szalenstwo-rokoka\/\" \/>\n<meta property=\"og:locale\" content=\"pl_PL\" \/>\n<meta property=\"og:type\" content=\"article\" \/>\n<meta property=\"og:title\" content=\"Muzeum Narodowe we Wroc\u0142awiu: finisa\u017c wystawy \u201eSzale\u0144stwo rokoka!\u201d - Godno\u015b\u0107 - DignityNews.eu\" \/>\n<meta property=\"og:description\" content=\"Od 12 do 14 stycznia, w finisa\u017cowy weekend wystawy \u201eSzale\u0144stwo rokoka! Fascynacja rokokiem na \u015al\u0105sku (XVIII\u2013XXI w.)\u201d, w Pawilonie Czterech Kopu\u0142 Muzeum Sztuki Wsp\u00f3\u0142czesnej Oddziale Muzeum Narodowego we Wroc\u0142awiu zaplanowano&hellip;\" \/>\n<meta property=\"og:url\" content=\"https:\/\/dignitynews.eu\/pl\/muzeum-narodowe-we-wroclawiu-finisaz-wystawy-szalenstwo-rokoka\/\" \/>\n<meta property=\"og:site_name\" content=\"Godno\u015b\u0107 - DignityNews.eu\" \/>\n<meta property=\"article:published_time\" content=\"2024-01-11T10:02:53+00:00\" \/>\n<meta property=\"article:modified_time\" content=\"2024-01-11T15:30:38+00:00\" \/>\n<meta property=\"og:image\" content=\"https:\/\/dignitynews.eu\/wp-content\/uploads\/2024\/01\/muzeum-narodowe-fot.-Karina-Bartosiewicz-Gumienny-Muzeum-Narodowe-we-Wroclawiu.jpg\" \/>\n\t<meta property=\"og:image:width\" content=\"788\" \/>\n\t<meta property=\"og:image:height\" content=\"444\" \/>\n\t<meta property=\"og:image:type\" content=\"image\/jpeg\" \/>\n<meta name=\"author\" content=\"Dignity News\" \/>\n<meta name=\"twitter:card\" content=\"summary_large_image\" \/>\n<meta name=\"twitter:label1\" content=\"Napisane przez\" \/>\n\t<meta name=\"twitter:data1\" content=\"Dignity News\" \/>\n\t<meta name=\"twitter:label2\" content=\"Szacowany czas czytania\" \/>\n\t<meta name=\"twitter:data2\" content=\"2 minuty\" \/>\n<script type=\"application\/ld+json\" class=\"yoast-schema-graph\">{\"@context\":\"https:\/\/schema.org\",\"@graph\":[{\"@type\":\"WebSite\",\"@id\":\"https:\/\/dignitynews.eu\/pl\/#website\",\"url\":\"https:\/\/dignitynews.eu\/pl\/\",\"name\":\"Godno\u015b\u0107 - DignityNews.eu\",\"description\":\"\",\"potentialAction\":[{\"@type\":\"SearchAction\",\"target\":{\"@type\":\"EntryPoint\",\"urlTemplate\":\"https:\/\/dignitynews.eu\/pl\/?s={search_term_string}\"},\"query-input\":\"required name=search_term_string\"}],\"inLanguage\":\"pl-PL\"},{\"@type\":\"WebPage\",\"@id\":\"https:\/\/dignitynews.eu\/pl\/muzeum-narodowe-we-wroclawiu-finisaz-wystawy-szalenstwo-rokoka\/\",\"url\":\"https:\/\/dignitynews.eu\/pl\/muzeum-narodowe-we-wroclawiu-finisaz-wystawy-szalenstwo-rokoka\/\",\"name\":\"Muzeum Narodowe we Wroc\u0142awiu: finisa\u017c wystawy \u201eSzale\u0144stwo rokoka!\u201d - Godno\u015b\u0107 - DignityNews.eu\",\"isPartOf\":{\"@id\":\"https:\/\/dignitynews.eu\/pl\/#website\"},\"datePublished\":\"2024-01-11T10:02:53+00:00\",\"dateModified\":\"2024-01-11T15:30:38+00:00\",\"author\":{\"@id\":\"https:\/\/dignitynews.eu\/pl\/#\/schema\/person\/0b62b762b8174802fabc81a3ecb1bfcb\"},\"breadcrumb\":{\"@id\":\"https:\/\/dignitynews.eu\/pl\/muzeum-narodowe-we-wroclawiu-finisaz-wystawy-szalenstwo-rokoka\/#breadcrumb\"},\"inLanguage\":\"pl-PL\",\"potentialAction\":[{\"@type\":\"ReadAction\",\"target\":[\"https:\/\/dignitynews.eu\/pl\/muzeum-narodowe-we-wroclawiu-finisaz-wystawy-szalenstwo-rokoka\/\"]}]},{\"@type\":\"BreadcrumbList\",\"@id\":\"https:\/\/dignitynews.eu\/pl\/muzeum-narodowe-we-wroclawiu-finisaz-wystawy-szalenstwo-rokoka\/#breadcrumb\",\"itemListElement\":[{\"@type\":\"ListItem\",\"position\":1,\"name\":\"Strona g\u0142\u00f3wna\",\"item\":\"https:\/\/dignitynews.eu\/pl\/\"},{\"@type\":\"ListItem\",\"position\":2,\"name\":\"Muzeum Narodowe we Wroc\u0142awiu: finisa\u017c wystawy \u201eSzale\u0144stwo rokoka!\u201d\"}]},{\"@type\":\"Person\",\"@id\":\"https:\/\/dignitynews.eu\/pl\/#\/schema\/person\/0b62b762b8174802fabc81a3ecb1bfcb\",\"name\":\"Dignity News\",\"image\":{\"@type\":\"ImageObject\",\"inLanguage\":\"pl-PL\",\"@id\":\"https:\/\/dignitynews.eu\/pl\/#\/schema\/person\/image\/\",\"url\":\"https:\/\/secure.gravatar.com\/avatar\/97963171a6d9108f8381bbefb1c6b150c445b6ddd9e3077b96c86cf5892c85dc?s=96&d=mm&r=g\",\"contentUrl\":\"https:\/\/secure.gravatar.com\/avatar\/97963171a6d9108f8381bbefb1c6b150c445b6ddd9e3077b96c86cf5892c85dc?s=96&d=mm&r=g\",\"caption\":\"Dignity News\"},\"url\":\"https:\/\/dignitynews.eu\/pl\/author\/mikolaj-palade\/\"}]}<\/script>\n<!-- \/ Yoast SEO plugin. -->","yoast_head_json":{"title":"Muzeum Narodowe we Wroc\u0142awiu: finisa\u017c wystawy \u201eSzale\u0144stwo rokoka!\u201d - Godno\u015b\u0107 - DignityNews.eu","robots":{"index":"index","follow":"follow","max-snippet":"max-snippet:-1","max-image-preview":"max-image-preview:large","max-video-preview":"max-video-preview:-1"},"canonical":"https:\/\/dignitynews.eu\/pl\/muzeum-narodowe-we-wroclawiu-finisaz-wystawy-szalenstwo-rokoka\/","og_locale":"pl_PL","og_type":"article","og_title":"Muzeum Narodowe we Wroc\u0142awiu: finisa\u017c wystawy \u201eSzale\u0144stwo rokoka!\u201d - Godno\u015b\u0107 - DignityNews.eu","og_description":"Od 12 do 14 stycznia, w finisa\u017cowy weekend wystawy \u201eSzale\u0144stwo rokoka! Fascynacja rokokiem na \u015al\u0105sku (XVIII\u2013XXI w.)\u201d, w Pawilonie Czterech Kopu\u0142 Muzeum Sztuki Wsp\u00f3\u0142czesnej Oddziale Muzeum Narodowego we Wroc\u0142awiu zaplanowano&hellip;","og_url":"https:\/\/dignitynews.eu\/pl\/muzeum-narodowe-we-wroclawiu-finisaz-wystawy-szalenstwo-rokoka\/","og_site_name":"Godno\u015b\u0107 - DignityNews.eu","article_published_time":"2024-01-11T10:02:53+00:00","article_modified_time":"2024-01-11T15:30:38+00:00","og_image":[{"width":788,"height":444,"url":"https:\/\/dignitynews.eu\/wp-content\/uploads\/2024\/01\/muzeum-narodowe-fot.-Karina-Bartosiewicz-Gumienny-Muzeum-Narodowe-we-Wroclawiu.jpg","type":"image\/jpeg"}],"author":"Dignity News","twitter_card":"summary_large_image","twitter_misc":{"Napisane przez":"Dignity News","Szacowany czas czytania":"2 minuty"},"schema":{"@context":"https:\/\/schema.org","@graph":[{"@type":"WebSite","@id":"https:\/\/dignitynews.eu\/pl\/#website","url":"https:\/\/dignitynews.eu\/pl\/","name":"Godno\u015b\u0107 - DignityNews.eu","description":"","potentialAction":[{"@type":"SearchAction","target":{"@type":"EntryPoint","urlTemplate":"https:\/\/dignitynews.eu\/pl\/?s={search_term_string}"},"query-input":"required name=search_term_string"}],"inLanguage":"pl-PL"},{"@type":"WebPage","@id":"https:\/\/dignitynews.eu\/pl\/muzeum-narodowe-we-wroclawiu-finisaz-wystawy-szalenstwo-rokoka\/","url":"https:\/\/dignitynews.eu\/pl\/muzeum-narodowe-we-wroclawiu-finisaz-wystawy-szalenstwo-rokoka\/","name":"Muzeum Narodowe we Wroc\u0142awiu: finisa\u017c wystawy \u201eSzale\u0144stwo rokoka!\u201d - Godno\u015b\u0107 - DignityNews.eu","isPartOf":{"@id":"https:\/\/dignitynews.eu\/pl\/#website"},"datePublished":"2024-01-11T10:02:53+00:00","dateModified":"2024-01-11T15:30:38+00:00","author":{"@id":"https:\/\/dignitynews.eu\/pl\/#\/schema\/person\/0b62b762b8174802fabc81a3ecb1bfcb"},"breadcrumb":{"@id":"https:\/\/dignitynews.eu\/pl\/muzeum-narodowe-we-wroclawiu-finisaz-wystawy-szalenstwo-rokoka\/#breadcrumb"},"inLanguage":"pl-PL","potentialAction":[{"@type":"ReadAction","target":["https:\/\/dignitynews.eu\/pl\/muzeum-narodowe-we-wroclawiu-finisaz-wystawy-szalenstwo-rokoka\/"]}]},{"@type":"BreadcrumbList","@id":"https:\/\/dignitynews.eu\/pl\/muzeum-narodowe-we-wroclawiu-finisaz-wystawy-szalenstwo-rokoka\/#breadcrumb","itemListElement":[{"@type":"ListItem","position":1,"name":"Strona g\u0142\u00f3wna","item":"https:\/\/dignitynews.eu\/pl\/"},{"@type":"ListItem","position":2,"name":"Muzeum Narodowe we Wroc\u0142awiu: finisa\u017c wystawy \u201eSzale\u0144stwo rokoka!\u201d"}]},{"@type":"Person","@id":"https:\/\/dignitynews.eu\/pl\/#\/schema\/person\/0b62b762b8174802fabc81a3ecb1bfcb","name":"Dignity News","image":{"@type":"ImageObject","inLanguage":"pl-PL","@id":"https:\/\/dignitynews.eu\/pl\/#\/schema\/person\/image\/","url":"https:\/\/secure.gravatar.com\/avatar\/97963171a6d9108f8381bbefb1c6b150c445b6ddd9e3077b96c86cf5892c85dc?s=96&d=mm&r=g","contentUrl":"https:\/\/secure.gravatar.com\/avatar\/97963171a6d9108f8381bbefb1c6b150c445b6ddd9e3077b96c86cf5892c85dc?s=96&d=mm&r=g","caption":"Dignity News"},"url":"https:\/\/dignitynews.eu\/pl\/author\/mikolaj-palade\/"}]}},"_links":{"self":[{"href":"https:\/\/dignitynews.eu\/pl\/wp-json\/wp\/v2\/posts\/54849","targetHints":{"allow":["GET"]}}],"collection":[{"href":"https:\/\/dignitynews.eu\/pl\/wp-json\/wp\/v2\/posts"}],"about":[{"href":"https:\/\/dignitynews.eu\/pl\/wp-json\/wp\/v2\/types\/post"}],"author":[{"embeddable":true,"href":"https:\/\/dignitynews.eu\/pl\/wp-json\/wp\/v2\/users\/7"}],"replies":[{"embeddable":true,"href":"https:\/\/dignitynews.eu\/pl\/wp-json\/wp\/v2\/comments?post=54849"}],"version-history":[{"count":1,"href":"https:\/\/dignitynews.eu\/pl\/wp-json\/wp\/v2\/posts\/54849\/revisions"}],"predecessor-version":[{"id":54855,"href":"https:\/\/dignitynews.eu\/pl\/wp-json\/wp\/v2\/posts\/54849\/revisions\/54855"}],"wp:featuredmedia":[{"embeddable":true,"href":"https:\/\/dignitynews.eu\/pl\/wp-json\/wp\/v2\/media\/54850"}],"wp:attachment":[{"href":"https:\/\/dignitynews.eu\/pl\/wp-json\/wp\/v2\/media?parent=54849"}],"wp:term":[{"taxonomy":"category","embeddable":true,"href":"https:\/\/dignitynews.eu\/pl\/wp-json\/wp\/v2\/categories?post=54849"},{"taxonomy":"post_tag","embeddable":true,"href":"https:\/\/dignitynews.eu\/pl\/wp-json\/wp\/v2\/tags?post=54849"}],"curies":[{"name":"wp","href":"https:\/\/api.w.org\/{rel}","templated":true}]}}