{"id":54835,"date":"2024-01-10T11:26:26","date_gmt":"2024-01-10T10:26:26","guid":{"rendered":"https:\/\/dignitynews.eu\/?p=54835"},"modified":"2024-01-10T11:26:26","modified_gmt":"2024-01-10T10:26:26","slug":"goracy-dzien-w-polskiej-polityce-skazani-poslowie-trafili-do-wiezienia","status":"publish","type":"post","link":"https:\/\/dignitynews.eu\/pl\/goracy-dzien-w-polskiej-polityce-skazani-poslowie-trafili-do-wiezienia\/","title":{"rendered":"Gor\u0105cy dzie\u0144 w polskiej polityce. Skazani pos\u0142owie trafili do wi\u0119zienia"},"content":{"rendered":"<h5><strong>Skazani prawomocnie pos\u0142owie Mariusz Kami\u0144ski i Maciej W\u0105sik zostali zatrzymani we wtorek 9 stycznia ok. godz. 19 na terenie Pa\u0142acu Prezydenckiego, gdzie przebywali od godzin porannych. Nast\u0119pnie przewieziono ich do komendy policji na warszawskiej Pradze-Po\u0142udnie. Tu\u017c po godzinie 22 trafili do aresztu \u015bledczego. Prezydent Andrzej Duda zapowiedzia\u0142, \u017ce zwr\u00f3ci si\u0119 do g\u0142\u00f3w pa\u0144stw i szef\u00f3w instytucji mi\u0119dzynarodowych z pismem informuj\u0105cym, \u017ce mamy do czynienia z \u0142amaniem polskiego prawa \u2013 przekaza\u0142a szefowa jego kancelarii Gra\u017cyna Ignaczak-Bandych.<\/strong><\/h5>\n<p>Urz\u0119dnicy prezydenta informowali, \u017ce policja wesz\u0142a do Pa\u0142acu Prezydenckiego, kiedy Andrzej Duda przebywa\u0142 w swojej drugiej oficjalnej rezydencji w Warszawie, Belwederze, na spotkaniu z liderk\u0105 bia\u0142oruskiej opozycji na wygnaniu Swiat\u0142an\u0105 Cichanousk\u0105.<\/p>\n<p>Minister spraw wewn\u0119trznych Marcin Kierwi\u0144ski komentuj\u0105c zatrzymanie, w serwisie X napisa\u0142, \u017ce \u201ewszyscy s\u0105 r\u00f3wni wobec prawa\u201d.<\/p>\n<p>Przypomnijmy, \u017ce w 2015 r., kilka tygodni po przej\u0119ciu w\u0142adzy przez Prawo i Sprawiedliwo\u015b\u0107 (PiS), prezydent Duda, u\u0142askawi\u0142 Kami\u0144skiego i W\u0105sika po tym, jak zostali skazani przez s\u0105d I instancji za przekroczenie uprawnie\u0144 i nadu\u017cywanie w\u0142adzy. W Polsce rozpocz\u0119\u0142a si\u0119 dyskusja, czy prezydent m\u00f3g\u0142 u\u0142askawi\u0107 Kami\u0144skiego i W\u0105sika, przed wydaniem przez s\u0105d II instancji prawomocnego wyroku. S\u0105d Najwy\u017cszy orzek\u0142 w ubieg\u0142ym roku, \u017ce sprawa powinna zosta\u0107 ponownie otwarta, a Mariusz Kami\u0144ski, by\u0142y szef resortu spraw wewn\u0119trznych i Maciej W\u0105sik jego zast\u0119pca zostali skazani\u00a0w grudniu 2023 r. na dwa lata wi\u0119zienia.<\/p>\n<p>Wieczorem 9 stycznia cz\u0119\u015b\u0107 pos\u0142\u00f3w PiS na czele z prezesem partii Jaros\u0142awem Kaczy\u0144skim stawi\u0142a si\u0119 przed komend\u0105 na warszawskiej Pradze, gdzie przewieziono zatrzymanych, a p\u00f3\u017aniej udali si\u0119 przed budynek aresztu na Grochowie, gdzie Maciej W\u0105sik i Mariusz Kami\u0144ski zostali osadzeni.<\/p>\n<p>Zdaniem Kaczy\u0144skiego, u\u0142askawienie z 2015 r. jest skuteczne i dlatego nie ma potrzeby, by prezydent u\u0142askawia\u0142 Kami\u0144skiego i W\u0105sika ponownie.\u00a0Inn\u0105 opini\u0119 ma du\u017ca cz\u0119\u015b\u0107 prawnik\u00f3w, kt\u00f3ra zwraca uwag\u0119, \u017ce policja wykonywa\u0142a jedynie postanowienia s\u0105du, kt\u00f3ry prawomocnie skaza\u0142 obydwu polityk\u00f3w.<\/p>\n<p>Adrian Andrzejewski<\/p>\n","protected":false},"excerpt":{"rendered":"<p>Skazani prawomocnie pos\u0142owie Mariusz Kami\u0144ski i Maciej W\u0105sik zostali zatrzymani we wtorek 9 stycznia ok. godz. 19 na terenie Pa\u0142acu Prezydenckiego, gdzie przebywali od godzin porannych. Nast\u0119pnie przewieziono ich do&hellip;<\/p>\n","protected":false},"author":7,"featured_media":54836,"comment_status":"closed","ping_status":"open","sticky":false,"template":"","format":"standard","meta":{"_mi_skip_tracking":false,"footnotes":""},"categories":[47],"tags":[],"class_list":["post-54835","post","type-post","status-publish","format-standard","has-post-thumbnail","hentry","category-wydarzenia"],"yoast_head":"<!-- This site is optimized with the Yoast SEO plugin v19.4 - https:\/\/yoast.com\/wordpress\/plugins\/seo\/ -->\n<title>Gor\u0105cy dzie\u0144 w polskiej polityce. Skazani pos\u0142owie trafili do wi\u0119zienia - Godno\u015b\u0107 - DignityNews.eu<\/title>\n<meta name=\"robots\" content=\"index, follow, max-snippet:-1, max-image-preview:large, max-video-preview:-1\" \/>\n<link rel=\"canonical\" href=\"https:\/\/dignitynews.eu\/pl\/goracy-dzien-w-polskiej-polityce-skazani-poslowie-trafili-do-wiezienia\/\" \/>\n<meta property=\"og:locale\" content=\"pl_PL\" \/>\n<meta property=\"og:type\" content=\"article\" \/>\n<meta property=\"og:title\" content=\"Gor\u0105cy dzie\u0144 w polskiej polityce. Skazani pos\u0142owie trafili do wi\u0119zienia - Godno\u015b\u0107 - DignityNews.eu\" \/>\n<meta property=\"og:description\" content=\"Skazani prawomocnie pos\u0142owie Mariusz Kami\u0144ski i Maciej W\u0105sik zostali zatrzymani we wtorek 9 stycznia ok. godz. 19 na terenie Pa\u0142acu Prezydenckiego, gdzie przebywali od godzin porannych. Nast\u0119pnie przewieziono ich do&hellip;\" \/>\n<meta property=\"og:url\" content=\"https:\/\/dignitynews.eu\/pl\/goracy-dzien-w-polskiej-polityce-skazani-poslowie-trafili-do-wiezienia\/\" \/>\n<meta property=\"og:site_name\" content=\"Godno\u015b\u0107 - DignityNews.eu\" \/>\n<meta property=\"article:published_time\" content=\"2024-01-10T10:26:26+00:00\" \/>\n<meta property=\"og:image\" content=\"https:\/\/dignitynews.eu\/wp-content\/uploads\/2024\/01\/Skazani-poslowie-trafili-do-wiezienia-fot.-Pawel-Wodzynski-East-News.jpg\" \/>\n\t<meta property=\"og:image:width\" content=\"1500\" \/>\n\t<meta property=\"og:image:height\" content=\"811\" \/>\n\t<meta property=\"og:image:type\" content=\"image\/jpeg\" \/>\n<meta name=\"author\" content=\"Dignity News\" \/>\n<meta name=\"twitter:card\" content=\"summary_large_image\" \/>\n<meta name=\"twitter:label1\" content=\"Napisane przez\" \/>\n\t<meta name=\"twitter:data1\" content=\"Dignity News\" \/>\n\t<meta name=\"twitter:label2\" content=\"Szacowany czas czytania\" \/>\n\t<meta name=\"twitter:data2\" content=\"2 minuty\" \/>\n<script type=\"application\/ld+json\" class=\"yoast-schema-graph\">{\"@context\":\"https:\/\/schema.org\",\"@graph\":[{\"@type\":\"WebSite\",\"@id\":\"https:\/\/dignitynews.eu\/pl\/#website\",\"url\":\"https:\/\/dignitynews.eu\/pl\/\",\"name\":\"Godno\u015b\u0107 - DignityNews.eu\",\"description\":\"\",\"potentialAction\":[{\"@type\":\"SearchAction\",\"target\":{\"@type\":\"EntryPoint\",\"urlTemplate\":\"https:\/\/dignitynews.eu\/pl\/?s={search_term_string}\"},\"query-input\":\"required name=search_term_string\"}],\"inLanguage\":\"pl-PL\"},{\"@type\":\"WebPage\",\"@id\":\"https:\/\/dignitynews.eu\/pl\/goracy-dzien-w-polskiej-polityce-skazani-poslowie-trafili-do-wiezienia\/\",\"url\":\"https:\/\/dignitynews.eu\/pl\/goracy-dzien-w-polskiej-polityce-skazani-poslowie-trafili-do-wiezienia\/\",\"name\":\"Gor\u0105cy dzie\u0144 w polskiej polityce. Skazani pos\u0142owie trafili do wi\u0119zienia - Godno\u015b\u0107 - DignityNews.eu\",\"isPartOf\":{\"@id\":\"https:\/\/dignitynews.eu\/pl\/#website\"},\"datePublished\":\"2024-01-10T10:26:26+00:00\",\"dateModified\":\"2024-01-10T10:26:26+00:00\",\"author\":{\"@id\":\"https:\/\/dignitynews.eu\/pl\/#\/schema\/person\/0b62b762b8174802fabc81a3ecb1bfcb\"},\"breadcrumb\":{\"@id\":\"https:\/\/dignitynews.eu\/pl\/goracy-dzien-w-polskiej-polityce-skazani-poslowie-trafili-do-wiezienia\/#breadcrumb\"},\"inLanguage\":\"pl-PL\",\"potentialAction\":[{\"@type\":\"ReadAction\",\"target\":[\"https:\/\/dignitynews.eu\/pl\/goracy-dzien-w-polskiej-polityce-skazani-poslowie-trafili-do-wiezienia\/\"]}]},{\"@type\":\"BreadcrumbList\",\"@id\":\"https:\/\/dignitynews.eu\/pl\/goracy-dzien-w-polskiej-polityce-skazani-poslowie-trafili-do-wiezienia\/#breadcrumb\",\"itemListElement\":[{\"@type\":\"ListItem\",\"position\":1,\"name\":\"Strona g\u0142\u00f3wna\",\"item\":\"https:\/\/dignitynews.eu\/pl\/\"},{\"@type\":\"ListItem\",\"position\":2,\"name\":\"Gor\u0105cy dzie\u0144 w polskiej polityce. Skazani pos\u0142owie trafili do wi\u0119zienia\"}]},{\"@type\":\"Person\",\"@id\":\"https:\/\/dignitynews.eu\/pl\/#\/schema\/person\/0b62b762b8174802fabc81a3ecb1bfcb\",\"name\":\"Dignity News\",\"image\":{\"@type\":\"ImageObject\",\"inLanguage\":\"pl-PL\",\"@id\":\"https:\/\/dignitynews.eu\/pl\/#\/schema\/person\/image\/\",\"url\":\"https:\/\/secure.gravatar.com\/avatar\/97963171a6d9108f8381bbefb1c6b150c445b6ddd9e3077b96c86cf5892c85dc?s=96&d=mm&r=g\",\"contentUrl\":\"https:\/\/secure.gravatar.com\/avatar\/97963171a6d9108f8381bbefb1c6b150c445b6ddd9e3077b96c86cf5892c85dc?s=96&d=mm&r=g\",\"caption\":\"Dignity News\"},\"url\":\"https:\/\/dignitynews.eu\/pl\/author\/mikolaj-palade\/\"}]}<\/script>\n<!-- \/ Yoast SEO plugin. -->","yoast_head_json":{"title":"Gor\u0105cy dzie\u0144 w polskiej polityce. Skazani pos\u0142owie trafili do wi\u0119zienia - Godno\u015b\u0107 - DignityNews.eu","robots":{"index":"index","follow":"follow","max-snippet":"max-snippet:-1","max-image-preview":"max-image-preview:large","max-video-preview":"max-video-preview:-1"},"canonical":"https:\/\/dignitynews.eu\/pl\/goracy-dzien-w-polskiej-polityce-skazani-poslowie-trafili-do-wiezienia\/","og_locale":"pl_PL","og_type":"article","og_title":"Gor\u0105cy dzie\u0144 w polskiej polityce. Skazani pos\u0142owie trafili do wi\u0119zienia - Godno\u015b\u0107 - DignityNews.eu","og_description":"Skazani prawomocnie pos\u0142owie Mariusz Kami\u0144ski i Maciej W\u0105sik zostali zatrzymani we wtorek 9 stycznia ok. godz. 19 na terenie Pa\u0142acu Prezydenckiego, gdzie przebywali od godzin porannych. Nast\u0119pnie przewieziono ich do&hellip;","og_url":"https:\/\/dignitynews.eu\/pl\/goracy-dzien-w-polskiej-polityce-skazani-poslowie-trafili-do-wiezienia\/","og_site_name":"Godno\u015b\u0107 - DignityNews.eu","article_published_time":"2024-01-10T10:26:26+00:00","og_image":[{"width":1500,"height":811,"url":"https:\/\/dignitynews.eu\/wp-content\/uploads\/2024\/01\/Skazani-poslowie-trafili-do-wiezienia-fot.-Pawel-Wodzynski-East-News.jpg","type":"image\/jpeg"}],"author":"Dignity News","twitter_card":"summary_large_image","twitter_misc":{"Napisane przez":"Dignity News","Szacowany czas czytania":"2 minuty"},"schema":{"@context":"https:\/\/schema.org","@graph":[{"@type":"WebSite","@id":"https:\/\/dignitynews.eu\/pl\/#website","url":"https:\/\/dignitynews.eu\/pl\/","name":"Godno\u015b\u0107 - DignityNews.eu","description":"","potentialAction":[{"@type":"SearchAction","target":{"@type":"EntryPoint","urlTemplate":"https:\/\/dignitynews.eu\/pl\/?s={search_term_string}"},"query-input":"required name=search_term_string"}],"inLanguage":"pl-PL"},{"@type":"WebPage","@id":"https:\/\/dignitynews.eu\/pl\/goracy-dzien-w-polskiej-polityce-skazani-poslowie-trafili-do-wiezienia\/","url":"https:\/\/dignitynews.eu\/pl\/goracy-dzien-w-polskiej-polityce-skazani-poslowie-trafili-do-wiezienia\/","name":"Gor\u0105cy dzie\u0144 w polskiej polityce. Skazani pos\u0142owie trafili do wi\u0119zienia - Godno\u015b\u0107 - DignityNews.eu","isPartOf":{"@id":"https:\/\/dignitynews.eu\/pl\/#website"},"datePublished":"2024-01-10T10:26:26+00:00","dateModified":"2024-01-10T10:26:26+00:00","author":{"@id":"https:\/\/dignitynews.eu\/pl\/#\/schema\/person\/0b62b762b8174802fabc81a3ecb1bfcb"},"breadcrumb":{"@id":"https:\/\/dignitynews.eu\/pl\/goracy-dzien-w-polskiej-polityce-skazani-poslowie-trafili-do-wiezienia\/#breadcrumb"},"inLanguage":"pl-PL","potentialAction":[{"@type":"ReadAction","target":["https:\/\/dignitynews.eu\/pl\/goracy-dzien-w-polskiej-polityce-skazani-poslowie-trafili-do-wiezienia\/"]}]},{"@type":"BreadcrumbList","@id":"https:\/\/dignitynews.eu\/pl\/goracy-dzien-w-polskiej-polityce-skazani-poslowie-trafili-do-wiezienia\/#breadcrumb","itemListElement":[{"@type":"ListItem","position":1,"name":"Strona g\u0142\u00f3wna","item":"https:\/\/dignitynews.eu\/pl\/"},{"@type":"ListItem","position":2,"name":"Gor\u0105cy dzie\u0144 w polskiej polityce. Skazani pos\u0142owie trafili do wi\u0119zienia"}]},{"@type":"Person","@id":"https:\/\/dignitynews.eu\/pl\/#\/schema\/person\/0b62b762b8174802fabc81a3ecb1bfcb","name":"Dignity News","image":{"@type":"ImageObject","inLanguage":"pl-PL","@id":"https:\/\/dignitynews.eu\/pl\/#\/schema\/person\/image\/","url":"https:\/\/secure.gravatar.com\/avatar\/97963171a6d9108f8381bbefb1c6b150c445b6ddd9e3077b96c86cf5892c85dc?s=96&d=mm&r=g","contentUrl":"https:\/\/secure.gravatar.com\/avatar\/97963171a6d9108f8381bbefb1c6b150c445b6ddd9e3077b96c86cf5892c85dc?s=96&d=mm&r=g","caption":"Dignity News"},"url":"https:\/\/dignitynews.eu\/pl\/author\/mikolaj-palade\/"}]}},"_links":{"self":[{"href":"https:\/\/dignitynews.eu\/pl\/wp-json\/wp\/v2\/posts\/54835","targetHints":{"allow":["GET"]}}],"collection":[{"href":"https:\/\/dignitynews.eu\/pl\/wp-json\/wp\/v2\/posts"}],"about":[{"href":"https:\/\/dignitynews.eu\/pl\/wp-json\/wp\/v2\/types\/post"}],"author":[{"embeddable":true,"href":"https:\/\/dignitynews.eu\/pl\/wp-json\/wp\/v2\/users\/7"}],"replies":[{"embeddable":true,"href":"https:\/\/dignitynews.eu\/pl\/wp-json\/wp\/v2\/comments?post=54835"}],"version-history":[{"count":1,"href":"https:\/\/dignitynews.eu\/pl\/wp-json\/wp\/v2\/posts\/54835\/revisions"}],"predecessor-version":[{"id":54841,"href":"https:\/\/dignitynews.eu\/pl\/wp-json\/wp\/v2\/posts\/54835\/revisions\/54841"}],"wp:featuredmedia":[{"embeddable":true,"href":"https:\/\/dignitynews.eu\/pl\/wp-json\/wp\/v2\/media\/54836"}],"wp:attachment":[{"href":"https:\/\/dignitynews.eu\/pl\/wp-json\/wp\/v2\/media?parent=54835"}],"wp:term":[{"taxonomy":"category","embeddable":true,"href":"https:\/\/dignitynews.eu\/pl\/wp-json\/wp\/v2\/categories?post=54835"},{"taxonomy":"post_tag","embeddable":true,"href":"https:\/\/dignitynews.eu\/pl\/wp-json\/wp\/v2\/tags?post=54835"}],"curies":[{"name":"wp","href":"https:\/\/api.w.org\/{rel}","templated":true}]}}