{"id":54828,"date":"2024-01-10T11:25:25","date_gmt":"2024-01-10T10:25:25","guid":{"rendered":"https:\/\/dignitynews.eu\/?p=54828"},"modified":"2024-01-10T11:25:25","modified_gmt":"2024-01-10T10:25:25","slug":"jest-projekt-ustawy-o-wakacjach-od-skladki-zus","status":"publish","type":"post","link":"https:\/\/dignitynews.eu\/pl\/jest-projekt-ustawy-o-wakacjach-od-skladki-zus\/","title":{"rendered":"Jest projekt ustawy o wakacjach od sk\u0142adki ZUS"},"content":{"rendered":"<h5><strong>Projekt o wakacjach od sk\u0142adki ZUS p\u0142aconej przez osoby prowadz\u0105ce jednoosobow\u0105 dzia\u0142alno\u015b\u0107 gospodarcz\u0105 (JDG), kt\u00f3ry przewiduje zawieszenie jednej sk\u0142adki w roku, powinien trafi\u0107 do Sejmu do ko\u0144ca marca \u2013 zapowiedzia\u0142 podczas konferencji prasowej premier Donald Tusk. Poinformowa\u0142 przy tym, \u017ce urlop od sk\u0142adki ZUS nie wp\u0142ynie na wysoko\u015b\u0107 emerytury.<\/strong><\/h5>\n<p>Chodzi o to, aby mikroprzedsi\u0119biorcy, osoby samozatrudnione mog\u0142y podobnie jak inni pracuj\u0105cy, bo m\u00f3wimy tu osobach pracuj\u0105cych, mieli prawo tak\u017ce do urlopu, w kt\u00f3rym nie b\u0119d\u0105 obci\u0105\u017ceni finansowo sk\u0142adk\u0105 zusowsk\u0105 \u2013 m\u00f3wi\u0142 premier.<\/p>\n<p>Zapowiedzia\u0142 szybkie konsultacje, tak aby do ko\u0144ca marca stosowne ustawy trafi\u0142y do Sejmu. Ka\u017cdy mikroprzedsi\u0119biorca, samozatrudniony, osoby prowadz\u0105ce dzia\u0142alno\u015b\u0107 gospodarcz\u0105 b\u0119d\u0105 mog\u0142y wybra\u0107 jeden miesi\u0105c w roku wolny od sk\u0142adki ZUS-owskiej \u2013 poinformowa\u0142.<\/p>\n<p>To oznacza, \u017ce przedsi\u0119biorcy b\u0119d\u0105 mogli ten jeden miesi\u0105c w roku mie\u0107 wolny od sk\u0142adki zusowskiej i oznacza to tak\u017ce, \u017ce pa\u0144stwo za ten miesi\u0105c zap\u0142aci za sk\u0142adk\u0119, tak \u017ceby zachowa\u0107 ci\u0105g\u0142o\u015b\u0107 sk\u0142adki, tak by nikt nie straci\u0142 na tym urlopie w przysz\u0142o\u015bci, je\u015bli chodzi o wysoko\u015b\u0107 emerytury \u2013 podkre\u015bli\u0142 Donald Tusk.<\/p>\n<p>Wcze\u015bniej w wykazie prac legislacyjnych i programowych Rady Ministr\u00f3w podano, \u017ce Rada Ministr\u00f3w planuje przyj\u0105\u0107 w I kw. br. projekt ustawy o zmianie ustawy o systemie ubezpiecze\u0144 spo\u0142ecznych oraz niekt\u00f3rych innych ustaw, kt\u00f3ry wprowadzi instytucj\u0119 wakacji sk\u0142adkowych dla przedsi\u0119biorc\u00f3w prowadz\u0105cych jednoosobow\u0105 dzia\u0142alno\u015b\u0107 gospodarcz\u0105. Jak w\u00f3wczas informowano, wakacje proponowane mia\u0142y by\u0107 w wymiarze do 3 miesi\u0119cy w ci\u0105gu roku kalendarzowego. Jednak ostatecznie b\u0119dzie to 1 miesi\u0105c.<\/p>\n<p>Mam nadziej\u0119, \u017ce tutaj \u017cadnych innych przeszk\u00f3d nie b\u0119dzie, veta prezydenta i b\u0119dziemy mogli jeszcze w tym roku urlop dla polskich przedsi\u0119biorc\u00f3w i przedsi\u0119biorc\u00f3w wprowadzi\u0107 \u2013 podsumowa\u0142 Tusk.<\/p>\n<p>Adrian Andrzejewski<\/p>\n","protected":false},"excerpt":{"rendered":"<p>Projekt o wakacjach od sk\u0142adki ZUS p\u0142aconej przez osoby prowadz\u0105ce jednoosobow\u0105 dzia\u0142alno\u015b\u0107 gospodarcz\u0105 (JDG), kt\u00f3ry przewiduje zawieszenie jednej sk\u0142adki w roku, powinien trafi\u0107 do Sejmu do ko\u0144ca marca \u2013 zapowiedzia\u0142&hellip;<\/p>\n","protected":false},"author":7,"featured_media":54830,"comment_status":"closed","ping_status":"open","sticky":false,"template":"","format":"standard","meta":{"_mi_skip_tracking":false,"footnotes":""},"categories":[48],"tags":[],"class_list":["post-54828","post","type-post","status-publish","format-standard","has-post-thumbnail","hentry","category-gospodarka"],"yoast_head":"<!-- This site is optimized with the Yoast SEO plugin v19.4 - https:\/\/yoast.com\/wordpress\/plugins\/seo\/ -->\n<title>Jest projekt ustawy o wakacjach od sk\u0142adki ZUS - Godno\u015b\u0107 - DignityNews.eu<\/title>\n<meta name=\"robots\" content=\"index, follow, max-snippet:-1, max-image-preview:large, max-video-preview:-1\" \/>\n<link rel=\"canonical\" href=\"https:\/\/dignitynews.eu\/pl\/jest-projekt-ustawy-o-wakacjach-od-skladki-zus\/\" \/>\n<meta property=\"og:locale\" content=\"pl_PL\" \/>\n<meta property=\"og:type\" content=\"article\" \/>\n<meta property=\"og:title\" content=\"Jest projekt ustawy o wakacjach od sk\u0142adki ZUS - Godno\u015b\u0107 - DignityNews.eu\" \/>\n<meta property=\"og:description\" content=\"Projekt o wakacjach od sk\u0142adki ZUS p\u0142aconej przez osoby prowadz\u0105ce jednoosobow\u0105 dzia\u0142alno\u015b\u0107 gospodarcz\u0105 (JDG), kt\u00f3ry przewiduje zawieszenie jednej sk\u0142adki w roku, powinien trafi\u0107 do Sejmu do ko\u0144ca marca \u2013 zapowiedzia\u0142&hellip;\" \/>\n<meta property=\"og:url\" content=\"https:\/\/dignitynews.eu\/pl\/jest-projekt-ustawy-o-wakacjach-od-skladki-zus\/\" \/>\n<meta property=\"og:site_name\" content=\"Godno\u015b\u0107 - DignityNews.eu\" \/>\n<meta property=\"article:published_time\" content=\"2024-01-10T10:25:25+00:00\" \/>\n<meta property=\"og:image\" content=\"https:\/\/dignitynews.eu\/wp-content\/uploads\/2024\/01\/Wakacje-od-ZUS-fot.-ARKADIUSZ-ZIOLEK-East-News.jpg\" \/>\n\t<meta property=\"og:image:width\" content=\"1500\" \/>\n\t<meta property=\"og:image:height\" content=\"1000\" \/>\n\t<meta property=\"og:image:type\" content=\"image\/jpeg\" \/>\n<meta name=\"author\" content=\"Dignity News\" \/>\n<meta name=\"twitter:card\" content=\"summary_large_image\" \/>\n<meta name=\"twitter:label1\" content=\"Napisane przez\" \/>\n\t<meta name=\"twitter:data1\" content=\"Dignity News\" \/>\n\t<meta name=\"twitter:label2\" content=\"Szacowany czas czytania\" \/>\n\t<meta name=\"twitter:data2\" content=\"2 minuty\" \/>\n<script type=\"application\/ld+json\" class=\"yoast-schema-graph\">{\"@context\":\"https:\/\/schema.org\",\"@graph\":[{\"@type\":\"WebSite\",\"@id\":\"https:\/\/dignitynews.eu\/pl\/#website\",\"url\":\"https:\/\/dignitynews.eu\/pl\/\",\"name\":\"Godno\u015b\u0107 - DignityNews.eu\",\"description\":\"\",\"potentialAction\":[{\"@type\":\"SearchAction\",\"target\":{\"@type\":\"EntryPoint\",\"urlTemplate\":\"https:\/\/dignitynews.eu\/pl\/?s={search_term_string}\"},\"query-input\":\"required name=search_term_string\"}],\"inLanguage\":\"pl-PL\"},{\"@type\":\"WebPage\",\"@id\":\"https:\/\/dignitynews.eu\/pl\/jest-projekt-ustawy-o-wakacjach-od-skladki-zus\/\",\"url\":\"https:\/\/dignitynews.eu\/pl\/jest-projekt-ustawy-o-wakacjach-od-skladki-zus\/\",\"name\":\"Jest projekt ustawy o wakacjach od sk\u0142adki ZUS - Godno\u015b\u0107 - DignityNews.eu\",\"isPartOf\":{\"@id\":\"https:\/\/dignitynews.eu\/pl\/#website\"},\"datePublished\":\"2024-01-10T10:25:25+00:00\",\"dateModified\":\"2024-01-10T10:25:25+00:00\",\"author\":{\"@id\":\"https:\/\/dignitynews.eu\/pl\/#\/schema\/person\/0b62b762b8174802fabc81a3ecb1bfcb\"},\"breadcrumb\":{\"@id\":\"https:\/\/dignitynews.eu\/pl\/jest-projekt-ustawy-o-wakacjach-od-skladki-zus\/#breadcrumb\"},\"inLanguage\":\"pl-PL\",\"potentialAction\":[{\"@type\":\"ReadAction\",\"target\":[\"https:\/\/dignitynews.eu\/pl\/jest-projekt-ustawy-o-wakacjach-od-skladki-zus\/\"]}]},{\"@type\":\"BreadcrumbList\",\"@id\":\"https:\/\/dignitynews.eu\/pl\/jest-projekt-ustawy-o-wakacjach-od-skladki-zus\/#breadcrumb\",\"itemListElement\":[{\"@type\":\"ListItem\",\"position\":1,\"name\":\"Strona g\u0142\u00f3wna\",\"item\":\"https:\/\/dignitynews.eu\/pl\/\"},{\"@type\":\"ListItem\",\"position\":2,\"name\":\"Jest projekt ustawy o wakacjach od sk\u0142adki ZUS\"}]},{\"@type\":\"Person\",\"@id\":\"https:\/\/dignitynews.eu\/pl\/#\/schema\/person\/0b62b762b8174802fabc81a3ecb1bfcb\",\"name\":\"Dignity News\",\"image\":{\"@type\":\"ImageObject\",\"inLanguage\":\"pl-PL\",\"@id\":\"https:\/\/dignitynews.eu\/pl\/#\/schema\/person\/image\/\",\"url\":\"https:\/\/secure.gravatar.com\/avatar\/97963171a6d9108f8381bbefb1c6b150c445b6ddd9e3077b96c86cf5892c85dc?s=96&d=mm&r=g\",\"contentUrl\":\"https:\/\/secure.gravatar.com\/avatar\/97963171a6d9108f8381bbefb1c6b150c445b6ddd9e3077b96c86cf5892c85dc?s=96&d=mm&r=g\",\"caption\":\"Dignity News\"},\"url\":\"https:\/\/dignitynews.eu\/pl\/author\/mikolaj-palade\/\"}]}<\/script>\n<!-- \/ Yoast SEO plugin. -->","yoast_head_json":{"title":"Jest projekt ustawy o wakacjach od sk\u0142adki ZUS - Godno\u015b\u0107 - DignityNews.eu","robots":{"index":"index","follow":"follow","max-snippet":"max-snippet:-1","max-image-preview":"max-image-preview:large","max-video-preview":"max-video-preview:-1"},"canonical":"https:\/\/dignitynews.eu\/pl\/jest-projekt-ustawy-o-wakacjach-od-skladki-zus\/","og_locale":"pl_PL","og_type":"article","og_title":"Jest projekt ustawy o wakacjach od sk\u0142adki ZUS - Godno\u015b\u0107 - DignityNews.eu","og_description":"Projekt o wakacjach od sk\u0142adki ZUS p\u0142aconej przez osoby prowadz\u0105ce jednoosobow\u0105 dzia\u0142alno\u015b\u0107 gospodarcz\u0105 (JDG), kt\u00f3ry przewiduje zawieszenie jednej sk\u0142adki w roku, powinien trafi\u0107 do Sejmu do ko\u0144ca marca \u2013 zapowiedzia\u0142&hellip;","og_url":"https:\/\/dignitynews.eu\/pl\/jest-projekt-ustawy-o-wakacjach-od-skladki-zus\/","og_site_name":"Godno\u015b\u0107 - DignityNews.eu","article_published_time":"2024-01-10T10:25:25+00:00","og_image":[{"width":1500,"height":1000,"url":"https:\/\/dignitynews.eu\/wp-content\/uploads\/2024\/01\/Wakacje-od-ZUS-fot.-ARKADIUSZ-ZIOLEK-East-News.jpg","type":"image\/jpeg"}],"author":"Dignity News","twitter_card":"summary_large_image","twitter_misc":{"Napisane przez":"Dignity News","Szacowany czas czytania":"2 minuty"},"schema":{"@context":"https:\/\/schema.org","@graph":[{"@type":"WebSite","@id":"https:\/\/dignitynews.eu\/pl\/#website","url":"https:\/\/dignitynews.eu\/pl\/","name":"Godno\u015b\u0107 - DignityNews.eu","description":"","potentialAction":[{"@type":"SearchAction","target":{"@type":"EntryPoint","urlTemplate":"https:\/\/dignitynews.eu\/pl\/?s={search_term_string}"},"query-input":"required name=search_term_string"}],"inLanguage":"pl-PL"},{"@type":"WebPage","@id":"https:\/\/dignitynews.eu\/pl\/jest-projekt-ustawy-o-wakacjach-od-skladki-zus\/","url":"https:\/\/dignitynews.eu\/pl\/jest-projekt-ustawy-o-wakacjach-od-skladki-zus\/","name":"Jest projekt ustawy o wakacjach od sk\u0142adki ZUS - Godno\u015b\u0107 - DignityNews.eu","isPartOf":{"@id":"https:\/\/dignitynews.eu\/pl\/#website"},"datePublished":"2024-01-10T10:25:25+00:00","dateModified":"2024-01-10T10:25:25+00:00","author":{"@id":"https:\/\/dignitynews.eu\/pl\/#\/schema\/person\/0b62b762b8174802fabc81a3ecb1bfcb"},"breadcrumb":{"@id":"https:\/\/dignitynews.eu\/pl\/jest-projekt-ustawy-o-wakacjach-od-skladki-zus\/#breadcrumb"},"inLanguage":"pl-PL","potentialAction":[{"@type":"ReadAction","target":["https:\/\/dignitynews.eu\/pl\/jest-projekt-ustawy-o-wakacjach-od-skladki-zus\/"]}]},{"@type":"BreadcrumbList","@id":"https:\/\/dignitynews.eu\/pl\/jest-projekt-ustawy-o-wakacjach-od-skladki-zus\/#breadcrumb","itemListElement":[{"@type":"ListItem","position":1,"name":"Strona g\u0142\u00f3wna","item":"https:\/\/dignitynews.eu\/pl\/"},{"@type":"ListItem","position":2,"name":"Jest projekt ustawy o wakacjach od sk\u0142adki ZUS"}]},{"@type":"Person","@id":"https:\/\/dignitynews.eu\/pl\/#\/schema\/person\/0b62b762b8174802fabc81a3ecb1bfcb","name":"Dignity News","image":{"@type":"ImageObject","inLanguage":"pl-PL","@id":"https:\/\/dignitynews.eu\/pl\/#\/schema\/person\/image\/","url":"https:\/\/secure.gravatar.com\/avatar\/97963171a6d9108f8381bbefb1c6b150c445b6ddd9e3077b96c86cf5892c85dc?s=96&d=mm&r=g","contentUrl":"https:\/\/secure.gravatar.com\/avatar\/97963171a6d9108f8381bbefb1c6b150c445b6ddd9e3077b96c86cf5892c85dc?s=96&d=mm&r=g","caption":"Dignity News"},"url":"https:\/\/dignitynews.eu\/pl\/author\/mikolaj-palade\/"}]}},"_links":{"self":[{"href":"https:\/\/dignitynews.eu\/pl\/wp-json\/wp\/v2\/posts\/54828","targetHints":{"allow":["GET"]}}],"collection":[{"href":"https:\/\/dignitynews.eu\/pl\/wp-json\/wp\/v2\/posts"}],"about":[{"href":"https:\/\/dignitynews.eu\/pl\/wp-json\/wp\/v2\/types\/post"}],"author":[{"embeddable":true,"href":"https:\/\/dignitynews.eu\/pl\/wp-json\/wp\/v2\/users\/7"}],"replies":[{"embeddable":true,"href":"https:\/\/dignitynews.eu\/pl\/wp-json\/wp\/v2\/comments?post=54828"}],"version-history":[{"count":1,"href":"https:\/\/dignitynews.eu\/pl\/wp-json\/wp\/v2\/posts\/54828\/revisions"}],"predecessor-version":[{"id":54829,"href":"https:\/\/dignitynews.eu\/pl\/wp-json\/wp\/v2\/posts\/54828\/revisions\/54829"}],"wp:featuredmedia":[{"embeddable":true,"href":"https:\/\/dignitynews.eu\/pl\/wp-json\/wp\/v2\/media\/54830"}],"wp:attachment":[{"href":"https:\/\/dignitynews.eu\/pl\/wp-json\/wp\/v2\/media?parent=54828"}],"wp:term":[{"taxonomy":"category","embeddable":true,"href":"https:\/\/dignitynews.eu\/pl\/wp-json\/wp\/v2\/categories?post=54828"},{"taxonomy":"post_tag","embeddable":true,"href":"https:\/\/dignitynews.eu\/pl\/wp-json\/wp\/v2\/tags?post=54828"}],"curies":[{"name":"wp","href":"https:\/\/api.w.org\/{rel}","templated":true}]}}