{"id":54814,"date":"2024-01-10T11:23:27","date_gmt":"2024-01-10T10:23:27","guid":{"rendered":"https:\/\/dignitynews.eu\/?p=54814"},"modified":"2024-01-10T11:23:27","modified_gmt":"2024-01-10T10:23:27","slug":"wnetrze-tadeusz-kantor-w-zbiorach-muzeum-slaskiego-i-cricoteki","status":"publish","type":"post","link":"https:\/\/dignitynews.eu\/pl\/wnetrze-tadeusz-kantor-w-zbiorach-muzeum-slaskiego-i-cricoteki\/","title":{"rendered":"\u201eWn\u0119trze. Tadeusz Kantor w zbiorach Muzeum \u015al\u0105skiego i Cricoteki\u201d"},"content":{"rendered":"<h5><strong>Do 7 kwietnia 2024 r. w Muzeum \u015al\u0105skim w Katowicach prezentowana jest wystawa \u201eWn\u0119trze. Tadeusz Kantor w zbiorach Muzeum \u015al\u0105skiego i Cricoteki\u201d.<\/strong><\/h5>\n<p>Na ekspozycji przedstawiono cykl rysunk\u00f3w ze zbior\u00f3w Muzeum \u015al\u0105skiego w Katowicach oraz obiekty przestrzenne z kolekcji O\u015brodka Dokumentacji Sztuki Tadeusza Kantora Cricoteka. Zaprezentowano prze\u0142omowe osi\u0105gni\u0119cia tego wielkiego artysty. Wystawie nadano charakter architektonicznej instalacji, kt\u00f3rej forma jest efektem interpretacji znaczenia \u201ewn\u0119trza\u201d w kontek\u015bcie kszta\u0142towania i re\u017cyserowania przestrzeni wystawienniczej, a tak\u017ce metaforycznie uj\u0119tego zagadnienia pracowni artysty. Mo\u017cna pokusi\u0107 si\u0119 o jeszcze szersze rozumienie odnosz\u0105ce si\u0119 do wyobra\u017ani tw\u00f3rcy, kt\u00f3ry w drugiej po\u0142owie lat 80. XX wieku podsumowa\u0142 swoje dokonania, szczeg\u00f3lnie w takich spektaklach Teatru Cricot 2, jak:\u00a0Niech sczezn\u0105 arty\u015bci\u00a0(1984) i\u00a0Nigdy tu ju\u017c nie powr\u00f3c\u0119\u00a0(1988).<\/p>\n<p>Jak podkre\u015bla Muzeum \u015al\u0105skie, scenariusz wystawy uwzgl\u0119dnia charakter dzie\u0142a totalnego, realizowanego w r\u00f3\u017cnych dziedzinach sztuki, a jednocze\u015bnie zachowuje syntetyczn\u0105 narracj\u0119 prezentuj\u0105c\u0105 ewolucj\u0119 artystycznych idei Tadeusza Kantora.<\/p>\n<p>Artystyczn\u0105 biografi\u0119 Tadeusza Kantora (ur. w 1915 roku w Wielopolu Skrzy\u0144skim, zm. w 1990 roku w Krakowie) rozpoczynaj\u0105 projekty scenograficzne z 1943 roku, dokumentuj\u0105ce czas tu\u017c po studiach w Akademii Sztuk Pi\u0119knych w Krakowie. W\u00f3wczas tw\u00f3rca pracowa\u0142 nad koncepcj\u0105 spektaklu\u00a0Powr\u00f3t Odysa, wystawionego w 1944 roku z grup\u0105 artyst\u00f3w Podziemnego Teatru Niezale\u017cnego. We wn\u0119trzu ekspozycji rysunki z lat 1955\u20131987 sygnalizuj\u0105 ewolucj\u0119 artystycznych idei. Szkic kurtyny do spektaklu\u00a0Cyrk\u00a0Kazimierza Mikulskiego (1957) wskazuje czas narodzin Teatru Cricot 2. Kolejne projekty i rysunki do spektakli\u00a0W ma\u0142ym dworku\u00a0(1961),\u00a0Nadobnisie i koczkodany\u00a0(1973), a tak\u017ce paryskiej premiery\u00a0Szewc\u00f3w\u00a0(1972) wi\u0105\u017c\u0105 si\u0119 z prac\u0105 nad przedstawieniami inspirowanymi dramatami Stanis\u0142awa Ignacego Witkiewicza.<\/p>\n<p>Adrian Andrzejewski<\/p>\n","protected":false},"excerpt":{"rendered":"<p>Do 7 kwietnia 2024 r. w Muzeum \u015al\u0105skim w Katowicach prezentowana jest wystawa \u201eWn\u0119trze. Tadeusz Kantor w zbiorach Muzeum \u015al\u0105skiego i Cricoteki\u201d. Na ekspozycji przedstawiono cykl rysunk\u00f3w ze zbior\u00f3w Muzeum&hellip;<\/p>\n","protected":false},"author":7,"featured_media":54815,"comment_status":"closed","ping_status":"open","sticky":false,"template":"","format":"standard","meta":{"_mi_skip_tracking":false,"footnotes":""},"categories":[50],"tags":[],"class_list":["post-54814","post","type-post","status-publish","format-standard","has-post-thumbnail","hentry","category-kultura"],"yoast_head":"<!-- This site is optimized with the Yoast SEO plugin v19.4 - https:\/\/yoast.com\/wordpress\/plugins\/seo\/ -->\n<title>\u201eWn\u0119trze. Tadeusz Kantor w zbiorach Muzeum \u015al\u0105skiego i Cricoteki\u201d - Godno\u015b\u0107 - DignityNews.eu<\/title>\n<meta name=\"robots\" content=\"index, follow, max-snippet:-1, max-image-preview:large, max-video-preview:-1\" \/>\n<link rel=\"canonical\" href=\"https:\/\/dignitynews.eu\/pl\/wnetrze-tadeusz-kantor-w-zbiorach-muzeum-slaskiego-i-cricoteki\/\" \/>\n<meta property=\"og:locale\" content=\"pl_PL\" \/>\n<meta property=\"og:type\" content=\"article\" \/>\n<meta property=\"og:title\" content=\"\u201eWn\u0119trze. Tadeusz Kantor w zbiorach Muzeum \u015al\u0105skiego i Cricoteki\u201d - Godno\u015b\u0107 - DignityNews.eu\" \/>\n<meta property=\"og:description\" content=\"Do 7 kwietnia 2024 r. w Muzeum \u015al\u0105skim w Katowicach prezentowana jest wystawa \u201eWn\u0119trze. Tadeusz Kantor w zbiorach Muzeum \u015al\u0105skiego i Cricoteki\u201d. Na ekspozycji przedstawiono cykl rysunk\u00f3w ze zbior\u00f3w Muzeum&hellip;\" \/>\n<meta property=\"og:url\" content=\"https:\/\/dignitynews.eu\/pl\/wnetrze-tadeusz-kantor-w-zbiorach-muzeum-slaskiego-i-cricoteki\/\" \/>\n<meta property=\"og:site_name\" content=\"Godno\u015b\u0107 - DignityNews.eu\" \/>\n<meta property=\"article:published_time\" content=\"2024-01-10T10:23:27+00:00\" \/>\n<meta property=\"og:image\" content=\"https:\/\/dignitynews.eu\/wp-content\/uploads\/2024\/01\/\u201eWnetrze.-Tadeusz-Kantor-w-zbiorach-Muzeum-Slaskiego-i-Cricoteki-fot.-Muzeum-Slaskie-w-Katowicach.jpg\" \/>\n\t<meta property=\"og:image:width\" content=\"1200\" \/>\n\t<meta property=\"og:image:height\" content=\"577\" \/>\n\t<meta property=\"og:image:type\" content=\"image\/jpeg\" \/>\n<meta name=\"author\" content=\"Dignity News\" \/>\n<meta name=\"twitter:card\" content=\"summary_large_image\" \/>\n<meta name=\"twitter:label1\" content=\"Napisane przez\" \/>\n\t<meta name=\"twitter:data1\" content=\"Dignity News\" \/>\n\t<meta name=\"twitter:label2\" content=\"Szacowany czas czytania\" \/>\n\t<meta name=\"twitter:data2\" content=\"1 minuta\" \/>\n<script type=\"application\/ld+json\" class=\"yoast-schema-graph\">{\"@context\":\"https:\/\/schema.org\",\"@graph\":[{\"@type\":\"WebSite\",\"@id\":\"https:\/\/dignitynews.eu\/pl\/#website\",\"url\":\"https:\/\/dignitynews.eu\/pl\/\",\"name\":\"Godno\u015b\u0107 - DignityNews.eu\",\"description\":\"\",\"potentialAction\":[{\"@type\":\"SearchAction\",\"target\":{\"@type\":\"EntryPoint\",\"urlTemplate\":\"https:\/\/dignitynews.eu\/pl\/?s={search_term_string}\"},\"query-input\":\"required name=search_term_string\"}],\"inLanguage\":\"pl-PL\"},{\"@type\":\"WebPage\",\"@id\":\"https:\/\/dignitynews.eu\/pl\/wnetrze-tadeusz-kantor-w-zbiorach-muzeum-slaskiego-i-cricoteki\/\",\"url\":\"https:\/\/dignitynews.eu\/pl\/wnetrze-tadeusz-kantor-w-zbiorach-muzeum-slaskiego-i-cricoteki\/\",\"name\":\"\u201eWn\u0119trze. Tadeusz Kantor w zbiorach Muzeum \u015al\u0105skiego i Cricoteki\u201d - Godno\u015b\u0107 - DignityNews.eu\",\"isPartOf\":{\"@id\":\"https:\/\/dignitynews.eu\/pl\/#website\"},\"datePublished\":\"2024-01-10T10:23:27+00:00\",\"dateModified\":\"2024-01-10T10:23:27+00:00\",\"author\":{\"@id\":\"https:\/\/dignitynews.eu\/pl\/#\/schema\/person\/0b62b762b8174802fabc81a3ecb1bfcb\"},\"breadcrumb\":{\"@id\":\"https:\/\/dignitynews.eu\/pl\/wnetrze-tadeusz-kantor-w-zbiorach-muzeum-slaskiego-i-cricoteki\/#breadcrumb\"},\"inLanguage\":\"pl-PL\",\"potentialAction\":[{\"@type\":\"ReadAction\",\"target\":[\"https:\/\/dignitynews.eu\/pl\/wnetrze-tadeusz-kantor-w-zbiorach-muzeum-slaskiego-i-cricoteki\/\"]}]},{\"@type\":\"BreadcrumbList\",\"@id\":\"https:\/\/dignitynews.eu\/pl\/wnetrze-tadeusz-kantor-w-zbiorach-muzeum-slaskiego-i-cricoteki\/#breadcrumb\",\"itemListElement\":[{\"@type\":\"ListItem\",\"position\":1,\"name\":\"Strona g\u0142\u00f3wna\",\"item\":\"https:\/\/dignitynews.eu\/pl\/\"},{\"@type\":\"ListItem\",\"position\":2,\"name\":\"\u201eWn\u0119trze. Tadeusz Kantor w zbiorach Muzeum \u015al\u0105skiego i Cricoteki\u201d\"}]},{\"@type\":\"Person\",\"@id\":\"https:\/\/dignitynews.eu\/pl\/#\/schema\/person\/0b62b762b8174802fabc81a3ecb1bfcb\",\"name\":\"Dignity News\",\"image\":{\"@type\":\"ImageObject\",\"inLanguage\":\"pl-PL\",\"@id\":\"https:\/\/dignitynews.eu\/pl\/#\/schema\/person\/image\/\",\"url\":\"https:\/\/secure.gravatar.com\/avatar\/97963171a6d9108f8381bbefb1c6b150c445b6ddd9e3077b96c86cf5892c85dc?s=96&d=mm&r=g\",\"contentUrl\":\"https:\/\/secure.gravatar.com\/avatar\/97963171a6d9108f8381bbefb1c6b150c445b6ddd9e3077b96c86cf5892c85dc?s=96&d=mm&r=g\",\"caption\":\"Dignity News\"},\"url\":\"https:\/\/dignitynews.eu\/pl\/author\/mikolaj-palade\/\"}]}<\/script>\n<!-- \/ Yoast SEO plugin. -->","yoast_head_json":{"title":"\u201eWn\u0119trze. Tadeusz Kantor w zbiorach Muzeum \u015al\u0105skiego i Cricoteki\u201d - Godno\u015b\u0107 - DignityNews.eu","robots":{"index":"index","follow":"follow","max-snippet":"max-snippet:-1","max-image-preview":"max-image-preview:large","max-video-preview":"max-video-preview:-1"},"canonical":"https:\/\/dignitynews.eu\/pl\/wnetrze-tadeusz-kantor-w-zbiorach-muzeum-slaskiego-i-cricoteki\/","og_locale":"pl_PL","og_type":"article","og_title":"\u201eWn\u0119trze. Tadeusz Kantor w zbiorach Muzeum \u015al\u0105skiego i Cricoteki\u201d - Godno\u015b\u0107 - DignityNews.eu","og_description":"Do 7 kwietnia 2024 r. w Muzeum \u015al\u0105skim w Katowicach prezentowana jest wystawa \u201eWn\u0119trze. Tadeusz Kantor w zbiorach Muzeum \u015al\u0105skiego i Cricoteki\u201d. Na ekspozycji przedstawiono cykl rysunk\u00f3w ze zbior\u00f3w Muzeum&hellip;","og_url":"https:\/\/dignitynews.eu\/pl\/wnetrze-tadeusz-kantor-w-zbiorach-muzeum-slaskiego-i-cricoteki\/","og_site_name":"Godno\u015b\u0107 - DignityNews.eu","article_published_time":"2024-01-10T10:23:27+00:00","og_image":[{"width":1200,"height":577,"url":"https:\/\/dignitynews.eu\/wp-content\/uploads\/2024\/01\/\u201eWnetrze.-Tadeusz-Kantor-w-zbiorach-Muzeum-Slaskiego-i-Cricoteki-fot.-Muzeum-Slaskie-w-Katowicach.jpg","type":"image\/jpeg"}],"author":"Dignity News","twitter_card":"summary_large_image","twitter_misc":{"Napisane przez":"Dignity News","Szacowany czas czytania":"1 minuta"},"schema":{"@context":"https:\/\/schema.org","@graph":[{"@type":"WebSite","@id":"https:\/\/dignitynews.eu\/pl\/#website","url":"https:\/\/dignitynews.eu\/pl\/","name":"Godno\u015b\u0107 - DignityNews.eu","description":"","potentialAction":[{"@type":"SearchAction","target":{"@type":"EntryPoint","urlTemplate":"https:\/\/dignitynews.eu\/pl\/?s={search_term_string}"},"query-input":"required name=search_term_string"}],"inLanguage":"pl-PL"},{"@type":"WebPage","@id":"https:\/\/dignitynews.eu\/pl\/wnetrze-tadeusz-kantor-w-zbiorach-muzeum-slaskiego-i-cricoteki\/","url":"https:\/\/dignitynews.eu\/pl\/wnetrze-tadeusz-kantor-w-zbiorach-muzeum-slaskiego-i-cricoteki\/","name":"\u201eWn\u0119trze. Tadeusz Kantor w zbiorach Muzeum \u015al\u0105skiego i Cricoteki\u201d - Godno\u015b\u0107 - DignityNews.eu","isPartOf":{"@id":"https:\/\/dignitynews.eu\/pl\/#website"},"datePublished":"2024-01-10T10:23:27+00:00","dateModified":"2024-01-10T10:23:27+00:00","author":{"@id":"https:\/\/dignitynews.eu\/pl\/#\/schema\/person\/0b62b762b8174802fabc81a3ecb1bfcb"},"breadcrumb":{"@id":"https:\/\/dignitynews.eu\/pl\/wnetrze-tadeusz-kantor-w-zbiorach-muzeum-slaskiego-i-cricoteki\/#breadcrumb"},"inLanguage":"pl-PL","potentialAction":[{"@type":"ReadAction","target":["https:\/\/dignitynews.eu\/pl\/wnetrze-tadeusz-kantor-w-zbiorach-muzeum-slaskiego-i-cricoteki\/"]}]},{"@type":"BreadcrumbList","@id":"https:\/\/dignitynews.eu\/pl\/wnetrze-tadeusz-kantor-w-zbiorach-muzeum-slaskiego-i-cricoteki\/#breadcrumb","itemListElement":[{"@type":"ListItem","position":1,"name":"Strona g\u0142\u00f3wna","item":"https:\/\/dignitynews.eu\/pl\/"},{"@type":"ListItem","position":2,"name":"\u201eWn\u0119trze. Tadeusz Kantor w zbiorach Muzeum \u015al\u0105skiego i Cricoteki\u201d"}]},{"@type":"Person","@id":"https:\/\/dignitynews.eu\/pl\/#\/schema\/person\/0b62b762b8174802fabc81a3ecb1bfcb","name":"Dignity News","image":{"@type":"ImageObject","inLanguage":"pl-PL","@id":"https:\/\/dignitynews.eu\/pl\/#\/schema\/person\/image\/","url":"https:\/\/secure.gravatar.com\/avatar\/97963171a6d9108f8381bbefb1c6b150c445b6ddd9e3077b96c86cf5892c85dc?s=96&d=mm&r=g","contentUrl":"https:\/\/secure.gravatar.com\/avatar\/97963171a6d9108f8381bbefb1c6b150c445b6ddd9e3077b96c86cf5892c85dc?s=96&d=mm&r=g","caption":"Dignity News"},"url":"https:\/\/dignitynews.eu\/pl\/author\/mikolaj-palade\/"}]}},"_links":{"self":[{"href":"https:\/\/dignitynews.eu\/pl\/wp-json\/wp\/v2\/posts\/54814","targetHints":{"allow":["GET"]}}],"collection":[{"href":"https:\/\/dignitynews.eu\/pl\/wp-json\/wp\/v2\/posts"}],"about":[{"href":"https:\/\/dignitynews.eu\/pl\/wp-json\/wp\/v2\/types\/post"}],"author":[{"embeddable":true,"href":"https:\/\/dignitynews.eu\/pl\/wp-json\/wp\/v2\/users\/7"}],"replies":[{"embeddable":true,"href":"https:\/\/dignitynews.eu\/pl\/wp-json\/wp\/v2\/comments?post=54814"}],"version-history":[{"count":1,"href":"https:\/\/dignitynews.eu\/pl\/wp-json\/wp\/v2\/posts\/54814\/revisions"}],"predecessor-version":[{"id":54820,"href":"https:\/\/dignitynews.eu\/pl\/wp-json\/wp\/v2\/posts\/54814\/revisions\/54820"}],"wp:featuredmedia":[{"embeddable":true,"href":"https:\/\/dignitynews.eu\/pl\/wp-json\/wp\/v2\/media\/54815"}],"wp:attachment":[{"href":"https:\/\/dignitynews.eu\/pl\/wp-json\/wp\/v2\/media?parent=54814"}],"wp:term":[{"taxonomy":"category","embeddable":true,"href":"https:\/\/dignitynews.eu\/pl\/wp-json\/wp\/v2\/categories?post=54814"},{"taxonomy":"post_tag","embeddable":true,"href":"https:\/\/dignitynews.eu\/pl\/wp-json\/wp\/v2\/tags?post=54814"}],"curies":[{"name":"wp","href":"https:\/\/api.w.org\/{rel}","templated":true}]}}