{"id":54701,"date":"2024-01-09T14:08:02","date_gmt":"2024-01-09T13:08:02","guid":{"rendered":"https:\/\/dignitynews.eu\/?p=54701"},"modified":"2024-01-09T14:08:02","modified_gmt":"2024-01-09T13:08:02","slug":"zdjecia-fotoreportera-pierwszej-polskiej-agencji-fotograficznej-w-fototece-muzeum-powstania-warszawskiego","status":"publish","type":"post","link":"https:\/\/dignitynews.eu\/pl\/zdjecia-fotoreportera-pierwszej-polskiej-agencji-fotograficznej-w-fototece-muzeum-powstania-warszawskiego\/","title":{"rendered":"Zdj\u0119cia fotoreportera pierwszej polskiej agencji fotograficznej w Fototece Muzeum Powstania Warszawskiego"},"content":{"rendered":"<h5>Ponad 1700 zdj\u0119\u0107 W\u0142adys\u0142awa Toczy\u0142owskiego\u00a0 mo\u017cna ogl\u0105da\u0107 w Fototece Muzeum Powstania Warszawskiego. Negatywy zdj\u0119\u0107 fotoreportera pierwszej polskiej agencji fotograficznej zosta\u0142y zdigitalizowane za pomoc\u0105 zaawansowanych narz\u0119dzi technicznych.<\/h5>\n<p>Kolekcja zdj\u0119\u0107 Toczy\u0142owskiego oddaje natur\u0119 \u00f3wczesnego polskiego fotoreporta\u017cu prasowego, kt\u00f3rego kanony dopiero si\u0119 wykuwa\u0142y; jest w nim jeszcze pewna statyczno\u015b\u0107 i ujednolicenie perspektywy w ramach tego samego dokumentowanego wydarzenia. W przedstawianiu oficjalnych wydarze\u0144 i postaci sceny politycznej i wojskowej, autor trzyma\u0142 si\u0119 \u00f3wcze\u015bnie przyj\u0119tej \u201efasadowej\u201d konwencji, wymaganej przez \u015brodowiska rz\u0105dowe, a co za tym idzie pras\u0119, uzale\u017cnion\u0105 od p\u0142atnych og\u0142osze\u0144 \u2013 r\u00f3wnie\u017c pa\u0144stwowych.<\/p>\n<p>Na kolekcj\u0119 w Fototece warszawskiego muzeum w du\u017cej mierze sk\u0142adaj\u0105 si\u0119 reporta\u017ce dokumentuj\u0105ce wydarzenia, odbywaj\u0105ce si\u0119 w Warszawie, takie jak uroczysto\u015bci zwi\u0105zane z ods\u0142oni\u0119ciem w Warszawie pomnika Lotnika na pl. Unii Lubelskiej, pomnika Kili\u0144skiego na pl. Krasi\u0144skich czy te\u017c pomnika Poleg\u0142ym Saperom na rogu ul. 6 Sierpnia i Topolowej (obecnie to skrzy\u017cowanie ul. Nowowiejskiej z Al. Niepodleg\u0142o\u015bci).<\/p>\n<p>W\u015br\u00f3d eksponat\u00f3w s\u0105 tak\u017ce zdj\u0119cia z parad woz\u00f3w cech\u00f3w rzemie\u015blniczych i zawod\u00f3w balonowych Gordona Bennetta pokazuj\u0105ce zar\u00f3wno poczucie humoru tw\u00f3rcy, objawiaj\u0105ce si\u0119 w fotografowaniu zabawnych scenek i \u015bmiej\u0105cej si\u0119 publiczno\u015bci, jak i artystyczn\u0105 wra\u017cliwo\u015b\u0107, widoczn\u0105 w pejza\u017cowych uj\u0119ciach lataj\u0105cych balon\u00f3w.<\/p>\n<p>W\u0142adys\u0142aw Toczy\u0142owski, ur. w 1898 r., w okresie mi\u0119dzywojennym by\u0142 wsp\u00f3\u0142pracownikiem\u00a0 Agencji Prasowo-Fotograficznej \u201ePropaganda\u201d pierwszej agencji fotograficznej w Polsce. Pami\u0119tajmy, ze w\u00f3wczas jeszcze termin \u201epropaganda\u201d nie obci\u0105\u017cony pejoratywnymi skojarzeniami z re\u017cimami totalitarnymi, oznacza\u0142 po prostu krzewienie, popularyzacj\u0119, propagowanie. Za\u0142o\u017cycielem agencji by\u0142 Marian Fuks, s\u0142ynna posta\u0107 w prasowym \u015brodowisku na terenie najpierw Kr\u00f3lestwa Polskiego, a potem II RP.<\/p>\n<p>Arkadiusz S\u0142omczy\u0144ski<\/p>\n","protected":false},"excerpt":{"rendered":"<p>Ponad 1700 zdj\u0119\u0107 W\u0142adys\u0142awa Toczy\u0142owskiego\u00a0 mo\u017cna ogl\u0105da\u0107 w Fototece Muzeum Powstania Warszawskiego. Negatywy zdj\u0119\u0107 fotoreportera pierwszej polskiej agencji fotograficznej zosta\u0142y zdigitalizowane za pomoc\u0105 zaawansowanych narz\u0119dzi technicznych. Kolekcja zdj\u0119\u0107 Toczy\u0142owskiego oddaje&hellip;<\/p>\n","protected":false},"author":7,"featured_media":54702,"comment_status":"closed","ping_status":"open","sticky":false,"template":"","format":"standard","meta":{"_mi_skip_tracking":false,"footnotes":""},"categories":[50],"tags":[],"class_list":["post-54701","post","type-post","status-publish","format-standard","has-post-thumbnail","hentry","category-kultura"],"yoast_head":"<!-- This site is optimized with the Yoast SEO plugin v19.4 - https:\/\/yoast.com\/wordpress\/plugins\/seo\/ -->\n<title>Zdj\u0119cia fotoreportera pierwszej polskiej agencji fotograficznej w Fototece Muzeum Powstania Warszawskiego - Godno\u015b\u0107 - DignityNews.eu<\/title>\n<meta name=\"robots\" content=\"index, follow, max-snippet:-1, max-image-preview:large, max-video-preview:-1\" \/>\n<link rel=\"canonical\" href=\"https:\/\/dignitynews.eu\/pl\/zdjecia-fotoreportera-pierwszej-polskiej-agencji-fotograficznej-w-fototece-muzeum-powstania-warszawskiego\/\" \/>\n<meta property=\"og:locale\" content=\"pl_PL\" \/>\n<meta property=\"og:type\" content=\"article\" \/>\n<meta property=\"og:title\" content=\"Zdj\u0119cia fotoreportera pierwszej polskiej agencji fotograficznej w Fototece Muzeum Powstania Warszawskiego - Godno\u015b\u0107 - DignityNews.eu\" \/>\n<meta property=\"og:description\" content=\"Ponad 1700 zdj\u0119\u0107 W\u0142adys\u0142awa Toczy\u0142owskiego\u00a0 mo\u017cna ogl\u0105da\u0107 w Fototece Muzeum Powstania Warszawskiego. Negatywy zdj\u0119\u0107 fotoreportera pierwszej polskiej agencji fotograficznej zosta\u0142y zdigitalizowane za pomoc\u0105 zaawansowanych narz\u0119dzi technicznych. Kolekcja zdj\u0119\u0107 Toczy\u0142owskiego oddaje&hellip;\" \/>\n<meta property=\"og:url\" content=\"https:\/\/dignitynews.eu\/pl\/zdjecia-fotoreportera-pierwszej-polskiej-agencji-fotograficznej-w-fototece-muzeum-powstania-warszawskiego\/\" \/>\n<meta property=\"og:site_name\" content=\"Godno\u015b\u0107 - DignityNews.eu\" \/>\n<meta property=\"article:published_time\" content=\"2024-01-09T13:08:02+00:00\" \/>\n<meta property=\"og:image\" content=\"https:\/\/dignitynews.eu\/wp-content\/uploads\/2024\/01\/zdjecia-fotoreportera-fot.-Wojciech-Olkusnik-East-News.jpg\" \/>\n\t<meta property=\"og:image:width\" content=\"1500\" \/>\n\t<meta property=\"og:image:height\" content=\"1000\" \/>\n\t<meta property=\"og:image:type\" content=\"image\/jpeg\" \/>\n<meta name=\"author\" content=\"Dignity News\" \/>\n<meta name=\"twitter:card\" content=\"summary_large_image\" \/>\n<meta name=\"twitter:label1\" content=\"Napisane przez\" \/>\n\t<meta name=\"twitter:data1\" content=\"Dignity News\" \/>\n\t<meta name=\"twitter:label2\" content=\"Szacowany czas czytania\" \/>\n\t<meta name=\"twitter:data2\" content=\"2 minuty\" \/>\n<script type=\"application\/ld+json\" class=\"yoast-schema-graph\">{\"@context\":\"https:\/\/schema.org\",\"@graph\":[{\"@type\":\"WebSite\",\"@id\":\"https:\/\/dignitynews.eu\/pl\/#website\",\"url\":\"https:\/\/dignitynews.eu\/pl\/\",\"name\":\"Godno\u015b\u0107 - DignityNews.eu\",\"description\":\"\",\"potentialAction\":[{\"@type\":\"SearchAction\",\"target\":{\"@type\":\"EntryPoint\",\"urlTemplate\":\"https:\/\/dignitynews.eu\/pl\/?s={search_term_string}\"},\"query-input\":\"required name=search_term_string\"}],\"inLanguage\":\"pl-PL\"},{\"@type\":\"WebPage\",\"@id\":\"https:\/\/dignitynews.eu\/pl\/zdjecia-fotoreportera-pierwszej-polskiej-agencji-fotograficznej-w-fototece-muzeum-powstania-warszawskiego\/\",\"url\":\"https:\/\/dignitynews.eu\/pl\/zdjecia-fotoreportera-pierwszej-polskiej-agencji-fotograficznej-w-fototece-muzeum-powstania-warszawskiego\/\",\"name\":\"Zdj\u0119cia fotoreportera pierwszej polskiej agencji fotograficznej w Fototece Muzeum Powstania Warszawskiego - Godno\u015b\u0107 - DignityNews.eu\",\"isPartOf\":{\"@id\":\"https:\/\/dignitynews.eu\/pl\/#website\"},\"datePublished\":\"2024-01-09T13:08:02+00:00\",\"dateModified\":\"2024-01-09T13:08:02+00:00\",\"author\":{\"@id\":\"https:\/\/dignitynews.eu\/pl\/#\/schema\/person\/0b62b762b8174802fabc81a3ecb1bfcb\"},\"breadcrumb\":{\"@id\":\"https:\/\/dignitynews.eu\/pl\/zdjecia-fotoreportera-pierwszej-polskiej-agencji-fotograficznej-w-fototece-muzeum-powstania-warszawskiego\/#breadcrumb\"},\"inLanguage\":\"pl-PL\",\"potentialAction\":[{\"@type\":\"ReadAction\",\"target\":[\"https:\/\/dignitynews.eu\/pl\/zdjecia-fotoreportera-pierwszej-polskiej-agencji-fotograficznej-w-fototece-muzeum-powstania-warszawskiego\/\"]}]},{\"@type\":\"BreadcrumbList\",\"@id\":\"https:\/\/dignitynews.eu\/pl\/zdjecia-fotoreportera-pierwszej-polskiej-agencji-fotograficznej-w-fototece-muzeum-powstania-warszawskiego\/#breadcrumb\",\"itemListElement\":[{\"@type\":\"ListItem\",\"position\":1,\"name\":\"Strona g\u0142\u00f3wna\",\"item\":\"https:\/\/dignitynews.eu\/pl\/\"},{\"@type\":\"ListItem\",\"position\":2,\"name\":\"Zdj\u0119cia fotoreportera pierwszej polskiej agencji fotograficznej w Fototece Muzeum Powstania Warszawskiego\"}]},{\"@type\":\"Person\",\"@id\":\"https:\/\/dignitynews.eu\/pl\/#\/schema\/person\/0b62b762b8174802fabc81a3ecb1bfcb\",\"name\":\"Dignity News\",\"image\":{\"@type\":\"ImageObject\",\"inLanguage\":\"pl-PL\",\"@id\":\"https:\/\/dignitynews.eu\/pl\/#\/schema\/person\/image\/\",\"url\":\"https:\/\/secure.gravatar.com\/avatar\/97963171a6d9108f8381bbefb1c6b150c445b6ddd9e3077b96c86cf5892c85dc?s=96&d=mm&r=g\",\"contentUrl\":\"https:\/\/secure.gravatar.com\/avatar\/97963171a6d9108f8381bbefb1c6b150c445b6ddd9e3077b96c86cf5892c85dc?s=96&d=mm&r=g\",\"caption\":\"Dignity News\"},\"url\":\"https:\/\/dignitynews.eu\/pl\/author\/mikolaj-palade\/\"}]}<\/script>\n<!-- \/ Yoast SEO plugin. -->","yoast_head_json":{"title":"Zdj\u0119cia fotoreportera pierwszej polskiej agencji fotograficznej w Fototece Muzeum Powstania Warszawskiego - Godno\u015b\u0107 - DignityNews.eu","robots":{"index":"index","follow":"follow","max-snippet":"max-snippet:-1","max-image-preview":"max-image-preview:large","max-video-preview":"max-video-preview:-1"},"canonical":"https:\/\/dignitynews.eu\/pl\/zdjecia-fotoreportera-pierwszej-polskiej-agencji-fotograficznej-w-fototece-muzeum-powstania-warszawskiego\/","og_locale":"pl_PL","og_type":"article","og_title":"Zdj\u0119cia fotoreportera pierwszej polskiej agencji fotograficznej w Fototece Muzeum Powstania Warszawskiego - Godno\u015b\u0107 - DignityNews.eu","og_description":"Ponad 1700 zdj\u0119\u0107 W\u0142adys\u0142awa Toczy\u0142owskiego\u00a0 mo\u017cna ogl\u0105da\u0107 w Fototece Muzeum Powstania Warszawskiego. Negatywy zdj\u0119\u0107 fotoreportera pierwszej polskiej agencji fotograficznej zosta\u0142y zdigitalizowane za pomoc\u0105 zaawansowanych narz\u0119dzi technicznych. Kolekcja zdj\u0119\u0107 Toczy\u0142owskiego oddaje&hellip;","og_url":"https:\/\/dignitynews.eu\/pl\/zdjecia-fotoreportera-pierwszej-polskiej-agencji-fotograficznej-w-fototece-muzeum-powstania-warszawskiego\/","og_site_name":"Godno\u015b\u0107 - DignityNews.eu","article_published_time":"2024-01-09T13:08:02+00:00","og_image":[{"width":1500,"height":1000,"url":"https:\/\/dignitynews.eu\/wp-content\/uploads\/2024\/01\/zdjecia-fotoreportera-fot.-Wojciech-Olkusnik-East-News.jpg","type":"image\/jpeg"}],"author":"Dignity News","twitter_card":"summary_large_image","twitter_misc":{"Napisane przez":"Dignity News","Szacowany czas czytania":"2 minuty"},"schema":{"@context":"https:\/\/schema.org","@graph":[{"@type":"WebSite","@id":"https:\/\/dignitynews.eu\/pl\/#website","url":"https:\/\/dignitynews.eu\/pl\/","name":"Godno\u015b\u0107 - DignityNews.eu","description":"","potentialAction":[{"@type":"SearchAction","target":{"@type":"EntryPoint","urlTemplate":"https:\/\/dignitynews.eu\/pl\/?s={search_term_string}"},"query-input":"required name=search_term_string"}],"inLanguage":"pl-PL"},{"@type":"WebPage","@id":"https:\/\/dignitynews.eu\/pl\/zdjecia-fotoreportera-pierwszej-polskiej-agencji-fotograficznej-w-fototece-muzeum-powstania-warszawskiego\/","url":"https:\/\/dignitynews.eu\/pl\/zdjecia-fotoreportera-pierwszej-polskiej-agencji-fotograficznej-w-fototece-muzeum-powstania-warszawskiego\/","name":"Zdj\u0119cia fotoreportera pierwszej polskiej agencji fotograficznej w Fototece Muzeum Powstania Warszawskiego - Godno\u015b\u0107 - DignityNews.eu","isPartOf":{"@id":"https:\/\/dignitynews.eu\/pl\/#website"},"datePublished":"2024-01-09T13:08:02+00:00","dateModified":"2024-01-09T13:08:02+00:00","author":{"@id":"https:\/\/dignitynews.eu\/pl\/#\/schema\/person\/0b62b762b8174802fabc81a3ecb1bfcb"},"breadcrumb":{"@id":"https:\/\/dignitynews.eu\/pl\/zdjecia-fotoreportera-pierwszej-polskiej-agencji-fotograficznej-w-fototece-muzeum-powstania-warszawskiego\/#breadcrumb"},"inLanguage":"pl-PL","potentialAction":[{"@type":"ReadAction","target":["https:\/\/dignitynews.eu\/pl\/zdjecia-fotoreportera-pierwszej-polskiej-agencji-fotograficznej-w-fototece-muzeum-powstania-warszawskiego\/"]}]},{"@type":"BreadcrumbList","@id":"https:\/\/dignitynews.eu\/pl\/zdjecia-fotoreportera-pierwszej-polskiej-agencji-fotograficznej-w-fototece-muzeum-powstania-warszawskiego\/#breadcrumb","itemListElement":[{"@type":"ListItem","position":1,"name":"Strona g\u0142\u00f3wna","item":"https:\/\/dignitynews.eu\/pl\/"},{"@type":"ListItem","position":2,"name":"Zdj\u0119cia fotoreportera pierwszej polskiej agencji fotograficznej w Fototece Muzeum Powstania Warszawskiego"}]},{"@type":"Person","@id":"https:\/\/dignitynews.eu\/pl\/#\/schema\/person\/0b62b762b8174802fabc81a3ecb1bfcb","name":"Dignity News","image":{"@type":"ImageObject","inLanguage":"pl-PL","@id":"https:\/\/dignitynews.eu\/pl\/#\/schema\/person\/image\/","url":"https:\/\/secure.gravatar.com\/avatar\/97963171a6d9108f8381bbefb1c6b150c445b6ddd9e3077b96c86cf5892c85dc?s=96&d=mm&r=g","contentUrl":"https:\/\/secure.gravatar.com\/avatar\/97963171a6d9108f8381bbefb1c6b150c445b6ddd9e3077b96c86cf5892c85dc?s=96&d=mm&r=g","caption":"Dignity News"},"url":"https:\/\/dignitynews.eu\/pl\/author\/mikolaj-palade\/"}]}},"_links":{"self":[{"href":"https:\/\/dignitynews.eu\/pl\/wp-json\/wp\/v2\/posts\/54701","targetHints":{"allow":["GET"]}}],"collection":[{"href":"https:\/\/dignitynews.eu\/pl\/wp-json\/wp\/v2\/posts"}],"about":[{"href":"https:\/\/dignitynews.eu\/pl\/wp-json\/wp\/v2\/types\/post"}],"author":[{"embeddable":true,"href":"https:\/\/dignitynews.eu\/pl\/wp-json\/wp\/v2\/users\/7"}],"replies":[{"embeddable":true,"href":"https:\/\/dignitynews.eu\/pl\/wp-json\/wp\/v2\/comments?post=54701"}],"version-history":[{"count":1,"href":"https:\/\/dignitynews.eu\/pl\/wp-json\/wp\/v2\/posts\/54701\/revisions"}],"predecessor-version":[{"id":54707,"href":"https:\/\/dignitynews.eu\/pl\/wp-json\/wp\/v2\/posts\/54701\/revisions\/54707"}],"wp:featuredmedia":[{"embeddable":true,"href":"https:\/\/dignitynews.eu\/pl\/wp-json\/wp\/v2\/media\/54702"}],"wp:attachment":[{"href":"https:\/\/dignitynews.eu\/pl\/wp-json\/wp\/v2\/media?parent=54701"}],"wp:term":[{"taxonomy":"category","embeddable":true,"href":"https:\/\/dignitynews.eu\/pl\/wp-json\/wp\/v2\/categories?post=54701"},{"taxonomy":"post_tag","embeddable":true,"href":"https:\/\/dignitynews.eu\/pl\/wp-json\/wp\/v2\/tags?post=54701"}],"curies":[{"name":"wp","href":"https:\/\/api.w.org\/{rel}","templated":true}]}}