{"id":54687,"date":"2024-01-09T14:05:52","date_gmt":"2024-01-09T13:05:52","guid":{"rendered":"https:\/\/dignitynews.eu\/?p=54687"},"modified":"2024-01-09T14:08:51","modified_gmt":"2024-01-09T13:08:51","slug":"jezykoznawcy-i-internauci-wybrali-slowo-roku-2023","status":"publish","type":"post","link":"https:\/\/dignitynews.eu\/pl\/jezykoznawcy-i-internauci-wybrali-slowo-roku-2023\/","title":{"rendered":"J\u0119zykoznawcy i internauci wybrali S\u0142owo Roku 2023"},"content":{"rendered":"<p>Wyra\u017cenie \u201esztuczna inteligencja\u201d w g\u0142osowaniu j\u0119zykoznawc\u00f3w oraz \u201ewybory\u201d w ocenie internaut\u00f3w \u2013 to zwyci\u0119zcy plebiscytu na S\u0142owo Roku 2023 organizowanego przez Instytut J\u0119zyka Polskiego Uniwersytetu Warszawskiego<\/p>\n<p>W j\u0119zyku angielskim po\u0142\u0105czenie artifficial intelligence funkcjonuje od lat pi\u0119\u0107dziesi\u0105tych, w polszczy\u017anie sztuczna inteligencja pojawi\u0142a si\u0119 w latach osiemdziesi\u0105tych \u2013 w powie\u015bci Fiasko Stanis\u0142\u0105wa Lema \u2013 a upowszechni\u0142o si\u0119 w prasie w latach dziewi\u0119\u0107dziesi\u0105tych.<\/p>\n<p>&#8211; W j\u0119zyku polskim ten termin budzi bogatsze skojarzenia ni\u017c w angielskim, poniewa\u017c sama inteligencja to po polsku nie tylko zdolno\u015b\u0107 my\u015blenia, lecz i grupa ludzka. W\u015br\u00f3d najcz\u0119stszych dwudziestowiecznych kolokacji rzeczownika inteligencja s\u0105 nie tylko przymiotniki nieprzeci\u0119tna, emocjonalna czy w\u0142a\u015bnie sztuczna, ale i katolicka, post\u0119powa czy wielkomiejska. To osobowe znaczenie inteligencji zanika, dzi\u015b najwa\u017cniejsza jest sztuczna inteligencja \u2013 m\u00f3wi prof. Marek \u0141azi\u0144ski z Uniwersytetu Warszawskiego.<\/p>\n<p>Na drugim miejscu uplasowa\u0142o si\u0119 s\u0142owo wybory, a na trzecim ex aequo wyrazy inflacja oraz pos\u0142anka. Wyboru dokonali eksperci \u2013 j\u0119zykoznawcy z dziewi\u0119ciu uniwersytet\u00f3w: prof. Marian Bugajski (Uniwersytet Zielonog\u00f3rski), prof. Ewa Ko\u0142odziejek (Uniwersytet Szczeci\u0144ski), prof. Danuta Krzy\u017cyk (Uniwersytet \u015al\u0105ski), prof. Marek \u0141azi\u0144ski (Uniwersytet Warszawski), prof. Jolanta Panasiuk (Uniwersytet Marii Curie-Sk\u0142odowskiej w Lublinie), prof. Renata Przybylska (Uniwersytet Jagiello\u0144ski), prof. Mariusz Rutkowski (Uniwersytet Warmi\u0144sko-Mazurski w Olsztynie), prof. Barbara Sobczak (Uniwersytet im. Adama Mickiewicza w Poznaniu), prof. Rafa\u0142 Zimny (Uniwersytet Kazimierza Wielkiego w Bydgoszczy).<\/p>\n<p>S\u0142owo roku wybrali tak\u017ce internauci. Zwyci\u0119\u017cy\u0142o s\u0142owo wybory. Podobnie jak w latach ubieg\u0142ych, uczestnicy mogli wybra\u0107 s\u0142owo z listy lub zg\u0142osi\u0107 w\u0142asn\u0105 propozycj\u0119. Na li\u015bcie znalaz\u0142y si\u0119 m.in. kraken, granatnik, pos\u0142anka, wybory, patodeweloperka i inflacja.<\/p>\n<p>Arkadiusz S\u0142omczy\u0144ski<\/p>\n","protected":false},"excerpt":{"rendered":"<p>Wyra\u017cenie \u201esztuczna inteligencja\u201d w g\u0142osowaniu j\u0119zykoznawc\u00f3w oraz \u201ewybory\u201d w ocenie internaut\u00f3w \u2013 to zwyci\u0119zcy plebiscytu na S\u0142owo Roku 2023 organizowanego przez Instytut J\u0119zyka Polskiego Uniwersytetu Warszawskiego W j\u0119zyku angielskim po\u0142\u0105czenie&hellip;<\/p>\n","protected":false},"author":7,"featured_media":54688,"comment_status":"closed","ping_status":"open","sticky":false,"template":"","format":"standard","meta":{"_mi_skip_tracking":false,"footnotes":""},"categories":[49],"tags":[],"class_list":["post-54687","post","type-post","status-publish","format-standard","has-post-thumbnail","hentry","category-nauka"],"yoast_head":"<!-- This site is optimized with the Yoast SEO plugin v19.4 - https:\/\/yoast.com\/wordpress\/plugins\/seo\/ -->\n<title>J\u0119zykoznawcy i internauci wybrali S\u0142owo Roku 2023 - Godno\u015b\u0107 - DignityNews.eu<\/title>\n<meta name=\"robots\" content=\"index, follow, max-snippet:-1, max-image-preview:large, max-video-preview:-1\" \/>\n<link rel=\"canonical\" href=\"https:\/\/dignitynews.eu\/pl\/jezykoznawcy-i-internauci-wybrali-slowo-roku-2023\/\" \/>\n<meta property=\"og:locale\" content=\"pl_PL\" \/>\n<meta property=\"og:type\" content=\"article\" \/>\n<meta property=\"og:title\" content=\"J\u0119zykoznawcy i internauci wybrali S\u0142owo Roku 2023 - Godno\u015b\u0107 - DignityNews.eu\" \/>\n<meta property=\"og:description\" content=\"Wyra\u017cenie \u201esztuczna inteligencja\u201d w g\u0142osowaniu j\u0119zykoznawc\u00f3w oraz \u201ewybory\u201d w ocenie internaut\u00f3w \u2013 to zwyci\u0119zcy plebiscytu na S\u0142owo Roku 2023 organizowanego przez Instytut J\u0119zyka Polskiego Uniwersytetu Warszawskiego W j\u0119zyku angielskim po\u0142\u0105czenie&hellip;\" \/>\n<meta property=\"og:url\" content=\"https:\/\/dignitynews.eu\/pl\/jezykoznawcy-i-internauci-wybrali-slowo-roku-2023\/\" \/>\n<meta property=\"og:site_name\" content=\"Godno\u015b\u0107 - DignityNews.eu\" \/>\n<meta property=\"article:published_time\" content=\"2024-01-09T13:05:52+00:00\" \/>\n<meta property=\"article:modified_time\" content=\"2024-01-09T13:08:51+00:00\" \/>\n<meta property=\"og:image\" content=\"https:\/\/dignitynews.eu\/wp-content\/uploads\/2024\/01\/jezykoznawcy-i-internauci-fot.-ARKADIUSZ-ZIOLEK-East-News.jpg\" \/>\n\t<meta property=\"og:image:width\" content=\"1500\" \/>\n\t<meta property=\"og:image:height\" content=\"1000\" \/>\n\t<meta property=\"og:image:type\" content=\"image\/jpeg\" \/>\n<meta name=\"author\" content=\"Dignity News\" \/>\n<meta name=\"twitter:card\" content=\"summary_large_image\" \/>\n<meta name=\"twitter:label1\" content=\"Napisane przez\" \/>\n\t<meta name=\"twitter:data1\" content=\"Dignity News\" \/>\n\t<meta name=\"twitter:label2\" content=\"Szacowany czas czytania\" \/>\n\t<meta name=\"twitter:data2\" content=\"1 minuta\" \/>\n<script type=\"application\/ld+json\" class=\"yoast-schema-graph\">{\"@context\":\"https:\/\/schema.org\",\"@graph\":[{\"@type\":\"WebSite\",\"@id\":\"https:\/\/dignitynews.eu\/pl\/#website\",\"url\":\"https:\/\/dignitynews.eu\/pl\/\",\"name\":\"Godno\u015b\u0107 - DignityNews.eu\",\"description\":\"\",\"potentialAction\":[{\"@type\":\"SearchAction\",\"target\":{\"@type\":\"EntryPoint\",\"urlTemplate\":\"https:\/\/dignitynews.eu\/pl\/?s={search_term_string}\"},\"query-input\":\"required name=search_term_string\"}],\"inLanguage\":\"pl-PL\"},{\"@type\":\"WebPage\",\"@id\":\"https:\/\/dignitynews.eu\/pl\/jezykoznawcy-i-internauci-wybrali-slowo-roku-2023\/\",\"url\":\"https:\/\/dignitynews.eu\/pl\/jezykoznawcy-i-internauci-wybrali-slowo-roku-2023\/\",\"name\":\"J\u0119zykoznawcy i internauci wybrali S\u0142owo Roku 2023 - Godno\u015b\u0107 - DignityNews.eu\",\"isPartOf\":{\"@id\":\"https:\/\/dignitynews.eu\/pl\/#website\"},\"datePublished\":\"2024-01-09T13:05:52+00:00\",\"dateModified\":\"2024-01-09T13:08:51+00:00\",\"author\":{\"@id\":\"https:\/\/dignitynews.eu\/pl\/#\/schema\/person\/0b62b762b8174802fabc81a3ecb1bfcb\"},\"breadcrumb\":{\"@id\":\"https:\/\/dignitynews.eu\/pl\/jezykoznawcy-i-internauci-wybrali-slowo-roku-2023\/#breadcrumb\"},\"inLanguage\":\"pl-PL\",\"potentialAction\":[{\"@type\":\"ReadAction\",\"target\":[\"https:\/\/dignitynews.eu\/pl\/jezykoznawcy-i-internauci-wybrali-slowo-roku-2023\/\"]}]},{\"@type\":\"BreadcrumbList\",\"@id\":\"https:\/\/dignitynews.eu\/pl\/jezykoznawcy-i-internauci-wybrali-slowo-roku-2023\/#breadcrumb\",\"itemListElement\":[{\"@type\":\"ListItem\",\"position\":1,\"name\":\"Strona g\u0142\u00f3wna\",\"item\":\"https:\/\/dignitynews.eu\/pl\/\"},{\"@type\":\"ListItem\",\"position\":2,\"name\":\"J\u0119zykoznawcy i internauci wybrali S\u0142owo Roku 2023\"}]},{\"@type\":\"Person\",\"@id\":\"https:\/\/dignitynews.eu\/pl\/#\/schema\/person\/0b62b762b8174802fabc81a3ecb1bfcb\",\"name\":\"Dignity News\",\"image\":{\"@type\":\"ImageObject\",\"inLanguage\":\"pl-PL\",\"@id\":\"https:\/\/dignitynews.eu\/pl\/#\/schema\/person\/image\/\",\"url\":\"https:\/\/secure.gravatar.com\/avatar\/97963171a6d9108f8381bbefb1c6b150c445b6ddd9e3077b96c86cf5892c85dc?s=96&d=mm&r=g\",\"contentUrl\":\"https:\/\/secure.gravatar.com\/avatar\/97963171a6d9108f8381bbefb1c6b150c445b6ddd9e3077b96c86cf5892c85dc?s=96&d=mm&r=g\",\"caption\":\"Dignity News\"},\"url\":\"https:\/\/dignitynews.eu\/pl\/author\/mikolaj-palade\/\"}]}<\/script>\n<!-- \/ Yoast SEO plugin. -->","yoast_head_json":{"title":"J\u0119zykoznawcy i internauci wybrali S\u0142owo Roku 2023 - Godno\u015b\u0107 - DignityNews.eu","robots":{"index":"index","follow":"follow","max-snippet":"max-snippet:-1","max-image-preview":"max-image-preview:large","max-video-preview":"max-video-preview:-1"},"canonical":"https:\/\/dignitynews.eu\/pl\/jezykoznawcy-i-internauci-wybrali-slowo-roku-2023\/","og_locale":"pl_PL","og_type":"article","og_title":"J\u0119zykoznawcy i internauci wybrali S\u0142owo Roku 2023 - Godno\u015b\u0107 - DignityNews.eu","og_description":"Wyra\u017cenie \u201esztuczna inteligencja\u201d w g\u0142osowaniu j\u0119zykoznawc\u00f3w oraz \u201ewybory\u201d w ocenie internaut\u00f3w \u2013 to zwyci\u0119zcy plebiscytu na S\u0142owo Roku 2023 organizowanego przez Instytut J\u0119zyka Polskiego Uniwersytetu Warszawskiego W j\u0119zyku angielskim po\u0142\u0105czenie&hellip;","og_url":"https:\/\/dignitynews.eu\/pl\/jezykoznawcy-i-internauci-wybrali-slowo-roku-2023\/","og_site_name":"Godno\u015b\u0107 - DignityNews.eu","article_published_time":"2024-01-09T13:05:52+00:00","article_modified_time":"2024-01-09T13:08:51+00:00","og_image":[{"width":1500,"height":1000,"url":"https:\/\/dignitynews.eu\/wp-content\/uploads\/2024\/01\/jezykoznawcy-i-internauci-fot.-ARKADIUSZ-ZIOLEK-East-News.jpg","type":"image\/jpeg"}],"author":"Dignity News","twitter_card":"summary_large_image","twitter_misc":{"Napisane przez":"Dignity News","Szacowany czas czytania":"1 minuta"},"schema":{"@context":"https:\/\/schema.org","@graph":[{"@type":"WebSite","@id":"https:\/\/dignitynews.eu\/pl\/#website","url":"https:\/\/dignitynews.eu\/pl\/","name":"Godno\u015b\u0107 - DignityNews.eu","description":"","potentialAction":[{"@type":"SearchAction","target":{"@type":"EntryPoint","urlTemplate":"https:\/\/dignitynews.eu\/pl\/?s={search_term_string}"},"query-input":"required name=search_term_string"}],"inLanguage":"pl-PL"},{"@type":"WebPage","@id":"https:\/\/dignitynews.eu\/pl\/jezykoznawcy-i-internauci-wybrali-slowo-roku-2023\/","url":"https:\/\/dignitynews.eu\/pl\/jezykoznawcy-i-internauci-wybrali-slowo-roku-2023\/","name":"J\u0119zykoznawcy i internauci wybrali S\u0142owo Roku 2023 - Godno\u015b\u0107 - DignityNews.eu","isPartOf":{"@id":"https:\/\/dignitynews.eu\/pl\/#website"},"datePublished":"2024-01-09T13:05:52+00:00","dateModified":"2024-01-09T13:08:51+00:00","author":{"@id":"https:\/\/dignitynews.eu\/pl\/#\/schema\/person\/0b62b762b8174802fabc81a3ecb1bfcb"},"breadcrumb":{"@id":"https:\/\/dignitynews.eu\/pl\/jezykoznawcy-i-internauci-wybrali-slowo-roku-2023\/#breadcrumb"},"inLanguage":"pl-PL","potentialAction":[{"@type":"ReadAction","target":["https:\/\/dignitynews.eu\/pl\/jezykoznawcy-i-internauci-wybrali-slowo-roku-2023\/"]}]},{"@type":"BreadcrumbList","@id":"https:\/\/dignitynews.eu\/pl\/jezykoznawcy-i-internauci-wybrali-slowo-roku-2023\/#breadcrumb","itemListElement":[{"@type":"ListItem","position":1,"name":"Strona g\u0142\u00f3wna","item":"https:\/\/dignitynews.eu\/pl\/"},{"@type":"ListItem","position":2,"name":"J\u0119zykoznawcy i internauci wybrali S\u0142owo Roku 2023"}]},{"@type":"Person","@id":"https:\/\/dignitynews.eu\/pl\/#\/schema\/person\/0b62b762b8174802fabc81a3ecb1bfcb","name":"Dignity News","image":{"@type":"ImageObject","inLanguage":"pl-PL","@id":"https:\/\/dignitynews.eu\/pl\/#\/schema\/person\/image\/","url":"https:\/\/secure.gravatar.com\/avatar\/97963171a6d9108f8381bbefb1c6b150c445b6ddd9e3077b96c86cf5892c85dc?s=96&d=mm&r=g","contentUrl":"https:\/\/secure.gravatar.com\/avatar\/97963171a6d9108f8381bbefb1c6b150c445b6ddd9e3077b96c86cf5892c85dc?s=96&d=mm&r=g","caption":"Dignity News"},"url":"https:\/\/dignitynews.eu\/pl\/author\/mikolaj-palade\/"}]}},"_links":{"self":[{"href":"https:\/\/dignitynews.eu\/pl\/wp-json\/wp\/v2\/posts\/54687","targetHints":{"allow":["GET"]}}],"collection":[{"href":"https:\/\/dignitynews.eu\/pl\/wp-json\/wp\/v2\/posts"}],"about":[{"href":"https:\/\/dignitynews.eu\/pl\/wp-json\/wp\/v2\/types\/post"}],"author":[{"embeddable":true,"href":"https:\/\/dignitynews.eu\/pl\/wp-json\/wp\/v2\/users\/7"}],"replies":[{"embeddable":true,"href":"https:\/\/dignitynews.eu\/pl\/wp-json\/wp\/v2\/comments?post=54687"}],"version-history":[{"count":1,"href":"https:\/\/dignitynews.eu\/pl\/wp-json\/wp\/v2\/posts\/54687\/revisions"}],"predecessor-version":[{"id":54693,"href":"https:\/\/dignitynews.eu\/pl\/wp-json\/wp\/v2\/posts\/54687\/revisions\/54693"}],"wp:featuredmedia":[{"embeddable":true,"href":"https:\/\/dignitynews.eu\/pl\/wp-json\/wp\/v2\/media\/54688"}],"wp:attachment":[{"href":"https:\/\/dignitynews.eu\/pl\/wp-json\/wp\/v2\/media?parent=54687"}],"wp:term":[{"taxonomy":"category","embeddable":true,"href":"https:\/\/dignitynews.eu\/pl\/wp-json\/wp\/v2\/categories?post=54687"},{"taxonomy":"post_tag","embeddable":true,"href":"https:\/\/dignitynews.eu\/pl\/wp-json\/wp\/v2\/tags?post=54687"}],"curies":[{"name":"wp","href":"https:\/\/api.w.org\/{rel}","templated":true}]}}