{"id":54584,"date":"2024-01-08T12:49:53","date_gmt":"2024-01-08T11:49:53","guid":{"rendered":"https:\/\/dignitynews.eu\/?p=54584"},"modified":"2024-01-08T12:49:53","modified_gmt":"2024-01-08T11:49:53","slug":"minister-kultury-i-dziedzictwa-narodowego-wskazal-projekt-ktory-bedzie-prezentowany-w-pawilonie-polskim-na-biennale-w-wenecji","status":"publish","type":"post","link":"https:\/\/dignitynews.eu\/pl\/minister-kultury-i-dziedzictwa-narodowego-wskazal-projekt-ktory-bedzie-prezentowany-w-pawilonie-polskim-na-biennale-w-wenecji\/","title":{"rendered":"Minister kultury i dziedzictwa narodowego wskaza\u0142 projekt, kt\u00f3ry b\u0119dzie prezentowany w Pawilonie Polskim na Biennale w Wenecji"},"content":{"rendered":"<h5><strong>Kuratorka Marta Czy\u017c i arty\u015bci Open Group \u2013 Yuriy Biley, Pavlo Kovach i Anton Varga \u2013 odebrali z r\u0105k ministra kultury i dziedzictwa narodowego Bart\u0142omieja Sienkiewicza decyzj\u0119 o udziale ich projektu \u201ePowtarzajcie za mn\u0105 II\u201d na 60. Mi\u0119dzynarodowej Wystawie Sztuki w Wenecji. Wybrany projekt, b\u0119d\u0105cy wynikiem wieloletniej wsp\u00f3\u0142pracy kuratorki i artyst\u00f3w Open Group, b\u0119dzie prezentowany w Pawilonie Polskim.<\/strong><\/h5>\n<p>Projekt \u201ePowtarzajcie za mn\u0105 II\u201d stanowi pr\u00f3b\u0119 ukazania okrucie\u0144stwa wojny bez u\u017cycia drastycznych \u015brodk\u00f3w wizualnych. Uczestnicy wideo \u2013 cywile, kt\u00f3rzy zostali tymczasowo przesiedleni z r\u00f3\u017cnych region\u00f3w Ukrainy do obozu dla uchod\u017ac\u00f3w wojennych we Lwowie, dziel\u0105 si\u0119 swoimi wspomnieniami i wiedz\u0105 na temat odg\u0142os\u00f3w wojny \u2013 czytamy w informacji resortu kultury.<\/p>\n<p>Aby przybli\u017cy\u0107 widzom do\u015bwiadczenie bycia \u015bwiadkiem wojny w Ukrainie, tw\u00f3rcy wykorzystuj\u0105 formu\u0142\u0119 karaoke \u2013 popularnej rozrywki muzycznej z Japonii. Akompaniamentem nie s\u0105 jednak znane przeboje, ale wystrza\u0142y, kanonady, wycie i eksplozje, a teksty stanowi\u0105 opisy \u015bmierciono\u015bnej broni. Tw\u00f3rcy, poprzez form\u0119 projektu, wci\u0105gaj\u0105 publiczno\u015b\u0107 w interakcj\u0119, staraj\u0105c si\u0119 prze\u0142ama\u0107 bierno\u015b\u0107, w kt\u00f3rej widzowie znajduj\u0105 si\u0119 jako s\u0142uchacze wojennych historii.<\/p>\n<p>Open Group uznawany jest za czo\u0142owy kolektyw ostatniej dekady wsp\u00f3\u0142czesnej sztuki ukrai\u0144skiej. W sk\u0142ad grupy wchodz\u0105 Yuriy Biley, Pavlo Kovach i Anton Varga. Arty\u015bci s\u0105 dwukrotnymi laureatami presti\u017cowej nagrody PinchukArtCenter Prize, a tak\u017ce stypendystami programu Gaude Polonia. Brali udzia\u0142 w czterech wystawach na Biennale w Wenecji w 2015, 2017 oraz 2019.<\/p>\n<p>Prace Open Group prezentowane by\u0142y na wielu wystawach zar\u00f3wno w Polsce, jak i na \u015bwiecie, m.in. w galerii Labirynt, galerii Arsena\u0142 (podczas pi\u0119ciolecia dzia\u0142alno\u015bci kolektywu), Mi\u0119dzynarodowym Centrum Kultury w Krakowie czy gda\u0144skiej \u0141a\u017ani.<\/p>\n<p>Adrian Andrzejewski<\/p>\n","protected":false},"excerpt":{"rendered":"<p>Kuratorka Marta Czy\u017c i arty\u015bci Open Group \u2013 Yuriy Biley, Pavlo Kovach i Anton Varga \u2013 odebrali z r\u0105k ministra kultury i dziedzictwa narodowego Bart\u0142omieja Sienkiewicza decyzj\u0119 o udziale ich&hellip;<\/p>\n","protected":false},"author":7,"featured_media":54585,"comment_status":"closed","ping_status":"open","sticky":false,"template":"","format":"standard","meta":{"_mi_skip_tracking":false,"footnotes":""},"categories":[50],"tags":[],"class_list":["post-54584","post","type-post","status-publish","format-standard","has-post-thumbnail","hentry","category-kultura"],"yoast_head":"<!-- This site is optimized with the Yoast SEO plugin v19.4 - https:\/\/yoast.com\/wordpress\/plugins\/seo\/ -->\n<title>Minister kultury i dziedzictwa narodowego wskaza\u0142 projekt, kt\u00f3ry b\u0119dzie prezentowany w Pawilonie Polskim na Biennale w Wenecji - Godno\u015b\u0107 - DignityNews.eu<\/title>\n<meta name=\"robots\" content=\"index, follow, max-snippet:-1, max-image-preview:large, max-video-preview:-1\" \/>\n<link rel=\"canonical\" href=\"https:\/\/dignitynews.eu\/pl\/minister-kultury-i-dziedzictwa-narodowego-wskazal-projekt-ktory-bedzie-prezentowany-w-pawilonie-polskim-na-biennale-w-wenecji\/\" \/>\n<meta property=\"og:locale\" content=\"pl_PL\" \/>\n<meta property=\"og:type\" content=\"article\" \/>\n<meta property=\"og:title\" content=\"Minister kultury i dziedzictwa narodowego wskaza\u0142 projekt, kt\u00f3ry b\u0119dzie prezentowany w Pawilonie Polskim na Biennale w Wenecji - Godno\u015b\u0107 - DignityNews.eu\" \/>\n<meta property=\"og:description\" content=\"Kuratorka Marta Czy\u017c i arty\u015bci Open Group \u2013 Yuriy Biley, Pavlo Kovach i Anton Varga \u2013 odebrali z r\u0105k ministra kultury i dziedzictwa narodowego Bart\u0142omieja Sienkiewicza decyzj\u0119 o udziale ich&hellip;\" \/>\n<meta property=\"og:url\" content=\"https:\/\/dignitynews.eu\/pl\/minister-kultury-i-dziedzictwa-narodowego-wskazal-projekt-ktory-bedzie-prezentowany-w-pawilonie-polskim-na-biennale-w-wenecji\/\" \/>\n<meta property=\"og:site_name\" content=\"Godno\u015b\u0107 - DignityNews.eu\" \/>\n<meta property=\"article:published_time\" content=\"2024-01-08T11:49:53+00:00\" \/>\n<meta property=\"og:image\" content=\"https:\/\/dignitynews.eu\/wp-content\/uploads\/2024\/01\/Min-kultury-projekt-na-Biennale-w-Wenecji-fot.-Danuta-Matloch-MKiDN.jpg\" \/>\n\t<meta property=\"og:image:width\" content=\"1024\" \/>\n\t<meta property=\"og:image:height\" content=\"683\" \/>\n\t<meta property=\"og:image:type\" content=\"image\/jpeg\" \/>\n<meta name=\"author\" content=\"Dignity News\" \/>\n<meta name=\"twitter:card\" content=\"summary_large_image\" \/>\n<meta name=\"twitter:label1\" content=\"Napisane przez\" \/>\n\t<meta name=\"twitter:data1\" content=\"Dignity News\" \/>\n\t<meta name=\"twitter:label2\" content=\"Szacowany czas czytania\" \/>\n\t<meta name=\"twitter:data2\" content=\"1 minuta\" \/>\n<script type=\"application\/ld+json\" class=\"yoast-schema-graph\">{\"@context\":\"https:\/\/schema.org\",\"@graph\":[{\"@type\":\"WebSite\",\"@id\":\"https:\/\/dignitynews.eu\/pl\/#website\",\"url\":\"https:\/\/dignitynews.eu\/pl\/\",\"name\":\"Godno\u015b\u0107 - DignityNews.eu\",\"description\":\"\",\"potentialAction\":[{\"@type\":\"SearchAction\",\"target\":{\"@type\":\"EntryPoint\",\"urlTemplate\":\"https:\/\/dignitynews.eu\/pl\/?s={search_term_string}\"},\"query-input\":\"required name=search_term_string\"}],\"inLanguage\":\"pl-PL\"},{\"@type\":\"WebPage\",\"@id\":\"https:\/\/dignitynews.eu\/pl\/minister-kultury-i-dziedzictwa-narodowego-wskazal-projekt-ktory-bedzie-prezentowany-w-pawilonie-polskim-na-biennale-w-wenecji\/\",\"url\":\"https:\/\/dignitynews.eu\/pl\/minister-kultury-i-dziedzictwa-narodowego-wskazal-projekt-ktory-bedzie-prezentowany-w-pawilonie-polskim-na-biennale-w-wenecji\/\",\"name\":\"Minister kultury i dziedzictwa narodowego wskaza\u0142 projekt, kt\u00f3ry b\u0119dzie prezentowany w Pawilonie Polskim na Biennale w Wenecji - Godno\u015b\u0107 - DignityNews.eu\",\"isPartOf\":{\"@id\":\"https:\/\/dignitynews.eu\/pl\/#website\"},\"datePublished\":\"2024-01-08T11:49:53+00:00\",\"dateModified\":\"2024-01-08T11:49:53+00:00\",\"author\":{\"@id\":\"https:\/\/dignitynews.eu\/pl\/#\/schema\/person\/0b62b762b8174802fabc81a3ecb1bfcb\"},\"breadcrumb\":{\"@id\":\"https:\/\/dignitynews.eu\/pl\/minister-kultury-i-dziedzictwa-narodowego-wskazal-projekt-ktory-bedzie-prezentowany-w-pawilonie-polskim-na-biennale-w-wenecji\/#breadcrumb\"},\"inLanguage\":\"pl-PL\",\"potentialAction\":[{\"@type\":\"ReadAction\",\"target\":[\"https:\/\/dignitynews.eu\/pl\/minister-kultury-i-dziedzictwa-narodowego-wskazal-projekt-ktory-bedzie-prezentowany-w-pawilonie-polskim-na-biennale-w-wenecji\/\"]}]},{\"@type\":\"BreadcrumbList\",\"@id\":\"https:\/\/dignitynews.eu\/pl\/minister-kultury-i-dziedzictwa-narodowego-wskazal-projekt-ktory-bedzie-prezentowany-w-pawilonie-polskim-na-biennale-w-wenecji\/#breadcrumb\",\"itemListElement\":[{\"@type\":\"ListItem\",\"position\":1,\"name\":\"Strona g\u0142\u00f3wna\",\"item\":\"https:\/\/dignitynews.eu\/pl\/\"},{\"@type\":\"ListItem\",\"position\":2,\"name\":\"Minister kultury i dziedzictwa narodowego wskaza\u0142 projekt, kt\u00f3ry b\u0119dzie prezentowany w Pawilonie Polskim na Biennale w Wenecji\"}]},{\"@type\":\"Person\",\"@id\":\"https:\/\/dignitynews.eu\/pl\/#\/schema\/person\/0b62b762b8174802fabc81a3ecb1bfcb\",\"name\":\"Dignity News\",\"image\":{\"@type\":\"ImageObject\",\"inLanguage\":\"pl-PL\",\"@id\":\"https:\/\/dignitynews.eu\/pl\/#\/schema\/person\/image\/\",\"url\":\"https:\/\/secure.gravatar.com\/avatar\/97963171a6d9108f8381bbefb1c6b150c445b6ddd9e3077b96c86cf5892c85dc?s=96&d=mm&r=g\",\"contentUrl\":\"https:\/\/secure.gravatar.com\/avatar\/97963171a6d9108f8381bbefb1c6b150c445b6ddd9e3077b96c86cf5892c85dc?s=96&d=mm&r=g\",\"caption\":\"Dignity News\"},\"url\":\"https:\/\/dignitynews.eu\/pl\/author\/mikolaj-palade\/\"}]}<\/script>\n<!-- \/ Yoast SEO plugin. -->","yoast_head_json":{"title":"Minister kultury i dziedzictwa narodowego wskaza\u0142 projekt, kt\u00f3ry b\u0119dzie prezentowany w Pawilonie Polskim na Biennale w Wenecji - Godno\u015b\u0107 - DignityNews.eu","robots":{"index":"index","follow":"follow","max-snippet":"max-snippet:-1","max-image-preview":"max-image-preview:large","max-video-preview":"max-video-preview:-1"},"canonical":"https:\/\/dignitynews.eu\/pl\/minister-kultury-i-dziedzictwa-narodowego-wskazal-projekt-ktory-bedzie-prezentowany-w-pawilonie-polskim-na-biennale-w-wenecji\/","og_locale":"pl_PL","og_type":"article","og_title":"Minister kultury i dziedzictwa narodowego wskaza\u0142 projekt, kt\u00f3ry b\u0119dzie prezentowany w Pawilonie Polskim na Biennale w Wenecji - Godno\u015b\u0107 - DignityNews.eu","og_description":"Kuratorka Marta Czy\u017c i arty\u015bci Open Group \u2013 Yuriy Biley, Pavlo Kovach i Anton Varga \u2013 odebrali z r\u0105k ministra kultury i dziedzictwa narodowego Bart\u0142omieja Sienkiewicza decyzj\u0119 o udziale ich&hellip;","og_url":"https:\/\/dignitynews.eu\/pl\/minister-kultury-i-dziedzictwa-narodowego-wskazal-projekt-ktory-bedzie-prezentowany-w-pawilonie-polskim-na-biennale-w-wenecji\/","og_site_name":"Godno\u015b\u0107 - DignityNews.eu","article_published_time":"2024-01-08T11:49:53+00:00","og_image":[{"width":1024,"height":683,"url":"https:\/\/dignitynews.eu\/wp-content\/uploads\/2024\/01\/Min-kultury-projekt-na-Biennale-w-Wenecji-fot.-Danuta-Matloch-MKiDN.jpg","type":"image\/jpeg"}],"author":"Dignity News","twitter_card":"summary_large_image","twitter_misc":{"Napisane przez":"Dignity News","Szacowany czas czytania":"1 minuta"},"schema":{"@context":"https:\/\/schema.org","@graph":[{"@type":"WebSite","@id":"https:\/\/dignitynews.eu\/pl\/#website","url":"https:\/\/dignitynews.eu\/pl\/","name":"Godno\u015b\u0107 - DignityNews.eu","description":"","potentialAction":[{"@type":"SearchAction","target":{"@type":"EntryPoint","urlTemplate":"https:\/\/dignitynews.eu\/pl\/?s={search_term_string}"},"query-input":"required name=search_term_string"}],"inLanguage":"pl-PL"},{"@type":"WebPage","@id":"https:\/\/dignitynews.eu\/pl\/minister-kultury-i-dziedzictwa-narodowego-wskazal-projekt-ktory-bedzie-prezentowany-w-pawilonie-polskim-na-biennale-w-wenecji\/","url":"https:\/\/dignitynews.eu\/pl\/minister-kultury-i-dziedzictwa-narodowego-wskazal-projekt-ktory-bedzie-prezentowany-w-pawilonie-polskim-na-biennale-w-wenecji\/","name":"Minister kultury i dziedzictwa narodowego wskaza\u0142 projekt, kt\u00f3ry b\u0119dzie prezentowany w Pawilonie Polskim na Biennale w Wenecji - Godno\u015b\u0107 - DignityNews.eu","isPartOf":{"@id":"https:\/\/dignitynews.eu\/pl\/#website"},"datePublished":"2024-01-08T11:49:53+00:00","dateModified":"2024-01-08T11:49:53+00:00","author":{"@id":"https:\/\/dignitynews.eu\/pl\/#\/schema\/person\/0b62b762b8174802fabc81a3ecb1bfcb"},"breadcrumb":{"@id":"https:\/\/dignitynews.eu\/pl\/minister-kultury-i-dziedzictwa-narodowego-wskazal-projekt-ktory-bedzie-prezentowany-w-pawilonie-polskim-na-biennale-w-wenecji\/#breadcrumb"},"inLanguage":"pl-PL","potentialAction":[{"@type":"ReadAction","target":["https:\/\/dignitynews.eu\/pl\/minister-kultury-i-dziedzictwa-narodowego-wskazal-projekt-ktory-bedzie-prezentowany-w-pawilonie-polskim-na-biennale-w-wenecji\/"]}]},{"@type":"BreadcrumbList","@id":"https:\/\/dignitynews.eu\/pl\/minister-kultury-i-dziedzictwa-narodowego-wskazal-projekt-ktory-bedzie-prezentowany-w-pawilonie-polskim-na-biennale-w-wenecji\/#breadcrumb","itemListElement":[{"@type":"ListItem","position":1,"name":"Strona g\u0142\u00f3wna","item":"https:\/\/dignitynews.eu\/pl\/"},{"@type":"ListItem","position":2,"name":"Minister kultury i dziedzictwa narodowego wskaza\u0142 projekt, kt\u00f3ry b\u0119dzie prezentowany w Pawilonie Polskim na Biennale w Wenecji"}]},{"@type":"Person","@id":"https:\/\/dignitynews.eu\/pl\/#\/schema\/person\/0b62b762b8174802fabc81a3ecb1bfcb","name":"Dignity News","image":{"@type":"ImageObject","inLanguage":"pl-PL","@id":"https:\/\/dignitynews.eu\/pl\/#\/schema\/person\/image\/","url":"https:\/\/secure.gravatar.com\/avatar\/97963171a6d9108f8381bbefb1c6b150c445b6ddd9e3077b96c86cf5892c85dc?s=96&d=mm&r=g","contentUrl":"https:\/\/secure.gravatar.com\/avatar\/97963171a6d9108f8381bbefb1c6b150c445b6ddd9e3077b96c86cf5892c85dc?s=96&d=mm&r=g","caption":"Dignity News"},"url":"https:\/\/dignitynews.eu\/pl\/author\/mikolaj-palade\/"}]}},"_links":{"self":[{"href":"https:\/\/dignitynews.eu\/pl\/wp-json\/wp\/v2\/posts\/54584","targetHints":{"allow":["GET"]}}],"collection":[{"href":"https:\/\/dignitynews.eu\/pl\/wp-json\/wp\/v2\/posts"}],"about":[{"href":"https:\/\/dignitynews.eu\/pl\/wp-json\/wp\/v2\/types\/post"}],"author":[{"embeddable":true,"href":"https:\/\/dignitynews.eu\/pl\/wp-json\/wp\/v2\/users\/7"}],"replies":[{"embeddable":true,"href":"https:\/\/dignitynews.eu\/pl\/wp-json\/wp\/v2\/comments?post=54584"}],"version-history":[{"count":1,"href":"https:\/\/dignitynews.eu\/pl\/wp-json\/wp\/v2\/posts\/54584\/revisions"}],"predecessor-version":[{"id":54590,"href":"https:\/\/dignitynews.eu\/pl\/wp-json\/wp\/v2\/posts\/54584\/revisions\/54590"}],"wp:featuredmedia":[{"embeddable":true,"href":"https:\/\/dignitynews.eu\/pl\/wp-json\/wp\/v2\/media\/54585"}],"wp:attachment":[{"href":"https:\/\/dignitynews.eu\/pl\/wp-json\/wp\/v2\/media?parent=54584"}],"wp:term":[{"taxonomy":"category","embeddable":true,"href":"https:\/\/dignitynews.eu\/pl\/wp-json\/wp\/v2\/categories?post=54584"},{"taxonomy":"post_tag","embeddable":true,"href":"https:\/\/dignitynews.eu\/pl\/wp-json\/wp\/v2\/tags?post=54584"}],"curies":[{"name":"wp","href":"https:\/\/api.w.org\/{rel}","templated":true}]}}