{"id":54318,"date":"2024-01-04T11:44:00","date_gmt":"2024-01-04T10:44:00","guid":{"rendered":"https:\/\/dignitynews.eu\/?p=54318"},"modified":"2024-01-04T11:44:00","modified_gmt":"2024-01-04T10:44:00","slug":"wystawa-prac-iwony-rozbiewskiej-w-centrum-rzezby-polskiej-w-oronsku","status":"publish","type":"post","link":"https:\/\/dignitynews.eu\/pl\/wystawa-prac-iwony-rozbiewskiej-w-centrum-rzezby-polskiej-w-oronsku\/","title":{"rendered":"Wystawa prac Iwony Rozbiewskiej w Centrum Rze\u017aby Polskiej w Oro\u0144sku"},"content":{"rendered":"<h5><strong>Do ko\u0144ca stycznia 2024 r. w Galerii Oran\u017ceria Centrum Rze\u017aby Polskiej w Oro\u0144sku trwa wystawa prac Iwony Rozbiewskiej \u201eW g\u0142\u0105b trapezu\u201d.<\/strong><\/h5>\n<p>Wystawa indywidualna\u00a0\u201eW\u00a0g\u0142\u0105b trapezu\u201d\u00a0prezentuje dzie\u0142a wsp\u00f3\u0142czesnej polskiej artystki Iwony Rozbiewskiej, kt\u00f3rej prace maj\u0105 charakter interdyscyplinarny, obejmuj\u0105 instalacje i\u00a0rze\u017aby wywodz\u0105ce si\u0119 z\u00a0wielu dziedzin sztuki, takich jak rze\u017aba, film, poezja i\u00a0architektura, i\u00a0s\u0105 przez\u00a0nie\u00a0inspirowane.<\/p>\n<p>Prace pokazane na\u00a0wystawie obejmuj\u0105 instalacje i\u00a0dzie\u0142a z\u00a0r\u00f3\u017cnych okres\u00f3w kariery artystycznej Rozbiewskiej, z\u00a0kt\u00f3rych ka\u017cde ma\u00a0odmienny temat lub punkt zaczepienia. Jej wcze\u015bniejsze prace, jak na\u00a0przyk\u0142ad\u00a0Gdy\u00a0wychodz\u0119 sama z\u00a0siebie\u2026\u00a0(2013),\u00a0Konstrukcja szcz\u0119\u015bcia\u00a0(2014) oraz\u00a0Ukryta przestrze\u0144\u00a0(2015), wyra\u017anie koncentruj\u0105 si\u0119 na\u00a0metaforach i\u00a0znaczeniu symbolicznym. Prace te\u00a0charakteryzuj\u0105 si\u0119 intertekstualnymi odwo\u0142aniami do\u00a0cielesno\u015bci, symboli lub te\u017c s\u0105 metaforami dla abstrakcyjnych konstrukt\u00f3w eksplorowanych w\u00a0ramach dzie\u0142a \u2013 czytamy w informacji Centrum Rze\u017aby Polskiej w Oro\u0144sku.<\/p>\n<p>Szczeg\u00f3ln\u0105 uwag\u0119 warto zwr\u00f3ci\u0107 na instalacj\u0119 z\u00a0cyklu\u00a0Od\u015bwie\u017caj\u0105c regu\u0142y\u00a0(2017), kt\u00f3ra przedstawia szczeg\u00f3ln\u0105 kompozycj\u0119 jasnoniebieskich p\u0142ytek basenowych zaaran\u017cowanych w\u00a0taki spos\u00f3b, \u017ce przypominaj\u0105 nieco basen, jednak o\u00a0wyrazi\u015bcie zniekszta\u0142conych powierzchniach. Kompozycji p\u0142ytek towarzyszy trampolina.<\/p>\n<p>Iwona Rozbiewska dzieli swoje \u017cycie pomi\u0119dzy Polsk\u0119 i\u00a0Niemcy. Uko\u0144czy\u0142a rze\u017ab\u0119 na\u00a0Akademii Sztuk Pi\u0119knych w\u00a0Warszawie i\u00a0Monachium oraz\u00a0uzyska\u0142a tytu\u0142 doktora sztuk pi\u0119knych na\u00a0Akademii Sztuki w\u00a0Szczecinie. Jest laureatk\u0105 nagrody Gilbert Bayes Award 2022 przyznawanej przez\u00a0Kr\u00f3lewskie Towarzystwo Rze\u017abiarzy w\u00a0Londynie. Otrzyma\u0142a kilka stypendi\u00f3w artystycznych, grant\u00f3w i\u00a0rezydencji, m.in.\u00a0w\u00a0Finlandii, Polsce, Niemczech, Argentynie i\u00a0Niderlandach. Jej prace by\u0142y prezentowane na\u00a0wystawach indywidualnych i\u00a0zbiorowych w\u00a0kraju i\u00a0za\u00a0granic\u0105.<\/p>\n<p>Adrian Andrzejewski<\/p>\n","protected":false},"excerpt":{"rendered":"<p>Do ko\u0144ca stycznia 2024 r. w Galerii Oran\u017ceria Centrum Rze\u017aby Polskiej w Oro\u0144sku trwa wystawa prac Iwony Rozbiewskiej \u201eW g\u0142\u0105b trapezu\u201d. Wystawa indywidualna\u00a0\u201eW\u00a0g\u0142\u0105b trapezu\u201d\u00a0prezentuje dzie\u0142a wsp\u00f3\u0142czesnej polskiej artystki Iwony Rozbiewskiej,&hellip;<\/p>\n","protected":false},"author":7,"featured_media":54319,"comment_status":"closed","ping_status":"open","sticky":false,"template":"","format":"standard","meta":{"_mi_skip_tracking":false,"footnotes":""},"categories":[50],"tags":[],"class_list":["post-54318","post","type-post","status-publish","format-standard","has-post-thumbnail","hentry","category-kultura"],"yoast_head":"<!-- This site is optimized with the Yoast SEO plugin v19.4 - https:\/\/yoast.com\/wordpress\/plugins\/seo\/ -->\n<title>Wystawa prac Iwony Rozbiewskiej w Centrum Rze\u017aby Polskiej w Oro\u0144sku - Godno\u015b\u0107 - DignityNews.eu<\/title>\n<meta name=\"robots\" content=\"index, follow, max-snippet:-1, max-image-preview:large, max-video-preview:-1\" \/>\n<link rel=\"canonical\" href=\"https:\/\/dignitynews.eu\/pl\/wystawa-prac-iwony-rozbiewskiej-w-centrum-rzezby-polskiej-w-oronsku\/\" \/>\n<meta property=\"og:locale\" content=\"pl_PL\" \/>\n<meta property=\"og:type\" content=\"article\" \/>\n<meta property=\"og:title\" content=\"Wystawa prac Iwony Rozbiewskiej w Centrum Rze\u017aby Polskiej w Oro\u0144sku - Godno\u015b\u0107 - DignityNews.eu\" \/>\n<meta property=\"og:description\" content=\"Do ko\u0144ca stycznia 2024 r. w Galerii Oran\u017ceria Centrum Rze\u017aby Polskiej w Oro\u0144sku trwa wystawa prac Iwony Rozbiewskiej \u201eW g\u0142\u0105b trapezu\u201d. Wystawa indywidualna\u00a0\u201eW\u00a0g\u0142\u0105b trapezu\u201d\u00a0prezentuje dzie\u0142a wsp\u00f3\u0142czesnej polskiej artystki Iwony Rozbiewskiej,&hellip;\" \/>\n<meta property=\"og:url\" content=\"https:\/\/dignitynews.eu\/pl\/wystawa-prac-iwony-rozbiewskiej-w-centrum-rzezby-polskiej-w-oronsku\/\" \/>\n<meta property=\"og:site_name\" content=\"Godno\u015b\u0107 - DignityNews.eu\" \/>\n<meta property=\"article:published_time\" content=\"2024-01-04T10:44:00+00:00\" \/>\n<meta property=\"og:image\" content=\"https:\/\/dignitynews.eu\/wp-content\/uploads\/2024\/01\/Iwona_Rozbiewska_Wystawa-fot.-Fot.-Mediations-Biennale.jpg\" \/>\n\t<meta property=\"og:image:width\" content=\"1280\" \/>\n\t<meta property=\"og:image:height\" content=\"869\" \/>\n\t<meta property=\"og:image:type\" content=\"image\/jpeg\" \/>\n<meta name=\"author\" content=\"Dignity News\" \/>\n<meta name=\"twitter:card\" content=\"summary_large_image\" \/>\n<meta name=\"twitter:label1\" content=\"Napisane przez\" \/>\n\t<meta name=\"twitter:data1\" content=\"Dignity News\" \/>\n\t<meta name=\"twitter:label2\" content=\"Szacowany czas czytania\" \/>\n\t<meta name=\"twitter:data2\" content=\"1 minuta\" \/>\n<script type=\"application\/ld+json\" class=\"yoast-schema-graph\">{\"@context\":\"https:\/\/schema.org\",\"@graph\":[{\"@type\":\"WebSite\",\"@id\":\"https:\/\/dignitynews.eu\/pl\/#website\",\"url\":\"https:\/\/dignitynews.eu\/pl\/\",\"name\":\"Godno\u015b\u0107 - DignityNews.eu\",\"description\":\"\",\"potentialAction\":[{\"@type\":\"SearchAction\",\"target\":{\"@type\":\"EntryPoint\",\"urlTemplate\":\"https:\/\/dignitynews.eu\/pl\/?s={search_term_string}\"},\"query-input\":\"required name=search_term_string\"}],\"inLanguage\":\"pl-PL\"},{\"@type\":\"WebPage\",\"@id\":\"https:\/\/dignitynews.eu\/pl\/wystawa-prac-iwony-rozbiewskiej-w-centrum-rzezby-polskiej-w-oronsku\/\",\"url\":\"https:\/\/dignitynews.eu\/pl\/wystawa-prac-iwony-rozbiewskiej-w-centrum-rzezby-polskiej-w-oronsku\/\",\"name\":\"Wystawa prac Iwony Rozbiewskiej w Centrum Rze\u017aby Polskiej w Oro\u0144sku - Godno\u015b\u0107 - DignityNews.eu\",\"isPartOf\":{\"@id\":\"https:\/\/dignitynews.eu\/pl\/#website\"},\"datePublished\":\"2024-01-04T10:44:00+00:00\",\"dateModified\":\"2024-01-04T10:44:00+00:00\",\"author\":{\"@id\":\"https:\/\/dignitynews.eu\/pl\/#\/schema\/person\/0b62b762b8174802fabc81a3ecb1bfcb\"},\"breadcrumb\":{\"@id\":\"https:\/\/dignitynews.eu\/pl\/wystawa-prac-iwony-rozbiewskiej-w-centrum-rzezby-polskiej-w-oronsku\/#breadcrumb\"},\"inLanguage\":\"pl-PL\",\"potentialAction\":[{\"@type\":\"ReadAction\",\"target\":[\"https:\/\/dignitynews.eu\/pl\/wystawa-prac-iwony-rozbiewskiej-w-centrum-rzezby-polskiej-w-oronsku\/\"]}]},{\"@type\":\"BreadcrumbList\",\"@id\":\"https:\/\/dignitynews.eu\/pl\/wystawa-prac-iwony-rozbiewskiej-w-centrum-rzezby-polskiej-w-oronsku\/#breadcrumb\",\"itemListElement\":[{\"@type\":\"ListItem\",\"position\":1,\"name\":\"Strona g\u0142\u00f3wna\",\"item\":\"https:\/\/dignitynews.eu\/pl\/\"},{\"@type\":\"ListItem\",\"position\":2,\"name\":\"Wystawa prac Iwony Rozbiewskiej w Centrum Rze\u017aby Polskiej w Oro\u0144sku\"}]},{\"@type\":\"Person\",\"@id\":\"https:\/\/dignitynews.eu\/pl\/#\/schema\/person\/0b62b762b8174802fabc81a3ecb1bfcb\",\"name\":\"Dignity News\",\"image\":{\"@type\":\"ImageObject\",\"inLanguage\":\"pl-PL\",\"@id\":\"https:\/\/dignitynews.eu\/pl\/#\/schema\/person\/image\/\",\"url\":\"https:\/\/secure.gravatar.com\/avatar\/97963171a6d9108f8381bbefb1c6b150c445b6ddd9e3077b96c86cf5892c85dc?s=96&d=mm&r=g\",\"contentUrl\":\"https:\/\/secure.gravatar.com\/avatar\/97963171a6d9108f8381bbefb1c6b150c445b6ddd9e3077b96c86cf5892c85dc?s=96&d=mm&r=g\",\"caption\":\"Dignity News\"},\"url\":\"https:\/\/dignitynews.eu\/pl\/author\/mikolaj-palade\/\"}]}<\/script>\n<!-- \/ Yoast SEO plugin. -->","yoast_head_json":{"title":"Wystawa prac Iwony Rozbiewskiej w Centrum Rze\u017aby Polskiej w Oro\u0144sku - Godno\u015b\u0107 - DignityNews.eu","robots":{"index":"index","follow":"follow","max-snippet":"max-snippet:-1","max-image-preview":"max-image-preview:large","max-video-preview":"max-video-preview:-1"},"canonical":"https:\/\/dignitynews.eu\/pl\/wystawa-prac-iwony-rozbiewskiej-w-centrum-rzezby-polskiej-w-oronsku\/","og_locale":"pl_PL","og_type":"article","og_title":"Wystawa prac Iwony Rozbiewskiej w Centrum Rze\u017aby Polskiej w Oro\u0144sku - Godno\u015b\u0107 - DignityNews.eu","og_description":"Do ko\u0144ca stycznia 2024 r. w Galerii Oran\u017ceria Centrum Rze\u017aby Polskiej w Oro\u0144sku trwa wystawa prac Iwony Rozbiewskiej \u201eW g\u0142\u0105b trapezu\u201d. Wystawa indywidualna\u00a0\u201eW\u00a0g\u0142\u0105b trapezu\u201d\u00a0prezentuje dzie\u0142a wsp\u00f3\u0142czesnej polskiej artystki Iwony Rozbiewskiej,&hellip;","og_url":"https:\/\/dignitynews.eu\/pl\/wystawa-prac-iwony-rozbiewskiej-w-centrum-rzezby-polskiej-w-oronsku\/","og_site_name":"Godno\u015b\u0107 - DignityNews.eu","article_published_time":"2024-01-04T10:44:00+00:00","og_image":[{"width":1280,"height":869,"url":"https:\/\/dignitynews.eu\/wp-content\/uploads\/2024\/01\/Iwona_Rozbiewska_Wystawa-fot.-Fot.-Mediations-Biennale.jpg","type":"image\/jpeg"}],"author":"Dignity News","twitter_card":"summary_large_image","twitter_misc":{"Napisane przez":"Dignity News","Szacowany czas czytania":"1 minuta"},"schema":{"@context":"https:\/\/schema.org","@graph":[{"@type":"WebSite","@id":"https:\/\/dignitynews.eu\/pl\/#website","url":"https:\/\/dignitynews.eu\/pl\/","name":"Godno\u015b\u0107 - DignityNews.eu","description":"","potentialAction":[{"@type":"SearchAction","target":{"@type":"EntryPoint","urlTemplate":"https:\/\/dignitynews.eu\/pl\/?s={search_term_string}"},"query-input":"required name=search_term_string"}],"inLanguage":"pl-PL"},{"@type":"WebPage","@id":"https:\/\/dignitynews.eu\/pl\/wystawa-prac-iwony-rozbiewskiej-w-centrum-rzezby-polskiej-w-oronsku\/","url":"https:\/\/dignitynews.eu\/pl\/wystawa-prac-iwony-rozbiewskiej-w-centrum-rzezby-polskiej-w-oronsku\/","name":"Wystawa prac Iwony Rozbiewskiej w Centrum Rze\u017aby Polskiej w Oro\u0144sku - Godno\u015b\u0107 - DignityNews.eu","isPartOf":{"@id":"https:\/\/dignitynews.eu\/pl\/#website"},"datePublished":"2024-01-04T10:44:00+00:00","dateModified":"2024-01-04T10:44:00+00:00","author":{"@id":"https:\/\/dignitynews.eu\/pl\/#\/schema\/person\/0b62b762b8174802fabc81a3ecb1bfcb"},"breadcrumb":{"@id":"https:\/\/dignitynews.eu\/pl\/wystawa-prac-iwony-rozbiewskiej-w-centrum-rzezby-polskiej-w-oronsku\/#breadcrumb"},"inLanguage":"pl-PL","potentialAction":[{"@type":"ReadAction","target":["https:\/\/dignitynews.eu\/pl\/wystawa-prac-iwony-rozbiewskiej-w-centrum-rzezby-polskiej-w-oronsku\/"]}]},{"@type":"BreadcrumbList","@id":"https:\/\/dignitynews.eu\/pl\/wystawa-prac-iwony-rozbiewskiej-w-centrum-rzezby-polskiej-w-oronsku\/#breadcrumb","itemListElement":[{"@type":"ListItem","position":1,"name":"Strona g\u0142\u00f3wna","item":"https:\/\/dignitynews.eu\/pl\/"},{"@type":"ListItem","position":2,"name":"Wystawa prac Iwony Rozbiewskiej w Centrum Rze\u017aby Polskiej w Oro\u0144sku"}]},{"@type":"Person","@id":"https:\/\/dignitynews.eu\/pl\/#\/schema\/person\/0b62b762b8174802fabc81a3ecb1bfcb","name":"Dignity News","image":{"@type":"ImageObject","inLanguage":"pl-PL","@id":"https:\/\/dignitynews.eu\/pl\/#\/schema\/person\/image\/","url":"https:\/\/secure.gravatar.com\/avatar\/97963171a6d9108f8381bbefb1c6b150c445b6ddd9e3077b96c86cf5892c85dc?s=96&d=mm&r=g","contentUrl":"https:\/\/secure.gravatar.com\/avatar\/97963171a6d9108f8381bbefb1c6b150c445b6ddd9e3077b96c86cf5892c85dc?s=96&d=mm&r=g","caption":"Dignity News"},"url":"https:\/\/dignitynews.eu\/pl\/author\/mikolaj-palade\/"}]}},"_links":{"self":[{"href":"https:\/\/dignitynews.eu\/pl\/wp-json\/wp\/v2\/posts\/54318","targetHints":{"allow":["GET"]}}],"collection":[{"href":"https:\/\/dignitynews.eu\/pl\/wp-json\/wp\/v2\/posts"}],"about":[{"href":"https:\/\/dignitynews.eu\/pl\/wp-json\/wp\/v2\/types\/post"}],"author":[{"embeddable":true,"href":"https:\/\/dignitynews.eu\/pl\/wp-json\/wp\/v2\/users\/7"}],"replies":[{"embeddable":true,"href":"https:\/\/dignitynews.eu\/pl\/wp-json\/wp\/v2\/comments?post=54318"}],"version-history":[{"count":1,"href":"https:\/\/dignitynews.eu\/pl\/wp-json\/wp\/v2\/posts\/54318\/revisions"}],"predecessor-version":[{"id":54324,"href":"https:\/\/dignitynews.eu\/pl\/wp-json\/wp\/v2\/posts\/54318\/revisions\/54324"}],"wp:featuredmedia":[{"embeddable":true,"href":"https:\/\/dignitynews.eu\/pl\/wp-json\/wp\/v2\/media\/54319"}],"wp:attachment":[{"href":"https:\/\/dignitynews.eu\/pl\/wp-json\/wp\/v2\/media?parent=54318"}],"wp:term":[{"taxonomy":"category","embeddable":true,"href":"https:\/\/dignitynews.eu\/pl\/wp-json\/wp\/v2\/categories?post=54318"},{"taxonomy":"post_tag","embeddable":true,"href":"https:\/\/dignitynews.eu\/pl\/wp-json\/wp\/v2\/tags?post=54318"}],"curies":[{"name":"wp","href":"https:\/\/api.w.org\/{rel}","templated":true}]}}