{"id":54294,"date":"2024-01-04T11:39:22","date_gmt":"2024-01-04T10:39:22","guid":{"rendered":"https:\/\/dignitynews.eu\/?p=54294"},"modified":"2024-01-04T11:39:22","modified_gmt":"2024-01-04T10:39:22","slug":"naukowcy-z-wojskowej-akademii-technicznej-wspoltworzyli-radar-ktory-trafi-do-polskiej-armii","status":"publish","type":"post","link":"https:\/\/dignitynews.eu\/pl\/naukowcy-z-wojskowej-akademii-technicznej-wspoltworzyli-radar-ktory-trafi-do-polskiej-armii\/","title":{"rendered":"Naukowcy z Wojskowej Akademii Technicznej wsp\u00f3\u0142tworzyli radar, kt\u00f3ry trafi do polskiej armii"},"content":{"rendered":"<h5><strong>Radary dalekiego zasi\u0119gu P-18PL, nad kt\u00f3rymi pracowali naukowcy z Wydzia\u0142u Elektroniki Wojskowej Akademii Technicznej (WAT) w Warszawie znajd\u0105 si\u0119 na wyposa\u017ceniu Si\u0142 Zbrojnych RP. Kontrakt w tej sprawie, o warto\u015bci ponad 3,1 mld z\u0142otych b\u0119dzie realizowany do 2035roku. <\/strong><\/h5>\n<p>To krok milowy w rozwoju polskiej obrony przeciwlotniczej \u2013 podkre\u015bla WAT w komunikacie.<\/p>\n<p>Agencja Uzbrojenia zam\u00f3wi\u0142a 24 radary dalekiego zasi\u0119gu P-18PL. Projekt, kt\u00f3rego celem by\u0142o opracowanie prototypu radaru zosta\u0142 zako\u0144czony w\u00a0grudniu 2022 r. pozytywnym wynikiem bada\u0144 kwalifikacyjnych. By\u0142 realizowany przez konsorcjum sk\u0142adaj\u0105ce si\u0119 z PIT-RADWAR S.A. (lider) i WAT. Kierownikiem projektu ze strony WAT by\u0142 prof. dr hab. in\u017c. Adam Kawalec.<\/p>\n<p>Zawarcie kontraktu na dostawy 24 radar\u00f3w P-18PL otwiera nowe perspektywy dla Si\u0142 Zbrojnych RP, wprowadzaj\u0105c do arsena\u0142u nowoczesne narz\u0119dzia pozwalaj\u0105ce na skuteczn\u0105 obserwacj\u0119, identyfikacj\u0119 i zwalczanie zagro\u017ce\u0144 na du\u017cych dystansach. Jednocze\u015bnie stanowi dow\u00f3d zdolno\u015bci polskiej my\u015bli technicznej na mo\u017cliwo\u015b\u0107 tworzenia innowacyjnych rozwi\u0105za\u0144 w dziedzinie radiolokacji, co wpisuje si\u0119 w globalne trendy rozwoju technologii obronnych \u2013 powiedzia\u0142 dr in\u017c. Bronis\u0142aw Wajszczyk, kierownik Zak\u0142adu System\u00f3w Radioelektronicznych w Instytucie Radioelektroniki Wydzia\u0142u Elektroniki WAT, odpowiedzialny za oprogramowanie radaru.<\/p>\n<p>Radar wst\u0119pnego wskazywania cel\u00f3w P-18 PL, pracuj\u0105cy w pa\u015bmie metrowym, ze skanowaniem fazowym w dw\u00f3ch p\u0142aszczyznach dla Zestaw\u00f3w Rakietowych Obrony Powietrznej (ZROP) ma zdolno\u015b\u0107 wsp\u00f3\u0142pracy z systemami dowodzenia Si\u0142 Powietrznych oraz Obrony Przeciwlotniczej i Przeciwrakietowej. Docelowo, radar ten b\u0119dzie w\u0142\u0105czony w Zintegrowany System Dowodzenia Obron\u0105 Przeciwlotnicz\u0105 i Przeciwrakietow\u0105 (IBCS), obs\u0142uguj\u0105c zar\u00f3wno zestawy obrony powietrznej kr\u00f3tkiego zasi\u0119gu Narew, jak i zestawy \u015bredniego zasi\u0119gu w ramach programu Wis\u0142a \u2013 informuje WAT.<\/p>\n<p>Adrian Andrzejewski<\/p>\n","protected":false},"excerpt":{"rendered":"<p>Radary dalekiego zasi\u0119gu P-18PL, nad kt\u00f3rymi pracowali naukowcy z Wydzia\u0142u Elektroniki Wojskowej Akademii Technicznej (WAT) w Warszawie znajd\u0105 si\u0119 na wyposa\u017ceniu Si\u0142 Zbrojnych RP. Kontrakt w tej sprawie, o warto\u015bci&hellip;<\/p>\n","protected":false},"author":7,"featured_media":54295,"comment_status":"closed","ping_status":"open","sticky":false,"template":"","format":"standard","meta":{"_mi_skip_tracking":false,"footnotes":""},"categories":[49],"tags":[],"class_list":["post-54294","post","type-post","status-publish","format-standard","has-post-thumbnail","hentry","category-nauka"],"yoast_head":"<!-- This site is optimized with the Yoast SEO plugin v19.4 - https:\/\/yoast.com\/wordpress\/plugins\/seo\/ -->\n<title>Naukowcy z Wojskowej Akademii Technicznej wsp\u00f3\u0142tworzyli radar, kt\u00f3ry trafi do polskiej armii - Godno\u015b\u0107 - DignityNews.eu<\/title>\n<meta name=\"robots\" content=\"index, follow, max-snippet:-1, max-image-preview:large, max-video-preview:-1\" \/>\n<link rel=\"canonical\" href=\"https:\/\/dignitynews.eu\/pl\/naukowcy-z-wojskowej-akademii-technicznej-wspoltworzyli-radar-ktory-trafi-do-polskiej-armii\/\" \/>\n<meta property=\"og:locale\" content=\"pl_PL\" \/>\n<meta property=\"og:type\" content=\"article\" \/>\n<meta property=\"og:title\" content=\"Naukowcy z Wojskowej Akademii Technicznej wsp\u00f3\u0142tworzyli radar, kt\u00f3ry trafi do polskiej armii - Godno\u015b\u0107 - DignityNews.eu\" \/>\n<meta property=\"og:description\" content=\"Radary dalekiego zasi\u0119gu P-18PL, nad kt\u00f3rymi pracowali naukowcy z Wydzia\u0142u Elektroniki Wojskowej Akademii Technicznej (WAT) w Warszawie znajd\u0105 si\u0119 na wyposa\u017ceniu Si\u0142 Zbrojnych RP. Kontrakt w tej sprawie, o warto\u015bci&hellip;\" \/>\n<meta property=\"og:url\" content=\"https:\/\/dignitynews.eu\/pl\/naukowcy-z-wojskowej-akademii-technicznej-wspoltworzyli-radar-ktory-trafi-do-polskiej-armii\/\" \/>\n<meta property=\"og:site_name\" content=\"Godno\u015b\u0107 - DignityNews.eu\" \/>\n<meta property=\"article:published_time\" content=\"2024-01-04T10:39:22+00:00\" \/>\n<meta property=\"og:image\" content=\"https:\/\/dignitynews.eu\/wp-content\/uploads\/2024\/01\/Naukowcy-z-WAT-radar-fot.-fot.-Piotr-Serafin-WAT.jpg\" \/>\n\t<meta property=\"og:image:width\" content=\"1920\" \/>\n\t<meta property=\"og:image:height\" content=\"1280\" \/>\n\t<meta property=\"og:image:type\" content=\"image\/jpeg\" \/>\n<meta name=\"author\" content=\"Dignity News\" \/>\n<meta name=\"twitter:card\" content=\"summary_large_image\" \/>\n<meta name=\"twitter:label1\" content=\"Napisane przez\" \/>\n\t<meta name=\"twitter:data1\" content=\"Dignity News\" \/>\n\t<meta name=\"twitter:label2\" content=\"Szacowany czas czytania\" \/>\n\t<meta name=\"twitter:data2\" content=\"1 minuta\" \/>\n<script type=\"application\/ld+json\" class=\"yoast-schema-graph\">{\"@context\":\"https:\/\/schema.org\",\"@graph\":[{\"@type\":\"WebSite\",\"@id\":\"https:\/\/dignitynews.eu\/pl\/#website\",\"url\":\"https:\/\/dignitynews.eu\/pl\/\",\"name\":\"Godno\u015b\u0107 - DignityNews.eu\",\"description\":\"\",\"potentialAction\":[{\"@type\":\"SearchAction\",\"target\":{\"@type\":\"EntryPoint\",\"urlTemplate\":\"https:\/\/dignitynews.eu\/pl\/?s={search_term_string}\"},\"query-input\":\"required name=search_term_string\"}],\"inLanguage\":\"pl-PL\"},{\"@type\":\"WebPage\",\"@id\":\"https:\/\/dignitynews.eu\/pl\/naukowcy-z-wojskowej-akademii-technicznej-wspoltworzyli-radar-ktory-trafi-do-polskiej-armii\/\",\"url\":\"https:\/\/dignitynews.eu\/pl\/naukowcy-z-wojskowej-akademii-technicznej-wspoltworzyli-radar-ktory-trafi-do-polskiej-armii\/\",\"name\":\"Naukowcy z Wojskowej Akademii Technicznej wsp\u00f3\u0142tworzyli radar, kt\u00f3ry trafi do polskiej armii - Godno\u015b\u0107 - DignityNews.eu\",\"isPartOf\":{\"@id\":\"https:\/\/dignitynews.eu\/pl\/#website\"},\"datePublished\":\"2024-01-04T10:39:22+00:00\",\"dateModified\":\"2024-01-04T10:39:22+00:00\",\"author\":{\"@id\":\"https:\/\/dignitynews.eu\/pl\/#\/schema\/person\/0b62b762b8174802fabc81a3ecb1bfcb\"},\"breadcrumb\":{\"@id\":\"https:\/\/dignitynews.eu\/pl\/naukowcy-z-wojskowej-akademii-technicznej-wspoltworzyli-radar-ktory-trafi-do-polskiej-armii\/#breadcrumb\"},\"inLanguage\":\"pl-PL\",\"potentialAction\":[{\"@type\":\"ReadAction\",\"target\":[\"https:\/\/dignitynews.eu\/pl\/naukowcy-z-wojskowej-akademii-technicznej-wspoltworzyli-radar-ktory-trafi-do-polskiej-armii\/\"]}]},{\"@type\":\"BreadcrumbList\",\"@id\":\"https:\/\/dignitynews.eu\/pl\/naukowcy-z-wojskowej-akademii-technicznej-wspoltworzyli-radar-ktory-trafi-do-polskiej-armii\/#breadcrumb\",\"itemListElement\":[{\"@type\":\"ListItem\",\"position\":1,\"name\":\"Strona g\u0142\u00f3wna\",\"item\":\"https:\/\/dignitynews.eu\/pl\/\"},{\"@type\":\"ListItem\",\"position\":2,\"name\":\"Naukowcy z Wojskowej Akademii Technicznej wsp\u00f3\u0142tworzyli radar, kt\u00f3ry trafi do polskiej armii\"}]},{\"@type\":\"Person\",\"@id\":\"https:\/\/dignitynews.eu\/pl\/#\/schema\/person\/0b62b762b8174802fabc81a3ecb1bfcb\",\"name\":\"Dignity News\",\"image\":{\"@type\":\"ImageObject\",\"inLanguage\":\"pl-PL\",\"@id\":\"https:\/\/dignitynews.eu\/pl\/#\/schema\/person\/image\/\",\"url\":\"https:\/\/secure.gravatar.com\/avatar\/97963171a6d9108f8381bbefb1c6b150c445b6ddd9e3077b96c86cf5892c85dc?s=96&d=mm&r=g\",\"contentUrl\":\"https:\/\/secure.gravatar.com\/avatar\/97963171a6d9108f8381bbefb1c6b150c445b6ddd9e3077b96c86cf5892c85dc?s=96&d=mm&r=g\",\"caption\":\"Dignity News\"},\"url\":\"https:\/\/dignitynews.eu\/pl\/author\/mikolaj-palade\/\"}]}<\/script>\n<!-- \/ Yoast SEO plugin. -->","yoast_head_json":{"title":"Naukowcy z Wojskowej Akademii Technicznej wsp\u00f3\u0142tworzyli radar, kt\u00f3ry trafi do polskiej armii - Godno\u015b\u0107 - DignityNews.eu","robots":{"index":"index","follow":"follow","max-snippet":"max-snippet:-1","max-image-preview":"max-image-preview:large","max-video-preview":"max-video-preview:-1"},"canonical":"https:\/\/dignitynews.eu\/pl\/naukowcy-z-wojskowej-akademii-technicznej-wspoltworzyli-radar-ktory-trafi-do-polskiej-armii\/","og_locale":"pl_PL","og_type":"article","og_title":"Naukowcy z Wojskowej Akademii Technicznej wsp\u00f3\u0142tworzyli radar, kt\u00f3ry trafi do polskiej armii - Godno\u015b\u0107 - DignityNews.eu","og_description":"Radary dalekiego zasi\u0119gu P-18PL, nad kt\u00f3rymi pracowali naukowcy z Wydzia\u0142u Elektroniki Wojskowej Akademii Technicznej (WAT) w Warszawie znajd\u0105 si\u0119 na wyposa\u017ceniu Si\u0142 Zbrojnych RP. Kontrakt w tej sprawie, o warto\u015bci&hellip;","og_url":"https:\/\/dignitynews.eu\/pl\/naukowcy-z-wojskowej-akademii-technicznej-wspoltworzyli-radar-ktory-trafi-do-polskiej-armii\/","og_site_name":"Godno\u015b\u0107 - DignityNews.eu","article_published_time":"2024-01-04T10:39:22+00:00","og_image":[{"width":1920,"height":1280,"url":"https:\/\/dignitynews.eu\/wp-content\/uploads\/2024\/01\/Naukowcy-z-WAT-radar-fot.-fot.-Piotr-Serafin-WAT.jpg","type":"image\/jpeg"}],"author":"Dignity News","twitter_card":"summary_large_image","twitter_misc":{"Napisane przez":"Dignity News","Szacowany czas czytania":"1 minuta"},"schema":{"@context":"https:\/\/schema.org","@graph":[{"@type":"WebSite","@id":"https:\/\/dignitynews.eu\/pl\/#website","url":"https:\/\/dignitynews.eu\/pl\/","name":"Godno\u015b\u0107 - DignityNews.eu","description":"","potentialAction":[{"@type":"SearchAction","target":{"@type":"EntryPoint","urlTemplate":"https:\/\/dignitynews.eu\/pl\/?s={search_term_string}"},"query-input":"required name=search_term_string"}],"inLanguage":"pl-PL"},{"@type":"WebPage","@id":"https:\/\/dignitynews.eu\/pl\/naukowcy-z-wojskowej-akademii-technicznej-wspoltworzyli-radar-ktory-trafi-do-polskiej-armii\/","url":"https:\/\/dignitynews.eu\/pl\/naukowcy-z-wojskowej-akademii-technicznej-wspoltworzyli-radar-ktory-trafi-do-polskiej-armii\/","name":"Naukowcy z Wojskowej Akademii Technicznej wsp\u00f3\u0142tworzyli radar, kt\u00f3ry trafi do polskiej armii - Godno\u015b\u0107 - DignityNews.eu","isPartOf":{"@id":"https:\/\/dignitynews.eu\/pl\/#website"},"datePublished":"2024-01-04T10:39:22+00:00","dateModified":"2024-01-04T10:39:22+00:00","author":{"@id":"https:\/\/dignitynews.eu\/pl\/#\/schema\/person\/0b62b762b8174802fabc81a3ecb1bfcb"},"breadcrumb":{"@id":"https:\/\/dignitynews.eu\/pl\/naukowcy-z-wojskowej-akademii-technicznej-wspoltworzyli-radar-ktory-trafi-do-polskiej-armii\/#breadcrumb"},"inLanguage":"pl-PL","potentialAction":[{"@type":"ReadAction","target":["https:\/\/dignitynews.eu\/pl\/naukowcy-z-wojskowej-akademii-technicznej-wspoltworzyli-radar-ktory-trafi-do-polskiej-armii\/"]}]},{"@type":"BreadcrumbList","@id":"https:\/\/dignitynews.eu\/pl\/naukowcy-z-wojskowej-akademii-technicznej-wspoltworzyli-radar-ktory-trafi-do-polskiej-armii\/#breadcrumb","itemListElement":[{"@type":"ListItem","position":1,"name":"Strona g\u0142\u00f3wna","item":"https:\/\/dignitynews.eu\/pl\/"},{"@type":"ListItem","position":2,"name":"Naukowcy z Wojskowej Akademii Technicznej wsp\u00f3\u0142tworzyli radar, kt\u00f3ry trafi do polskiej armii"}]},{"@type":"Person","@id":"https:\/\/dignitynews.eu\/pl\/#\/schema\/person\/0b62b762b8174802fabc81a3ecb1bfcb","name":"Dignity News","image":{"@type":"ImageObject","inLanguage":"pl-PL","@id":"https:\/\/dignitynews.eu\/pl\/#\/schema\/person\/image\/","url":"https:\/\/secure.gravatar.com\/avatar\/97963171a6d9108f8381bbefb1c6b150c445b6ddd9e3077b96c86cf5892c85dc?s=96&d=mm&r=g","contentUrl":"https:\/\/secure.gravatar.com\/avatar\/97963171a6d9108f8381bbefb1c6b150c445b6ddd9e3077b96c86cf5892c85dc?s=96&d=mm&r=g","caption":"Dignity News"},"url":"https:\/\/dignitynews.eu\/pl\/author\/mikolaj-palade\/"}]}},"_links":{"self":[{"href":"https:\/\/dignitynews.eu\/pl\/wp-json\/wp\/v2\/posts\/54294","targetHints":{"allow":["GET"]}}],"collection":[{"href":"https:\/\/dignitynews.eu\/pl\/wp-json\/wp\/v2\/posts"}],"about":[{"href":"https:\/\/dignitynews.eu\/pl\/wp-json\/wp\/v2\/types\/post"}],"author":[{"embeddable":true,"href":"https:\/\/dignitynews.eu\/pl\/wp-json\/wp\/v2\/users\/7"}],"replies":[{"embeddable":true,"href":"https:\/\/dignitynews.eu\/pl\/wp-json\/wp\/v2\/comments?post=54294"}],"version-history":[{"count":1,"href":"https:\/\/dignitynews.eu\/pl\/wp-json\/wp\/v2\/posts\/54294\/revisions"}],"predecessor-version":[{"id":54300,"href":"https:\/\/dignitynews.eu\/pl\/wp-json\/wp\/v2\/posts\/54294\/revisions\/54300"}],"wp:featuredmedia":[{"embeddable":true,"href":"https:\/\/dignitynews.eu\/pl\/wp-json\/wp\/v2\/media\/54295"}],"wp:attachment":[{"href":"https:\/\/dignitynews.eu\/pl\/wp-json\/wp\/v2\/media?parent=54294"}],"wp:term":[{"taxonomy":"category","embeddable":true,"href":"https:\/\/dignitynews.eu\/pl\/wp-json\/wp\/v2\/categories?post=54294"},{"taxonomy":"post_tag","embeddable":true,"href":"https:\/\/dignitynews.eu\/pl\/wp-json\/wp\/v2\/tags?post=54294"}],"curies":[{"name":"wp","href":"https:\/\/api.w.org\/{rel}","templated":true}]}}