{"id":54273,"date":"2024-01-03T12:17:11","date_gmt":"2024-01-03T11:17:11","guid":{"rendered":"https:\/\/dignitynews.eu\/?p=54273"},"modified":"2024-01-03T12:17:11","modified_gmt":"2024-01-03T11:17:11","slug":"wazniejsze-niz-zycie-podziemne-archiwum-getta-warszawskiego-wystawa-w-centrum-dokumentacji-nazizmu-w-monachium","status":"publish","type":"post","link":"https:\/\/dignitynews.eu\/pl\/wazniejsze-niz-zycie-podziemne-archiwum-getta-warszawskiego-wystawa-w-centrum-dokumentacji-nazizmu-w-monachium\/","title":{"rendered":"Wa\u017cniejsze ni\u017c \u017cycie: Podziemne Archiwum Getta Warszawskiego. Wystawa w Centrum Dokumentacji Nazizmu w Monachium"},"content":{"rendered":"<h5>Tylko do 7 stycznia w Centrum Dokumentacji Nazizmu w Monachium mo\u017cna ogl\u0105da\u0107 wystaw\u0119 \u201eWa\u017cniejsze ni\u017c \u017cycie: Podziemne Archiwum Getta Warszawskiego&#8221; organizowan\u0105 we wsp\u00f3\u0142pracy z \u017bydowskim Instytutem Historycznym.<\/h5>\n<p>W 1940 r. okupanci niemieccy otoczyli kordonem znaczn\u0105 cz\u0119\u015b\u0107 Warszawy i przesiedlili tam ludno\u015b\u0107 \u017cydowsk\u0105 z miasta oraz okolicznych wiosek i miasteczek. Aby udokumentowa\u0107 te wydarzenia dla \u015bwiata zewn\u0119trznego i dla potomno\u015bci, historyk Emanuel Ringelblum zainicjowa\u0142 bezprecedensow\u0105 akcj\u0119 zbierania materia\u0142\u00f3w dokumentuj\u0105cych \u017cycie w getcie. Kolektyw naukowc\u00f3w, pisarzy i aktywist\u00f3w dzia\u0142aj\u0105cych w konspiracji nazwa\u0142 siebie Oneg Szabat (Rado\u015b\u0107 Szabatu), a kolekcja znana jest dzi\u015b jako Archiwum Ringelbluma.<\/p>\n<p>Archiwum zgromadzone przez Oneg Szabat jest wyj\u0105tkowym i wybitnym przyk\u0142adem samostanowienia \u017byd\u00f3w podczas Zag\u0142ady i stanowi pierwsz\u0105 pr\u00f3b\u0119 bezpo\u015bredniego udokumentowania masowego mordu europejskich \u017byd\u00f3w zainicjowanego przez Niemc\u00f3w, a nast\u0119pnie zarchiwizowania tej dokumentacji.<\/p>\n<p>Pierwotnym celem Oneg Szabat by\u0142o po prostu dokumentowanie \u017cycia w getcie, w kt\u00f3rym \u017cyli \u017bydzi z Warszawy i innych region\u00f3w Polski, \u017bydzi deportowani z Niemiec i z kraj\u00f3w pod okupacj\u0105 niemieck\u0105 \u2013 w tym tacy, kt\u00f3rzy przeszli na chrze\u015bcija\u0144stwo \u2013 a tak\u017ce Romowie. Wszyscy oni pr\u00f3bowali przetrwa\u0107 w opresyjnie przeludnionych warunkach zamkni\u0119tego getta w centrum Warszawy. A\u017c 450 tys. ludzi zosta\u0142o sp\u0119dzonych, aby \u017cy\u0107 razem w nieludzkich warunkach.<\/p>\n<p>Nie wiadomo ile os\u00f3b pracowa\u0142o w Oneg Szabat, wiadomo, \u017ce Zag\u0142ad\u0119 prze\u017cy\u0142o tylko troje z nich. Wi\u0119kszo\u015b\u0107 archiwum zosta\u0142a jednak zachowana, zakopana w kryj\u00f3wce pod ruinami getta.<\/p>\n<p>Archiwum zawiera oko\u0142o 35 tys. arkuszy notatek, wpis\u00f3w do pami\u0119tnik\u00f3w, esej\u00f3w, zdj\u0119\u0107, rysunk\u00f3w, oficjalnych dokument\u00f3w i innych \u015bwiadectw \u017cycia codziennego. Jest przechowywane w \u017bydowskim Instytucie Historycznym w Warszawie, W 1999 r. zosta\u0142o wpisane na List\u0119 \u015awiatowego Dziedzictwa Kulturowego UNESCO.<\/p>\n<p>Arkadiusz S\u0142omczy\u0144ski<\/p>\n","protected":false},"excerpt":{"rendered":"<p>Tylko do 7 stycznia w Centrum Dokumentacji Nazizmu w Monachium mo\u017cna ogl\u0105da\u0107 wystaw\u0119 \u201eWa\u017cniejsze ni\u017c \u017cycie: Podziemne Archiwum Getta Warszawskiego&#8221; organizowan\u0105 we wsp\u00f3\u0142pracy z \u017bydowskim Instytutem Historycznym. W 1940 r.&hellip;<\/p>\n","protected":false},"author":7,"featured_media":54274,"comment_status":"closed","ping_status":"open","sticky":false,"template":"","format":"standard","meta":{"_mi_skip_tracking":false,"footnotes":""},"categories":[50],"tags":[],"class_list":["post-54273","post","type-post","status-publish","format-standard","has-post-thumbnail","hentry","category-kultura"],"yoast_head":"<!-- This site is optimized with the Yoast SEO plugin v19.4 - https:\/\/yoast.com\/wordpress\/plugins\/seo\/ -->\n<title>Wa\u017cniejsze ni\u017c \u017cycie: Podziemne Archiwum Getta Warszawskiego. Wystawa w Centrum Dokumentacji Nazizmu w Monachium - Godno\u015b\u0107 - DignityNews.eu<\/title>\n<meta name=\"robots\" content=\"index, follow, max-snippet:-1, max-image-preview:large, max-video-preview:-1\" \/>\n<link rel=\"canonical\" href=\"https:\/\/dignitynews.eu\/pl\/wazniejsze-niz-zycie-podziemne-archiwum-getta-warszawskiego-wystawa-w-centrum-dokumentacji-nazizmu-w-monachium\/\" \/>\n<meta property=\"og:locale\" content=\"pl_PL\" \/>\n<meta property=\"og:type\" content=\"article\" \/>\n<meta property=\"og:title\" content=\"Wa\u017cniejsze ni\u017c \u017cycie: Podziemne Archiwum Getta Warszawskiego. Wystawa w Centrum Dokumentacji Nazizmu w Monachium - Godno\u015b\u0107 - DignityNews.eu\" \/>\n<meta property=\"og:description\" content=\"Tylko do 7 stycznia w Centrum Dokumentacji Nazizmu w Monachium mo\u017cna ogl\u0105da\u0107 wystaw\u0119 \u201eWa\u017cniejsze ni\u017c \u017cycie: Podziemne Archiwum Getta Warszawskiego&#8221; organizowan\u0105 we wsp\u00f3\u0142pracy z \u017bydowskim Instytutem Historycznym. W 1940 r.&hellip;\" \/>\n<meta property=\"og:url\" content=\"https:\/\/dignitynews.eu\/pl\/wazniejsze-niz-zycie-podziemne-archiwum-getta-warszawskiego-wystawa-w-centrum-dokumentacji-nazizmu-w-monachium\/\" \/>\n<meta property=\"og:site_name\" content=\"Godno\u015b\u0107 - DignityNews.eu\" \/>\n<meta property=\"article:published_time\" content=\"2024-01-03T11:17:11+00:00\" \/>\n<meta property=\"og:image\" content=\"https:\/\/dignitynews.eu\/wp-content\/uploads\/2024\/01\/wazniejsze-niz-zycie-fot.-Zydowski-Instytut-Historyczny.jpg\" \/>\n\t<meta property=\"og:image:width\" content=\"1000\" \/>\n\t<meta property=\"og:image:height\" content=\"668\" \/>\n\t<meta property=\"og:image:type\" content=\"image\/jpeg\" \/>\n<meta name=\"author\" content=\"Dignity News\" \/>\n<meta name=\"twitter:card\" content=\"summary_large_image\" \/>\n<meta name=\"twitter:label1\" content=\"Napisane przez\" \/>\n\t<meta name=\"twitter:data1\" content=\"Dignity News\" \/>\n\t<meta name=\"twitter:label2\" content=\"Szacowany czas czytania\" \/>\n\t<meta name=\"twitter:data2\" content=\"2 minuty\" \/>\n<script type=\"application\/ld+json\" class=\"yoast-schema-graph\">{\"@context\":\"https:\/\/schema.org\",\"@graph\":[{\"@type\":\"WebSite\",\"@id\":\"https:\/\/dignitynews.eu\/pl\/#website\",\"url\":\"https:\/\/dignitynews.eu\/pl\/\",\"name\":\"Godno\u015b\u0107 - DignityNews.eu\",\"description\":\"\",\"potentialAction\":[{\"@type\":\"SearchAction\",\"target\":{\"@type\":\"EntryPoint\",\"urlTemplate\":\"https:\/\/dignitynews.eu\/pl\/?s={search_term_string}\"},\"query-input\":\"required name=search_term_string\"}],\"inLanguage\":\"pl-PL\"},{\"@type\":\"WebPage\",\"@id\":\"https:\/\/dignitynews.eu\/pl\/wazniejsze-niz-zycie-podziemne-archiwum-getta-warszawskiego-wystawa-w-centrum-dokumentacji-nazizmu-w-monachium\/\",\"url\":\"https:\/\/dignitynews.eu\/pl\/wazniejsze-niz-zycie-podziemne-archiwum-getta-warszawskiego-wystawa-w-centrum-dokumentacji-nazizmu-w-monachium\/\",\"name\":\"Wa\u017cniejsze ni\u017c \u017cycie: Podziemne Archiwum Getta Warszawskiego. Wystawa w Centrum Dokumentacji Nazizmu w Monachium - Godno\u015b\u0107 - DignityNews.eu\",\"isPartOf\":{\"@id\":\"https:\/\/dignitynews.eu\/pl\/#website\"},\"datePublished\":\"2024-01-03T11:17:11+00:00\",\"dateModified\":\"2024-01-03T11:17:11+00:00\",\"author\":{\"@id\":\"https:\/\/dignitynews.eu\/pl\/#\/schema\/person\/0b62b762b8174802fabc81a3ecb1bfcb\"},\"breadcrumb\":{\"@id\":\"https:\/\/dignitynews.eu\/pl\/wazniejsze-niz-zycie-podziemne-archiwum-getta-warszawskiego-wystawa-w-centrum-dokumentacji-nazizmu-w-monachium\/#breadcrumb\"},\"inLanguage\":\"pl-PL\",\"potentialAction\":[{\"@type\":\"ReadAction\",\"target\":[\"https:\/\/dignitynews.eu\/pl\/wazniejsze-niz-zycie-podziemne-archiwum-getta-warszawskiego-wystawa-w-centrum-dokumentacji-nazizmu-w-monachium\/\"]}]},{\"@type\":\"BreadcrumbList\",\"@id\":\"https:\/\/dignitynews.eu\/pl\/wazniejsze-niz-zycie-podziemne-archiwum-getta-warszawskiego-wystawa-w-centrum-dokumentacji-nazizmu-w-monachium\/#breadcrumb\",\"itemListElement\":[{\"@type\":\"ListItem\",\"position\":1,\"name\":\"Strona g\u0142\u00f3wna\",\"item\":\"https:\/\/dignitynews.eu\/pl\/\"},{\"@type\":\"ListItem\",\"position\":2,\"name\":\"Wa\u017cniejsze ni\u017c \u017cycie: Podziemne Archiwum Getta Warszawskiego. Wystawa w Centrum Dokumentacji Nazizmu w Monachium\"}]},{\"@type\":\"Person\",\"@id\":\"https:\/\/dignitynews.eu\/pl\/#\/schema\/person\/0b62b762b8174802fabc81a3ecb1bfcb\",\"name\":\"Dignity News\",\"image\":{\"@type\":\"ImageObject\",\"inLanguage\":\"pl-PL\",\"@id\":\"https:\/\/dignitynews.eu\/pl\/#\/schema\/person\/image\/\",\"url\":\"https:\/\/secure.gravatar.com\/avatar\/97963171a6d9108f8381bbefb1c6b150c445b6ddd9e3077b96c86cf5892c85dc?s=96&d=mm&r=g\",\"contentUrl\":\"https:\/\/secure.gravatar.com\/avatar\/97963171a6d9108f8381bbefb1c6b150c445b6ddd9e3077b96c86cf5892c85dc?s=96&d=mm&r=g\",\"caption\":\"Dignity News\"},\"url\":\"https:\/\/dignitynews.eu\/pl\/author\/mikolaj-palade\/\"}]}<\/script>\n<!-- \/ Yoast SEO plugin. -->","yoast_head_json":{"title":"Wa\u017cniejsze ni\u017c \u017cycie: Podziemne Archiwum Getta Warszawskiego. Wystawa w Centrum Dokumentacji Nazizmu w Monachium - Godno\u015b\u0107 - DignityNews.eu","robots":{"index":"index","follow":"follow","max-snippet":"max-snippet:-1","max-image-preview":"max-image-preview:large","max-video-preview":"max-video-preview:-1"},"canonical":"https:\/\/dignitynews.eu\/pl\/wazniejsze-niz-zycie-podziemne-archiwum-getta-warszawskiego-wystawa-w-centrum-dokumentacji-nazizmu-w-monachium\/","og_locale":"pl_PL","og_type":"article","og_title":"Wa\u017cniejsze ni\u017c \u017cycie: Podziemne Archiwum Getta Warszawskiego. Wystawa w Centrum Dokumentacji Nazizmu w Monachium - Godno\u015b\u0107 - DignityNews.eu","og_description":"Tylko do 7 stycznia w Centrum Dokumentacji Nazizmu w Monachium mo\u017cna ogl\u0105da\u0107 wystaw\u0119 \u201eWa\u017cniejsze ni\u017c \u017cycie: Podziemne Archiwum Getta Warszawskiego&#8221; organizowan\u0105 we wsp\u00f3\u0142pracy z \u017bydowskim Instytutem Historycznym. W 1940 r.&hellip;","og_url":"https:\/\/dignitynews.eu\/pl\/wazniejsze-niz-zycie-podziemne-archiwum-getta-warszawskiego-wystawa-w-centrum-dokumentacji-nazizmu-w-monachium\/","og_site_name":"Godno\u015b\u0107 - DignityNews.eu","article_published_time":"2024-01-03T11:17:11+00:00","og_image":[{"width":1000,"height":668,"url":"https:\/\/dignitynews.eu\/wp-content\/uploads\/2024\/01\/wazniejsze-niz-zycie-fot.-Zydowski-Instytut-Historyczny.jpg","type":"image\/jpeg"}],"author":"Dignity News","twitter_card":"summary_large_image","twitter_misc":{"Napisane przez":"Dignity News","Szacowany czas czytania":"2 minuty"},"schema":{"@context":"https:\/\/schema.org","@graph":[{"@type":"WebSite","@id":"https:\/\/dignitynews.eu\/pl\/#website","url":"https:\/\/dignitynews.eu\/pl\/","name":"Godno\u015b\u0107 - DignityNews.eu","description":"","potentialAction":[{"@type":"SearchAction","target":{"@type":"EntryPoint","urlTemplate":"https:\/\/dignitynews.eu\/pl\/?s={search_term_string}"},"query-input":"required name=search_term_string"}],"inLanguage":"pl-PL"},{"@type":"WebPage","@id":"https:\/\/dignitynews.eu\/pl\/wazniejsze-niz-zycie-podziemne-archiwum-getta-warszawskiego-wystawa-w-centrum-dokumentacji-nazizmu-w-monachium\/","url":"https:\/\/dignitynews.eu\/pl\/wazniejsze-niz-zycie-podziemne-archiwum-getta-warszawskiego-wystawa-w-centrum-dokumentacji-nazizmu-w-monachium\/","name":"Wa\u017cniejsze ni\u017c \u017cycie: Podziemne Archiwum Getta Warszawskiego. Wystawa w Centrum Dokumentacji Nazizmu w Monachium - Godno\u015b\u0107 - DignityNews.eu","isPartOf":{"@id":"https:\/\/dignitynews.eu\/pl\/#website"},"datePublished":"2024-01-03T11:17:11+00:00","dateModified":"2024-01-03T11:17:11+00:00","author":{"@id":"https:\/\/dignitynews.eu\/pl\/#\/schema\/person\/0b62b762b8174802fabc81a3ecb1bfcb"},"breadcrumb":{"@id":"https:\/\/dignitynews.eu\/pl\/wazniejsze-niz-zycie-podziemne-archiwum-getta-warszawskiego-wystawa-w-centrum-dokumentacji-nazizmu-w-monachium\/#breadcrumb"},"inLanguage":"pl-PL","potentialAction":[{"@type":"ReadAction","target":["https:\/\/dignitynews.eu\/pl\/wazniejsze-niz-zycie-podziemne-archiwum-getta-warszawskiego-wystawa-w-centrum-dokumentacji-nazizmu-w-monachium\/"]}]},{"@type":"BreadcrumbList","@id":"https:\/\/dignitynews.eu\/pl\/wazniejsze-niz-zycie-podziemne-archiwum-getta-warszawskiego-wystawa-w-centrum-dokumentacji-nazizmu-w-monachium\/#breadcrumb","itemListElement":[{"@type":"ListItem","position":1,"name":"Strona g\u0142\u00f3wna","item":"https:\/\/dignitynews.eu\/pl\/"},{"@type":"ListItem","position":2,"name":"Wa\u017cniejsze ni\u017c \u017cycie: Podziemne Archiwum Getta Warszawskiego. Wystawa w Centrum Dokumentacji Nazizmu w Monachium"}]},{"@type":"Person","@id":"https:\/\/dignitynews.eu\/pl\/#\/schema\/person\/0b62b762b8174802fabc81a3ecb1bfcb","name":"Dignity News","image":{"@type":"ImageObject","inLanguage":"pl-PL","@id":"https:\/\/dignitynews.eu\/pl\/#\/schema\/person\/image\/","url":"https:\/\/secure.gravatar.com\/avatar\/97963171a6d9108f8381bbefb1c6b150c445b6ddd9e3077b96c86cf5892c85dc?s=96&d=mm&r=g","contentUrl":"https:\/\/secure.gravatar.com\/avatar\/97963171a6d9108f8381bbefb1c6b150c445b6ddd9e3077b96c86cf5892c85dc?s=96&d=mm&r=g","caption":"Dignity News"},"url":"https:\/\/dignitynews.eu\/pl\/author\/mikolaj-palade\/"}]}},"_links":{"self":[{"href":"https:\/\/dignitynews.eu\/pl\/wp-json\/wp\/v2\/posts\/54273","targetHints":{"allow":["GET"]}}],"collection":[{"href":"https:\/\/dignitynews.eu\/pl\/wp-json\/wp\/v2\/posts"}],"about":[{"href":"https:\/\/dignitynews.eu\/pl\/wp-json\/wp\/v2\/types\/post"}],"author":[{"embeddable":true,"href":"https:\/\/dignitynews.eu\/pl\/wp-json\/wp\/v2\/users\/7"}],"replies":[{"embeddable":true,"href":"https:\/\/dignitynews.eu\/pl\/wp-json\/wp\/v2\/comments?post=54273"}],"version-history":[{"count":1,"href":"https:\/\/dignitynews.eu\/pl\/wp-json\/wp\/v2\/posts\/54273\/revisions"}],"predecessor-version":[{"id":54279,"href":"https:\/\/dignitynews.eu\/pl\/wp-json\/wp\/v2\/posts\/54273\/revisions\/54279"}],"wp:featuredmedia":[{"embeddable":true,"href":"https:\/\/dignitynews.eu\/pl\/wp-json\/wp\/v2\/media\/54274"}],"wp:attachment":[{"href":"https:\/\/dignitynews.eu\/pl\/wp-json\/wp\/v2\/media?parent=54273"}],"wp:term":[{"taxonomy":"category","embeddable":true,"href":"https:\/\/dignitynews.eu\/pl\/wp-json\/wp\/v2\/categories?post=54273"},{"taxonomy":"post_tag","embeddable":true,"href":"https:\/\/dignitynews.eu\/pl\/wp-json\/wp\/v2\/tags?post=54273"}],"curies":[{"name":"wp","href":"https:\/\/api.w.org\/{rel}","templated":true}]}}