{"id":54211,"date":"2024-01-01T11:06:52","date_gmt":"2024-01-01T10:06:52","guid":{"rendered":"https:\/\/dignitynews.eu\/?p=54211"},"modified":"2024-01-02T21:21:56","modified_gmt":"2024-01-02T20:21:56","slug":"polski-ksiadz-na-pomoc-mlodemu-zydowi-z-getta-warszawskiego","status":"publish","type":"post","link":"https:\/\/dignitynews.eu\/pl\/polski-ksiadz-na-pomoc-mlodemu-zydowi-z-getta-warszawskiego\/","title":{"rendered":"Polski ksi\u0105dz na pomoc m\u0142odemu \u017bydowi z getta warszawskiego"},"content":{"rendered":"<h5><strong>W okresie II wojny \u015bwiatowej ks. Stanis\u0142aw Falkowski sta\u0142 si\u0119 bohaterem, ryzykuj\u0105c w\u0142asne \u017cycie, aby ratowa\u0107 prze\u015bladowanych przez okupanta niemieckiego. Jego niezwyk\u0142a historia jest \u015bci\u015ble zwi\u0105zana z do\u015bwiadczeniami J\u00f3zefa Fajwiszysa, m\u0142odego \u017byda, kt\u00f3ry przetrwa\u0142 Holokaust.<\/strong><\/h5>\n<p>J\u00f3zef Fajwiszys w wieku 12 lat wraz z rodzicami i siostr\u0105 znalaz\u0142 si\u0119 w getcie warszawskim, kt\u00f3re utworzyli w 1940 r. Niemcy. Panowa\u0142 w nim g\u0142\u00f3d i choroby, co powodowa\u0142o wysok\u0105 \u015bmiertelno\u015b\u0107 \u017byd\u00f3w.<\/p>\n<p>Ojciec J\u00f3zefa, Izrael, muzyk i dyrygent, kontynuowa\u0142 swoj\u0105 pasj\u0119 w getcie, zak\u0142adaj\u0105c i prowadz\u0105c w nim ch\u00f3r. Niestety w lipcu 1942 r. Niemcy dokonali okrutnej akcji likwidacyjnej getta. Izrael i Perla (starsza siostra J\u00f3zefa) zostali deportowani do Poniatowej ko\u0142o Lublina i tam zamordowani przez niemieckich nazist\u00f3w.<\/p>\n<p>Kiedy J\u00f3zef mia\u0142 14 lat, jak wi\u0119kszo\u015b\u0107 warszawskich \u017byd\u00f3w, trafi\u0142 do transportu kierowanego w stron\u0119 \u00a0niemieckiego obozu zag\u0142ady w Treblince. Szcz\u0119\u015bliwie uda\u0142o mu si\u0119 wyskoczy\u0107 z poci\u0105gu i\u00a0 przez kolejne dwa miesi\u0105ce w\u0119drowa\u0142 po\u00a0 wsiach znajduj\u0105cych si\u0119 w bli\u017cszych i dalszych okolicach obozu, otrzymuj\u0105c okazjonaln\u0105 pomoc od polskich ch\u0142op\u00f3w i oddzia\u0142\u00f3w partyzanckich. Nadesz\u0142a jednak zima i ch\u0142opiec potrzebowa\u0142 ciep\u0142ego schronienia. Dotar\u0142 do Hodyszewa (aktualnie woj. podlaskie), gdzie miejscowy rolnik skierowa\u0142 go do domu ks. J\u00f3zefa Perkowskiego.\u00a0 Ten jednak nie m\u00f3g\u0142 si\u0119 nim zaopiekowa\u0107, wi\u0119c przekaza\u0142 go ks. Stanis\u0142awowi Falkowskimu, kt\u00f3ry pe\u0142ni\u0142 pos\u0142ug\u0119 w okolicznych Nowych Piekutach ko\u0142o Szepietowa.Ks. Falkowski, odznaczaj\u0105c si\u0119 niezwyk\u0142\u0105 odwag\u0105 i empati\u0105, zaopiekowa\u0142 si\u0119 J\u00f3zefem, zapewniaj\u0105c mu schronienie i opiek\u0119. Nie tylko dostarczy\u0142 mu ciep\u0142e ubranie i bezpieczne miejsce, ale r\u00f3wnie\u017c pom\u00f3g\u0142 w zdobyciu fa\u0142szywych dokument\u00f3w na nazwisko J\u00f3zef Kutrzeba, co umo\u017cliwi\u0142o ch\u0142opcu przetrwanie wojny. Warto wspomnie\u0107, \u017ce ziemie polskie by\u0142y jedynym obszarem, gdzie Niemcy na terenach okupowanych wprowadzi\u0142y kar\u0119 \u015bmierci za pomoc \u017bydom.<\/p>\n<p>Po zako\u0144czeniu II wojny \u015bwiatowej J\u00f3zef wyjecha\u0142 do Stan\u00f3w Zjednoczonych, lecz pami\u0119ta\u0142 o swoim wybawcy. Zacz\u0105\u0142 regularnie przesy\u0142a\u0107 ks. Falkowskiemu paczki z \u017cywno\u015bci\u0105 i lekami, co by\u0142o nieocenion\u0105 pomoc\u0105, zw\u0142aszcza \u017ce duchowny do\u015bwiadcza\u0142 represji ze strony komunistycznych w\u0142adz, kt\u00f3re po wkroczeniu do Polski Armii Czerwonej rozpocz\u0119\u0142y jej okupacj\u0119.<\/p>\n<p>Ks. Falkowski, mimo prze\u015bladowa\u0144, kontynuowa\u0142 swoj\u0105 pos\u0142ug\u0119 duszpastersk\u0105 w r\u00f3\u017cnych parafiach. \u00a0Jego nieugi\u0119ty duch i po\u015bwi\u0119cenie zosta\u0142y docenione\u00a0 1 stycznia 1977 r., kiedy\u00a0 Instytut Yad Vashem przyzna\u0142 polskiemu duchownemu tytu\u0142 \u201eSprawiedliwego w\u015br\u00f3d Narod\u00f3w \u015awiata\u201d.<\/p>\n<p>J\u00f3zef Kutrzeba (Fajwiszys) opisa\u0142 swoje prze\u017cycia w ksi\u0105\u017cce \u201eKontrakt. \u017bycie za \u017cycie\u201d.<\/p>\n<p>Ks. Stanis\u0142aw Falkowski zmar\u0142 1 kwietnia 2004 r. w \u0141om\u017cy.<\/p>\n","protected":false},"excerpt":{"rendered":"<p>W okresie II wojny \u015bwiatowej ks. Stanis\u0142aw Falkowski sta\u0142 si\u0119 bohaterem, ryzykuj\u0105c w\u0142asne \u017cycie, aby ratowa\u0107 prze\u015bladowanych przez okupanta niemieckiego. Jego niezwyk\u0142a historia jest \u015bci\u015ble zwi\u0105zana z do\u015bwiadczeniami J\u00f3zefa Fajwiszysa,&hellip;<\/p>\n","protected":false},"author":7,"featured_media":54212,"comment_status":"closed","ping_status":"open","sticky":false,"template":"","format":"standard","meta":{"_mi_skip_tracking":false,"footnotes":""},"categories":[46],"tags":[],"class_list":["post-54211","post","type-post","status-publish","format-standard","has-post-thumbnail","hentry","category-historia"],"yoast_head":"<!-- This site is optimized with the Yoast SEO plugin v19.4 - https:\/\/yoast.com\/wordpress\/plugins\/seo\/ -->\n<title>Polski ksi\u0105dz na pomoc m\u0142odemu \u017bydowi z getta warszawskiego - Godno\u015b\u0107 - DignityNews.eu<\/title>\n<meta name=\"robots\" content=\"index, follow, max-snippet:-1, max-image-preview:large, max-video-preview:-1\" \/>\n<link rel=\"canonical\" href=\"https:\/\/dignitynews.eu\/pl\/polski-ksiadz-na-pomoc-mlodemu-zydowi-z-getta-warszawskiego\/\" \/>\n<meta property=\"og:locale\" content=\"pl_PL\" \/>\n<meta property=\"og:type\" content=\"article\" \/>\n<meta property=\"og:title\" content=\"Polski ksi\u0105dz na pomoc m\u0142odemu \u017bydowi z getta warszawskiego - Godno\u015b\u0107 - DignityNews.eu\" \/>\n<meta property=\"og:description\" content=\"W okresie II wojny \u015bwiatowej ks. Stanis\u0142aw Falkowski sta\u0142 si\u0119 bohaterem, ryzykuj\u0105c w\u0142asne \u017cycie, aby ratowa\u0107 prze\u015bladowanych przez okupanta niemieckiego. Jego niezwyk\u0142a historia jest \u015bci\u015ble zwi\u0105zana z do\u015bwiadczeniami J\u00f3zefa Fajwiszysa,&hellip;\" \/>\n<meta property=\"og:url\" content=\"https:\/\/dignitynews.eu\/pl\/polski-ksiadz-na-pomoc-mlodemu-zydowi-z-getta-warszawskiego\/\" \/>\n<meta property=\"og:site_name\" content=\"Godno\u015b\u0107 - DignityNews.eu\" \/>\n<meta property=\"article:published_time\" content=\"2024-01-01T10:06:52+00:00\" \/>\n<meta property=\"article:modified_time\" content=\"2024-01-02T20:21:56+00:00\" \/>\n<meta property=\"og:image\" content=\"https:\/\/dignitynews.eu\/wp-content\/uploads\/2024\/01\/Medal-scaled.jpeg\" \/>\n\t<meta property=\"og:image:width\" content=\"1920\" \/>\n\t<meta property=\"og:image:height\" content=\"2560\" \/>\n\t<meta property=\"og:image:type\" content=\"image\/jpeg\" \/>\n<meta name=\"author\" content=\"Dignity News\" \/>\n<meta name=\"twitter:card\" content=\"summary_large_image\" \/>\n<meta name=\"twitter:label1\" content=\"Napisane przez\" \/>\n\t<meta name=\"twitter:data1\" content=\"Dignity News\" \/>\n\t<meta name=\"twitter:label2\" content=\"Szacowany czas czytania\" \/>\n\t<meta name=\"twitter:data2\" content=\"2 minuty\" \/>\n<script type=\"application\/ld+json\" class=\"yoast-schema-graph\">{\"@context\":\"https:\/\/schema.org\",\"@graph\":[{\"@type\":\"WebSite\",\"@id\":\"https:\/\/dignitynews.eu\/pl\/#website\",\"url\":\"https:\/\/dignitynews.eu\/pl\/\",\"name\":\"Godno\u015b\u0107 - DignityNews.eu\",\"description\":\"\",\"potentialAction\":[{\"@type\":\"SearchAction\",\"target\":{\"@type\":\"EntryPoint\",\"urlTemplate\":\"https:\/\/dignitynews.eu\/pl\/?s={search_term_string}\"},\"query-input\":\"required name=search_term_string\"}],\"inLanguage\":\"pl-PL\"},{\"@type\":\"WebPage\",\"@id\":\"https:\/\/dignitynews.eu\/pl\/polski-ksiadz-na-pomoc-mlodemu-zydowi-z-getta-warszawskiego\/\",\"url\":\"https:\/\/dignitynews.eu\/pl\/polski-ksiadz-na-pomoc-mlodemu-zydowi-z-getta-warszawskiego\/\",\"name\":\"Polski ksi\u0105dz na pomoc m\u0142odemu \u017bydowi z getta warszawskiego - Godno\u015b\u0107 - DignityNews.eu\",\"isPartOf\":{\"@id\":\"https:\/\/dignitynews.eu\/pl\/#website\"},\"datePublished\":\"2024-01-01T10:06:52+00:00\",\"dateModified\":\"2024-01-02T20:21:56+00:00\",\"author\":{\"@id\":\"https:\/\/dignitynews.eu\/pl\/#\/schema\/person\/0b62b762b8174802fabc81a3ecb1bfcb\"},\"breadcrumb\":{\"@id\":\"https:\/\/dignitynews.eu\/pl\/polski-ksiadz-na-pomoc-mlodemu-zydowi-z-getta-warszawskiego\/#breadcrumb\"},\"inLanguage\":\"pl-PL\",\"potentialAction\":[{\"@type\":\"ReadAction\",\"target\":[\"https:\/\/dignitynews.eu\/pl\/polski-ksiadz-na-pomoc-mlodemu-zydowi-z-getta-warszawskiego\/\"]}]},{\"@type\":\"BreadcrumbList\",\"@id\":\"https:\/\/dignitynews.eu\/pl\/polski-ksiadz-na-pomoc-mlodemu-zydowi-z-getta-warszawskiego\/#breadcrumb\",\"itemListElement\":[{\"@type\":\"ListItem\",\"position\":1,\"name\":\"Strona g\u0142\u00f3wna\",\"item\":\"https:\/\/dignitynews.eu\/pl\/\"},{\"@type\":\"ListItem\",\"position\":2,\"name\":\"Polski ksi\u0105dz na pomoc m\u0142odemu \u017bydowi z getta warszawskiego\"}]},{\"@type\":\"Person\",\"@id\":\"https:\/\/dignitynews.eu\/pl\/#\/schema\/person\/0b62b762b8174802fabc81a3ecb1bfcb\",\"name\":\"Dignity News\",\"image\":{\"@type\":\"ImageObject\",\"inLanguage\":\"pl-PL\",\"@id\":\"https:\/\/dignitynews.eu\/pl\/#\/schema\/person\/image\/\",\"url\":\"https:\/\/secure.gravatar.com\/avatar\/97963171a6d9108f8381bbefb1c6b150c445b6ddd9e3077b96c86cf5892c85dc?s=96&d=mm&r=g\",\"contentUrl\":\"https:\/\/secure.gravatar.com\/avatar\/97963171a6d9108f8381bbefb1c6b150c445b6ddd9e3077b96c86cf5892c85dc?s=96&d=mm&r=g\",\"caption\":\"Dignity News\"},\"url\":\"https:\/\/dignitynews.eu\/pl\/author\/mikolaj-palade\/\"}]}<\/script>\n<!-- \/ Yoast SEO plugin. -->","yoast_head_json":{"title":"Polski ksi\u0105dz na pomoc m\u0142odemu \u017bydowi z getta warszawskiego - Godno\u015b\u0107 - DignityNews.eu","robots":{"index":"index","follow":"follow","max-snippet":"max-snippet:-1","max-image-preview":"max-image-preview:large","max-video-preview":"max-video-preview:-1"},"canonical":"https:\/\/dignitynews.eu\/pl\/polski-ksiadz-na-pomoc-mlodemu-zydowi-z-getta-warszawskiego\/","og_locale":"pl_PL","og_type":"article","og_title":"Polski ksi\u0105dz na pomoc m\u0142odemu \u017bydowi z getta warszawskiego - Godno\u015b\u0107 - DignityNews.eu","og_description":"W okresie II wojny \u015bwiatowej ks. Stanis\u0142aw Falkowski sta\u0142 si\u0119 bohaterem, ryzykuj\u0105c w\u0142asne \u017cycie, aby ratowa\u0107 prze\u015bladowanych przez okupanta niemieckiego. Jego niezwyk\u0142a historia jest \u015bci\u015ble zwi\u0105zana z do\u015bwiadczeniami J\u00f3zefa Fajwiszysa,&hellip;","og_url":"https:\/\/dignitynews.eu\/pl\/polski-ksiadz-na-pomoc-mlodemu-zydowi-z-getta-warszawskiego\/","og_site_name":"Godno\u015b\u0107 - DignityNews.eu","article_published_time":"2024-01-01T10:06:52+00:00","article_modified_time":"2024-01-02T20:21:56+00:00","og_image":[{"width":1920,"height":2560,"url":"https:\/\/dignitynews.eu\/wp-content\/uploads\/2024\/01\/Medal-scaled.jpeg","type":"image\/jpeg"}],"author":"Dignity News","twitter_card":"summary_large_image","twitter_misc":{"Napisane przez":"Dignity News","Szacowany czas czytania":"2 minuty"},"schema":{"@context":"https:\/\/schema.org","@graph":[{"@type":"WebSite","@id":"https:\/\/dignitynews.eu\/pl\/#website","url":"https:\/\/dignitynews.eu\/pl\/","name":"Godno\u015b\u0107 - DignityNews.eu","description":"","potentialAction":[{"@type":"SearchAction","target":{"@type":"EntryPoint","urlTemplate":"https:\/\/dignitynews.eu\/pl\/?s={search_term_string}"},"query-input":"required name=search_term_string"}],"inLanguage":"pl-PL"},{"@type":"WebPage","@id":"https:\/\/dignitynews.eu\/pl\/polski-ksiadz-na-pomoc-mlodemu-zydowi-z-getta-warszawskiego\/","url":"https:\/\/dignitynews.eu\/pl\/polski-ksiadz-na-pomoc-mlodemu-zydowi-z-getta-warszawskiego\/","name":"Polski ksi\u0105dz na pomoc m\u0142odemu \u017bydowi z getta warszawskiego - Godno\u015b\u0107 - DignityNews.eu","isPartOf":{"@id":"https:\/\/dignitynews.eu\/pl\/#website"},"datePublished":"2024-01-01T10:06:52+00:00","dateModified":"2024-01-02T20:21:56+00:00","author":{"@id":"https:\/\/dignitynews.eu\/pl\/#\/schema\/person\/0b62b762b8174802fabc81a3ecb1bfcb"},"breadcrumb":{"@id":"https:\/\/dignitynews.eu\/pl\/polski-ksiadz-na-pomoc-mlodemu-zydowi-z-getta-warszawskiego\/#breadcrumb"},"inLanguage":"pl-PL","potentialAction":[{"@type":"ReadAction","target":["https:\/\/dignitynews.eu\/pl\/polski-ksiadz-na-pomoc-mlodemu-zydowi-z-getta-warszawskiego\/"]}]},{"@type":"BreadcrumbList","@id":"https:\/\/dignitynews.eu\/pl\/polski-ksiadz-na-pomoc-mlodemu-zydowi-z-getta-warszawskiego\/#breadcrumb","itemListElement":[{"@type":"ListItem","position":1,"name":"Strona g\u0142\u00f3wna","item":"https:\/\/dignitynews.eu\/pl\/"},{"@type":"ListItem","position":2,"name":"Polski ksi\u0105dz na pomoc m\u0142odemu \u017bydowi z getta warszawskiego"}]},{"@type":"Person","@id":"https:\/\/dignitynews.eu\/pl\/#\/schema\/person\/0b62b762b8174802fabc81a3ecb1bfcb","name":"Dignity News","image":{"@type":"ImageObject","inLanguage":"pl-PL","@id":"https:\/\/dignitynews.eu\/pl\/#\/schema\/person\/image\/","url":"https:\/\/secure.gravatar.com\/avatar\/97963171a6d9108f8381bbefb1c6b150c445b6ddd9e3077b96c86cf5892c85dc?s=96&d=mm&r=g","contentUrl":"https:\/\/secure.gravatar.com\/avatar\/97963171a6d9108f8381bbefb1c6b150c445b6ddd9e3077b96c86cf5892c85dc?s=96&d=mm&r=g","caption":"Dignity News"},"url":"https:\/\/dignitynews.eu\/pl\/author\/mikolaj-palade\/"}]}},"_links":{"self":[{"href":"https:\/\/dignitynews.eu\/pl\/wp-json\/wp\/v2\/posts\/54211","targetHints":{"allow":["GET"]}}],"collection":[{"href":"https:\/\/dignitynews.eu\/pl\/wp-json\/wp\/v2\/posts"}],"about":[{"href":"https:\/\/dignitynews.eu\/pl\/wp-json\/wp\/v2\/types\/post"}],"author":[{"embeddable":true,"href":"https:\/\/dignitynews.eu\/pl\/wp-json\/wp\/v2\/users\/7"}],"replies":[{"embeddable":true,"href":"https:\/\/dignitynews.eu\/pl\/wp-json\/wp\/v2\/comments?post=54211"}],"version-history":[{"count":1,"href":"https:\/\/dignitynews.eu\/pl\/wp-json\/wp\/v2\/posts\/54211\/revisions"}],"predecessor-version":[{"id":54217,"href":"https:\/\/dignitynews.eu\/pl\/wp-json\/wp\/v2\/posts\/54211\/revisions\/54217"}],"wp:featuredmedia":[{"embeddable":true,"href":"https:\/\/dignitynews.eu\/pl\/wp-json\/wp\/v2\/media\/54212"}],"wp:attachment":[{"href":"https:\/\/dignitynews.eu\/pl\/wp-json\/wp\/v2\/media?parent=54211"}],"wp:term":[{"taxonomy":"category","embeddable":true,"href":"https:\/\/dignitynews.eu\/pl\/wp-json\/wp\/v2\/categories?post=54211"},{"taxonomy":"post_tag","embeddable":true,"href":"https:\/\/dignitynews.eu\/pl\/wp-json\/wp\/v2\/tags?post=54211"}],"curies":[{"name":"wp","href":"https:\/\/api.w.org\/{rel}","templated":true}]}}