{"id":54108,"date":"2024-01-02T11:23:25","date_gmt":"2024-01-02T10:23:25","guid":{"rendered":"https:\/\/dignitynews.eu\/?p=54108"},"modified":"2024-01-02T12:26:07","modified_gmt":"2024-01-02T11:26:07","slug":"do-wroclawia-wrocila-wytwornia-filmow-fabularnych","status":"publish","type":"post","link":"https:\/\/dignitynews.eu\/pl\/do-wroclawia-wrocila-wytwornia-filmow-fabularnych\/","title":{"rendered":"Do Wroc\u0142awia wr\u00f3ci\u0142a Wytw\u00f3rnia Film\u00f3w Fabularnych"},"content":{"rendered":"<h5><strong>Wytw\u00f3rnia Film\u00f3w Fabularnych (WFF) wr\u00f3ci\u0142a dzi\u015b formalnie do Wroc\u0142awia. Zrobili\u015bmy sobie prezent na 70-lecie instytucji. To nasz pierwszy sukces tego roku\u00a0\u2013 poinformowa\u0142 w mediach spo\u0142eczno\u015bciowych Robert Banasiak, dyrektor by\u0142ego Centrum Technologii Audiowizualnych, a obecnej WFF.<\/strong><\/h5>\n<p>W \u015bwiadomo\u015bci mieszka\u0144c\u00f3w i bran\u017cy filmowej instytucja ta zawsze funkcjonowa\u0142a jako Wytw\u00f3rnia Film\u00f3w Fabularnych. Mimo, \u017ce do 31 grudnia by\u0142o to Centrum Technologii Audiowizualnych.<\/p>\n<p>Robert Banasiak, dyrektor by\u0142ego Centrum Technologii Audiowizualnych, a obecnej WFF,\u00a0w wywiadzie dla wroclaw.pl\u00a0przypomnia\u0142, \u017ce przez niemal 60 lat zrealizowano tu prawie 500 produkcji, film\u00f3w i seriali, w tym takie legendarne tytu\u0142y jak: \u201ePopi\u00f3\u0142 i diament\u201d Andrzeja Wajdy z niezapomnian\u0105 kreacj\u0105 Zbyszka Cybulskiego, kultowa komediowa trylogia \u201eSami swoi\u201d Sylwestra Ch\u0119ci\u0144skiego, \u201eR\u0119kopis znaleziony w Saragossie\u201d i \u201eLalka\u201d Wojciecha Jerzego Hasa, \u201eNa srebrnym globie\u201d Andrzeja \u017bu\u0142awskiego, \u201eKobieta samotna\u201d Agnieszki Holland, \u201eGiuseppe w Warszawie\u201d Stanis\u0142awa Lenartowicza czy \u201eCzterej pancerni i pies\u201d Konrada Na\u0142\u0119ckiego.<\/p>\n<p>Pierwszym zrealizowanym w\u00a0Wytw\u00f3rni filmem fabularnym by\u0142 dramat \u201eNiedaleko Warszawy\u201d (1954) w\u00a0re\u017cyserii Marii Kaniewskiej, z\u00a0Urszul\u0105 Modrzy\u0144sk\u0105 i\u00a0Ludwikiem Benoit w\u00a0rolach g\u0142\u00f3wnych.<\/p>\n<p>W\u00a0drugiej po\u0142owie lat 60. nast\u0105pi\u0142a kompleksowa rozbudowa obiektu. W\u00a01975 roku oddano do\u00a0eksploatacji zmodernizowan\u0105 najwi\u0119ksz\u0105 hal\u0119 zdj\u0119ciow\u0105 o\u00a0powierzchni 1000 mkw. W\u00a0tym okresie zdolno\u015b\u0107 produkcyjna WFF wzros\u0142a do\u00a016 film\u00f3w rocznie. Wytw\u00f3rnia oferowa\u0142a tw\u00f3rcom pe\u0142ne zaplecze techniczno-produkcyjne \u2013 od\u00a0hal zdj\u0119ciowych, studia nagra\u0144 d\u017awi\u0119ku, monta\u017cowni\u0119 i\u00a0dzia\u0142 budowy dekoracji, po\u00a0jedyne w\u00a0swoim rodzaju wroc\u0142awskie plenery. Lokalizacja Wytw\u00f3rni w\u00a0stolicy Dolnego \u015al\u0105ska, oddalonej od\u00a0biur cenzor\u00f3w, wp\u0142ywa\u0142a r\u00f3wnie\u017c korzystnie na\u00a0jako\u015b\u0107 artystyczn\u0105 realizowanych film\u00f3w.<\/p>\n<p>W listopadzie 2011 roku Wytw\u00f3rnia Film\u00f3w Fabularnych zosta\u0142a przekszta\u0142cona w Centrum Technologii Audiowizualnych. Po ponad 12 latach wraca do swojej pierwotnej nazwy.<\/p>\n<p>Adrian Andrzejewski<\/p>\n","protected":false},"excerpt":{"rendered":"<p>Wytw\u00f3rnia Film\u00f3w Fabularnych (WFF) wr\u00f3ci\u0142a dzi\u015b formalnie do Wroc\u0142awia. Zrobili\u015bmy sobie prezent na 70-lecie instytucji. To nasz pierwszy sukces tego roku\u00a0\u2013 poinformowa\u0142 w mediach spo\u0142eczno\u015bciowych Robert Banasiak, dyrektor by\u0142ego Centrum&hellip;<\/p>\n","protected":false},"author":7,"featured_media":54114,"comment_status":"closed","ping_status":"open","sticky":false,"template":"","format":"standard","meta":{"_mi_skip_tracking":false,"footnotes":""},"categories":[50],"tags":[],"class_list":["post-54108","post","type-post","status-publish","format-standard","has-post-thumbnail","hentry","category-kultura"],"yoast_head":"<!-- This site is optimized with the Yoast SEO plugin v19.4 - https:\/\/yoast.com\/wordpress\/plugins\/seo\/ -->\n<title>Do Wroc\u0142awia wr\u00f3ci\u0142a Wytw\u00f3rnia Film\u00f3w Fabularnych - Godno\u015b\u0107 - DignityNews.eu<\/title>\n<meta name=\"robots\" content=\"index, follow, max-snippet:-1, max-image-preview:large, max-video-preview:-1\" \/>\n<link rel=\"canonical\" href=\"https:\/\/dignitynews.eu\/pl\/do-wroclawia-wrocila-wytwornia-filmow-fabularnych\/\" \/>\n<meta property=\"og:locale\" content=\"pl_PL\" \/>\n<meta property=\"og:type\" content=\"article\" \/>\n<meta property=\"og:title\" content=\"Do Wroc\u0142awia wr\u00f3ci\u0142a Wytw\u00f3rnia Film\u00f3w Fabularnych - Godno\u015b\u0107 - DignityNews.eu\" \/>\n<meta property=\"og:description\" content=\"Wytw\u00f3rnia Film\u00f3w Fabularnych (WFF) wr\u00f3ci\u0142a dzi\u015b formalnie do Wroc\u0142awia. Zrobili\u015bmy sobie prezent na 70-lecie instytucji. To nasz pierwszy sukces tego roku\u00a0\u2013 poinformowa\u0142 w mediach spo\u0142eczno\u015bciowych Robert Banasiak, dyrektor by\u0142ego Centrum&hellip;\" \/>\n<meta property=\"og:url\" content=\"https:\/\/dignitynews.eu\/pl\/do-wroclawia-wrocila-wytwornia-filmow-fabularnych\/\" \/>\n<meta property=\"og:site_name\" content=\"Godno\u015b\u0107 - DignityNews.eu\" \/>\n<meta property=\"article:published_time\" content=\"2024-01-02T10:23:25+00:00\" \/>\n<meta property=\"article:modified_time\" content=\"2024-01-02T11:26:07+00:00\" \/>\n<meta property=\"og:image\" content=\"https:\/\/dignitynews.eu\/wp-content\/uploads\/2024\/01\/Do-Wroclawia-wrocila-WFF-fot.-WFF-Wroclaw-1.png\" \/>\n\t<meta property=\"og:image:width\" content=\"1040\" \/>\n\t<meta property=\"og:image:height\" content=\"594\" \/>\n\t<meta property=\"og:image:type\" content=\"image\/png\" \/>\n<meta name=\"author\" content=\"Dignity News\" \/>\n<meta name=\"twitter:card\" content=\"summary_large_image\" \/>\n<meta name=\"twitter:label1\" content=\"Napisane przez\" \/>\n\t<meta name=\"twitter:data1\" content=\"Dignity News\" \/>\n\t<meta name=\"twitter:label2\" content=\"Szacowany czas czytania\" \/>\n\t<meta name=\"twitter:data2\" content=\"2 minuty\" \/>\n<script type=\"application\/ld+json\" class=\"yoast-schema-graph\">{\"@context\":\"https:\/\/schema.org\",\"@graph\":[{\"@type\":\"WebSite\",\"@id\":\"https:\/\/dignitynews.eu\/pl\/#website\",\"url\":\"https:\/\/dignitynews.eu\/pl\/\",\"name\":\"Godno\u015b\u0107 - DignityNews.eu\",\"description\":\"\",\"potentialAction\":[{\"@type\":\"SearchAction\",\"target\":{\"@type\":\"EntryPoint\",\"urlTemplate\":\"https:\/\/dignitynews.eu\/pl\/?s={search_term_string}\"},\"query-input\":\"required name=search_term_string\"}],\"inLanguage\":\"pl-PL\"},{\"@type\":\"WebPage\",\"@id\":\"https:\/\/dignitynews.eu\/pl\/do-wroclawia-wrocila-wytwornia-filmow-fabularnych\/\",\"url\":\"https:\/\/dignitynews.eu\/pl\/do-wroclawia-wrocila-wytwornia-filmow-fabularnych\/\",\"name\":\"Do Wroc\u0142awia wr\u00f3ci\u0142a Wytw\u00f3rnia Film\u00f3w Fabularnych - Godno\u015b\u0107 - DignityNews.eu\",\"isPartOf\":{\"@id\":\"https:\/\/dignitynews.eu\/pl\/#website\"},\"datePublished\":\"2024-01-02T10:23:25+00:00\",\"dateModified\":\"2024-01-02T11:26:07+00:00\",\"author\":{\"@id\":\"https:\/\/dignitynews.eu\/pl\/#\/schema\/person\/0b62b762b8174802fabc81a3ecb1bfcb\"},\"breadcrumb\":{\"@id\":\"https:\/\/dignitynews.eu\/pl\/do-wroclawia-wrocila-wytwornia-filmow-fabularnych\/#breadcrumb\"},\"inLanguage\":\"pl-PL\",\"potentialAction\":[{\"@type\":\"ReadAction\",\"target\":[\"https:\/\/dignitynews.eu\/pl\/do-wroclawia-wrocila-wytwornia-filmow-fabularnych\/\"]}]},{\"@type\":\"BreadcrumbList\",\"@id\":\"https:\/\/dignitynews.eu\/pl\/do-wroclawia-wrocila-wytwornia-filmow-fabularnych\/#breadcrumb\",\"itemListElement\":[{\"@type\":\"ListItem\",\"position\":1,\"name\":\"Strona g\u0142\u00f3wna\",\"item\":\"https:\/\/dignitynews.eu\/pl\/\"},{\"@type\":\"ListItem\",\"position\":2,\"name\":\"Do Wroc\u0142awia wr\u00f3ci\u0142a Wytw\u00f3rnia Film\u00f3w Fabularnych\"}]},{\"@type\":\"Person\",\"@id\":\"https:\/\/dignitynews.eu\/pl\/#\/schema\/person\/0b62b762b8174802fabc81a3ecb1bfcb\",\"name\":\"Dignity News\",\"image\":{\"@type\":\"ImageObject\",\"inLanguage\":\"pl-PL\",\"@id\":\"https:\/\/dignitynews.eu\/pl\/#\/schema\/person\/image\/\",\"url\":\"https:\/\/secure.gravatar.com\/avatar\/97963171a6d9108f8381bbefb1c6b150c445b6ddd9e3077b96c86cf5892c85dc?s=96&d=mm&r=g\",\"contentUrl\":\"https:\/\/secure.gravatar.com\/avatar\/97963171a6d9108f8381bbefb1c6b150c445b6ddd9e3077b96c86cf5892c85dc?s=96&d=mm&r=g\",\"caption\":\"Dignity News\"},\"url\":\"https:\/\/dignitynews.eu\/pl\/author\/mikolaj-palade\/\"}]}<\/script>\n<!-- \/ Yoast SEO plugin. -->","yoast_head_json":{"title":"Do Wroc\u0142awia wr\u00f3ci\u0142a Wytw\u00f3rnia Film\u00f3w Fabularnych - Godno\u015b\u0107 - DignityNews.eu","robots":{"index":"index","follow":"follow","max-snippet":"max-snippet:-1","max-image-preview":"max-image-preview:large","max-video-preview":"max-video-preview:-1"},"canonical":"https:\/\/dignitynews.eu\/pl\/do-wroclawia-wrocila-wytwornia-filmow-fabularnych\/","og_locale":"pl_PL","og_type":"article","og_title":"Do Wroc\u0142awia wr\u00f3ci\u0142a Wytw\u00f3rnia Film\u00f3w Fabularnych - Godno\u015b\u0107 - DignityNews.eu","og_description":"Wytw\u00f3rnia Film\u00f3w Fabularnych (WFF) wr\u00f3ci\u0142a dzi\u015b formalnie do Wroc\u0142awia. Zrobili\u015bmy sobie prezent na 70-lecie instytucji. To nasz pierwszy sukces tego roku\u00a0\u2013 poinformowa\u0142 w mediach spo\u0142eczno\u015bciowych Robert Banasiak, dyrektor by\u0142ego Centrum&hellip;","og_url":"https:\/\/dignitynews.eu\/pl\/do-wroclawia-wrocila-wytwornia-filmow-fabularnych\/","og_site_name":"Godno\u015b\u0107 - DignityNews.eu","article_published_time":"2024-01-02T10:23:25+00:00","article_modified_time":"2024-01-02T11:26:07+00:00","og_image":[{"width":1040,"height":594,"url":"https:\/\/dignitynews.eu\/wp-content\/uploads\/2024\/01\/Do-Wroclawia-wrocila-WFF-fot.-WFF-Wroclaw-1.png","type":"image\/png"}],"author":"Dignity News","twitter_card":"summary_large_image","twitter_misc":{"Napisane przez":"Dignity News","Szacowany czas czytania":"2 minuty"},"schema":{"@context":"https:\/\/schema.org","@graph":[{"@type":"WebSite","@id":"https:\/\/dignitynews.eu\/pl\/#website","url":"https:\/\/dignitynews.eu\/pl\/","name":"Godno\u015b\u0107 - DignityNews.eu","description":"","potentialAction":[{"@type":"SearchAction","target":{"@type":"EntryPoint","urlTemplate":"https:\/\/dignitynews.eu\/pl\/?s={search_term_string}"},"query-input":"required name=search_term_string"}],"inLanguage":"pl-PL"},{"@type":"WebPage","@id":"https:\/\/dignitynews.eu\/pl\/do-wroclawia-wrocila-wytwornia-filmow-fabularnych\/","url":"https:\/\/dignitynews.eu\/pl\/do-wroclawia-wrocila-wytwornia-filmow-fabularnych\/","name":"Do Wroc\u0142awia wr\u00f3ci\u0142a Wytw\u00f3rnia Film\u00f3w Fabularnych - Godno\u015b\u0107 - DignityNews.eu","isPartOf":{"@id":"https:\/\/dignitynews.eu\/pl\/#website"},"datePublished":"2024-01-02T10:23:25+00:00","dateModified":"2024-01-02T11:26:07+00:00","author":{"@id":"https:\/\/dignitynews.eu\/pl\/#\/schema\/person\/0b62b762b8174802fabc81a3ecb1bfcb"},"breadcrumb":{"@id":"https:\/\/dignitynews.eu\/pl\/do-wroclawia-wrocila-wytwornia-filmow-fabularnych\/#breadcrumb"},"inLanguage":"pl-PL","potentialAction":[{"@type":"ReadAction","target":["https:\/\/dignitynews.eu\/pl\/do-wroclawia-wrocila-wytwornia-filmow-fabularnych\/"]}]},{"@type":"BreadcrumbList","@id":"https:\/\/dignitynews.eu\/pl\/do-wroclawia-wrocila-wytwornia-filmow-fabularnych\/#breadcrumb","itemListElement":[{"@type":"ListItem","position":1,"name":"Strona g\u0142\u00f3wna","item":"https:\/\/dignitynews.eu\/pl\/"},{"@type":"ListItem","position":2,"name":"Do Wroc\u0142awia wr\u00f3ci\u0142a Wytw\u00f3rnia Film\u00f3w Fabularnych"}]},{"@type":"Person","@id":"https:\/\/dignitynews.eu\/pl\/#\/schema\/person\/0b62b762b8174802fabc81a3ecb1bfcb","name":"Dignity News","image":{"@type":"ImageObject","inLanguage":"pl-PL","@id":"https:\/\/dignitynews.eu\/pl\/#\/schema\/person\/image\/","url":"https:\/\/secure.gravatar.com\/avatar\/97963171a6d9108f8381bbefb1c6b150c445b6ddd9e3077b96c86cf5892c85dc?s=96&d=mm&r=g","contentUrl":"https:\/\/secure.gravatar.com\/avatar\/97963171a6d9108f8381bbefb1c6b150c445b6ddd9e3077b96c86cf5892c85dc?s=96&d=mm&r=g","caption":"Dignity News"},"url":"https:\/\/dignitynews.eu\/pl\/author\/mikolaj-palade\/"}]}},"_links":{"self":[{"href":"https:\/\/dignitynews.eu\/pl\/wp-json\/wp\/v2\/posts\/54108","targetHints":{"allow":["GET"]}}],"collection":[{"href":"https:\/\/dignitynews.eu\/pl\/wp-json\/wp\/v2\/posts"}],"about":[{"href":"https:\/\/dignitynews.eu\/pl\/wp-json\/wp\/v2\/types\/post"}],"author":[{"embeddable":true,"href":"https:\/\/dignitynews.eu\/pl\/wp-json\/wp\/v2\/users\/7"}],"replies":[{"embeddable":true,"href":"https:\/\/dignitynews.eu\/pl\/wp-json\/wp\/v2\/comments?post=54108"}],"version-history":[{"count":1,"href":"https:\/\/dignitynews.eu\/pl\/wp-json\/wp\/v2\/posts\/54108\/revisions"}],"predecessor-version":[{"id":54119,"href":"https:\/\/dignitynews.eu\/pl\/wp-json\/wp\/v2\/posts\/54108\/revisions\/54119"}],"wp:featuredmedia":[{"embeddable":true,"href":"https:\/\/dignitynews.eu\/pl\/wp-json\/wp\/v2\/media\/54114"}],"wp:attachment":[{"href":"https:\/\/dignitynews.eu\/pl\/wp-json\/wp\/v2\/media?parent=54108"}],"wp:term":[{"taxonomy":"category","embeddable":true,"href":"https:\/\/dignitynews.eu\/pl\/wp-json\/wp\/v2\/categories?post=54108"},{"taxonomy":"post_tag","embeddable":true,"href":"https:\/\/dignitynews.eu\/pl\/wp-json\/wp\/v2\/tags?post=54108"}],"curies":[{"name":"wp","href":"https:\/\/api.w.org\/{rel}","templated":true}]}}