{"id":54048,"date":"2023-12-29T12:00:31","date_gmt":"2023-12-29T11:00:31","guid":{"rendered":"https:\/\/dignitynews.eu\/?p=54048"},"modified":"2023-12-29T12:00:31","modified_gmt":"2023-12-29T11:00:31","slug":"polskie-linie-lotnicze-lot-przed-ii-wojna-swiatowa","status":"publish","type":"post","link":"https:\/\/dignitynews.eu\/pl\/polskie-linie-lotnicze-lot-przed-ii-wojna-swiatowa\/","title":{"rendered":"Polskie Linie Lotnicze \u201eLOT\u201d przed II wojn\u0105 \u015bwiatow\u0105"},"content":{"rendered":"<h5><strong>W wyniku po\u0142\u0105czenia dw\u00f3ch prywatnych linii lotniczych Aerolot i Aero 29 grudnia 1928 r. powo\u0142ano do \u017cycia Polskie Linie Lotnicze \u201eLOT\u201d. \u00a0Faktyczn\u0105 dzia\u0142alno\u015b\u0107 rozpocz\u0119\u0142y 1 stycznia 1929 r., staj\u0105c si\u0119 jednym z najstarszych aktywnych przewo\u017anik\u00f3w lotniczych na \u015bwiecie. <\/strong><\/h5>\n<p>Pocz\u0105tki \u201eLOT-u\u201d by\u0142y skromne, ale pe\u0142ne ambicji. Jego flota sk\u0142ada\u0142a si\u0119 z 21 samolot\u00f3w, kt\u00f3re obs\u0142ugiwa\u0142y zar\u00f3wno krajowe, jak i mi\u0119dzynarodowe trasy. Pierwszy lot do Bukaresztu, uruchomiony 1 kwietnia 1930 r., by\u0142 pocz\u0105tkiem ekspansji tej linii na mi\u0119dzynarodow\u0105 aren\u0119 lotnicz\u0105. Wkr\u00f3tce potem do\u0142\u0105czy\u0142y inne kierunki, takie jak Ateny, Bejrut i Helsinki.<\/p>\n<p>W 1930 r. \u201eLOT\u201d do\u0142\u0105czy\u0142 do presti\u017cowego grona Mi\u0119dzynarodowego Zrzeszenia Przewo\u017anik\u00f3w Powietrznych (IATA). W 1933 r. LOT przeni\u00f3s\u0142 swoj\u0105 baz\u0119 z lotniska mokotowskiego na nowe, nowoczesne l\u0105dowisko zorganizowane \u00a0na Ok\u0119ciu. W latach 1935-1936 flota zosta\u0142a wzbogacona o najnowocze\u015bniejsze w\u00f3wczas samoloty, takie jak Douglas DC-2, Lockheed L-10A Electra i Junkers Ju 52\/3m, a p\u00f3\u017aniej Lockheed L-14H Super Electra.<\/p>\n<p>W latach 30. XX wieku \u201eLOT\u201d by\u0142 \u015bwiadkiem i uczestnikiem znacz\u0105cych wydarze\u0144 w historii lotnictwa. W 1938 r. jego dyrektor naczelny, mjr pil. Wac\u0142aw Makowski, wraz z pilotem Zbigniewem Wysiekierskim, dokona\u0142 pionierskiego przelotu dwusilnikowego samolotu komunikacyjnego z wytw\u00f3rni w USA do Warszawy.\u00a0 Trwa\u0142 on 85 godzin, a\u00a0 pokonano w\u00f3wczas 24 850 km.<\/p>\n<p>W przededniu II wojny \u015bwiatowej, w 1939 r., \u201eLOT\u201d mia\u0142 w swojej flocie 26 samolot\u00f3w i zatrudnia\u0142 694 wysoko wykwalifikowanych pracownik\u00f3w. Sie\u0107 po\u0142\u0105cze\u0144 lotniczych \u201eLOT-u\u201d liczy\u0142a 10 200 km i obejmowa\u0142a 15 kraj\u00f3w. Wybuch II wojny \u015bwiatowej wywo\u0142any napa\u015bci\u0105 III Rzeszy na Polsk\u0119 we wrze\u015bniu 1939 r. brutalnie przerwa\u0142 rozw\u00f3j \u201eLOT-u\u201d. Wi\u0119kszo\u015b\u0107 floty zosta\u0142a zniszczona lub internowana, a dzia\u0142alno\u015b\u0107 firmy zawieszona. Dzia\u0142alno\u015b\u0107 wznowiono dopiero po 1945 r.<\/p>\n","protected":false},"excerpt":{"rendered":"<p>W wyniku po\u0142\u0105czenia dw\u00f3ch prywatnych linii lotniczych Aerolot i Aero 29 grudnia 1928 r. powo\u0142ano do \u017cycia Polskie Linie Lotnicze \u201eLOT\u201d. \u00a0Faktyczn\u0105 dzia\u0142alno\u015b\u0107 rozpocz\u0119\u0142y 1 stycznia 1929 r., staj\u0105c si\u0119&hellip;<\/p>\n","protected":false},"author":7,"featured_media":54049,"comment_status":"closed","ping_status":"open","sticky":false,"template":"","format":"standard","meta":{"_mi_skip_tracking":false,"footnotes":""},"categories":[46],"tags":[],"class_list":["post-54048","post","type-post","status-publish","format-standard","has-post-thumbnail","hentry","category-historia"],"yoast_head":"<!-- This site is optimized with the Yoast SEO plugin v19.4 - https:\/\/yoast.com\/wordpress\/plugins\/seo\/ -->\n<title>Polskie Linie Lotnicze \u201eLOT\u201d przed II wojn\u0105 \u015bwiatow\u0105 - Godno\u015b\u0107 - DignityNews.eu<\/title>\n<meta name=\"robots\" content=\"index, follow, max-snippet:-1, max-image-preview:large, max-video-preview:-1\" \/>\n<link rel=\"canonical\" href=\"https:\/\/dignitynews.eu\/pl\/polskie-linie-lotnicze-lot-przed-ii-wojna-swiatowa\/\" \/>\n<meta property=\"og:locale\" content=\"pl_PL\" \/>\n<meta property=\"og:type\" content=\"article\" \/>\n<meta property=\"og:title\" content=\"Polskie Linie Lotnicze \u201eLOT\u201d przed II wojn\u0105 \u015bwiatow\u0105 - Godno\u015b\u0107 - DignityNews.eu\" \/>\n<meta property=\"og:description\" content=\"W wyniku po\u0142\u0105czenia dw\u00f3ch prywatnych linii lotniczych Aerolot i Aero 29 grudnia 1928 r. powo\u0142ano do \u017cycia Polskie Linie Lotnicze \u201eLOT\u201d. \u00a0Faktyczn\u0105 dzia\u0142alno\u015b\u0107 rozpocz\u0119\u0142y 1 stycznia 1929 r., staj\u0105c si\u0119&hellip;\" \/>\n<meta property=\"og:url\" content=\"https:\/\/dignitynews.eu\/pl\/polskie-linie-lotnicze-lot-przed-ii-wojna-swiatowa\/\" \/>\n<meta property=\"og:site_name\" content=\"Godno\u015b\u0107 - DignityNews.eu\" \/>\n<meta property=\"article:published_time\" content=\"2023-12-29T11:00:31+00:00\" \/>\n<meta property=\"og:image\" content=\"https:\/\/dignitynews.eu\/wp-content\/uploads\/2023\/12\/Samolot_PLL_LOT_Fokker_F.VII_znak_SP-ABC-scaled.jpg\" \/>\n\t<meta property=\"og:image:width\" content=\"2560\" \/>\n\t<meta property=\"og:image:height\" content=\"1794\" \/>\n\t<meta property=\"og:image:type\" content=\"image\/jpeg\" \/>\n<meta name=\"author\" content=\"Dignity News\" \/>\n<meta name=\"twitter:card\" content=\"summary_large_image\" \/>\n<meta name=\"twitter:label1\" content=\"Napisane przez\" \/>\n\t<meta name=\"twitter:data1\" content=\"Dignity News\" \/>\n\t<meta name=\"twitter:label2\" content=\"Szacowany czas czytania\" \/>\n\t<meta name=\"twitter:data2\" content=\"1 minuta\" \/>\n<script type=\"application\/ld+json\" class=\"yoast-schema-graph\">{\"@context\":\"https:\/\/schema.org\",\"@graph\":[{\"@type\":\"WebSite\",\"@id\":\"https:\/\/dignitynews.eu\/pl\/#website\",\"url\":\"https:\/\/dignitynews.eu\/pl\/\",\"name\":\"Godno\u015b\u0107 - DignityNews.eu\",\"description\":\"\",\"potentialAction\":[{\"@type\":\"SearchAction\",\"target\":{\"@type\":\"EntryPoint\",\"urlTemplate\":\"https:\/\/dignitynews.eu\/pl\/?s={search_term_string}\"},\"query-input\":\"required name=search_term_string\"}],\"inLanguage\":\"pl-PL\"},{\"@type\":\"WebPage\",\"@id\":\"https:\/\/dignitynews.eu\/pl\/polskie-linie-lotnicze-lot-przed-ii-wojna-swiatowa\/\",\"url\":\"https:\/\/dignitynews.eu\/pl\/polskie-linie-lotnicze-lot-przed-ii-wojna-swiatowa\/\",\"name\":\"Polskie Linie Lotnicze \u201eLOT\u201d przed II wojn\u0105 \u015bwiatow\u0105 - Godno\u015b\u0107 - DignityNews.eu\",\"isPartOf\":{\"@id\":\"https:\/\/dignitynews.eu\/pl\/#website\"},\"datePublished\":\"2023-12-29T11:00:31+00:00\",\"dateModified\":\"2023-12-29T11:00:31+00:00\",\"author\":{\"@id\":\"https:\/\/dignitynews.eu\/pl\/#\/schema\/person\/0b62b762b8174802fabc81a3ecb1bfcb\"},\"breadcrumb\":{\"@id\":\"https:\/\/dignitynews.eu\/pl\/polskie-linie-lotnicze-lot-przed-ii-wojna-swiatowa\/#breadcrumb\"},\"inLanguage\":\"pl-PL\",\"potentialAction\":[{\"@type\":\"ReadAction\",\"target\":[\"https:\/\/dignitynews.eu\/pl\/polskie-linie-lotnicze-lot-przed-ii-wojna-swiatowa\/\"]}]},{\"@type\":\"BreadcrumbList\",\"@id\":\"https:\/\/dignitynews.eu\/pl\/polskie-linie-lotnicze-lot-przed-ii-wojna-swiatowa\/#breadcrumb\",\"itemListElement\":[{\"@type\":\"ListItem\",\"position\":1,\"name\":\"Strona g\u0142\u00f3wna\",\"item\":\"https:\/\/dignitynews.eu\/pl\/\"},{\"@type\":\"ListItem\",\"position\":2,\"name\":\"Polskie Linie Lotnicze \u201eLOT\u201d przed II wojn\u0105 \u015bwiatow\u0105\"}]},{\"@type\":\"Person\",\"@id\":\"https:\/\/dignitynews.eu\/pl\/#\/schema\/person\/0b62b762b8174802fabc81a3ecb1bfcb\",\"name\":\"Dignity News\",\"image\":{\"@type\":\"ImageObject\",\"inLanguage\":\"pl-PL\",\"@id\":\"https:\/\/dignitynews.eu\/pl\/#\/schema\/person\/image\/\",\"url\":\"https:\/\/secure.gravatar.com\/avatar\/97963171a6d9108f8381bbefb1c6b150c445b6ddd9e3077b96c86cf5892c85dc?s=96&d=mm&r=g\",\"contentUrl\":\"https:\/\/secure.gravatar.com\/avatar\/97963171a6d9108f8381bbefb1c6b150c445b6ddd9e3077b96c86cf5892c85dc?s=96&d=mm&r=g\",\"caption\":\"Dignity News\"},\"url\":\"https:\/\/dignitynews.eu\/pl\/author\/mikolaj-palade\/\"}]}<\/script>\n<!-- \/ Yoast SEO plugin. -->","yoast_head_json":{"title":"Polskie Linie Lotnicze \u201eLOT\u201d przed II wojn\u0105 \u015bwiatow\u0105 - Godno\u015b\u0107 - DignityNews.eu","robots":{"index":"index","follow":"follow","max-snippet":"max-snippet:-1","max-image-preview":"max-image-preview:large","max-video-preview":"max-video-preview:-1"},"canonical":"https:\/\/dignitynews.eu\/pl\/polskie-linie-lotnicze-lot-przed-ii-wojna-swiatowa\/","og_locale":"pl_PL","og_type":"article","og_title":"Polskie Linie Lotnicze \u201eLOT\u201d przed II wojn\u0105 \u015bwiatow\u0105 - Godno\u015b\u0107 - DignityNews.eu","og_description":"W wyniku po\u0142\u0105czenia dw\u00f3ch prywatnych linii lotniczych Aerolot i Aero 29 grudnia 1928 r. powo\u0142ano do \u017cycia Polskie Linie Lotnicze \u201eLOT\u201d. \u00a0Faktyczn\u0105 dzia\u0142alno\u015b\u0107 rozpocz\u0119\u0142y 1 stycznia 1929 r., staj\u0105c si\u0119&hellip;","og_url":"https:\/\/dignitynews.eu\/pl\/polskie-linie-lotnicze-lot-przed-ii-wojna-swiatowa\/","og_site_name":"Godno\u015b\u0107 - DignityNews.eu","article_published_time":"2023-12-29T11:00:31+00:00","og_image":[{"width":2560,"height":1794,"url":"https:\/\/dignitynews.eu\/wp-content\/uploads\/2023\/12\/Samolot_PLL_LOT_Fokker_F.VII_znak_SP-ABC-scaled.jpg","type":"image\/jpeg"}],"author":"Dignity News","twitter_card":"summary_large_image","twitter_misc":{"Napisane przez":"Dignity News","Szacowany czas czytania":"1 minuta"},"schema":{"@context":"https:\/\/schema.org","@graph":[{"@type":"WebSite","@id":"https:\/\/dignitynews.eu\/pl\/#website","url":"https:\/\/dignitynews.eu\/pl\/","name":"Godno\u015b\u0107 - DignityNews.eu","description":"","potentialAction":[{"@type":"SearchAction","target":{"@type":"EntryPoint","urlTemplate":"https:\/\/dignitynews.eu\/pl\/?s={search_term_string}"},"query-input":"required name=search_term_string"}],"inLanguage":"pl-PL"},{"@type":"WebPage","@id":"https:\/\/dignitynews.eu\/pl\/polskie-linie-lotnicze-lot-przed-ii-wojna-swiatowa\/","url":"https:\/\/dignitynews.eu\/pl\/polskie-linie-lotnicze-lot-przed-ii-wojna-swiatowa\/","name":"Polskie Linie Lotnicze \u201eLOT\u201d przed II wojn\u0105 \u015bwiatow\u0105 - Godno\u015b\u0107 - DignityNews.eu","isPartOf":{"@id":"https:\/\/dignitynews.eu\/pl\/#website"},"datePublished":"2023-12-29T11:00:31+00:00","dateModified":"2023-12-29T11:00:31+00:00","author":{"@id":"https:\/\/dignitynews.eu\/pl\/#\/schema\/person\/0b62b762b8174802fabc81a3ecb1bfcb"},"breadcrumb":{"@id":"https:\/\/dignitynews.eu\/pl\/polskie-linie-lotnicze-lot-przed-ii-wojna-swiatowa\/#breadcrumb"},"inLanguage":"pl-PL","potentialAction":[{"@type":"ReadAction","target":["https:\/\/dignitynews.eu\/pl\/polskie-linie-lotnicze-lot-przed-ii-wojna-swiatowa\/"]}]},{"@type":"BreadcrumbList","@id":"https:\/\/dignitynews.eu\/pl\/polskie-linie-lotnicze-lot-przed-ii-wojna-swiatowa\/#breadcrumb","itemListElement":[{"@type":"ListItem","position":1,"name":"Strona g\u0142\u00f3wna","item":"https:\/\/dignitynews.eu\/pl\/"},{"@type":"ListItem","position":2,"name":"Polskie Linie Lotnicze \u201eLOT\u201d przed II wojn\u0105 \u015bwiatow\u0105"}]},{"@type":"Person","@id":"https:\/\/dignitynews.eu\/pl\/#\/schema\/person\/0b62b762b8174802fabc81a3ecb1bfcb","name":"Dignity News","image":{"@type":"ImageObject","inLanguage":"pl-PL","@id":"https:\/\/dignitynews.eu\/pl\/#\/schema\/person\/image\/","url":"https:\/\/secure.gravatar.com\/avatar\/97963171a6d9108f8381bbefb1c6b150c445b6ddd9e3077b96c86cf5892c85dc?s=96&d=mm&r=g","contentUrl":"https:\/\/secure.gravatar.com\/avatar\/97963171a6d9108f8381bbefb1c6b150c445b6ddd9e3077b96c86cf5892c85dc?s=96&d=mm&r=g","caption":"Dignity News"},"url":"https:\/\/dignitynews.eu\/pl\/author\/mikolaj-palade\/"}]}},"_links":{"self":[{"href":"https:\/\/dignitynews.eu\/pl\/wp-json\/wp\/v2\/posts\/54048","targetHints":{"allow":["GET"]}}],"collection":[{"href":"https:\/\/dignitynews.eu\/pl\/wp-json\/wp\/v2\/posts"}],"about":[{"href":"https:\/\/dignitynews.eu\/pl\/wp-json\/wp\/v2\/types\/post"}],"author":[{"embeddable":true,"href":"https:\/\/dignitynews.eu\/pl\/wp-json\/wp\/v2\/users\/7"}],"replies":[{"embeddable":true,"href":"https:\/\/dignitynews.eu\/pl\/wp-json\/wp\/v2\/comments?post=54048"}],"version-history":[{"count":1,"href":"https:\/\/dignitynews.eu\/pl\/wp-json\/wp\/v2\/posts\/54048\/revisions"}],"predecessor-version":[{"id":54054,"href":"https:\/\/dignitynews.eu\/pl\/wp-json\/wp\/v2\/posts\/54048\/revisions\/54054"}],"wp:featuredmedia":[{"embeddable":true,"href":"https:\/\/dignitynews.eu\/pl\/wp-json\/wp\/v2\/media\/54049"}],"wp:attachment":[{"href":"https:\/\/dignitynews.eu\/pl\/wp-json\/wp\/v2\/media?parent=54048"}],"wp:term":[{"taxonomy":"category","embeddable":true,"href":"https:\/\/dignitynews.eu\/pl\/wp-json\/wp\/v2\/categories?post=54048"},{"taxonomy":"post_tag","embeddable":true,"href":"https:\/\/dignitynews.eu\/pl\/wp-json\/wp\/v2\/tags?post=54048"}],"curies":[{"name":"wp","href":"https:\/\/api.w.org\/{rel}","templated":true}]}}