{"id":54041,"date":"2023-12-29T11:58:12","date_gmt":"2023-12-29T10:58:12","guid":{"rendered":"https:\/\/dignitynews.eu\/?p=54041"},"modified":"2023-12-29T11:58:12","modified_gmt":"2023-12-29T10:58:12","slug":"pierwsze-srodki-z-krajowego-planu-odbudowy-wplynely-do-polski","status":"publish","type":"post","link":"https:\/\/dignitynews.eu\/pl\/pierwsze-srodki-z-krajowego-planu-odbudowy-wplynely-do-polski\/","title":{"rendered":"Pierwsze \u015brodki z Krajowego Planu Odbudowy wp\u0142yn\u0119\u0142y do Polski"},"content":{"rendered":"<h5><strong>Do Polski wp\u0142yn\u0119\u0142o w\u0142a\u015bnie 5 mld euro z programu RePowerEU, kt\u00f3ry jest cz\u0119\u015bci\u0105 Krajowego Planu Odbudowy (KPO). Pieni\u0105dze te zainwestujemy w tani\u0105, zielon\u0105 energi\u0119 dla polskich obywateli \u2013 poinformowa\u0142a minister funduszy i polityki regionalnej Katarzyna Pe\u0142czy\u0144ska-Na\u0142\u0119cz.\u00a0<\/strong><\/h5>\n<p>Przeznaczymy te fundusze na zielone inwestycje w tani\u0105, zielon\u0105 energetyk\u0119 w bardzo r\u00f3\u017cnych obszarach. To s\u0105 inwestycje w OZE, a tak\u017ce w zeroemisyjny transport, w sieci energetyczne zw\u0142aszcza na obszarach wiejskich i ma\u0142omiejskich. Dzi\u0119ki temu obywatele, kt\u00f3rzy b\u0119d\u0105 chcieli mie\u0107 pompy ciep\u0142a czy te\u017c instalacje fotowoltaiczne, czyli w praktyce b\u0119d\u0105 realizowa\u0107 ide\u0119 demokratycznej energetyki, b\u0119d\u0105 mogli bez przeszk\u00f3d pod\u0142\u0105czy\u0107 si\u0119 do zmodernizowanych sieci energetycznych \u2013 powiedzia\u0142a minister funduszy i polityki regionalnej\u00a0Katarzyna Pe\u0142czy\u0144ska-Na\u0142\u0119cz.<\/p>\n<p>O dodatkowe \u015brodki z po\u017cyczki w ramach rewizji KPO, zaprogramowane w programie RePowerEU, Polska zawnioskowa\u0142a w marcu tego roku. W sierpniu minister funduszy i polityki regionalnej z\u0142o\u017cy\u0142 formalny wniosek o rewizj\u0119 KPO.<\/p>\n<p>Pod koniec listopada Komisja Europejska pozytywnie zaopiniowa\u0142a polskie propozycje zmienionego KPO i nowego rozdzia\u0142u REPowerEU. Natomiast 8 grudnia Rada ECOFIN, czyli ministrowie do spraw finans\u00f3w ze wszystkich pa\u0144stw cz\u0142onkowskich UE formalnie zatwierdzili rewizj\u0119 polskiego KPO. Nast\u0119pnie zosta\u0142y obustronnie \u2013 przez Polsk\u0119 i Komisj\u0119 Europejsk\u0105 \u2013 podpisane zmienione umowy na cz\u0119\u015b\u0107 grantow\u0105 i po\u017cyczkow\u0105. To umo\u017cliwi\u0142o przekazanie Polsce nale\u017cnej zaliczki.<\/p>\n<p>Przypomnijmy, \u017ce KPO to program, z kt\u00f3rego Polska ma otrzyma\u0107 59,82 mld euro (261,4 mld z\u0142), w tym 25,28 mld euro (110,4 mld z\u0142) w postaci dotacji i 34,5 mld euro (151 mld z\u0142) w formie preferencyjnych po\u017cyczek.<\/p>\n<p>Wi\u0119kszo\u015b\u0107 tych \u015brodk\u00f3w b\u0119dzie inwestowana w formie instrument\u00f3w finansowych, co umo\u017cliwi realizacj\u0119 projekt\u00f3w po 2026 r., nawet przez kolejne 30 lat.<\/p>\n<p>Adrian Andrzejewski<\/p>\n","protected":false},"excerpt":{"rendered":"<p>Do Polski wp\u0142yn\u0119\u0142o w\u0142a\u015bnie 5 mld euro z programu RePowerEU, kt\u00f3ry jest cz\u0119\u015bci\u0105 Krajowego Planu Odbudowy (KPO). Pieni\u0105dze te zainwestujemy w tani\u0105, zielon\u0105 energi\u0119 dla polskich obywateli \u2013 poinformowa\u0142a minister&hellip;<\/p>\n","protected":false},"author":7,"featured_media":54042,"comment_status":"closed","ping_status":"open","sticky":false,"template":"","format":"standard","meta":{"_mi_skip_tracking":false,"footnotes":""},"categories":[47],"tags":[],"class_list":["post-54041","post","type-post","status-publish","format-standard","has-post-thumbnail","hentry","category-wydarzenia"],"yoast_head":"<!-- This site is optimized with the Yoast SEO plugin v19.4 - https:\/\/yoast.com\/wordpress\/plugins\/seo\/ -->\n<title>Pierwsze \u015brodki z Krajowego Planu Odbudowy wp\u0142yn\u0119\u0142y do Polski - Godno\u015b\u0107 - DignityNews.eu<\/title>\n<meta name=\"robots\" content=\"index, follow, max-snippet:-1, max-image-preview:large, max-video-preview:-1\" \/>\n<link rel=\"canonical\" href=\"https:\/\/dignitynews.eu\/pl\/pierwsze-srodki-z-krajowego-planu-odbudowy-wplynely-do-polski\/\" \/>\n<meta property=\"og:locale\" content=\"pl_PL\" \/>\n<meta property=\"og:type\" content=\"article\" \/>\n<meta property=\"og:title\" content=\"Pierwsze \u015brodki z Krajowego Planu Odbudowy wp\u0142yn\u0119\u0142y do Polski - Godno\u015b\u0107 - DignityNews.eu\" \/>\n<meta property=\"og:description\" content=\"Do Polski wp\u0142yn\u0119\u0142o w\u0142a\u015bnie 5 mld euro z programu RePowerEU, kt\u00f3ry jest cz\u0119\u015bci\u0105 Krajowego Planu Odbudowy (KPO). Pieni\u0105dze te zainwestujemy w tani\u0105, zielon\u0105 energi\u0119 dla polskich obywateli \u2013 poinformowa\u0142a minister&hellip;\" \/>\n<meta property=\"og:url\" content=\"https:\/\/dignitynews.eu\/pl\/pierwsze-srodki-z-krajowego-planu-odbudowy-wplynely-do-polski\/\" \/>\n<meta property=\"og:site_name\" content=\"Godno\u015b\u0107 - DignityNews.eu\" \/>\n<meta property=\"article:published_time\" content=\"2023-12-29T10:58:12+00:00\" \/>\n<meta property=\"og:image\" content=\"https:\/\/dignitynews.eu\/wp-content\/uploads\/2023\/12\/Pierwsze-srodki-z-Krajowego-Planu-Odbudowy-wplynely-do-Polski-fot.-MFiPR.jpg\" \/>\n\t<meta property=\"og:image:width\" content=\"2048\" \/>\n\t<meta property=\"og:image:height\" content=\"1365\" \/>\n\t<meta property=\"og:image:type\" content=\"image\/jpeg\" \/>\n<meta name=\"author\" content=\"Dignity News\" \/>\n<meta name=\"twitter:card\" content=\"summary_large_image\" \/>\n<meta name=\"twitter:label1\" content=\"Napisane przez\" \/>\n\t<meta name=\"twitter:data1\" content=\"Dignity News\" \/>\n\t<meta name=\"twitter:label2\" content=\"Szacowany czas czytania\" \/>\n\t<meta name=\"twitter:data2\" content=\"1 minuta\" \/>\n<script type=\"application\/ld+json\" class=\"yoast-schema-graph\">{\"@context\":\"https:\/\/schema.org\",\"@graph\":[{\"@type\":\"WebSite\",\"@id\":\"https:\/\/dignitynews.eu\/pl\/#website\",\"url\":\"https:\/\/dignitynews.eu\/pl\/\",\"name\":\"Godno\u015b\u0107 - DignityNews.eu\",\"description\":\"\",\"potentialAction\":[{\"@type\":\"SearchAction\",\"target\":{\"@type\":\"EntryPoint\",\"urlTemplate\":\"https:\/\/dignitynews.eu\/pl\/?s={search_term_string}\"},\"query-input\":\"required name=search_term_string\"}],\"inLanguage\":\"pl-PL\"},{\"@type\":\"WebPage\",\"@id\":\"https:\/\/dignitynews.eu\/pl\/pierwsze-srodki-z-krajowego-planu-odbudowy-wplynely-do-polski\/\",\"url\":\"https:\/\/dignitynews.eu\/pl\/pierwsze-srodki-z-krajowego-planu-odbudowy-wplynely-do-polski\/\",\"name\":\"Pierwsze \u015brodki z Krajowego Planu Odbudowy wp\u0142yn\u0119\u0142y do Polski - Godno\u015b\u0107 - DignityNews.eu\",\"isPartOf\":{\"@id\":\"https:\/\/dignitynews.eu\/pl\/#website\"},\"datePublished\":\"2023-12-29T10:58:12+00:00\",\"dateModified\":\"2023-12-29T10:58:12+00:00\",\"author\":{\"@id\":\"https:\/\/dignitynews.eu\/pl\/#\/schema\/person\/0b62b762b8174802fabc81a3ecb1bfcb\"},\"breadcrumb\":{\"@id\":\"https:\/\/dignitynews.eu\/pl\/pierwsze-srodki-z-krajowego-planu-odbudowy-wplynely-do-polski\/#breadcrumb\"},\"inLanguage\":\"pl-PL\",\"potentialAction\":[{\"@type\":\"ReadAction\",\"target\":[\"https:\/\/dignitynews.eu\/pl\/pierwsze-srodki-z-krajowego-planu-odbudowy-wplynely-do-polski\/\"]}]},{\"@type\":\"BreadcrumbList\",\"@id\":\"https:\/\/dignitynews.eu\/pl\/pierwsze-srodki-z-krajowego-planu-odbudowy-wplynely-do-polski\/#breadcrumb\",\"itemListElement\":[{\"@type\":\"ListItem\",\"position\":1,\"name\":\"Strona g\u0142\u00f3wna\",\"item\":\"https:\/\/dignitynews.eu\/pl\/\"},{\"@type\":\"ListItem\",\"position\":2,\"name\":\"Pierwsze \u015brodki z Krajowego Planu Odbudowy wp\u0142yn\u0119\u0142y do Polski\"}]},{\"@type\":\"Person\",\"@id\":\"https:\/\/dignitynews.eu\/pl\/#\/schema\/person\/0b62b762b8174802fabc81a3ecb1bfcb\",\"name\":\"Dignity News\",\"image\":{\"@type\":\"ImageObject\",\"inLanguage\":\"pl-PL\",\"@id\":\"https:\/\/dignitynews.eu\/pl\/#\/schema\/person\/image\/\",\"url\":\"https:\/\/secure.gravatar.com\/avatar\/97963171a6d9108f8381bbefb1c6b150c445b6ddd9e3077b96c86cf5892c85dc?s=96&d=mm&r=g\",\"contentUrl\":\"https:\/\/secure.gravatar.com\/avatar\/97963171a6d9108f8381bbefb1c6b150c445b6ddd9e3077b96c86cf5892c85dc?s=96&d=mm&r=g\",\"caption\":\"Dignity News\"},\"url\":\"https:\/\/dignitynews.eu\/pl\/author\/mikolaj-palade\/\"}]}<\/script>\n<!-- \/ Yoast SEO plugin. -->","yoast_head_json":{"title":"Pierwsze \u015brodki z Krajowego Planu Odbudowy wp\u0142yn\u0119\u0142y do Polski - Godno\u015b\u0107 - DignityNews.eu","robots":{"index":"index","follow":"follow","max-snippet":"max-snippet:-1","max-image-preview":"max-image-preview:large","max-video-preview":"max-video-preview:-1"},"canonical":"https:\/\/dignitynews.eu\/pl\/pierwsze-srodki-z-krajowego-planu-odbudowy-wplynely-do-polski\/","og_locale":"pl_PL","og_type":"article","og_title":"Pierwsze \u015brodki z Krajowego Planu Odbudowy wp\u0142yn\u0119\u0142y do Polski - Godno\u015b\u0107 - DignityNews.eu","og_description":"Do Polski wp\u0142yn\u0119\u0142o w\u0142a\u015bnie 5 mld euro z programu RePowerEU, kt\u00f3ry jest cz\u0119\u015bci\u0105 Krajowego Planu Odbudowy (KPO). Pieni\u0105dze te zainwestujemy w tani\u0105, zielon\u0105 energi\u0119 dla polskich obywateli \u2013 poinformowa\u0142a minister&hellip;","og_url":"https:\/\/dignitynews.eu\/pl\/pierwsze-srodki-z-krajowego-planu-odbudowy-wplynely-do-polski\/","og_site_name":"Godno\u015b\u0107 - DignityNews.eu","article_published_time":"2023-12-29T10:58:12+00:00","og_image":[{"width":2048,"height":1365,"url":"https:\/\/dignitynews.eu\/wp-content\/uploads\/2023\/12\/Pierwsze-srodki-z-Krajowego-Planu-Odbudowy-wplynely-do-Polski-fot.-MFiPR.jpg","type":"image\/jpeg"}],"author":"Dignity News","twitter_card":"summary_large_image","twitter_misc":{"Napisane przez":"Dignity News","Szacowany czas czytania":"1 minuta"},"schema":{"@context":"https:\/\/schema.org","@graph":[{"@type":"WebSite","@id":"https:\/\/dignitynews.eu\/pl\/#website","url":"https:\/\/dignitynews.eu\/pl\/","name":"Godno\u015b\u0107 - DignityNews.eu","description":"","potentialAction":[{"@type":"SearchAction","target":{"@type":"EntryPoint","urlTemplate":"https:\/\/dignitynews.eu\/pl\/?s={search_term_string}"},"query-input":"required name=search_term_string"}],"inLanguage":"pl-PL"},{"@type":"WebPage","@id":"https:\/\/dignitynews.eu\/pl\/pierwsze-srodki-z-krajowego-planu-odbudowy-wplynely-do-polski\/","url":"https:\/\/dignitynews.eu\/pl\/pierwsze-srodki-z-krajowego-planu-odbudowy-wplynely-do-polski\/","name":"Pierwsze \u015brodki z Krajowego Planu Odbudowy wp\u0142yn\u0119\u0142y do Polski - Godno\u015b\u0107 - DignityNews.eu","isPartOf":{"@id":"https:\/\/dignitynews.eu\/pl\/#website"},"datePublished":"2023-12-29T10:58:12+00:00","dateModified":"2023-12-29T10:58:12+00:00","author":{"@id":"https:\/\/dignitynews.eu\/pl\/#\/schema\/person\/0b62b762b8174802fabc81a3ecb1bfcb"},"breadcrumb":{"@id":"https:\/\/dignitynews.eu\/pl\/pierwsze-srodki-z-krajowego-planu-odbudowy-wplynely-do-polski\/#breadcrumb"},"inLanguage":"pl-PL","potentialAction":[{"@type":"ReadAction","target":["https:\/\/dignitynews.eu\/pl\/pierwsze-srodki-z-krajowego-planu-odbudowy-wplynely-do-polski\/"]}]},{"@type":"BreadcrumbList","@id":"https:\/\/dignitynews.eu\/pl\/pierwsze-srodki-z-krajowego-planu-odbudowy-wplynely-do-polski\/#breadcrumb","itemListElement":[{"@type":"ListItem","position":1,"name":"Strona g\u0142\u00f3wna","item":"https:\/\/dignitynews.eu\/pl\/"},{"@type":"ListItem","position":2,"name":"Pierwsze \u015brodki z Krajowego Planu Odbudowy wp\u0142yn\u0119\u0142y do Polski"}]},{"@type":"Person","@id":"https:\/\/dignitynews.eu\/pl\/#\/schema\/person\/0b62b762b8174802fabc81a3ecb1bfcb","name":"Dignity News","image":{"@type":"ImageObject","inLanguage":"pl-PL","@id":"https:\/\/dignitynews.eu\/pl\/#\/schema\/person\/image\/","url":"https:\/\/secure.gravatar.com\/avatar\/97963171a6d9108f8381bbefb1c6b150c445b6ddd9e3077b96c86cf5892c85dc?s=96&d=mm&r=g","contentUrl":"https:\/\/secure.gravatar.com\/avatar\/97963171a6d9108f8381bbefb1c6b150c445b6ddd9e3077b96c86cf5892c85dc?s=96&d=mm&r=g","caption":"Dignity News"},"url":"https:\/\/dignitynews.eu\/pl\/author\/mikolaj-palade\/"}]}},"_links":{"self":[{"href":"https:\/\/dignitynews.eu\/pl\/wp-json\/wp\/v2\/posts\/54041","targetHints":{"allow":["GET"]}}],"collection":[{"href":"https:\/\/dignitynews.eu\/pl\/wp-json\/wp\/v2\/posts"}],"about":[{"href":"https:\/\/dignitynews.eu\/pl\/wp-json\/wp\/v2\/types\/post"}],"author":[{"embeddable":true,"href":"https:\/\/dignitynews.eu\/pl\/wp-json\/wp\/v2\/users\/7"}],"replies":[{"embeddable":true,"href":"https:\/\/dignitynews.eu\/pl\/wp-json\/wp\/v2\/comments?post=54041"}],"version-history":[{"count":1,"href":"https:\/\/dignitynews.eu\/pl\/wp-json\/wp\/v2\/posts\/54041\/revisions"}],"predecessor-version":[{"id":54047,"href":"https:\/\/dignitynews.eu\/pl\/wp-json\/wp\/v2\/posts\/54041\/revisions\/54047"}],"wp:featuredmedia":[{"embeddable":true,"href":"https:\/\/dignitynews.eu\/pl\/wp-json\/wp\/v2\/media\/54042"}],"wp:attachment":[{"href":"https:\/\/dignitynews.eu\/pl\/wp-json\/wp\/v2\/media?parent=54041"}],"wp:term":[{"taxonomy":"category","embeddable":true,"href":"https:\/\/dignitynews.eu\/pl\/wp-json\/wp\/v2\/categories?post=54041"},{"taxonomy":"post_tag","embeddable":true,"href":"https:\/\/dignitynews.eu\/pl\/wp-json\/wp\/v2\/tags?post=54041"}],"curies":[{"name":"wp","href":"https:\/\/api.w.org\/{rel}","templated":true}]}}