{"id":54006,"date":"2023-12-29T11:52:53","date_gmt":"2023-12-29T10:52:53","guid":{"rendered":"https:\/\/dignitynews.eu\/?p=54006"},"modified":"2023-12-29T11:52:53","modified_gmt":"2023-12-29T10:52:53","slug":"zrekonstruowana-lucy-w-centrum-edukacji-przyrodniczej-uniwersytetu-jagiellonskiego","status":"publish","type":"post","link":"https:\/\/dignitynews.eu\/pl\/zrekonstruowana-lucy-w-centrum-edukacji-przyrodniczej-uniwersytetu-jagiellonskiego\/","title":{"rendered":"Zrekonstruowana Lucy w Centrum Edukacji Przyrodniczej Uniwersytetu Jagiello\u0144skiego"},"content":{"rendered":"<h5><strong>Ekspozycja antropologiczna Centrum Edukacji Przyrodniczej Uniwersytetu Jagiello\u0144skiego (UJ) w Krakowie wzbogaci\u0142a si\u0119 o now\u0105, naturalnych rozmiar\u00f3w rekonstrukcj\u0119 przodka cz\u0142owieka. S\u0142ynna\u00a0Lucy, nale\u017c\u0105ca do gatunku\u00a0Australopithecus afarensis, do\u0142\u0105czy\u0142a tym samym do dw\u00f3ch istniej\u0105cych ju\u017c rekonstrukcji &#8211; neandertalczyka (Homo neanderthalensis) oraz cz\u0142owieka wyprostowanego (Homo erectus) \u2013 czytamy w informacji UJ.<\/strong><\/h5>\n<p>Gatunek\u00a0Australopithecus afarensis, czyli po\u0142udniowej ma\u0142py cz\u0142ekokszta\u0142tnej z Afaru, zamieszkiwa\u0142 Afryk\u0119 Wschodni\u0105 w okresie ok. 3,7-1,3 mln lat temu. Najwi\u0119cej skamienia\u0142o\u015bci odnaleziono na obszarze Etiopii i Tanzanii. Najs\u0142ynniejsz\u0105 przedstawicielk\u0105 gatunku jest\u00a0Lucy, kt\u00f3rej fragmenty szkieletu odnalezione w 1974 r. w pobli\u017cu wioski Hadar w Etiopii. Wiek tego znaleziska szacuje si\u0119 na 3,2 mln lat.<\/p>\n<p>Liczba zachowanych ko\u015bci pozwoli\u0142a ustali\u0107, \u017ce\u00a0Lucy\u00a0mierzy\u0142a zaledwie 110 cm i wa\u017cy\u0142a 28 kg, a pojemno\u015b\u0107 jej m\u00f3zgu zbli\u017cona by\u0142a do wsp\u00f3\u0142cze\u015bnie \u017cyj\u0105cych szympans\u00f3w.<\/p>\n<p>Szkielet\u00a0Lucy\u00a0stanowi\u0142 mieszank\u0119 cech prymitywnych (ma\u0142pich) oraz wsp\u00f3\u0142czesnych (ludzkich). Posiada\u0142a kr\u00f3tkie ko\u0144czyny dolne, d\u0142ugie ramiona i palce przystosowane jeszcze do nadrzewnego trybu \u017cycia. Mimo to potrafi\u0142a swobodnie porusza\u0107 si\u0119 w pozycji pionowej na dw\u00f3ch ko\u0144czynach, a budowa jej miednicy nie r\u00f3\u017cni\u0142a si\u0119 istotnie od ludzkiej. \u0141ukowato wygi\u0119ta stopa sugerowa\u0142a r\u00f3wnie\u017c, \u017ce porusza\u0142a si\u0119 chodem zbli\u017conym do ludzkiego.<\/p>\n<p>Rekonstrukcj\u0119\u00a0Lucy, neandertalczyka i cz\u0142owieka wyprostowanego mo\u017cna ogl\u0105da\u0107 na wystawie antropologicznej w\u00a0Centrum Edukacji Przyrodniczej UJ przy ul. Gronostajowej 5 w Krakowie\u00a0w cz\u0119\u015bci po\u015bwi\u0119conej ewolucji cz\u0142owieka. Poza rekonstrukcjami przodk\u00f3w cz\u0142owieka na wystawie mo\u017cna podziwia\u0107 r\u00f3wnie\u017c drzewo rodowe cz\u0142owieka wsp\u00f3\u0142czesnego, na kt\u00f3rym znalaz\u0142y si\u0119 repliki czaszek hominid\u00f3w.<\/p>\n<p>Wszystkie 3 eksponaty wykonane zosta\u0142y przez firm\u0119 Kamyk Piotr Menducki z Ostrowca \u015awi\u0119tokrzyskiego. Ka\u017cdy etap wspomnianych rekonstrukcji merytorycznie konsultowany by\u0142 z antropologami z Centrum Edukacji Przyrodniczej UJ &#8211; dr Ma\u0142gorzat\u0105 Ko\u0142odziej, dr Ann\u0105 Pankowsk\u0105 i dr. Kamilem Mro\u017ckiem.<\/p>\n<p>Adrian Andrzejewski<\/p>\n","protected":false},"excerpt":{"rendered":"<p>Ekspozycja antropologiczna Centrum Edukacji Przyrodniczej Uniwersytetu Jagiello\u0144skiego (UJ) w Krakowie wzbogaci\u0142a si\u0119 o now\u0105, naturalnych rozmiar\u00f3w rekonstrukcj\u0119 przodka cz\u0142owieka. S\u0142ynna\u00a0Lucy, nale\u017c\u0105ca do gatunku\u00a0Australopithecus afarensis, do\u0142\u0105czy\u0142a tym samym do dw\u00f3ch istniej\u0105cych&hellip;<\/p>\n","protected":false},"author":7,"featured_media":54007,"comment_status":"closed","ping_status":"open","sticky":false,"template":"","format":"standard","meta":{"_mi_skip_tracking":false,"footnotes":""},"categories":[49],"tags":[],"class_list":["post-54006","post","type-post","status-publish","format-standard","has-post-thumbnail","hentry","category-nauka"],"yoast_head":"<!-- This site is optimized with the Yoast SEO plugin v19.4 - https:\/\/yoast.com\/wordpress\/plugins\/seo\/ -->\n<title>Zrekonstruowana Lucy w Centrum Edukacji Przyrodniczej Uniwersytetu Jagiello\u0144skiego - Godno\u015b\u0107 - DignityNews.eu<\/title>\n<meta name=\"robots\" content=\"index, follow, max-snippet:-1, max-image-preview:large, max-video-preview:-1\" \/>\n<link rel=\"canonical\" href=\"https:\/\/dignitynews.eu\/pl\/zrekonstruowana-lucy-w-centrum-edukacji-przyrodniczej-uniwersytetu-jagiellonskiego\/\" \/>\n<meta property=\"og:locale\" content=\"pl_PL\" \/>\n<meta property=\"og:type\" content=\"article\" \/>\n<meta property=\"og:title\" content=\"Zrekonstruowana Lucy w Centrum Edukacji Przyrodniczej Uniwersytetu Jagiello\u0144skiego - Godno\u015b\u0107 - DignityNews.eu\" \/>\n<meta property=\"og:description\" content=\"Ekspozycja antropologiczna Centrum Edukacji Przyrodniczej Uniwersytetu Jagiello\u0144skiego (UJ) w Krakowie wzbogaci\u0142a si\u0119 o now\u0105, naturalnych rozmiar\u00f3w rekonstrukcj\u0119 przodka cz\u0142owieka. S\u0142ynna\u00a0Lucy, nale\u017c\u0105ca do gatunku\u00a0Australopithecus afarensis, do\u0142\u0105czy\u0142a tym samym do dw\u00f3ch istniej\u0105cych&hellip;\" \/>\n<meta property=\"og:url\" content=\"https:\/\/dignitynews.eu\/pl\/zrekonstruowana-lucy-w-centrum-edukacji-przyrodniczej-uniwersytetu-jagiellonskiego\/\" \/>\n<meta property=\"og:site_name\" content=\"Godno\u015b\u0107 - DignityNews.eu\" \/>\n<meta property=\"article:published_time\" content=\"2023-12-29T10:52:53+00:00\" \/>\n<meta property=\"og:image\" content=\"https:\/\/dignitynews.eu\/wp-content\/uploads\/2023\/12\/Zrekonstruowana-Lucy-w-UJ-fot.-fot.-A.-Czekaj-A.-Pekalski-UJ.png\" \/>\n\t<meta property=\"og:image:width\" content=\"800\" \/>\n\t<meta property=\"og:image:height\" content=\"533\" \/>\n\t<meta property=\"og:image:type\" content=\"image\/png\" \/>\n<meta name=\"author\" content=\"Dignity News\" \/>\n<meta name=\"twitter:card\" content=\"summary_large_image\" \/>\n<meta name=\"twitter:label1\" content=\"Napisane przez\" \/>\n\t<meta name=\"twitter:data1\" content=\"Dignity News\" \/>\n\t<meta name=\"twitter:label2\" content=\"Szacowany czas czytania\" \/>\n\t<meta name=\"twitter:data2\" content=\"2 minuty\" \/>\n<script type=\"application\/ld+json\" class=\"yoast-schema-graph\">{\"@context\":\"https:\/\/schema.org\",\"@graph\":[{\"@type\":\"WebSite\",\"@id\":\"https:\/\/dignitynews.eu\/pl\/#website\",\"url\":\"https:\/\/dignitynews.eu\/pl\/\",\"name\":\"Godno\u015b\u0107 - DignityNews.eu\",\"description\":\"\",\"potentialAction\":[{\"@type\":\"SearchAction\",\"target\":{\"@type\":\"EntryPoint\",\"urlTemplate\":\"https:\/\/dignitynews.eu\/pl\/?s={search_term_string}\"},\"query-input\":\"required name=search_term_string\"}],\"inLanguage\":\"pl-PL\"},{\"@type\":\"WebPage\",\"@id\":\"https:\/\/dignitynews.eu\/pl\/zrekonstruowana-lucy-w-centrum-edukacji-przyrodniczej-uniwersytetu-jagiellonskiego\/\",\"url\":\"https:\/\/dignitynews.eu\/pl\/zrekonstruowana-lucy-w-centrum-edukacji-przyrodniczej-uniwersytetu-jagiellonskiego\/\",\"name\":\"Zrekonstruowana Lucy w Centrum Edukacji Przyrodniczej Uniwersytetu Jagiello\u0144skiego - Godno\u015b\u0107 - DignityNews.eu\",\"isPartOf\":{\"@id\":\"https:\/\/dignitynews.eu\/pl\/#website\"},\"datePublished\":\"2023-12-29T10:52:53+00:00\",\"dateModified\":\"2023-12-29T10:52:53+00:00\",\"author\":{\"@id\":\"https:\/\/dignitynews.eu\/pl\/#\/schema\/person\/0b62b762b8174802fabc81a3ecb1bfcb\"},\"breadcrumb\":{\"@id\":\"https:\/\/dignitynews.eu\/pl\/zrekonstruowana-lucy-w-centrum-edukacji-przyrodniczej-uniwersytetu-jagiellonskiego\/#breadcrumb\"},\"inLanguage\":\"pl-PL\",\"potentialAction\":[{\"@type\":\"ReadAction\",\"target\":[\"https:\/\/dignitynews.eu\/pl\/zrekonstruowana-lucy-w-centrum-edukacji-przyrodniczej-uniwersytetu-jagiellonskiego\/\"]}]},{\"@type\":\"BreadcrumbList\",\"@id\":\"https:\/\/dignitynews.eu\/pl\/zrekonstruowana-lucy-w-centrum-edukacji-przyrodniczej-uniwersytetu-jagiellonskiego\/#breadcrumb\",\"itemListElement\":[{\"@type\":\"ListItem\",\"position\":1,\"name\":\"Strona g\u0142\u00f3wna\",\"item\":\"https:\/\/dignitynews.eu\/pl\/\"},{\"@type\":\"ListItem\",\"position\":2,\"name\":\"Zrekonstruowana Lucy w Centrum Edukacji Przyrodniczej Uniwersytetu Jagiello\u0144skiego\"}]},{\"@type\":\"Person\",\"@id\":\"https:\/\/dignitynews.eu\/pl\/#\/schema\/person\/0b62b762b8174802fabc81a3ecb1bfcb\",\"name\":\"Dignity News\",\"image\":{\"@type\":\"ImageObject\",\"inLanguage\":\"pl-PL\",\"@id\":\"https:\/\/dignitynews.eu\/pl\/#\/schema\/person\/image\/\",\"url\":\"https:\/\/secure.gravatar.com\/avatar\/97963171a6d9108f8381bbefb1c6b150c445b6ddd9e3077b96c86cf5892c85dc?s=96&d=mm&r=g\",\"contentUrl\":\"https:\/\/secure.gravatar.com\/avatar\/97963171a6d9108f8381bbefb1c6b150c445b6ddd9e3077b96c86cf5892c85dc?s=96&d=mm&r=g\",\"caption\":\"Dignity News\"},\"url\":\"https:\/\/dignitynews.eu\/pl\/author\/mikolaj-palade\/\"}]}<\/script>\n<!-- \/ Yoast SEO plugin. -->","yoast_head_json":{"title":"Zrekonstruowana Lucy w Centrum Edukacji Przyrodniczej Uniwersytetu Jagiello\u0144skiego - Godno\u015b\u0107 - DignityNews.eu","robots":{"index":"index","follow":"follow","max-snippet":"max-snippet:-1","max-image-preview":"max-image-preview:large","max-video-preview":"max-video-preview:-1"},"canonical":"https:\/\/dignitynews.eu\/pl\/zrekonstruowana-lucy-w-centrum-edukacji-przyrodniczej-uniwersytetu-jagiellonskiego\/","og_locale":"pl_PL","og_type":"article","og_title":"Zrekonstruowana Lucy w Centrum Edukacji Przyrodniczej Uniwersytetu Jagiello\u0144skiego - Godno\u015b\u0107 - DignityNews.eu","og_description":"Ekspozycja antropologiczna Centrum Edukacji Przyrodniczej Uniwersytetu Jagiello\u0144skiego (UJ) w Krakowie wzbogaci\u0142a si\u0119 o now\u0105, naturalnych rozmiar\u00f3w rekonstrukcj\u0119 przodka cz\u0142owieka. S\u0142ynna\u00a0Lucy, nale\u017c\u0105ca do gatunku\u00a0Australopithecus afarensis, do\u0142\u0105czy\u0142a tym samym do dw\u00f3ch istniej\u0105cych&hellip;","og_url":"https:\/\/dignitynews.eu\/pl\/zrekonstruowana-lucy-w-centrum-edukacji-przyrodniczej-uniwersytetu-jagiellonskiego\/","og_site_name":"Godno\u015b\u0107 - DignityNews.eu","article_published_time":"2023-12-29T10:52:53+00:00","og_image":[{"width":800,"height":533,"url":"https:\/\/dignitynews.eu\/wp-content\/uploads\/2023\/12\/Zrekonstruowana-Lucy-w-UJ-fot.-fot.-A.-Czekaj-A.-Pekalski-UJ.png","type":"image\/png"}],"author":"Dignity News","twitter_card":"summary_large_image","twitter_misc":{"Napisane przez":"Dignity News","Szacowany czas czytania":"2 minuty"},"schema":{"@context":"https:\/\/schema.org","@graph":[{"@type":"WebSite","@id":"https:\/\/dignitynews.eu\/pl\/#website","url":"https:\/\/dignitynews.eu\/pl\/","name":"Godno\u015b\u0107 - DignityNews.eu","description":"","potentialAction":[{"@type":"SearchAction","target":{"@type":"EntryPoint","urlTemplate":"https:\/\/dignitynews.eu\/pl\/?s={search_term_string}"},"query-input":"required name=search_term_string"}],"inLanguage":"pl-PL"},{"@type":"WebPage","@id":"https:\/\/dignitynews.eu\/pl\/zrekonstruowana-lucy-w-centrum-edukacji-przyrodniczej-uniwersytetu-jagiellonskiego\/","url":"https:\/\/dignitynews.eu\/pl\/zrekonstruowana-lucy-w-centrum-edukacji-przyrodniczej-uniwersytetu-jagiellonskiego\/","name":"Zrekonstruowana Lucy w Centrum Edukacji Przyrodniczej Uniwersytetu Jagiello\u0144skiego - Godno\u015b\u0107 - DignityNews.eu","isPartOf":{"@id":"https:\/\/dignitynews.eu\/pl\/#website"},"datePublished":"2023-12-29T10:52:53+00:00","dateModified":"2023-12-29T10:52:53+00:00","author":{"@id":"https:\/\/dignitynews.eu\/pl\/#\/schema\/person\/0b62b762b8174802fabc81a3ecb1bfcb"},"breadcrumb":{"@id":"https:\/\/dignitynews.eu\/pl\/zrekonstruowana-lucy-w-centrum-edukacji-przyrodniczej-uniwersytetu-jagiellonskiego\/#breadcrumb"},"inLanguage":"pl-PL","potentialAction":[{"@type":"ReadAction","target":["https:\/\/dignitynews.eu\/pl\/zrekonstruowana-lucy-w-centrum-edukacji-przyrodniczej-uniwersytetu-jagiellonskiego\/"]}]},{"@type":"BreadcrumbList","@id":"https:\/\/dignitynews.eu\/pl\/zrekonstruowana-lucy-w-centrum-edukacji-przyrodniczej-uniwersytetu-jagiellonskiego\/#breadcrumb","itemListElement":[{"@type":"ListItem","position":1,"name":"Strona g\u0142\u00f3wna","item":"https:\/\/dignitynews.eu\/pl\/"},{"@type":"ListItem","position":2,"name":"Zrekonstruowana Lucy w Centrum Edukacji Przyrodniczej Uniwersytetu Jagiello\u0144skiego"}]},{"@type":"Person","@id":"https:\/\/dignitynews.eu\/pl\/#\/schema\/person\/0b62b762b8174802fabc81a3ecb1bfcb","name":"Dignity News","image":{"@type":"ImageObject","inLanguage":"pl-PL","@id":"https:\/\/dignitynews.eu\/pl\/#\/schema\/person\/image\/","url":"https:\/\/secure.gravatar.com\/avatar\/97963171a6d9108f8381bbefb1c6b150c445b6ddd9e3077b96c86cf5892c85dc?s=96&d=mm&r=g","contentUrl":"https:\/\/secure.gravatar.com\/avatar\/97963171a6d9108f8381bbefb1c6b150c445b6ddd9e3077b96c86cf5892c85dc?s=96&d=mm&r=g","caption":"Dignity News"},"url":"https:\/\/dignitynews.eu\/pl\/author\/mikolaj-palade\/"}]}},"_links":{"self":[{"href":"https:\/\/dignitynews.eu\/pl\/wp-json\/wp\/v2\/posts\/54006","targetHints":{"allow":["GET"]}}],"collection":[{"href":"https:\/\/dignitynews.eu\/pl\/wp-json\/wp\/v2\/posts"}],"about":[{"href":"https:\/\/dignitynews.eu\/pl\/wp-json\/wp\/v2\/types\/post"}],"author":[{"embeddable":true,"href":"https:\/\/dignitynews.eu\/pl\/wp-json\/wp\/v2\/users\/7"}],"replies":[{"embeddable":true,"href":"https:\/\/dignitynews.eu\/pl\/wp-json\/wp\/v2\/comments?post=54006"}],"version-history":[{"count":1,"href":"https:\/\/dignitynews.eu\/pl\/wp-json\/wp\/v2\/posts\/54006\/revisions"}],"predecessor-version":[{"id":54012,"href":"https:\/\/dignitynews.eu\/pl\/wp-json\/wp\/v2\/posts\/54006\/revisions\/54012"}],"wp:featuredmedia":[{"embeddable":true,"href":"https:\/\/dignitynews.eu\/pl\/wp-json\/wp\/v2\/media\/54007"}],"wp:attachment":[{"href":"https:\/\/dignitynews.eu\/pl\/wp-json\/wp\/v2\/media?parent=54006"}],"wp:term":[{"taxonomy":"category","embeddable":true,"href":"https:\/\/dignitynews.eu\/pl\/wp-json\/wp\/v2\/categories?post=54006"},{"taxonomy":"post_tag","embeddable":true,"href":"https:\/\/dignitynews.eu\/pl\/wp-json\/wp\/v2\/tags?post=54006"}],"curies":[{"name":"wp","href":"https:\/\/api.w.org\/{rel}","templated":true}]}}