{"id":53086,"date":"2023-12-14T11:50:44","date_gmt":"2023-12-14T10:50:44","guid":{"rendered":"https:\/\/dignitynews.eu\/?p=53086"},"modified":"2023-12-27T21:14:15","modified_gmt":"2023-12-27T20:14:15","slug":"sprawiedliwosc-po-dziesiecioleciach-procesy-karne-sprawcow-strajkujacych-masakry-gornikow-w-kopalni-wujek","status":"publish","type":"post","link":"https:\/\/dignitynews.eu\/pl\/sprawiedliwosc-po-dziesiecioleciach-procesy-karne-sprawcow-strajkujacych-masakry-gornikow-w-kopalni-wujek\/","title":{"rendered":"Sprawiedliwo\u015b\u0107 po dziesi\u0119cioleciach. Procesy karne sprawc\u00f3w masakry strajkuj\u0105cych g\u00f3rnik\u00f3w w Kopalni \u201eWujek\u201d."},"content":{"rendered":"<h5><strong>Rodziny zamordowanych g\u00f3rnik\u00f3w w trakcie pacyfikacji strajku w Kopalni \u201eWujek\u201d przez blisko trzydzie\u015bci lat czeka\u0142y na skazanie sprawc\u00f3w \u015bmierci ich bliskich. <\/strong><\/h5>\n<p>W trakcie pacyfikacji strajku w Kopalni \u201dWujek\u201d w Katowicach 16 grudnia 1981 r. zosta\u0142o zastrzelonych sze\u015bciu protestuj\u0105cych g\u00f3rnik\u00f3w, kolejnych trzech zmar\u0142o w szpitalach w wyniku odniesionych ran. Strza\u0142y do strajkuj\u0105cych oddawali funkcjonariusze plutonu specjalnego Zmotoryzowanych Odwod\u00f3w Milicji Obywatelskiej (ZOMO). Jeszcze w trakcie stanu wojennego \u015bledztwo w tej sprawie wszcz\u0119\u0142a komunistyczna wojskowa prokuratura, kt\u00f3ra szybko, bo ju\u017c 20 stycznia 1982 r. je umorzy\u0142a. \u015aledczy uznali, \u017ce funkcjonariusze u\u017cyli broni palnej w obronie koniecznej.<\/p>\n<p>Po upadku komunizmu w Polsce post\u0119powanie s\u0105dowe zosta\u0142o podj\u0119te na nowo. Przeciwko 23 funkcjonariuszom ZOMO skierowano akt oskar\u017cenia do S\u0105du Wojew\u00f3dzkiego w Katowicach. Proces karny, trwaj\u0105cy ponad 4 lata, zako\u0144czy\u0142 si\u0119 w 1997 r. uniewinnieniem cz\u0119\u015bci oskar\u017conych, a wobec reszty umorzeniem. Rok p\u00f3\u017aniej S\u0105d Apelacyjny w Katowicach uchyli\u0142 przedmiotowy wyrok. W 1999 r. proces rozpocz\u0105\u0142 si\u0119 ponownie. Przes\u0142uchiwani w jego trakcie gen. Wojciech Jaruzelski (premier i minister obrony narodowej w czasie stanu wojennego) oraz gen. Czes\u0142aw Kiszczak (minister spraw wewn\u0119trznych) zgodnie zeznali, \u017ce nikt nie dawa\u0142 rozkazu strzelania do g\u00f3rnik\u00f3w, a strza\u0142y pad\u0142y w obronie funkcjonariuszy. W wyroku zapad\u0142ym w pa\u017adzierniku 2001 r. ponownie zapad\u0142y wyroki uniewinniaj\u0105ce lub te\u017c umarzaj\u0105ce post\u0119powanie. W 2003 r. orzeczenie to zosta\u0142o ponownie uchylone przez S\u0105d Apelacyjny. Po raz trzeci proces zomowc\u00f3w rozpocz\u0105\u0142 si\u0119 we wrze\u015bniu 2004 r. i zako\u0144czy\u0142 si\u0119 w maju 2007 r. Tym razem s\u0105d skaza\u0142 14 funkcjonariuszy na kary od 2,5 do 3 lat wi\u0119zienia, natomiast ich dow\u00f3dca otrzyma\u0142 wyrok 11 lat wi\u0119zienia. Ten ostatni S\u0105d Apelacyjny w Katowicach z\u0142agodzi\u0142 do lat 6. \u00a0Natomiast w przypadku pozosta\u0142ych os\u00f3b podni\u00f3s\u0142 wyroki od 3,5 do 4 lat wi\u0119zienia. W kwietniu 2009 r. S\u0105d Najwy\u017cszy oddali\u0142 skargi kasacyjne obro\u0144c\u00f3w funkcjonariuszy, uznaj\u0105c \u017ce u\u017cycie broni by\u0142o bezprawne.<\/p>\n<p>Niestety, s\u0105dzony w oddzielnym procesie gen. Czes\u0142aw Kiszczak, oskar\u017cony o przyczynienie si\u0119 do \u015bmierci g\u00f3rnik\u00f3w nigdy nie zosta\u0142 prawomocnie skazany.<\/p>\n","protected":false},"excerpt":{"rendered":"<p>Rodziny zamordowanych g\u00f3rnik\u00f3w w trakcie pacyfikacji strajku w Kopalni \u201eWujek\u201d przez blisko trzydzie\u015bci lat czeka\u0142y na skazanie sprawc\u00f3w \u015bmierci ich bliskich. W trakcie pacyfikacji strajku w Kopalni \u201dWujek\u201d w Katowicach&hellip;<\/p>\n","protected":false},"author":7,"featured_media":53087,"comment_status":"closed","ping_status":"open","sticky":false,"template":"","format":"standard","meta":{"_mi_skip_tracking":false,"footnotes":""},"categories":[46],"tags":[],"class_list":["post-53086","post","type-post","status-publish","format-standard","has-post-thumbnail","hentry","category-historia"],"yoast_head":"<!-- This site is optimized with the Yoast SEO plugin v19.4 - https:\/\/yoast.com\/wordpress\/plugins\/seo\/ -->\n<title>Sprawiedliwo\u015b\u0107 po dziesi\u0119cioleciach. Procesy karne sprawc\u00f3w masakry strajkuj\u0105cych g\u00f3rnik\u00f3w w Kopalni \u201eWujek\u201d. - Godno\u015b\u0107 - DignityNews.eu<\/title>\n<meta name=\"robots\" content=\"index, follow, max-snippet:-1, max-image-preview:large, max-video-preview:-1\" \/>\n<link rel=\"canonical\" href=\"https:\/\/dignitynews.eu\/pl\/sprawiedliwosc-po-dziesiecioleciach-procesy-karne-sprawcow-strajkujacych-masakry-gornikow-w-kopalni-wujek\/\" \/>\n<meta property=\"og:locale\" content=\"pl_PL\" \/>\n<meta property=\"og:type\" content=\"article\" \/>\n<meta property=\"og:title\" content=\"Sprawiedliwo\u015b\u0107 po dziesi\u0119cioleciach. Procesy karne sprawc\u00f3w masakry strajkuj\u0105cych g\u00f3rnik\u00f3w w Kopalni \u201eWujek\u201d. - Godno\u015b\u0107 - DignityNews.eu\" \/>\n<meta property=\"og:description\" content=\"Rodziny zamordowanych g\u00f3rnik\u00f3w w trakcie pacyfikacji strajku w Kopalni \u201eWujek\u201d przez blisko trzydzie\u015bci lat czeka\u0142y na skazanie sprawc\u00f3w \u015bmierci ich bliskich. W trakcie pacyfikacji strajku w Kopalni \u201dWujek\u201d w Katowicach&hellip;\" \/>\n<meta property=\"og:url\" content=\"https:\/\/dignitynews.eu\/pl\/sprawiedliwosc-po-dziesiecioleciach-procesy-karne-sprawcow-strajkujacych-masakry-gornikow-w-kopalni-wujek\/\" \/>\n<meta property=\"og:site_name\" content=\"Godno\u015b\u0107 - DignityNews.eu\" \/>\n<meta property=\"article:published_time\" content=\"2023-12-14T10:50:44+00:00\" \/>\n<meta property=\"article:modified_time\" content=\"2023-12-27T20:14:15+00:00\" \/>\n<meta property=\"og:image\" content=\"https:\/\/dignitynews.eu\/wp-content\/uploads\/2023\/12\/Czeslaw_Kiszczak.jpg\" \/>\n\t<meta property=\"og:image:width\" content=\"800\" \/>\n\t<meta property=\"og:image:height\" content=\"999\" \/>\n\t<meta property=\"og:image:type\" content=\"image\/jpeg\" \/>\n<meta name=\"author\" content=\"Dignity News\" \/>\n<meta name=\"twitter:card\" content=\"summary_large_image\" \/>\n<meta name=\"twitter:label1\" content=\"Napisane przez\" \/>\n\t<meta name=\"twitter:data1\" content=\"Dignity News\" \/>\n\t<meta name=\"twitter:label2\" content=\"Szacowany czas czytania\" \/>\n\t<meta name=\"twitter:data2\" content=\"2 minuty\" \/>\n<script type=\"application\/ld+json\" class=\"yoast-schema-graph\">{\"@context\":\"https:\/\/schema.org\",\"@graph\":[{\"@type\":\"WebSite\",\"@id\":\"https:\/\/dignitynews.eu\/pl\/#website\",\"url\":\"https:\/\/dignitynews.eu\/pl\/\",\"name\":\"Godno\u015b\u0107 - DignityNews.eu\",\"description\":\"\",\"potentialAction\":[{\"@type\":\"SearchAction\",\"target\":{\"@type\":\"EntryPoint\",\"urlTemplate\":\"https:\/\/dignitynews.eu\/pl\/?s={search_term_string}\"},\"query-input\":\"required name=search_term_string\"}],\"inLanguage\":\"pl-PL\"},{\"@type\":\"WebPage\",\"@id\":\"https:\/\/dignitynews.eu\/pl\/sprawiedliwosc-po-dziesiecioleciach-procesy-karne-sprawcow-strajkujacych-masakry-gornikow-w-kopalni-wujek\/\",\"url\":\"https:\/\/dignitynews.eu\/pl\/sprawiedliwosc-po-dziesiecioleciach-procesy-karne-sprawcow-strajkujacych-masakry-gornikow-w-kopalni-wujek\/\",\"name\":\"Sprawiedliwo\u015b\u0107 po dziesi\u0119cioleciach. Procesy karne sprawc\u00f3w masakry strajkuj\u0105cych g\u00f3rnik\u00f3w w Kopalni \u201eWujek\u201d. - Godno\u015b\u0107 - DignityNews.eu\",\"isPartOf\":{\"@id\":\"https:\/\/dignitynews.eu\/pl\/#website\"},\"datePublished\":\"2023-12-14T10:50:44+00:00\",\"dateModified\":\"2023-12-27T20:14:15+00:00\",\"author\":{\"@id\":\"https:\/\/dignitynews.eu\/pl\/#\/schema\/person\/0b62b762b8174802fabc81a3ecb1bfcb\"},\"breadcrumb\":{\"@id\":\"https:\/\/dignitynews.eu\/pl\/sprawiedliwosc-po-dziesiecioleciach-procesy-karne-sprawcow-strajkujacych-masakry-gornikow-w-kopalni-wujek\/#breadcrumb\"},\"inLanguage\":\"pl-PL\",\"potentialAction\":[{\"@type\":\"ReadAction\",\"target\":[\"https:\/\/dignitynews.eu\/pl\/sprawiedliwosc-po-dziesiecioleciach-procesy-karne-sprawcow-strajkujacych-masakry-gornikow-w-kopalni-wujek\/\"]}]},{\"@type\":\"BreadcrumbList\",\"@id\":\"https:\/\/dignitynews.eu\/pl\/sprawiedliwosc-po-dziesiecioleciach-procesy-karne-sprawcow-strajkujacych-masakry-gornikow-w-kopalni-wujek\/#breadcrumb\",\"itemListElement\":[{\"@type\":\"ListItem\",\"position\":1,\"name\":\"Strona g\u0142\u00f3wna\",\"item\":\"https:\/\/dignitynews.eu\/pl\/\"},{\"@type\":\"ListItem\",\"position\":2,\"name\":\"Sprawiedliwo\u015b\u0107 po dziesi\u0119cioleciach. Procesy karne sprawc\u00f3w masakry strajkuj\u0105cych g\u00f3rnik\u00f3w w Kopalni \u201eWujek\u201d.\"}]},{\"@type\":\"Person\",\"@id\":\"https:\/\/dignitynews.eu\/pl\/#\/schema\/person\/0b62b762b8174802fabc81a3ecb1bfcb\",\"name\":\"Dignity News\",\"image\":{\"@type\":\"ImageObject\",\"inLanguage\":\"pl-PL\",\"@id\":\"https:\/\/dignitynews.eu\/pl\/#\/schema\/person\/image\/\",\"url\":\"https:\/\/secure.gravatar.com\/avatar\/97963171a6d9108f8381bbefb1c6b150c445b6ddd9e3077b96c86cf5892c85dc?s=96&d=mm&r=g\",\"contentUrl\":\"https:\/\/secure.gravatar.com\/avatar\/97963171a6d9108f8381bbefb1c6b150c445b6ddd9e3077b96c86cf5892c85dc?s=96&d=mm&r=g\",\"caption\":\"Dignity News\"},\"url\":\"https:\/\/dignitynews.eu\/pl\/author\/mikolaj-palade\/\"}]}<\/script>\n<!-- \/ Yoast SEO plugin. -->","yoast_head_json":{"title":"Sprawiedliwo\u015b\u0107 po dziesi\u0119cioleciach. Procesy karne sprawc\u00f3w masakry strajkuj\u0105cych g\u00f3rnik\u00f3w w Kopalni \u201eWujek\u201d. - Godno\u015b\u0107 - DignityNews.eu","robots":{"index":"index","follow":"follow","max-snippet":"max-snippet:-1","max-image-preview":"max-image-preview:large","max-video-preview":"max-video-preview:-1"},"canonical":"https:\/\/dignitynews.eu\/pl\/sprawiedliwosc-po-dziesiecioleciach-procesy-karne-sprawcow-strajkujacych-masakry-gornikow-w-kopalni-wujek\/","og_locale":"pl_PL","og_type":"article","og_title":"Sprawiedliwo\u015b\u0107 po dziesi\u0119cioleciach. Procesy karne sprawc\u00f3w masakry strajkuj\u0105cych g\u00f3rnik\u00f3w w Kopalni \u201eWujek\u201d. - Godno\u015b\u0107 - DignityNews.eu","og_description":"Rodziny zamordowanych g\u00f3rnik\u00f3w w trakcie pacyfikacji strajku w Kopalni \u201eWujek\u201d przez blisko trzydzie\u015bci lat czeka\u0142y na skazanie sprawc\u00f3w \u015bmierci ich bliskich. W trakcie pacyfikacji strajku w Kopalni \u201dWujek\u201d w Katowicach&hellip;","og_url":"https:\/\/dignitynews.eu\/pl\/sprawiedliwosc-po-dziesiecioleciach-procesy-karne-sprawcow-strajkujacych-masakry-gornikow-w-kopalni-wujek\/","og_site_name":"Godno\u015b\u0107 - DignityNews.eu","article_published_time":"2023-12-14T10:50:44+00:00","article_modified_time":"2023-12-27T20:14:15+00:00","og_image":[{"width":800,"height":999,"url":"https:\/\/dignitynews.eu\/wp-content\/uploads\/2023\/12\/Czeslaw_Kiszczak.jpg","type":"image\/jpeg"}],"author":"Dignity News","twitter_card":"summary_large_image","twitter_misc":{"Napisane przez":"Dignity News","Szacowany czas czytania":"2 minuty"},"schema":{"@context":"https:\/\/schema.org","@graph":[{"@type":"WebSite","@id":"https:\/\/dignitynews.eu\/pl\/#website","url":"https:\/\/dignitynews.eu\/pl\/","name":"Godno\u015b\u0107 - DignityNews.eu","description":"","potentialAction":[{"@type":"SearchAction","target":{"@type":"EntryPoint","urlTemplate":"https:\/\/dignitynews.eu\/pl\/?s={search_term_string}"},"query-input":"required name=search_term_string"}],"inLanguage":"pl-PL"},{"@type":"WebPage","@id":"https:\/\/dignitynews.eu\/pl\/sprawiedliwosc-po-dziesiecioleciach-procesy-karne-sprawcow-strajkujacych-masakry-gornikow-w-kopalni-wujek\/","url":"https:\/\/dignitynews.eu\/pl\/sprawiedliwosc-po-dziesiecioleciach-procesy-karne-sprawcow-strajkujacych-masakry-gornikow-w-kopalni-wujek\/","name":"Sprawiedliwo\u015b\u0107 po dziesi\u0119cioleciach. Procesy karne sprawc\u00f3w masakry strajkuj\u0105cych g\u00f3rnik\u00f3w w Kopalni \u201eWujek\u201d. - Godno\u015b\u0107 - DignityNews.eu","isPartOf":{"@id":"https:\/\/dignitynews.eu\/pl\/#website"},"datePublished":"2023-12-14T10:50:44+00:00","dateModified":"2023-12-27T20:14:15+00:00","author":{"@id":"https:\/\/dignitynews.eu\/pl\/#\/schema\/person\/0b62b762b8174802fabc81a3ecb1bfcb"},"breadcrumb":{"@id":"https:\/\/dignitynews.eu\/pl\/sprawiedliwosc-po-dziesiecioleciach-procesy-karne-sprawcow-strajkujacych-masakry-gornikow-w-kopalni-wujek\/#breadcrumb"},"inLanguage":"pl-PL","potentialAction":[{"@type":"ReadAction","target":["https:\/\/dignitynews.eu\/pl\/sprawiedliwosc-po-dziesiecioleciach-procesy-karne-sprawcow-strajkujacych-masakry-gornikow-w-kopalni-wujek\/"]}]},{"@type":"BreadcrumbList","@id":"https:\/\/dignitynews.eu\/pl\/sprawiedliwosc-po-dziesiecioleciach-procesy-karne-sprawcow-strajkujacych-masakry-gornikow-w-kopalni-wujek\/#breadcrumb","itemListElement":[{"@type":"ListItem","position":1,"name":"Strona g\u0142\u00f3wna","item":"https:\/\/dignitynews.eu\/pl\/"},{"@type":"ListItem","position":2,"name":"Sprawiedliwo\u015b\u0107 po dziesi\u0119cioleciach. Procesy karne sprawc\u00f3w masakry strajkuj\u0105cych g\u00f3rnik\u00f3w w Kopalni \u201eWujek\u201d."}]},{"@type":"Person","@id":"https:\/\/dignitynews.eu\/pl\/#\/schema\/person\/0b62b762b8174802fabc81a3ecb1bfcb","name":"Dignity News","image":{"@type":"ImageObject","inLanguage":"pl-PL","@id":"https:\/\/dignitynews.eu\/pl\/#\/schema\/person\/image\/","url":"https:\/\/secure.gravatar.com\/avatar\/97963171a6d9108f8381bbefb1c6b150c445b6ddd9e3077b96c86cf5892c85dc?s=96&d=mm&r=g","contentUrl":"https:\/\/secure.gravatar.com\/avatar\/97963171a6d9108f8381bbefb1c6b150c445b6ddd9e3077b96c86cf5892c85dc?s=96&d=mm&r=g","caption":"Dignity News"},"url":"https:\/\/dignitynews.eu\/pl\/author\/mikolaj-palade\/"}]}},"_links":{"self":[{"href":"https:\/\/dignitynews.eu\/pl\/wp-json\/wp\/v2\/posts\/53086","targetHints":{"allow":["GET"]}}],"collection":[{"href":"https:\/\/dignitynews.eu\/pl\/wp-json\/wp\/v2\/posts"}],"about":[{"href":"https:\/\/dignitynews.eu\/pl\/wp-json\/wp\/v2\/types\/post"}],"author":[{"embeddable":true,"href":"https:\/\/dignitynews.eu\/pl\/wp-json\/wp\/v2\/users\/7"}],"replies":[{"embeddable":true,"href":"https:\/\/dignitynews.eu\/pl\/wp-json\/wp\/v2\/comments?post=53086"}],"version-history":[{"count":2,"href":"https:\/\/dignitynews.eu\/pl\/wp-json\/wp\/v2\/posts\/53086\/revisions"}],"predecessor-version":[{"id":53896,"href":"https:\/\/dignitynews.eu\/pl\/wp-json\/wp\/v2\/posts\/53086\/revisions\/53896"}],"wp:featuredmedia":[{"embeddable":true,"href":"https:\/\/dignitynews.eu\/pl\/wp-json\/wp\/v2\/media\/53087"}],"wp:attachment":[{"href":"https:\/\/dignitynews.eu\/pl\/wp-json\/wp\/v2\/media?parent=53086"}],"wp:term":[{"taxonomy":"category","embeddable":true,"href":"https:\/\/dignitynews.eu\/pl\/wp-json\/wp\/v2\/categories?post=53086"},{"taxonomy":"post_tag","embeddable":true,"href":"https:\/\/dignitynews.eu\/pl\/wp-json\/wp\/v2\/tags?post=53086"}],"curies":[{"name":"wp","href":"https:\/\/api.w.org\/{rel}","templated":true}]}}