{"id":52296,"date":"2023-12-05T10:40:17","date_gmt":"2023-12-05T09:40:17","guid":{"rendered":"https:\/\/dignitynews.eu\/?p=52296"},"modified":"2023-12-05T16:30:32","modified_gmt":"2023-12-05T15:30:32","slug":"chlopi-noblowska-powiesc-reymonta-ktora-nie-powstalaby-gdyby-nie-pracowal-na-kolei","status":"publish","type":"post","link":"https:\/\/dignitynews.eu\/pl\/chlopi-noblowska-powiesc-reymonta-ktora-nie-powstalaby-gdyby-nie-pracowal-na-kolei\/","title":{"rendered":"\u201eCh\u0142opi\u201d \u2013 noblowska powie\u015b\u0107 Reymonta, kt\u00f3ra nie powsta\u0142aby gdyby nie pracowa\u0142 na kolei"},"content":{"rendered":"<h5><strong>Niedawno w kinach \u015bwi\u0119ci\u0142\u00a0triumfy polski kandydat do nagrody Oskara, film \u201eCh\u0142opi\u201d. To produkcja oparta na powie\u015bci o tym samym tytule, za kt\u00f3r\u0105 polski pisarz W\u0142adys\u0142aw Reymont zosta\u0142 nagrodzony Nagrod\u0105 Nobla.<\/strong><\/h5>\n<p>Reymont, polski pisarz, prozaik i nowelista, urodzi\u0142 si\u0119 7 maja 1867 r. w Kobielach Wielkich. W swoim \u017cyciu para\u0142 si\u0119 wieloma r\u00f3\u017cnymi zawodami, odby\u0142 te\u017c wiele\u00a0 podr\u00f3\u017cy po Polsce i po Europie, ale to jego praca jako aktora i urz\u0119dnika Kolei Warszawsko-Wiede\u0144skiej da\u0142a mu pomys\u0142 na stworzenie dzie\u0142 literackich. Jednym z jego miejsc pracy by\u0142a wie\u015b Lipce, w kt\u00f3rej po latach pisarz umie\u015bci\u0142 akcj\u0119 \u201eCh\u0142op\u00f3w\u201d<\/p>\n<p>Mimo \u017ce Reymont napisa\u0142 wiele znacz\u0105cych dzie\u0142 przed \u201eCh\u0142opami\u201d, takich jak \u201eZiemia obiecana\u201d, \u201eKomediantka\u201d i \u201eFermenty\u201d, to w\u0142a\u015bnie ta epopeja sta\u0142a si\u0119 jego magnum opus. Powie\u015b\u0107, o kt\u00f3rej mowa,\u00a0 zosta\u0142a napisana w latach 1901-1908 i podzielona na cztery tomy, zatytu\u0142owane zgodnie z porami roku. \u201eCh\u0142opi\u201d nie tylko ukazuj\u0105 \u017cycie na wsi, ale tak\u017ce zmiany spo\u0142eczne, jakie nast\u0119powa\u0142y na obszarze wiejskim, i konflikty wynikaj\u0105ce z tych przemian. Niezwyk\u0142\u0105 cech\u0105 tej powie\u015bci jest jej autentyczno\u015b\u0107, wynikaj\u0105ca z wykorzystania potocznego j\u0119zyka i element\u00f3w gwarowych.<\/p>\n<p>13 listopada 1924 r., W\u0142adys\u0142aw Stanis\u0142aw Reymont otrzyma\u0142 presti\u017cow\u0105 Nagrod\u0119 Nobla w dziedzinie literatury za swoj\u0105 monumentaln\u0105 powie\u015b\u0107 \u201eCh\u0142opi\u201d. Niestety, w momencie przyznania mu Nagrody Nobla, by\u0142 ju\u017c schorowany i nie m\u00f3g\u0142 osobi\u015bcie odebra\u0107 tego wyr\u00f3\u017cnienia. W jego imieniu nagrod\u0119 przyj\u0105\u0142 polski dyplomata w Szwecji, Alfred Wysocki. Reymont wyr\u00f3\u017cnienie osobi\u015bcie odebra\u0142 10 grudnia.<\/p>\n<p>Tak wielki zaszczyt dla polskiego pisarza by\u0142 tak\u017ce istotnym wydarzeniem dla Polski, kt\u00f3ra d\u0105\u017cy\u0142a do potwierdzenia swojej niezale\u017cno\u015bci i suwerenno\u015bci \u00a0na arenie mi\u0119dzynarodowej po odzyskaniu\u00a0 niepodleg\u0142o\u015bci w 1918 r.<\/p>\n<p>Nagroda Nobla by\u0142a jednak przede wszystkim ogromnym uznaniem dla umiej\u0119tno\u015bci pisarskich Reymonta \u2013 szczeg\u00f3lnie w obliczu konkurencji ze strony takich wybitnych autor\u00f3w jak Tomasz Mann czy Stefan \u017beromski.<\/p>\n<p>Pisarz zmar\u0142 5 grudnia 1925 r., pozostawiaj\u0105c po sobie nie tylko znakomite dzie\u0142a literatury, ale tak\u017ce wywar\u0142 trwa\u0142y wp\u0142yw na literatur\u0119 polsk\u0105 i \u015bwiatow\u0105.<\/p>\n","protected":false},"excerpt":{"rendered":"<p>Niedawno w kinach \u015bwi\u0119ci\u0142\u00a0triumfy polski kandydat do nagrody Oskara, film \u201eCh\u0142opi\u201d. To produkcja oparta na powie\u015bci o tym samym tytule, za kt\u00f3r\u0105 polski pisarz W\u0142adys\u0142aw Reymont zosta\u0142 nagrodzony Nagrod\u0105 Nobla.&hellip;<\/p>\n","protected":false},"author":7,"featured_media":52297,"comment_status":"closed","ping_status":"open","sticky":false,"template":"","format":"standard","meta":{"_mi_skip_tracking":false,"footnotes":""},"categories":[46],"tags":[],"class_list":["post-52296","post","type-post","status-publish","format-standard","has-post-thumbnail","hentry","category-historia"],"yoast_head":"<!-- This site is optimized with the Yoast SEO plugin v19.4 - https:\/\/yoast.com\/wordpress\/plugins\/seo\/ -->\n<title>\u201eCh\u0142opi\u201d \u2013 noblowska powie\u015b\u0107 Reymonta, kt\u00f3ra nie powsta\u0142aby gdyby nie pracowa\u0142 na kolei - Godno\u015b\u0107 - DignityNews.eu<\/title>\n<meta name=\"robots\" content=\"index, follow, max-snippet:-1, max-image-preview:large, max-video-preview:-1\" \/>\n<link rel=\"canonical\" href=\"https:\/\/dignitynews.eu\/pl\/chlopi-noblowska-powiesc-reymonta-ktora-nie-powstalaby-gdyby-nie-pracowal-na-kolei\/\" \/>\n<meta property=\"og:locale\" content=\"pl_PL\" \/>\n<meta property=\"og:type\" content=\"article\" \/>\n<meta property=\"og:title\" content=\"\u201eCh\u0142opi\u201d \u2013 noblowska powie\u015b\u0107 Reymonta, kt\u00f3ra nie powsta\u0142aby gdyby nie pracowa\u0142 na kolei - Godno\u015b\u0107 - DignityNews.eu\" \/>\n<meta property=\"og:description\" content=\"Niedawno w kinach \u015bwi\u0119ci\u0142\u00a0triumfy polski kandydat do nagrody Oskara, film \u201eCh\u0142opi\u201d. To produkcja oparta na powie\u015bci o tym samym tytule, za kt\u00f3r\u0105 polski pisarz W\u0142adys\u0142aw Reymont zosta\u0142 nagrodzony Nagrod\u0105 Nobla.&hellip;\" \/>\n<meta property=\"og:url\" content=\"https:\/\/dignitynews.eu\/pl\/chlopi-noblowska-powiesc-reymonta-ktora-nie-powstalaby-gdyby-nie-pracowal-na-kolei\/\" \/>\n<meta property=\"og:site_name\" content=\"Godno\u015b\u0107 - DignityNews.eu\" \/>\n<meta property=\"article:published_time\" content=\"2023-12-05T09:40:17+00:00\" \/>\n<meta property=\"article:modified_time\" content=\"2023-12-05T15:30:32+00:00\" \/>\n<meta property=\"og:image\" content=\"https:\/\/dignitynews.eu\/wp-content\/uploads\/2023\/12\/Malczewski_Wladyslaw_Reymont.jpg\" \/>\n\t<meta property=\"og:image:width\" content=\"766\" \/>\n\t<meta property=\"og:image:height\" content=\"643\" \/>\n\t<meta property=\"og:image:type\" content=\"image\/jpeg\" \/>\n<meta name=\"author\" content=\"Dignity News\" \/>\n<meta name=\"twitter:card\" content=\"summary_large_image\" \/>\n<meta name=\"twitter:label1\" content=\"Napisane przez\" \/>\n\t<meta name=\"twitter:data1\" content=\"Dignity News\" \/>\n\t<meta name=\"twitter:label2\" content=\"Szacowany czas czytania\" \/>\n\t<meta name=\"twitter:data2\" content=\"2 minuty\" \/>\n<script type=\"application\/ld+json\" class=\"yoast-schema-graph\">{\"@context\":\"https:\/\/schema.org\",\"@graph\":[{\"@type\":\"WebSite\",\"@id\":\"https:\/\/dignitynews.eu\/pl\/#website\",\"url\":\"https:\/\/dignitynews.eu\/pl\/\",\"name\":\"Godno\u015b\u0107 - DignityNews.eu\",\"description\":\"\",\"potentialAction\":[{\"@type\":\"SearchAction\",\"target\":{\"@type\":\"EntryPoint\",\"urlTemplate\":\"https:\/\/dignitynews.eu\/pl\/?s={search_term_string}\"},\"query-input\":\"required name=search_term_string\"}],\"inLanguage\":\"pl-PL\"},{\"@type\":\"WebPage\",\"@id\":\"https:\/\/dignitynews.eu\/pl\/chlopi-noblowska-powiesc-reymonta-ktora-nie-powstalaby-gdyby-nie-pracowal-na-kolei\/\",\"url\":\"https:\/\/dignitynews.eu\/pl\/chlopi-noblowska-powiesc-reymonta-ktora-nie-powstalaby-gdyby-nie-pracowal-na-kolei\/\",\"name\":\"\u201eCh\u0142opi\u201d \u2013 noblowska powie\u015b\u0107 Reymonta, kt\u00f3ra nie powsta\u0142aby gdyby nie pracowa\u0142 na kolei - Godno\u015b\u0107 - DignityNews.eu\",\"isPartOf\":{\"@id\":\"https:\/\/dignitynews.eu\/pl\/#website\"},\"datePublished\":\"2023-12-05T09:40:17+00:00\",\"dateModified\":\"2023-12-05T15:30:32+00:00\",\"author\":{\"@id\":\"https:\/\/dignitynews.eu\/pl\/#\/schema\/person\/0b62b762b8174802fabc81a3ecb1bfcb\"},\"breadcrumb\":{\"@id\":\"https:\/\/dignitynews.eu\/pl\/chlopi-noblowska-powiesc-reymonta-ktora-nie-powstalaby-gdyby-nie-pracowal-na-kolei\/#breadcrumb\"},\"inLanguage\":\"pl-PL\",\"potentialAction\":[{\"@type\":\"ReadAction\",\"target\":[\"https:\/\/dignitynews.eu\/pl\/chlopi-noblowska-powiesc-reymonta-ktora-nie-powstalaby-gdyby-nie-pracowal-na-kolei\/\"]}]},{\"@type\":\"BreadcrumbList\",\"@id\":\"https:\/\/dignitynews.eu\/pl\/chlopi-noblowska-powiesc-reymonta-ktora-nie-powstalaby-gdyby-nie-pracowal-na-kolei\/#breadcrumb\",\"itemListElement\":[{\"@type\":\"ListItem\",\"position\":1,\"name\":\"Strona g\u0142\u00f3wna\",\"item\":\"https:\/\/dignitynews.eu\/pl\/\"},{\"@type\":\"ListItem\",\"position\":2,\"name\":\"\u201eCh\u0142opi\u201d \u2013 noblowska powie\u015b\u0107 Reymonta, kt\u00f3ra nie powsta\u0142aby gdyby nie pracowa\u0142 na kolei\"}]},{\"@type\":\"Person\",\"@id\":\"https:\/\/dignitynews.eu\/pl\/#\/schema\/person\/0b62b762b8174802fabc81a3ecb1bfcb\",\"name\":\"Dignity News\",\"image\":{\"@type\":\"ImageObject\",\"inLanguage\":\"pl-PL\",\"@id\":\"https:\/\/dignitynews.eu\/pl\/#\/schema\/person\/image\/\",\"url\":\"https:\/\/secure.gravatar.com\/avatar\/97963171a6d9108f8381bbefb1c6b150c445b6ddd9e3077b96c86cf5892c85dc?s=96&d=mm&r=g\",\"contentUrl\":\"https:\/\/secure.gravatar.com\/avatar\/97963171a6d9108f8381bbefb1c6b150c445b6ddd9e3077b96c86cf5892c85dc?s=96&d=mm&r=g\",\"caption\":\"Dignity News\"},\"url\":\"https:\/\/dignitynews.eu\/pl\/author\/mikolaj-palade\/\"}]}<\/script>\n<!-- \/ Yoast SEO plugin. -->","yoast_head_json":{"title":"\u201eCh\u0142opi\u201d \u2013 noblowska powie\u015b\u0107 Reymonta, kt\u00f3ra nie powsta\u0142aby gdyby nie pracowa\u0142 na kolei - Godno\u015b\u0107 - DignityNews.eu","robots":{"index":"index","follow":"follow","max-snippet":"max-snippet:-1","max-image-preview":"max-image-preview:large","max-video-preview":"max-video-preview:-1"},"canonical":"https:\/\/dignitynews.eu\/pl\/chlopi-noblowska-powiesc-reymonta-ktora-nie-powstalaby-gdyby-nie-pracowal-na-kolei\/","og_locale":"pl_PL","og_type":"article","og_title":"\u201eCh\u0142opi\u201d \u2013 noblowska powie\u015b\u0107 Reymonta, kt\u00f3ra nie powsta\u0142aby gdyby nie pracowa\u0142 na kolei - Godno\u015b\u0107 - DignityNews.eu","og_description":"Niedawno w kinach \u015bwi\u0119ci\u0142\u00a0triumfy polski kandydat do nagrody Oskara, film \u201eCh\u0142opi\u201d. To produkcja oparta na powie\u015bci o tym samym tytule, za kt\u00f3r\u0105 polski pisarz W\u0142adys\u0142aw Reymont zosta\u0142 nagrodzony Nagrod\u0105 Nobla.&hellip;","og_url":"https:\/\/dignitynews.eu\/pl\/chlopi-noblowska-powiesc-reymonta-ktora-nie-powstalaby-gdyby-nie-pracowal-na-kolei\/","og_site_name":"Godno\u015b\u0107 - DignityNews.eu","article_published_time":"2023-12-05T09:40:17+00:00","article_modified_time":"2023-12-05T15:30:32+00:00","og_image":[{"width":766,"height":643,"url":"https:\/\/dignitynews.eu\/wp-content\/uploads\/2023\/12\/Malczewski_Wladyslaw_Reymont.jpg","type":"image\/jpeg"}],"author":"Dignity News","twitter_card":"summary_large_image","twitter_misc":{"Napisane przez":"Dignity News","Szacowany czas czytania":"2 minuty"},"schema":{"@context":"https:\/\/schema.org","@graph":[{"@type":"WebSite","@id":"https:\/\/dignitynews.eu\/pl\/#website","url":"https:\/\/dignitynews.eu\/pl\/","name":"Godno\u015b\u0107 - DignityNews.eu","description":"","potentialAction":[{"@type":"SearchAction","target":{"@type":"EntryPoint","urlTemplate":"https:\/\/dignitynews.eu\/pl\/?s={search_term_string}"},"query-input":"required name=search_term_string"}],"inLanguage":"pl-PL"},{"@type":"WebPage","@id":"https:\/\/dignitynews.eu\/pl\/chlopi-noblowska-powiesc-reymonta-ktora-nie-powstalaby-gdyby-nie-pracowal-na-kolei\/","url":"https:\/\/dignitynews.eu\/pl\/chlopi-noblowska-powiesc-reymonta-ktora-nie-powstalaby-gdyby-nie-pracowal-na-kolei\/","name":"\u201eCh\u0142opi\u201d \u2013 noblowska powie\u015b\u0107 Reymonta, kt\u00f3ra nie powsta\u0142aby gdyby nie pracowa\u0142 na kolei - Godno\u015b\u0107 - DignityNews.eu","isPartOf":{"@id":"https:\/\/dignitynews.eu\/pl\/#website"},"datePublished":"2023-12-05T09:40:17+00:00","dateModified":"2023-12-05T15:30:32+00:00","author":{"@id":"https:\/\/dignitynews.eu\/pl\/#\/schema\/person\/0b62b762b8174802fabc81a3ecb1bfcb"},"breadcrumb":{"@id":"https:\/\/dignitynews.eu\/pl\/chlopi-noblowska-powiesc-reymonta-ktora-nie-powstalaby-gdyby-nie-pracowal-na-kolei\/#breadcrumb"},"inLanguage":"pl-PL","potentialAction":[{"@type":"ReadAction","target":["https:\/\/dignitynews.eu\/pl\/chlopi-noblowska-powiesc-reymonta-ktora-nie-powstalaby-gdyby-nie-pracowal-na-kolei\/"]}]},{"@type":"BreadcrumbList","@id":"https:\/\/dignitynews.eu\/pl\/chlopi-noblowska-powiesc-reymonta-ktora-nie-powstalaby-gdyby-nie-pracowal-na-kolei\/#breadcrumb","itemListElement":[{"@type":"ListItem","position":1,"name":"Strona g\u0142\u00f3wna","item":"https:\/\/dignitynews.eu\/pl\/"},{"@type":"ListItem","position":2,"name":"\u201eCh\u0142opi\u201d \u2013 noblowska powie\u015b\u0107 Reymonta, kt\u00f3ra nie powsta\u0142aby gdyby nie pracowa\u0142 na kolei"}]},{"@type":"Person","@id":"https:\/\/dignitynews.eu\/pl\/#\/schema\/person\/0b62b762b8174802fabc81a3ecb1bfcb","name":"Dignity News","image":{"@type":"ImageObject","inLanguage":"pl-PL","@id":"https:\/\/dignitynews.eu\/pl\/#\/schema\/person\/image\/","url":"https:\/\/secure.gravatar.com\/avatar\/97963171a6d9108f8381bbefb1c6b150c445b6ddd9e3077b96c86cf5892c85dc?s=96&d=mm&r=g","contentUrl":"https:\/\/secure.gravatar.com\/avatar\/97963171a6d9108f8381bbefb1c6b150c445b6ddd9e3077b96c86cf5892c85dc?s=96&d=mm&r=g","caption":"Dignity News"},"url":"https:\/\/dignitynews.eu\/pl\/author\/mikolaj-palade\/"}]}},"_links":{"self":[{"href":"https:\/\/dignitynews.eu\/pl\/wp-json\/wp\/v2\/posts\/52296","targetHints":{"allow":["GET"]}}],"collection":[{"href":"https:\/\/dignitynews.eu\/pl\/wp-json\/wp\/v2\/posts"}],"about":[{"href":"https:\/\/dignitynews.eu\/pl\/wp-json\/wp\/v2\/types\/post"}],"author":[{"embeddable":true,"href":"https:\/\/dignitynews.eu\/pl\/wp-json\/wp\/v2\/users\/7"}],"replies":[{"embeddable":true,"href":"https:\/\/dignitynews.eu\/pl\/wp-json\/wp\/v2\/comments?post=52296"}],"version-history":[{"count":1,"href":"https:\/\/dignitynews.eu\/pl\/wp-json\/wp\/v2\/posts\/52296\/revisions"}],"predecessor-version":[{"id":52302,"href":"https:\/\/dignitynews.eu\/pl\/wp-json\/wp\/v2\/posts\/52296\/revisions\/52302"}],"wp:featuredmedia":[{"embeddable":true,"href":"https:\/\/dignitynews.eu\/pl\/wp-json\/wp\/v2\/media\/52297"}],"wp:attachment":[{"href":"https:\/\/dignitynews.eu\/pl\/wp-json\/wp\/v2\/media?parent=52296"}],"wp:term":[{"taxonomy":"category","embeddable":true,"href":"https:\/\/dignitynews.eu\/pl\/wp-json\/wp\/v2\/categories?post=52296"},{"taxonomy":"post_tag","embeddable":true,"href":"https:\/\/dignitynews.eu\/pl\/wp-json\/wp\/v2\/tags?post=52296"}],"curies":[{"name":"wp","href":"https:\/\/api.w.org\/{rel}","templated":true}]}}